{"id":2753,"date":"2025-05-20T10:23:19","date_gmt":"2025-05-20T13:23:19","guid":{"rendered":"https:\/\/diariodelsurdigital.com.ar\/?p=2753"},"modified":"2025-05-20T10:23:20","modified_gmt":"2025-05-20T13:23:20","slug":"disolucion-del-iosper-el-senado-recibe-hoy-a-medicos-y-afiliados-y-manana-a-clinicas-farmaceuticos-y-proveedores-de-ortopedias","status":"publish","type":"post","link":"https:\/\/diariodelsurdigital.com.ar\/?p=2753","title":{"rendered":"Disoluci\u00f3n del Iosper: el Senado recibe hoy a m\u00e9dicos y afiliados, y ma\u00f1ana a cl\u00ednicas, farmac\u00e9uticos y proveedores de ortopedias"},"content":{"rendered":"\n<p>La C\u00e1mara de Senadores de Entre R\u00edos avanza en el tratamiento del proyecto del Gobierno provincial que busca reemplazar al Iosper por la Obra Social de Entre R\u00edos (OSER). Este martes recibe a representantes de m\u00e9dicos y afiliados; y el mi\u00e9rcoles a cl\u00ednicas, farmac\u00e9uticos y proveedores de ortopedias.<\/p>\n\n\n\n<p>La C\u00e1mara de Senadores transita una semana decisiva en el tratamiento del proyecto de ley que busca crear la Obra Social de Entre R\u00edos (OSER), una nueva entidad destinada a reemplazar al actual Instituto Obra Social de la Provincia de Entre R\u00edos (Iosper).<\/p>\n\n\n\n<p>Luego de un encuentro desarrollado con los Interventores y otro con los gremios, esta semana la C\u00e1mara contin\u00faa debatiendo en comisi\u00f3n la creaci\u00f3n de la OSER, entidad que reemplazar\u00eda al Iosper.<\/p>\n\n\n\n<p>Seg\u00fan la informaci\u00f3n a la que accedi\u00f3 esta Agencia, el debate continuar\u00e1 con dos nuevas reuniones conjuntas de las comisiones de Legislaci\u00f3n General, de Presupuesto y de Salud P\u00fablica en las que participar\u00e1n actores clave en el sistema de salud que da cobertura al personal estatal y docente.<\/p>\n\n\n\n<p>Para el martes 20 de mayo a las 11 est\u00e1n citados representantes de la Federaci\u00f3n M\u00e9dica de Entre R\u00edos (Femer) y de la Asociaci\u00f3n Civil en Defensa de los Derechos de los Afiliados (ADDA), que dar\u00e1n sus opiniones sobre la iniciativa.<\/p>\n\n\n\n<p>La ronda de consultas continuar\u00e1 el mi\u00e9rcoles 21 de mayo a partir de las 10 con la participaci\u00f3n de representantes de la Asociaci\u00f3n de Cl\u00ednicas y Sanatorios de Entre R\u00edos (Acler), del Colegio de Farmac\u00e9uticos de Entre R\u00edos (Cofaer) y de la Asociaci\u00f3n de Proveedores de Ortopedias, Cirug\u00edas e Insumos de Entre R\u00edos (Apocier), que forman parte esencial de la red de prestadores de servicios de salud a los afiliados al Iosper.<\/p>\n","protected":false},"excerpt":{"rendered":"<p>La C\u00e1mara de Senadores de Entre R\u00edos avanza en el tratamiento del proyecto del Gobierno provincial que busca reemplazar al Iosper por la Obra Social de Entre R\u00edos (OSER). Este martes recibe a representantes de m\u00e9dicos y afiliados; y el mi\u00e9rcoles a cl\u00ednicas, farmac\u00e9uticos y proveedores de ortopedias. La C\u00e1mara de Senadores transita una semana [&hellip;]<\/p>\n","protected":false},"author":4,"featured_media":2754,"comment_status":"open","ping_status":"open","sticky":false,"template":"","format":"standard","meta":{"footnotes":""},"categories":[17],"tags":[],"class_list":{"0":"post-2753","1":"post","2":"type-post","3":"status-publish","4":"format-standard","5":"has-post-thumbnail","7":"category-provinciales"},"yoast_head":"<!-- This site is optimized with the Yoast SEO plugin v27.4 - https:\/\/yoast.com\/product\/yoast-seo-wordpress\/ -->\n<title>Disoluci\u00f3n del Iosper: el Senado recibe hoy a m\u00e9dicos y afiliados, y ma\u00f1ana a cl\u00ednicas, farmac\u00e9uticos y proveedores de ortopedias - Diario del Sur<\/title>\n<meta name=\"robots\" content=\"index, follow, max-snippet:-1, max-image-preview:large, max-video-preview:-1\" \/>\n<link rel=\"canonical\" href=\"https:\/\/diariodelsurdigital.com.ar\/?p=2753\" \/>\n<meta property=\"og:locale\" content=\"es_ES\" \/>\n<meta property=\"og:type\" content=\"article\" \/>\n<meta property=\"og:title\" content=\"Disoluci\u00f3n del Iosper: el Senado recibe hoy a m\u00e9dicos y afiliados, y ma\u00f1ana a cl\u00ednicas, farmac\u00e9uticos y proveedores de ortopedias - Diario del Sur\" \/>\n<meta property=\"og:description\" content=\"La C\u00e1mara de Senadores de Entre R\u00edos avanza en el tratamiento del proyecto del Gobierno provincial que busca reemplazar al Iosper por la Obra Social de Entre R\u00edos (OSER). Este martes recibe a representantes de m\u00e9dicos y afiliados; y el mi\u00e9rcoles a cl\u00ednicas, farmac\u00e9uticos y proveedores de ortopedias. La C\u00e1mara de Senadores transita una semana [&hellip;]\" \/>\n<meta property=\"og:url\" content=\"https:\/\/diariodelsurdigital.com.ar\/?p=2753\" \/>\n<meta property=\"og:site_name\" content=\"Diario del Sur\" \/>\n<meta property=\"article:published_time\" content=\"2025-05-20T13:23:19+00:00\" \/>\n<meta property=\"article:modified_time\" content=\"2025-05-20T13:23:20+00:00\" \/>\n<meta property=\"og:image\" content=\"https:\/\/diariodelsurdigital.com.ar\/wp-content\/uploads\/2025\/05\/md-44.webp\" \/>\n\t<meta property=\"og:image:width\" content=\"992\" \/>\n\t<meta property=\"og:image:height\" content=\"660\" \/>\n\t<meta property=\"og:image:type\" content=\"image\/webp\" \/>\n<meta name=\"author\" content=\"Diario del Sur Digital\" \/>\n<meta name=\"twitter:card\" content=\"summary_large_image\" \/>\n<meta name=\"twitter:label1\" content=\"Escrito por\" \/>\n\t<meta name=\"twitter:data1\" content=\"Diario del Sur Digital\" \/>\n\t<meta name=\"twitter:label2\" content=\"Tiempo de lectura\" \/>\n\t<meta name=\"twitter:data2\" content=\"2 minutos\" \/>\n<script type=\"application\/ld+json\" class=\"yoast-schema-graph\">{\"@context\":\"https:\\\/\\\/schema.org\",\"@graph\":[{\"@type\":\"Article\",\"@id\":\"https:\\\/\\\/diariodelsurdigital.com.ar\\\/?p=2753#article\",\"isPartOf\":{\"@id\":\"https:\\\/\\\/diariodelsurdigital.com.ar\\\/?p=2753\"},\"author\":{\"name\":\"Diario del Sur Digital\",\"@id\":\"https:\\\/\\\/diariodelsurdigital.com.ar\\\/#\\\/schema\\\/person\\\/1a4992532ed62965c968031b49195c81\"},\"headline\":\"Disoluci\u00f3n del Iosper: el Senado recibe hoy a m\u00e9dicos y afiliados, y ma\u00f1ana a cl\u00ednicas, farmac\u00e9uticos y proveedores de ortopedias\",\"datePublished\":\"2025-05-20T13:23:19+00:00\",\"dateModified\":\"2025-05-20T13:23:20+00:00\",\"mainEntityOfPage\":{\"@id\":\"https:\\\/\\\/diariodelsurdigital.com.ar\\\/?p=2753\"},\"wordCount\":340,\"commentCount\":0,\"image\":{\"@id\":\"https:\\\/\\\/diariodelsurdigital.com.ar\\\/?p=2753#primaryimage\"},\"thumbnailUrl\":\"https:\\\/\\\/diariodelsurdigital.com.ar\\\/wp-content\\\/uploads\\\/2025\\\/05\\\/md-44.webp\",\"articleSection\":[\"Provinciales\"],\"inLanguage\":\"es\",\"potentialAction\":[{\"@type\":\"CommentAction\",\"name\":\"Comment\",\"target\":[\"https:\\\/\\\/diariodelsurdigital.com.ar\\\/?p=2753#respond\"]}]},{\"@type\":\"WebPage\",\"@id\":\"https:\\\/\\\/diariodelsurdigital.com.ar\\\/?p=2753\",\"url\":\"https:\\\/\\\/diariodelsurdigital.com.ar\\\/?p=2753\",\"name\":\"Disoluci\u00f3n del Iosper: el Senado recibe hoy a m\u00e9dicos y afiliados, y ma\u00f1ana a cl\u00ednicas, farmac\u00e9uticos y proveedores de ortopedias - Diario del Sur\",\"isPartOf\":{\"@id\":\"https:\\\/\\\/diariodelsurdigital.com.ar\\\/#website\"},\"primaryImageOfPage\":{\"@id\":\"https:\\\/\\\/diariodelsurdigital.com.ar\\\/?p=2753#primaryimage\"},\"image\":{\"@id\":\"https:\\\/\\\/diariodelsurdigital.com.ar\\\/?p=2753#primaryimage\"},\"thumbnailUrl\":\"https:\\\/\\\/diariodelsurdigital.com.ar\\\/wp-content\\\/uploads\\\/2025\\\/05\\\/md-44.webp\",\"datePublished\":\"2025-05-20T13:23:19+00:00\",\"dateModified\":\"2025-05-20T13:23:20+00:00\",\"author\":{\"@id\":\"https:\\\/\\\/diariodelsurdigital.com.ar\\\/#\\\/schema\\\/person\\\/1a4992532ed62965c968031b49195c81\"},\"breadcrumb\":{\"@id\":\"https:\\\/\\\/diariodelsurdigital.com.ar\\\/?p=2753#breadcrumb\"},\"inLanguage\":\"es\",\"potentialAction\":[{\"@type\":\"ReadAction\",\"target\":[\"https:\\\/\\\/diariodelsurdigital.com.ar\\\/?p=2753\"]}]},{\"@type\":\"ImageObject\",\"inLanguage\":\"es\",\"@id\":\"https:\\\/\\\/diariodelsurdigital.com.ar\\\/?p=2753#primaryimage\",\"url\":\"https:\\\/\\\/diariodelsurdigital.com.ar\\\/wp-content\\\/uploads\\\/2025\\\/05\\\/md-44.webp\",\"contentUrl\":\"https:\\\/\\\/diariodelsurdigital.com.ar\\\/wp-content\\\/uploads\\\/2025\\\/05\\\/md-44.webp\",\"width\":992,\"height\":660},{\"@type\":\"BreadcrumbList\",\"@id\":\"https:\\\/\\\/diariodelsurdigital.com.ar\\\/?p=2753#breadcrumb\",\"itemListElement\":[{\"@type\":\"ListItem\",\"position\":1,\"name\":\"Portada\",\"item\":\"https:\\\/\\\/diariodelsurdigital.com.ar\\\/\"},{\"@type\":\"ListItem\",\"position\":2,\"name\":\"Disoluci\u00f3n del Iosper: el Senado recibe hoy a m\u00e9dicos y afiliados, y ma\u00f1ana a cl\u00ednicas, farmac\u00e9uticos y proveedores de ortopedias\"}]},{\"@type\":\"WebSite\",\"@id\":\"https:\\\/\\\/diariodelsurdigital.com.ar\\\/#website\",\"url\":\"https:\\\/\\\/diariodelsurdigital.com.ar\\\/\",\"name\":\"Diario del Sur\",\"description\":\"Digital\",\"potentialAction\":[{\"@type\":\"SearchAction\",\"target\":{\"@type\":\"EntryPoint\",\"urlTemplate\":\"https:\\\/\\\/diariodelsurdigital.com.ar\\\/?s={search_term_string}\"},\"query-input\":{\"@type\":\"PropertyValueSpecification\",\"valueRequired\":true,\"valueName\":\"search_term_string\"}}],\"inLanguage\":\"es\"},{\"@type\":\"Person\",\"@id\":\"https:\\\/\\\/diariodelsurdigital.com.ar\\\/#\\\/schema\\\/person\\\/1a4992532ed62965c968031b49195c81\",\"name\":\"Diario del Sur Digital\",\"image\":{\"@type\":\"ImageObject\",\"inLanguage\":\"es\",\"@id\":\"https:\\\/\\\/secure.gravatar.com\\\/avatar\\\/f0c7c47fc7146d19828273b9b8eda651c9c7ab583767e6338d3d3bee825adf76?s=96&d=mm&r=g\",\"url\":\"https:\\\/\\\/secure.gravatar.com\\\/avatar\\\/f0c7c47fc7146d19828273b9b8eda651c9c7ab583767e6338d3d3bee825adf76?s=96&d=mm&r=g\",\"contentUrl\":\"https:\\\/\\\/secure.gravatar.com\\\/avatar\\\/f0c7c47fc7146d19828273b9b8eda651c9c7ab583767e6338d3d3bee825adf76?s=96&d=mm&r=g\",\"caption\":\"Diario del Sur Digital\"},\"url\":\"https:\\\/\\\/diariodelsurdigital.com.ar\\\/?author=4\"}]}<\/script>\n<!-- \/ Yoast SEO plugin. -->","yoast_head_json":{"title":"Disoluci\u00f3n del Iosper: el Senado recibe hoy a m\u00e9dicos y afiliados, y ma\u00f1ana a cl\u00ednicas, farmac\u00e9uticos y proveedores de ortopedias - Diario del Sur","robots":{"index":"index","follow":"follow","max-snippet":"max-snippet:-1","max-image-preview":"max-image-preview:large","max-video-preview":"max-video-preview:-1"},"canonical":"https:\/\/diariodelsurdigital.com.ar\/?p=2753","og_locale":"es_ES","og_type":"article","og_title":"Disoluci\u00f3n del Iosper: el Senado recibe hoy a m\u00e9dicos y afiliados, y ma\u00f1ana a cl\u00ednicas, farmac\u00e9uticos y proveedores de ortopedias - Diario del Sur","og_description":"La C\u00e1mara de Senadores de Entre R\u00edos avanza en el tratamiento del proyecto del Gobierno provincial que busca reemplazar al Iosper por la Obra Social de Entre R\u00edos (OSER). Este martes recibe a representantes de m\u00e9dicos y afiliados; y el mi\u00e9rcoles a cl\u00ednicas, farmac\u00e9uticos y proveedores de ortopedias. La C\u00e1mara de Senadores transita una semana [&hellip;]","og_url":"https:\/\/diariodelsurdigital.com.ar\/?p=2753","og_site_name":"Diario del Sur","article_published_time":"2025-05-20T13:23:19+00:00","article_modified_time":"2025-05-20T13:23:20+00:00","og_image":[{"width":992,"height":660,"url":"https:\/\/diariodelsurdigital.com.ar\/wp-content\/uploads\/2025\/05\/md-44.webp","type":"image\/webp"}],"author":"Diario del Sur Digital","twitter_card":"summary_large_image","twitter_misc":{"Escrito por":"Diario del Sur Digital","Tiempo de lectura":"2 minutos"},"schema":{"@context":"https:\/\/schema.org","@graph":[{"@type":"Article","@id":"https:\/\/diariodelsurdigital.com.ar\/?p=2753#article","isPartOf":{"@id":"https:\/\/diariodelsurdigital.com.ar\/?p=2753"},"author":{"name":"Diario del Sur Digital","@id":"https:\/\/diariodelsurdigital.com.ar\/#\/schema\/person\/1a4992532ed62965c968031b49195c81"},"headline":"Disoluci\u00f3n del Iosper: el Senado recibe hoy a m\u00e9dicos y afiliados, y ma\u00f1ana a cl\u00ednicas, farmac\u00e9uticos y proveedores de ortopedias","datePublished":"2025-05-20T13:23:19+00:00","dateModified":"2025-05-20T13:23:20+00:00","mainEntityOfPage":{"@id":"https:\/\/diariodelsurdigital.com.ar\/?p=2753"},"wordCount":340,"commentCount":0,"image":{"@id":"https:\/\/diariodelsurdigital.com.ar\/?p=2753#primaryimage"},"thumbnailUrl":"https:\/\/diariodelsurdigital.com.ar\/wp-content\/uploads\/2025\/05\/md-44.webp","articleSection":["Provinciales"],"inLanguage":"es","potentialAction":[{"@type":"CommentAction","name":"Comment","target":["https:\/\/diariodelsurdigital.com.ar\/?p=2753#respond"]}]},{"@type":"WebPage","@id":"https:\/\/diariodelsurdigital.com.ar\/?p=2753","url":"https:\/\/diariodelsurdigital.com.ar\/?p=2753","name":"Disoluci\u00f3n del Iosper: el Senado recibe hoy a m\u00e9dicos y afiliados, y ma\u00f1ana a cl\u00ednicas, farmac\u00e9uticos y proveedores de ortopedias - Diario del Sur","isPartOf":{"@id":"https:\/\/diariodelsurdigital.com.ar\/#website"},"primaryImageOfPage":{"@id":"https:\/\/diariodelsurdigital.com.ar\/?p=2753#primaryimage"},"image":{"@id":"https:\/\/diariodelsurdigital.com.ar\/?p=2753#primaryimage"},"thumbnailUrl":"https:\/\/diariodelsurdigital.com.ar\/wp-content\/uploads\/2025\/05\/md-44.webp","datePublished":"2025-05-20T13:23:19+00:00","dateModified":"2025-05-20T13:23:20+00:00","author":{"@id":"https:\/\/diariodelsurdigital.com.ar\/#\/schema\/person\/1a4992532ed62965c968031b49195c81"},"breadcrumb":{"@id":"https:\/\/diariodelsurdigital.com.ar\/?p=2753#breadcrumb"},"inLanguage":"es","potentialAction":[{"@type":"ReadAction","target":["https:\/\/diariodelsurdigital.com.ar\/?p=2753"]}]},{"@type":"ImageObject","inLanguage":"es","@id":"https:\/\/diariodelsurdigital.com.ar\/?p=2753#primaryimage","url":"https:\/\/diariodelsurdigital.com.ar\/wp-content\/uploads\/2025\/05\/md-44.webp","contentUrl":"https:\/\/diariodelsurdigital.com.ar\/wp-content\/uploads\/2025\/05\/md-44.webp","width":992,"height":660},{"@type":"BreadcrumbList","@id":"https:\/\/diariodelsurdigital.com.ar\/?p=2753#breadcrumb","itemListElement":[{"@type":"ListItem","position":1,"name":"Portada","item":"https:\/\/diariodelsurdigital.com.ar\/"},{"@type":"ListItem","position":2,"name":"Disoluci\u00f3n del Iosper: el Senado recibe hoy a m\u00e9dicos y afiliados, y ma\u00f1ana a cl\u00ednicas, farmac\u00e9uticos y proveedores de ortopedias"}]},{"@type":"WebSite","@id":"https:\/\/diariodelsurdigital.com.ar\/#website","url":"https:\/\/diariodelsurdigital.com.ar\/","name":"Diario del Sur","description":"Digital","potentialAction":[{"@type":"SearchAction","target":{"@type":"EntryPoint","urlTemplate":"https:\/\/diariodelsurdigital.com.ar\/?s={search_term_string}"},"query-input":{"@type":"PropertyValueSpecification","valueRequired":true,"valueName":"search_term_string"}}],"inLanguage":"es"},{"@type":"Person","@id":"https:\/\/diariodelsurdigital.com.ar\/#\/schema\/person\/1a4992532ed62965c968031b49195c81","name":"Diario del Sur Digital","image":{"@type":"ImageObject","inLanguage":"es","@id":"https:\/\/secure.gravatar.com\/avatar\/f0c7c47fc7146d19828273b9b8eda651c9c7ab583767e6338d3d3bee825adf76?s=96&d=mm&r=g","url":"https:\/\/secure.gravatar.com\/avatar\/f0c7c47fc7146d19828273b9b8eda651c9c7ab583767e6338d3d3bee825adf76?s=96&d=mm&r=g","contentUrl":"https:\/\/secure.gravatar.com\/avatar\/f0c7c47fc7146d19828273b9b8eda651c9c7ab583767e6338d3d3bee825adf76?s=96&d=mm&r=g","caption":"Diario del Sur Digital"},"url":"https:\/\/diariodelsurdigital.com.ar\/?author=4"}]}},"_links":{"self":[{"href":"https:\/\/diariodelsurdigital.com.ar\/index.php?rest_route=\/wp\/v2\/posts\/2753","targetHints":{"allow":["GET"]}}],"collection":[{"href":"https:\/\/diariodelsurdigital.com.ar\/index.php?rest_route=\/wp\/v2\/posts"}],"about":[{"href":"https:\/\/diariodelsurdigital.com.ar\/index.php?rest_route=\/wp\/v2\/types\/post"}],"author":[{"embeddable":true,"href":"https:\/\/diariodelsurdigital.com.ar\/index.php?rest_route=\/wp\/v2\/users\/4"}],"replies":[{"embeddable":true,"href":"https:\/\/diariodelsurdigital.com.ar\/index.php?rest_route=%2Fwp%2Fv2%2Fcomments&post=2753"}],"version-history":[{"count":1,"href":"https:\/\/diariodelsurdigital.com.ar\/index.php?rest_route=\/wp\/v2\/posts\/2753\/revisions"}],"predecessor-version":[{"id":2755,"href":"https:\/\/diariodelsurdigital.com.ar\/index.php?rest_route=\/wp\/v2\/posts\/2753\/revisions\/2755"}],"wp:featuredmedia":[{"embeddable":true,"href":"https:\/\/diariodelsurdigital.com.ar\/index.php?rest_route=\/wp\/v2\/media\/2754"}],"wp:attachment":[{"href":"https:\/\/diariodelsurdigital.com.ar\/index.php?rest_route=%2Fwp%2Fv2%2Fmedia&parent=2753"}],"wp:term":[{"taxonomy":"category","embeddable":true,"href":"https:\/\/diariodelsurdigital.com.ar\/index.php?rest_route=%2Fwp%2Fv2%2Fcategories&post=2753"},{"taxonomy":"post_tag","embeddable":true,"href":"https:\/\/diariodelsurdigital.com.ar\/index.php?rest_route=%2Fwp%2Fv2%2Ftags&post=2753"}],"curies":[{"name":"wp","href":"https:\/\/api.w.org\/{rel}","templated":true}]}}