{"id":2756,"date":"2025-05-20T19:09:47","date_gmt":"2025-05-20T22:09:47","guid":{"rendered":"https:\/\/diariodelsurdigital.com.ar\/?p=2756"},"modified":"2025-05-20T19:09:48","modified_gmt":"2025-05-20T22:09:48","slug":"sarubi-cuestiono-el-paro-docente-convocado-por-agmer-y-el-gobierno-confirmo-que-hara-descuentos","status":"publish","type":"post","link":"https:\/\/diariodelsurdigital.com.ar\/?p=2756","title":{"rendered":"Sarubi cuestion\u00f3 el paro docente convocado por AGMER y el Gobierno confirm\u00f3 que har\u00e1 descuentos"},"content":{"rendered":"\n<h2 class=\"wp-block-heading\" id=\"nota-title\"><\/h2>\n\n\n\n<p>\u201cEste tipo de medidas genera incertidumbre en miles de familias que no saben si sus hijos tendr\u00e1n clases o no, con todos los problemas que eso conlleva. Involucran a 1,5 millones de entrerrianos en una cuesti\u00f3n que, adem\u00e1s de poder resolverse mediante el di\u00e1logo, afecta directamente a un grupo mucho m\u00e1s reducido\u201d, afirm\u00f3 Sarubi.<\/p>\n\n\n\n<p>El legislador tambi\u00e9n se refiri\u00f3 al impacto que la crisis del Iosper ha tenido sobre los recursos p\u00fablicos: \u201cHay 1,2 millones de entrerrianos que no tienen cobertura de Iosper, pero el Estado debe usar el dinero que ellos tributan para cubrir el desorden econ\u00f3mico que dej\u00f3 la obra social antes de la intervenci\u00f3n. Es decir, no se les devuelven sus impuestos en obras o servicios, sino que se destinan a tapar deudas de una obra social que no usan\u201d.<\/p>\n\n\n\n<p>Sarubi respald\u00f3 la iniciativa del gobierno provincial de avanzar hacia un nuevo sistema de salud que garantice transparencia, eficiencia y mejor cobertura para los trabajadores p\u00fablicos. En esa l\u00ednea, inst\u00f3 a los gremios a retomar el di\u00e1logo como herramienta para resolver las diferencias y evitar decisiones que interrumpan el derecho a la educaci\u00f3n de los estudiantes.<\/p>\n\n\n\n<p>Finalmente, el diputado fue enf\u00e1tico al se\u00f1alar que \u201cel gobierno provincial, como corresponde, no abonar\u00e1 el d\u00eda a quienes no concurran a trabajar. Porque el salario tambi\u00e9n implica una contraprestaci\u00f3n, y no es justo para quienes s\u00ed cumplen con su responsabilidad\u201d.<\/p>\n\n\n\n<h5 class=\"wp-block-heading\">D\u00eda descontado<\/h5>\n\n\n\n<p>Desde el Consejo General de Educaci\u00f3n (CGE) informaron que se establecieron disposiciones espec\u00edficas en relaci\u00f3n a la medida de fuerza convocada por la Asociaci\u00f3n Gremial del Magisterio de Entre R\u00edos (Agmer), para este mi\u00e9rcoles 21 de mayo.<\/p>\n\n\n\n<p>\u00abCabe aclarar que la medida de fuerza anunciada por el gremio docente tiene como objetivo manifestar su oposici\u00f3n al proyecto de ley para la creaci\u00f3n de la Obra Social de Entre R\u00edos (OSER), y no responde a cuestiones estrictamente vinculadas al \u00e1mbito educativo\u00bb, se\u00f1alaron y agregaron: \u00abEn cumplimiento de la pol\u00edtica que lleva adelante la gesti\u00f3n provincial de remunerar \u00fanicamente los d\u00edas efectivamente trabajados, se proceder\u00e1 al descuento en los haberes de aquellos docentes que adhieran a la medida de fuerza\u00bb.<\/p>\n\n\n\n<p>Asimismo, recordaron que, mediante la circular 10\/2025, el CGE dispuso la realizaci\u00f3n de un relevamiento obligatorio sobre la prestaci\u00f3n de servicios del personal docente durante los d\u00edas 21, 22 y 23 de mayo de 2025. Este relevamiento exigir\u00e1 la presentaci\u00f3n de una declaraci\u00f3n jurada por parte de los docentes que se sumen al paro.<\/p>\n\n\n\n<p>El relevamiento se implementar\u00e1, tal como se ha realizado en otras oportunidades, a trav\u00e9s de un formulario individual y personal disponible en el Sistema SAGE (Sistema de Administraci\u00f3n de Gesti\u00f3n Educativa), y su cumplimiento ser\u00e1 obligatorio en las fechas establecidas.<\/p>\n\n\n\n<p>\u00abPor tal motivo se solicita la colaboraci\u00f3n de todos los docentes para garantizar el cumplimiento de estas disposiciones\u00bb, indicaron finalmente.<\/p>\n\n\n\n<p><strong>Fuente:<\/strong>\u00a0Gobierno de Entre R\u00edos<\/p>\n","protected":false},"excerpt":{"rendered":"<p>\u201cEste tipo de medidas genera incertidumbre en miles de familias que no saben si sus hijos tendr\u00e1n clases o no, con todos los problemas que eso conlleva. Involucran a 1,5 millones de entrerrianos en una cuesti\u00f3n que, adem\u00e1s de poder resolverse mediante el di\u00e1logo, afecta directamente a un grupo mucho m\u00e1s reducido\u201d, afirm\u00f3 Sarubi. El [&hellip;]<\/p>\n","protected":false},"author":2,"featured_media":2757,"comment_status":"open","ping_status":"open","sticky":false,"template":"","format":"standard","meta":{"footnotes":""},"categories":[17],"tags":[],"class_list":{"0":"post-2756","1":"post","2":"type-post","3":"status-publish","4":"format-standard","5":"has-post-thumbnail","7":"category-provinciales"},"yoast_head":"<!-- This site is optimized with the Yoast SEO plugin v27.4 - https:\/\/yoast.com\/product\/yoast-seo-wordpress\/ -->\n<title>Sarubi cuestion\u00f3 el paro docente convocado por AGMER y el Gobierno confirm\u00f3 que har\u00e1 descuentos - Diario del Sur<\/title>\n<meta name=\"robots\" content=\"index, follow, max-snippet:-1, max-image-preview:large, max-video-preview:-1\" \/>\n<link rel=\"canonical\" href=\"https:\/\/diariodelsurdigital.com.ar\/?p=2756\" \/>\n<meta property=\"og:locale\" content=\"es_ES\" \/>\n<meta property=\"og:type\" content=\"article\" \/>\n<meta property=\"og:title\" content=\"Sarubi cuestion\u00f3 el paro docente convocado por AGMER y el Gobierno confirm\u00f3 que har\u00e1 descuentos - Diario del Sur\" \/>\n<meta property=\"og:description\" content=\"\u201cEste tipo de medidas genera incertidumbre en miles de familias que no saben si sus hijos tendr\u00e1n clases o no, con todos los problemas que eso conlleva. Involucran a 1,5 millones de entrerrianos en una cuesti\u00f3n que, adem\u00e1s de poder resolverse mediante el di\u00e1logo, afecta directamente a un grupo mucho m\u00e1s reducido\u201d, afirm\u00f3 Sarubi. El [&hellip;]\" \/>\n<meta property=\"og:url\" content=\"https:\/\/diariodelsurdigital.com.ar\/?p=2756\" \/>\n<meta property=\"og:site_name\" content=\"Diario del Sur\" \/>\n<meta property=\"article:published_time\" content=\"2025-05-20T22:09:47+00:00\" \/>\n<meta property=\"article:modified_time\" content=\"2025-05-20T22:09:48+00:00\" \/>\n<meta property=\"og:image\" content=\"https:\/\/diariodelsurdigital.com.ar\/wp-content\/uploads\/2025\/05\/l_1723063903.jpg\" \/>\n\t<meta property=\"og:image:width\" content=\"487\" \/>\n\t<meta property=\"og:image:height\" content=\"324\" \/>\n\t<meta property=\"og:image:type\" content=\"image\/jpeg\" \/>\n<meta name=\"author\" content=\"Diario del Sur Digital\" \/>\n<meta name=\"twitter:card\" content=\"summary_large_image\" \/>\n<meta name=\"twitter:label1\" content=\"Escrito por\" \/>\n\t<meta name=\"twitter:data1\" content=\"Diario del Sur Digital\" \/>\n\t<meta name=\"twitter:label2\" content=\"Tiempo de lectura\" \/>\n\t<meta name=\"twitter:data2\" content=\"3 minutos\" \/>\n<script type=\"application\/ld+json\" class=\"yoast-schema-graph\">{\"@context\":\"https:\\\/\\\/schema.org\",\"@graph\":[{\"@type\":\"Article\",\"@id\":\"https:\\\/\\\/diariodelsurdigital.com.ar\\\/?p=2756#article\",\"isPartOf\":{\"@id\":\"https:\\\/\\\/diariodelsurdigital.com.ar\\\/?p=2756\"},\"author\":{\"name\":\"Diario del Sur Digital\",\"@id\":\"https:\\\/\\\/diariodelsurdigital.com.ar\\\/#\\\/schema\\\/person\\\/6136a32571657f7dba980b88b04c5465\"},\"headline\":\"Sarubi cuestion\u00f3 el paro docente convocado por AGMER y el Gobierno confirm\u00f3 que har\u00e1 descuentos\",\"datePublished\":\"2025-05-20T22:09:47+00:00\",\"dateModified\":\"2025-05-20T22:09:48+00:00\",\"mainEntityOfPage\":{\"@id\":\"https:\\\/\\\/diariodelsurdigital.com.ar\\\/?p=2756\"},\"wordCount\":518,\"commentCount\":0,\"image\":{\"@id\":\"https:\\\/\\\/diariodelsurdigital.com.ar\\\/?p=2756#primaryimage\"},\"thumbnailUrl\":\"https:\\\/\\\/diariodelsurdigital.com.ar\\\/wp-content\\\/uploads\\\/2025\\\/05\\\/l_1723063903.jpg\",\"articleSection\":[\"Provinciales\"],\"inLanguage\":\"es\",\"potentialAction\":[{\"@type\":\"CommentAction\",\"name\":\"Comment\",\"target\":[\"https:\\\/\\\/diariodelsurdigital.com.ar\\\/?p=2756#respond\"]}]},{\"@type\":\"WebPage\",\"@id\":\"https:\\\/\\\/diariodelsurdigital.com.ar\\\/?p=2756\",\"url\":\"https:\\\/\\\/diariodelsurdigital.com.ar\\\/?p=2756\",\"name\":\"Sarubi cuestion\u00f3 el paro docente convocado por AGMER y el Gobierno confirm\u00f3 que har\u00e1 descuentos - Diario del Sur\",\"isPartOf\":{\"@id\":\"https:\\\/\\\/diariodelsurdigital.com.ar\\\/#website\"},\"primaryImageOfPage\":{\"@id\":\"https:\\\/\\\/diariodelsurdigital.com.ar\\\/?p=2756#primaryimage\"},\"image\":{\"@id\":\"https:\\\/\\\/diariodelsurdigital.com.ar\\\/?p=2756#primaryimage\"},\"thumbnailUrl\":\"https:\\\/\\\/diariodelsurdigital.com.ar\\\/wp-content\\\/uploads\\\/2025\\\/05\\\/l_1723063903.jpg\",\"datePublished\":\"2025-05-20T22:09:47+00:00\",\"dateModified\":\"2025-05-20T22:09:48+00:00\",\"author\":{\"@id\":\"https:\\\/\\\/diariodelsurdigital.com.ar\\\/#\\\/schema\\\/person\\\/6136a32571657f7dba980b88b04c5465\"},\"breadcrumb\":{\"@id\":\"https:\\\/\\\/diariodelsurdigital.com.ar\\\/?p=2756#breadcrumb\"},\"inLanguage\":\"es\",\"potentialAction\":[{\"@type\":\"ReadAction\",\"target\":[\"https:\\\/\\\/diariodelsurdigital.com.ar\\\/?p=2756\"]}]},{\"@type\":\"ImageObject\",\"inLanguage\":\"es\",\"@id\":\"https:\\\/\\\/diariodelsurdigital.com.ar\\\/?p=2756#primaryimage\",\"url\":\"https:\\\/\\\/diariodelsurdigital.com.ar\\\/wp-content\\\/uploads\\\/2025\\\/05\\\/l_1723063903.jpg\",\"contentUrl\":\"https:\\\/\\\/diariodelsurdigital.com.ar\\\/wp-content\\\/uploads\\\/2025\\\/05\\\/l_1723063903.jpg\",\"width\":487,\"height\":324},{\"@type\":\"BreadcrumbList\",\"@id\":\"https:\\\/\\\/diariodelsurdigital.com.ar\\\/?p=2756#breadcrumb\",\"itemListElement\":[{\"@type\":\"ListItem\",\"position\":1,\"name\":\"Portada\",\"item\":\"https:\\\/\\\/diariodelsurdigital.com.ar\\\/\"},{\"@type\":\"ListItem\",\"position\":2,\"name\":\"Sarubi cuestion\u00f3 el paro docente convocado por AGMER y el Gobierno confirm\u00f3 que har\u00e1 descuentos\"}]},{\"@type\":\"WebSite\",\"@id\":\"https:\\\/\\\/diariodelsurdigital.com.ar\\\/#website\",\"url\":\"https:\\\/\\\/diariodelsurdigital.com.ar\\\/\",\"name\":\"Diario del Sur\",\"description\":\"Digital\",\"potentialAction\":[{\"@type\":\"SearchAction\",\"target\":{\"@type\":\"EntryPoint\",\"urlTemplate\":\"https:\\\/\\\/diariodelsurdigital.com.ar\\\/?s={search_term_string}\"},\"query-input\":{\"@type\":\"PropertyValueSpecification\",\"valueRequired\":true,\"valueName\":\"search_term_string\"}}],\"inLanguage\":\"es\"},{\"@type\":\"Person\",\"@id\":\"https:\\\/\\\/diariodelsurdigital.com.ar\\\/#\\\/schema\\\/person\\\/6136a32571657f7dba980b88b04c5465\",\"name\":\"Diario del Sur Digital\",\"image\":{\"@type\":\"ImageObject\",\"inLanguage\":\"es\",\"@id\":\"https:\\\/\\\/secure.gravatar.com\\\/avatar\\\/4c29ceac98541dd42460b2474aaa5dd37594d6ce6cb3cf2c101d09b48ee287ba?s=96&d=mm&r=g\",\"url\":\"https:\\\/\\\/secure.gravatar.com\\\/avatar\\\/4c29ceac98541dd42460b2474aaa5dd37594d6ce6cb3cf2c101d09b48ee287ba?s=96&d=mm&r=g\",\"contentUrl\":\"https:\\\/\\\/secure.gravatar.com\\\/avatar\\\/4c29ceac98541dd42460b2474aaa5dd37594d6ce6cb3cf2c101d09b48ee287ba?s=96&d=mm&r=g\",\"caption\":\"Diario del Sur Digital\"},\"url\":\"https:\\\/\\\/diariodelsurdigital.com.ar\\\/?author=2\"}]}<\/script>\n<!-- \/ Yoast SEO plugin. -->","yoast_head_json":{"title":"Sarubi cuestion\u00f3 el paro docente convocado por AGMER y el Gobierno confirm\u00f3 que har\u00e1 descuentos - Diario del Sur","robots":{"index":"index","follow":"follow","max-snippet":"max-snippet:-1","max-image-preview":"max-image-preview:large","max-video-preview":"max-video-preview:-1"},"canonical":"https:\/\/diariodelsurdigital.com.ar\/?p=2756","og_locale":"es_ES","og_type":"article","og_title":"Sarubi cuestion\u00f3 el paro docente convocado por AGMER y el Gobierno confirm\u00f3 que har\u00e1 descuentos - Diario del Sur","og_description":"\u201cEste tipo de medidas genera incertidumbre en miles de familias que no saben si sus hijos tendr\u00e1n clases o no, con todos los problemas que eso conlleva. Involucran a 1,5 millones de entrerrianos en una cuesti\u00f3n que, adem\u00e1s de poder resolverse mediante el di\u00e1logo, afecta directamente a un grupo mucho m\u00e1s reducido\u201d, afirm\u00f3 Sarubi. El [&hellip;]","og_url":"https:\/\/diariodelsurdigital.com.ar\/?p=2756","og_site_name":"Diario del Sur","article_published_time":"2025-05-20T22:09:47+00:00","article_modified_time":"2025-05-20T22:09:48+00:00","og_image":[{"width":487,"height":324,"url":"https:\/\/diariodelsurdigital.com.ar\/wp-content\/uploads\/2025\/05\/l_1723063903.jpg","type":"image\/jpeg"}],"author":"Diario del Sur Digital","twitter_card":"summary_large_image","twitter_misc":{"Escrito por":"Diario del Sur Digital","Tiempo de lectura":"3 minutos"},"schema":{"@context":"https:\/\/schema.org","@graph":[{"@type":"Article","@id":"https:\/\/diariodelsurdigital.com.ar\/?p=2756#article","isPartOf":{"@id":"https:\/\/diariodelsurdigital.com.ar\/?p=2756"},"author":{"name":"Diario del Sur Digital","@id":"https:\/\/diariodelsurdigital.com.ar\/#\/schema\/person\/6136a32571657f7dba980b88b04c5465"},"headline":"Sarubi cuestion\u00f3 el paro docente convocado por AGMER y el Gobierno confirm\u00f3 que har\u00e1 descuentos","datePublished":"2025-05-20T22:09:47+00:00","dateModified":"2025-05-20T22:09:48+00:00","mainEntityOfPage":{"@id":"https:\/\/diariodelsurdigital.com.ar\/?p=2756"},"wordCount":518,"commentCount":0,"image":{"@id":"https:\/\/diariodelsurdigital.com.ar\/?p=2756#primaryimage"},"thumbnailUrl":"https:\/\/diariodelsurdigital.com.ar\/wp-content\/uploads\/2025\/05\/l_1723063903.jpg","articleSection":["Provinciales"],"inLanguage":"es","potentialAction":[{"@type":"CommentAction","name":"Comment","target":["https:\/\/diariodelsurdigital.com.ar\/?p=2756#respond"]}]},{"@type":"WebPage","@id":"https:\/\/diariodelsurdigital.com.ar\/?p=2756","url":"https:\/\/diariodelsurdigital.com.ar\/?p=2756","name":"Sarubi cuestion\u00f3 el paro docente convocado por AGMER y el Gobierno confirm\u00f3 que har\u00e1 descuentos - Diario del Sur","isPartOf":{"@id":"https:\/\/diariodelsurdigital.com.ar\/#website"},"primaryImageOfPage":{"@id":"https:\/\/diariodelsurdigital.com.ar\/?p=2756#primaryimage"},"image":{"@id":"https:\/\/diariodelsurdigital.com.ar\/?p=2756#primaryimage"},"thumbnailUrl":"https:\/\/diariodelsurdigital.com.ar\/wp-content\/uploads\/2025\/05\/l_1723063903.jpg","datePublished":"2025-05-20T22:09:47+00:00","dateModified":"2025-05-20T22:09:48+00:00","author":{"@id":"https:\/\/diariodelsurdigital.com.ar\/#\/schema\/person\/6136a32571657f7dba980b88b04c5465"},"breadcrumb":{"@id":"https:\/\/diariodelsurdigital.com.ar\/?p=2756#breadcrumb"},"inLanguage":"es","potentialAction":[{"@type":"ReadAction","target":["https:\/\/diariodelsurdigital.com.ar\/?p=2756"]}]},{"@type":"ImageObject","inLanguage":"es","@id":"https:\/\/diariodelsurdigital.com.ar\/?p=2756#primaryimage","url":"https:\/\/diariodelsurdigital.com.ar\/wp-content\/uploads\/2025\/05\/l_1723063903.jpg","contentUrl":"https:\/\/diariodelsurdigital.com.ar\/wp-content\/uploads\/2025\/05\/l_1723063903.jpg","width":487,"height":324},{"@type":"BreadcrumbList","@id":"https:\/\/diariodelsurdigital.com.ar\/?p=2756#breadcrumb","itemListElement":[{"@type":"ListItem","position":1,"name":"Portada","item":"https:\/\/diariodelsurdigital.com.ar\/"},{"@type":"ListItem","position":2,"name":"Sarubi cuestion\u00f3 el paro docente convocado por AGMER y el Gobierno confirm\u00f3 que har\u00e1 descuentos"}]},{"@type":"WebSite","@id":"https:\/\/diariodelsurdigital.com.ar\/#website","url":"https:\/\/diariodelsurdigital.com.ar\/","name":"Diario del Sur","description":"Digital","potentialAction":[{"@type":"SearchAction","target":{"@type":"EntryPoint","urlTemplate":"https:\/\/diariodelsurdigital.com.ar\/?s={search_term_string}"},"query-input":{"@type":"PropertyValueSpecification","valueRequired":true,"valueName":"search_term_string"}}],"inLanguage":"es"},{"@type":"Person","@id":"https:\/\/diariodelsurdigital.com.ar\/#\/schema\/person\/6136a32571657f7dba980b88b04c5465","name":"Diario del Sur Digital","image":{"@type":"ImageObject","inLanguage":"es","@id":"https:\/\/secure.gravatar.com\/avatar\/4c29ceac98541dd42460b2474aaa5dd37594d6ce6cb3cf2c101d09b48ee287ba?s=96&d=mm&r=g","url":"https:\/\/secure.gravatar.com\/avatar\/4c29ceac98541dd42460b2474aaa5dd37594d6ce6cb3cf2c101d09b48ee287ba?s=96&d=mm&r=g","contentUrl":"https:\/\/secure.gravatar.com\/avatar\/4c29ceac98541dd42460b2474aaa5dd37594d6ce6cb3cf2c101d09b48ee287ba?s=96&d=mm&r=g","caption":"Diario del Sur Digital"},"url":"https:\/\/diariodelsurdigital.com.ar\/?author=2"}]}},"_links":{"self":[{"href":"https:\/\/diariodelsurdigital.com.ar\/index.php?rest_route=\/wp\/v2\/posts\/2756","targetHints":{"allow":["GET"]}}],"collection":[{"href":"https:\/\/diariodelsurdigital.com.ar\/index.php?rest_route=\/wp\/v2\/posts"}],"about":[{"href":"https:\/\/diariodelsurdigital.com.ar\/index.php?rest_route=\/wp\/v2\/types\/post"}],"author":[{"embeddable":true,"href":"https:\/\/diariodelsurdigital.com.ar\/index.php?rest_route=\/wp\/v2\/users\/2"}],"replies":[{"embeddable":true,"href":"https:\/\/diariodelsurdigital.com.ar\/index.php?rest_route=%2Fwp%2Fv2%2Fcomments&post=2756"}],"version-history":[{"count":1,"href":"https:\/\/diariodelsurdigital.com.ar\/index.php?rest_route=\/wp\/v2\/posts\/2756\/revisions"}],"predecessor-version":[{"id":2758,"href":"https:\/\/diariodelsurdigital.com.ar\/index.php?rest_route=\/wp\/v2\/posts\/2756\/revisions\/2758"}],"wp:featuredmedia":[{"embeddable":true,"href":"https:\/\/diariodelsurdigital.com.ar\/index.php?rest_route=\/wp\/v2\/media\/2757"}],"wp:attachment":[{"href":"https:\/\/diariodelsurdigital.com.ar\/index.php?rest_route=%2Fwp%2Fv2%2Fmedia&parent=2756"}],"wp:term":[{"taxonomy":"category","embeddable":true,"href":"https:\/\/diariodelsurdigital.com.ar\/index.php?rest_route=%2Fwp%2Fv2%2Fcategories&post=2756"},{"taxonomy":"post_tag","embeddable":true,"href":"https:\/\/diariodelsurdigital.com.ar\/index.php?rest_route=%2Fwp%2Fv2%2Ftags&post=2756"}],"curies":[{"name":"wp","href":"https:\/\/api.w.org\/{rel}","templated":true}]}}