{"id":2763,"date":"2025-05-21T13:08:14","date_gmt":"2025-05-21T16:08:14","guid":{"rendered":"https:\/\/diariodelsurdigital.com.ar\/?p=2763"},"modified":"2025-05-21T13:08:15","modified_gmt":"2025-05-21T16:08:15","slug":"san-salvador-un-nino-de-5-anos-murio-atropellado-por-un-camion","status":"publish","type":"post","link":"https:\/\/diariodelsurdigital.com.ar\/?p=2763","title":{"rendered":"San Salvador: un ni\u00f1o de 5 a\u00f1os muri\u00f3 atropellado por un cami\u00f3n"},"content":{"rendered":"\n<p>El hecho ocurri\u00f3 en horas de la tarde del martes en un sector del Barrio Lourdes de la ciudad de San Salvador. El conductor del veh\u00edculo fue aprehendido y qued\u00f3 supeditado a la causa. Intervino la Polic\u00eda Cient\u00edfica y la Fiscal\u00eda en turno.<\/p>\n\n\n\n<p>Un tr\u00e1gico siniestro vial se cobr\u00f3 la vida de un menor de edad en la tarde de este martes, en un sector del Barrio Lourdes, de la ciudad de San Salvador.<\/p>\n\n\n\n<p>El hecho ocurri\u00f3 alrededor de las 18:50, cuando un cami\u00f3n, cuyo tipo y dominio a\u00fan no fueron oficialmente informados, hab\u00eda colisionado a un ni\u00f1o, que tendr\u00eda 5 a\u00f1os, el cual falleci\u00f3 producto del fuerte impacto.<\/p>\n\n\n\n<p>Vecinos alertaron a la polic\u00eda sobre un accidente de tr\u00e1nsito en la v\u00eda p\u00fablica y de inmediato, efectivos policiales se hicieron presentes en el lugar y constataron la tragedia vial.<\/p>\n\n\n\n<p>Ante la gravedad del hecho, personal de la Polic\u00eda Cient\u00edfica y de la Secci\u00f3n Judiciales acudi\u00f3 al sitio del siniestro para realizar las pericias correspondientes, conforme a las directivas emitidas por la Fiscal\u00eda en turno.<\/p>\n\n\n\n<p>Las tareas incluyeron el relevamiento fotogr\u00e1fico, la toma de medidas del lugar del hecho y el secuestro del rodado involucrado para su posterior peritaje mec\u00e1nico. La identidad del menor no fue difundida hasta el cierre de esta edici\u00f3n, a fin de preservar la intimidad de la familia.<\/p>\n\n\n\n<p>En cuanto al conductor del veh\u00edculo involucrado, el mismo fue aprehendido preventivamente y qued\u00f3 formalmente supeditado a la causa, que fue caratulada preliminarmente como \u201chomicidio culposo en accidente de tr\u00e1nsito\u201d.<\/p>\n\n\n\n<p>Desde la fiscal\u00eda se indic\u00f3 que se aguardar\u00e1n los resultados de las pruebas toxicol\u00f3gicas y las conclusiones de los informes periciales para avanzar con la imputaci\u00f3n correspondiente.<\/p>\n\n\n\n<p>La comunidad del Barrio Lourdes se vio profundamente conmocionada por el tr\u00e1gico episodio, que se suma a una serie de reclamos vecinales por mayor seguridad vial en la zona.<\/p>\n","protected":false},"excerpt":{"rendered":"<p>El hecho ocurri\u00f3 en horas de la tarde del martes en un sector del Barrio Lourdes de la ciudad de San Salvador. El conductor del veh\u00edculo fue aprehendido y qued\u00f3 supeditado a la causa. Intervino la Polic\u00eda Cient\u00edfica y la Fiscal\u00eda en turno. Un tr\u00e1gico siniestro vial se cobr\u00f3 la vida de un menor de [&hellip;]<\/p>\n","protected":false},"author":4,"featured_media":2764,"comment_status":"open","ping_status":"open","sticky":false,"template":"","format":"standard","meta":{"footnotes":""},"categories":[17],"tags":[],"class_list":{"0":"post-2763","1":"post","2":"type-post","3":"status-publish","4":"format-standard","5":"has-post-thumbnail","7":"category-provinciales"},"yoast_head":"<!-- This site is optimized with the Yoast SEO plugin v27.4 - https:\/\/yoast.com\/product\/yoast-seo-wordpress\/ -->\n<title>San Salvador: un ni\u00f1o de 5 a\u00f1os muri\u00f3 atropellado por un cami\u00f3n - Diario del Sur<\/title>\n<meta name=\"robots\" content=\"index, follow, max-snippet:-1, max-image-preview:large, max-video-preview:-1\" \/>\n<link rel=\"canonical\" href=\"https:\/\/diariodelsurdigital.com.ar\/?p=2763\" \/>\n<meta property=\"og:locale\" content=\"es_ES\" \/>\n<meta property=\"og:type\" content=\"article\" \/>\n<meta property=\"og:title\" content=\"San Salvador: un ni\u00f1o de 5 a\u00f1os muri\u00f3 atropellado por un cami\u00f3n - Diario del Sur\" \/>\n<meta property=\"og:description\" content=\"El hecho ocurri\u00f3 en horas de la tarde del martes en un sector del Barrio Lourdes de la ciudad de San Salvador. El conductor del veh\u00edculo fue aprehendido y qued\u00f3 supeditado a la causa. Intervino la Polic\u00eda Cient\u00edfica y la Fiscal\u00eda en turno. Un tr\u00e1gico siniestro vial se cobr\u00f3 la vida de un menor de [&hellip;]\" \/>\n<meta property=\"og:url\" content=\"https:\/\/diariodelsurdigital.com.ar\/?p=2763\" \/>\n<meta property=\"og:site_name\" content=\"Diario del Sur\" \/>\n<meta property=\"article:published_time\" content=\"2025-05-21T16:08:14+00:00\" \/>\n<meta property=\"article:modified_time\" content=\"2025-05-21T16:08:15+00:00\" \/>\n<meta property=\"og:image\" content=\"https:\/\/diariodelsurdigital.com.ar\/wp-content\/uploads\/2025\/05\/md-45.webp\" \/>\n\t<meta property=\"og:image:width\" content=\"992\" \/>\n\t<meta property=\"og:image:height\" content=\"660\" \/>\n\t<meta property=\"og:image:type\" content=\"image\/webp\" \/>\n<meta name=\"author\" content=\"Diario del Sur Digital\" \/>\n<meta name=\"twitter:card\" content=\"summary_large_image\" \/>\n<meta name=\"twitter:label1\" content=\"Escrito por\" \/>\n\t<meta name=\"twitter:data1\" content=\"Diario del Sur Digital\" \/>\n\t<meta name=\"twitter:label2\" content=\"Tiempo de lectura\" \/>\n\t<meta name=\"twitter:data2\" content=\"2 minutos\" \/>\n<script type=\"application\/ld+json\" class=\"yoast-schema-graph\">{\"@context\":\"https:\\\/\\\/schema.org\",\"@graph\":[{\"@type\":\"Article\",\"@id\":\"https:\\\/\\\/diariodelsurdigital.com.ar\\\/?p=2763#article\",\"isPartOf\":{\"@id\":\"https:\\\/\\\/diariodelsurdigital.com.ar\\\/?p=2763\"},\"author\":{\"name\":\"Diario del Sur Digital\",\"@id\":\"https:\\\/\\\/diariodelsurdigital.com.ar\\\/#\\\/schema\\\/person\\\/1a4992532ed62965c968031b49195c81\"},\"headline\":\"San Salvador: un ni\u00f1o de 5 a\u00f1os muri\u00f3 atropellado por un cami\u00f3n\",\"datePublished\":\"2025-05-21T16:08:14+00:00\",\"dateModified\":\"2025-05-21T16:08:15+00:00\",\"mainEntityOfPage\":{\"@id\":\"https:\\\/\\\/diariodelsurdigital.com.ar\\\/?p=2763\"},\"wordCount\":348,\"commentCount\":0,\"image\":{\"@id\":\"https:\\\/\\\/diariodelsurdigital.com.ar\\\/?p=2763#primaryimage\"},\"thumbnailUrl\":\"https:\\\/\\\/diariodelsurdigital.com.ar\\\/wp-content\\\/uploads\\\/2025\\\/05\\\/md-45.webp\",\"articleSection\":[\"Provinciales\"],\"inLanguage\":\"es\",\"potentialAction\":[{\"@type\":\"CommentAction\",\"name\":\"Comment\",\"target\":[\"https:\\\/\\\/diariodelsurdigital.com.ar\\\/?p=2763#respond\"]}]},{\"@type\":\"WebPage\",\"@id\":\"https:\\\/\\\/diariodelsurdigital.com.ar\\\/?p=2763\",\"url\":\"https:\\\/\\\/diariodelsurdigital.com.ar\\\/?p=2763\",\"name\":\"San Salvador: un ni\u00f1o de 5 a\u00f1os muri\u00f3 atropellado por un cami\u00f3n - Diario del Sur\",\"isPartOf\":{\"@id\":\"https:\\\/\\\/diariodelsurdigital.com.ar\\\/#website\"},\"primaryImageOfPage\":{\"@id\":\"https:\\\/\\\/diariodelsurdigital.com.ar\\\/?p=2763#primaryimage\"},\"image\":{\"@id\":\"https:\\\/\\\/diariodelsurdigital.com.ar\\\/?p=2763#primaryimage\"},\"thumbnailUrl\":\"https:\\\/\\\/diariodelsurdigital.com.ar\\\/wp-content\\\/uploads\\\/2025\\\/05\\\/md-45.webp\",\"datePublished\":\"2025-05-21T16:08:14+00:00\",\"dateModified\":\"2025-05-21T16:08:15+00:00\",\"author\":{\"@id\":\"https:\\\/\\\/diariodelsurdigital.com.ar\\\/#\\\/schema\\\/person\\\/1a4992532ed62965c968031b49195c81\"},\"breadcrumb\":{\"@id\":\"https:\\\/\\\/diariodelsurdigital.com.ar\\\/?p=2763#breadcrumb\"},\"inLanguage\":\"es\",\"potentialAction\":[{\"@type\":\"ReadAction\",\"target\":[\"https:\\\/\\\/diariodelsurdigital.com.ar\\\/?p=2763\"]}]},{\"@type\":\"ImageObject\",\"inLanguage\":\"es\",\"@id\":\"https:\\\/\\\/diariodelsurdigital.com.ar\\\/?p=2763#primaryimage\",\"url\":\"https:\\\/\\\/diariodelsurdigital.com.ar\\\/wp-content\\\/uploads\\\/2025\\\/05\\\/md-45.webp\",\"contentUrl\":\"https:\\\/\\\/diariodelsurdigital.com.ar\\\/wp-content\\\/uploads\\\/2025\\\/05\\\/md-45.webp\",\"width\":992,\"height\":660},{\"@type\":\"BreadcrumbList\",\"@id\":\"https:\\\/\\\/diariodelsurdigital.com.ar\\\/?p=2763#breadcrumb\",\"itemListElement\":[{\"@type\":\"ListItem\",\"position\":1,\"name\":\"Portada\",\"item\":\"https:\\\/\\\/diariodelsurdigital.com.ar\\\/\"},{\"@type\":\"ListItem\",\"position\":2,\"name\":\"San Salvador: un ni\u00f1o de 5 a\u00f1os muri\u00f3 atropellado por un cami\u00f3n\"}]},{\"@type\":\"WebSite\",\"@id\":\"https:\\\/\\\/diariodelsurdigital.com.ar\\\/#website\",\"url\":\"https:\\\/\\\/diariodelsurdigital.com.ar\\\/\",\"name\":\"Diario del Sur\",\"description\":\"Digital\",\"potentialAction\":[{\"@type\":\"SearchAction\",\"target\":{\"@type\":\"EntryPoint\",\"urlTemplate\":\"https:\\\/\\\/diariodelsurdigital.com.ar\\\/?s={search_term_string}\"},\"query-input\":{\"@type\":\"PropertyValueSpecification\",\"valueRequired\":true,\"valueName\":\"search_term_string\"}}],\"inLanguage\":\"es\"},{\"@type\":\"Person\",\"@id\":\"https:\\\/\\\/diariodelsurdigital.com.ar\\\/#\\\/schema\\\/person\\\/1a4992532ed62965c968031b49195c81\",\"name\":\"Diario del Sur Digital\",\"image\":{\"@type\":\"ImageObject\",\"inLanguage\":\"es\",\"@id\":\"https:\\\/\\\/secure.gravatar.com\\\/avatar\\\/f0c7c47fc7146d19828273b9b8eda651c9c7ab583767e6338d3d3bee825adf76?s=96&d=mm&r=g\",\"url\":\"https:\\\/\\\/secure.gravatar.com\\\/avatar\\\/f0c7c47fc7146d19828273b9b8eda651c9c7ab583767e6338d3d3bee825adf76?s=96&d=mm&r=g\",\"contentUrl\":\"https:\\\/\\\/secure.gravatar.com\\\/avatar\\\/f0c7c47fc7146d19828273b9b8eda651c9c7ab583767e6338d3d3bee825adf76?s=96&d=mm&r=g\",\"caption\":\"Diario del Sur Digital\"},\"url\":\"https:\\\/\\\/diariodelsurdigital.com.ar\\\/?author=4\"}]}<\/script>\n<!-- \/ Yoast SEO plugin. -->","yoast_head_json":{"title":"San Salvador: un ni\u00f1o de 5 a\u00f1os muri\u00f3 atropellado por un cami\u00f3n - Diario del Sur","robots":{"index":"index","follow":"follow","max-snippet":"max-snippet:-1","max-image-preview":"max-image-preview:large","max-video-preview":"max-video-preview:-1"},"canonical":"https:\/\/diariodelsurdigital.com.ar\/?p=2763","og_locale":"es_ES","og_type":"article","og_title":"San Salvador: un ni\u00f1o de 5 a\u00f1os muri\u00f3 atropellado por un cami\u00f3n - Diario del Sur","og_description":"El hecho ocurri\u00f3 en horas de la tarde del martes en un sector del Barrio Lourdes de la ciudad de San Salvador. El conductor del veh\u00edculo fue aprehendido y qued\u00f3 supeditado a la causa. Intervino la Polic\u00eda Cient\u00edfica y la Fiscal\u00eda en turno. Un tr\u00e1gico siniestro vial se cobr\u00f3 la vida de un menor de [&hellip;]","og_url":"https:\/\/diariodelsurdigital.com.ar\/?p=2763","og_site_name":"Diario del Sur","article_published_time":"2025-05-21T16:08:14+00:00","article_modified_time":"2025-05-21T16:08:15+00:00","og_image":[{"width":992,"height":660,"url":"https:\/\/diariodelsurdigital.com.ar\/wp-content\/uploads\/2025\/05\/md-45.webp","type":"image\/webp"}],"author":"Diario del Sur Digital","twitter_card":"summary_large_image","twitter_misc":{"Escrito por":"Diario del Sur Digital","Tiempo de lectura":"2 minutos"},"schema":{"@context":"https:\/\/schema.org","@graph":[{"@type":"Article","@id":"https:\/\/diariodelsurdigital.com.ar\/?p=2763#article","isPartOf":{"@id":"https:\/\/diariodelsurdigital.com.ar\/?p=2763"},"author":{"name":"Diario del Sur Digital","@id":"https:\/\/diariodelsurdigital.com.ar\/#\/schema\/person\/1a4992532ed62965c968031b49195c81"},"headline":"San Salvador: un ni\u00f1o de 5 a\u00f1os muri\u00f3 atropellado por un cami\u00f3n","datePublished":"2025-05-21T16:08:14+00:00","dateModified":"2025-05-21T16:08:15+00:00","mainEntityOfPage":{"@id":"https:\/\/diariodelsurdigital.com.ar\/?p=2763"},"wordCount":348,"commentCount":0,"image":{"@id":"https:\/\/diariodelsurdigital.com.ar\/?p=2763#primaryimage"},"thumbnailUrl":"https:\/\/diariodelsurdigital.com.ar\/wp-content\/uploads\/2025\/05\/md-45.webp","articleSection":["Provinciales"],"inLanguage":"es","potentialAction":[{"@type":"CommentAction","name":"Comment","target":["https:\/\/diariodelsurdigital.com.ar\/?p=2763#respond"]}]},{"@type":"WebPage","@id":"https:\/\/diariodelsurdigital.com.ar\/?p=2763","url":"https:\/\/diariodelsurdigital.com.ar\/?p=2763","name":"San Salvador: un ni\u00f1o de 5 a\u00f1os muri\u00f3 atropellado por un cami\u00f3n - Diario del Sur","isPartOf":{"@id":"https:\/\/diariodelsurdigital.com.ar\/#website"},"primaryImageOfPage":{"@id":"https:\/\/diariodelsurdigital.com.ar\/?p=2763#primaryimage"},"image":{"@id":"https:\/\/diariodelsurdigital.com.ar\/?p=2763#primaryimage"},"thumbnailUrl":"https:\/\/diariodelsurdigital.com.ar\/wp-content\/uploads\/2025\/05\/md-45.webp","datePublished":"2025-05-21T16:08:14+00:00","dateModified":"2025-05-21T16:08:15+00:00","author":{"@id":"https:\/\/diariodelsurdigital.com.ar\/#\/schema\/person\/1a4992532ed62965c968031b49195c81"},"breadcrumb":{"@id":"https:\/\/diariodelsurdigital.com.ar\/?p=2763#breadcrumb"},"inLanguage":"es","potentialAction":[{"@type":"ReadAction","target":["https:\/\/diariodelsurdigital.com.ar\/?p=2763"]}]},{"@type":"ImageObject","inLanguage":"es","@id":"https:\/\/diariodelsurdigital.com.ar\/?p=2763#primaryimage","url":"https:\/\/diariodelsurdigital.com.ar\/wp-content\/uploads\/2025\/05\/md-45.webp","contentUrl":"https:\/\/diariodelsurdigital.com.ar\/wp-content\/uploads\/2025\/05\/md-45.webp","width":992,"height":660},{"@type":"BreadcrumbList","@id":"https:\/\/diariodelsurdigital.com.ar\/?p=2763#breadcrumb","itemListElement":[{"@type":"ListItem","position":1,"name":"Portada","item":"https:\/\/diariodelsurdigital.com.ar\/"},{"@type":"ListItem","position":2,"name":"San Salvador: un ni\u00f1o de 5 a\u00f1os muri\u00f3 atropellado por un cami\u00f3n"}]},{"@type":"WebSite","@id":"https:\/\/diariodelsurdigital.com.ar\/#website","url":"https:\/\/diariodelsurdigital.com.ar\/","name":"Diario del Sur","description":"Digital","potentialAction":[{"@type":"SearchAction","target":{"@type":"EntryPoint","urlTemplate":"https:\/\/diariodelsurdigital.com.ar\/?s={search_term_string}"},"query-input":{"@type":"PropertyValueSpecification","valueRequired":true,"valueName":"search_term_string"}}],"inLanguage":"es"},{"@type":"Person","@id":"https:\/\/diariodelsurdigital.com.ar\/#\/schema\/person\/1a4992532ed62965c968031b49195c81","name":"Diario del Sur Digital","image":{"@type":"ImageObject","inLanguage":"es","@id":"https:\/\/secure.gravatar.com\/avatar\/f0c7c47fc7146d19828273b9b8eda651c9c7ab583767e6338d3d3bee825adf76?s=96&d=mm&r=g","url":"https:\/\/secure.gravatar.com\/avatar\/f0c7c47fc7146d19828273b9b8eda651c9c7ab583767e6338d3d3bee825adf76?s=96&d=mm&r=g","contentUrl":"https:\/\/secure.gravatar.com\/avatar\/f0c7c47fc7146d19828273b9b8eda651c9c7ab583767e6338d3d3bee825adf76?s=96&d=mm&r=g","caption":"Diario del Sur Digital"},"url":"https:\/\/diariodelsurdigital.com.ar\/?author=4"}]}},"_links":{"self":[{"href":"https:\/\/diariodelsurdigital.com.ar\/index.php?rest_route=\/wp\/v2\/posts\/2763","targetHints":{"allow":["GET"]}}],"collection":[{"href":"https:\/\/diariodelsurdigital.com.ar\/index.php?rest_route=\/wp\/v2\/posts"}],"about":[{"href":"https:\/\/diariodelsurdigital.com.ar\/index.php?rest_route=\/wp\/v2\/types\/post"}],"author":[{"embeddable":true,"href":"https:\/\/diariodelsurdigital.com.ar\/index.php?rest_route=\/wp\/v2\/users\/4"}],"replies":[{"embeddable":true,"href":"https:\/\/diariodelsurdigital.com.ar\/index.php?rest_route=%2Fwp%2Fv2%2Fcomments&post=2763"}],"version-history":[{"count":1,"href":"https:\/\/diariodelsurdigital.com.ar\/index.php?rest_route=\/wp\/v2\/posts\/2763\/revisions"}],"predecessor-version":[{"id":2765,"href":"https:\/\/diariodelsurdigital.com.ar\/index.php?rest_route=\/wp\/v2\/posts\/2763\/revisions\/2765"}],"wp:featuredmedia":[{"embeddable":true,"href":"https:\/\/diariodelsurdigital.com.ar\/index.php?rest_route=\/wp\/v2\/media\/2764"}],"wp:attachment":[{"href":"https:\/\/diariodelsurdigital.com.ar\/index.php?rest_route=%2Fwp%2Fv2%2Fmedia&parent=2763"}],"wp:term":[{"taxonomy":"category","embeddable":true,"href":"https:\/\/diariodelsurdigital.com.ar\/index.php?rest_route=%2Fwp%2Fv2%2Fcategories&post=2763"},{"taxonomy":"post_tag","embeddable":true,"href":"https:\/\/diariodelsurdigital.com.ar\/index.php?rest_route=%2Fwp%2Fv2%2Ftags&post=2763"}],"curies":[{"name":"wp","href":"https:\/\/api.w.org\/{rel}","templated":true}]}}