{"id":2766,"date":"2025-05-21T13:10:54","date_gmt":"2025-05-21T16:10:54","guid":{"rendered":"https:\/\/diariodelsurdigital.com.ar\/?p=2766"},"modified":"2025-05-21T13:10:55","modified_gmt":"2025-05-21T16:10:55","slug":"bolsonaro-en-el-banquillo-comenzo-el-juicio-por-intento-de-golpe-de-estado","status":"publish","type":"post","link":"https:\/\/diariodelsurdigital.com.ar\/?p=2766","title":{"rendered":"Bolsonaro en el banquillo: comenz\u00f3 el juicio por intento de golpe de Estado"},"content":{"rendered":"\n<p>La Justicia investiga si el expresidente lider\u00f3 una conspiraci\u00f3n para desconocer las elecciones de 2022 e impedir la asunci\u00f3n de Lula. Declararon altos mandos militares y se esperan m\u00e1s de 80 testigos en un proceso que podr\u00eda derivar en condenas de hasta 40 a\u00f1os.<\/p>\n\n\n\n<p><\/p>\n\n\n\n<p>El juicio penal contra el expresidente brasile\u00f1o. Jair Bolsonaro, y siete de sus colaboradores, acusados de liderar un complot golpista, comenz\u00f3 este lunes con los primeros interrogatorios a los testigos citados por la Fiscal\u00eda del Supremo Tribunal Federal (STF), la m\u00e1xima corte del pa\u00eds.<\/p>\n\n\n\n<p>Los primeros en declarar, desde las 15.00 hora local (misma hora que Argentina) y por videoconferencia, fueron seis testigos del Ministerio P\u00fablico, entre ellos los excomandantes del Ej\u00e9rcito y la Fuerza A\u00e9rea, el general Marco Antonio Freire Gomes y el brigadier Carlos de Almeida Baptista J\u00fanior. Ambos, hoy retirados, reconocieron haberse reunido en varias ocasiones con Bolsonaro y sus asesores m\u00e1s cercanos, y afirmaron que fueron invitados a respaldar un presunto plan para desconocer el resultado de las elecciones de 2022 mediante una intervenci\u00f3n militar.<\/p>\n\n\n\n<p>En sus declaraciones ante la polic\u00eda, los jerarcas militares reconocieron haber participado en reuniones donde Bolsonaro present\u00f3 su \u00abhip\u00f3tesis de utilizaci\u00f3n de instrumentos jur\u00eddicos\u00bb para deslegitimar el proceso electoral y justificar una posible acci\u00f3n castrense contra el presidente electo, Luiz In\u00e1cio Lula Da Silva. Seg\u00fan Baptista J\u00fanior, Freire Gomes incluso lleg\u00f3 a amenazar al entonces presidente con arrestarlo si ejecutaba esos planes.<\/p>\n\n\n\n<p>El STF tiene previsto tomar testimonio a 82 testigos, propuestos tanto por la Fiscal\u00eda como por las defensas de los ocho acusados, en una serie de audiencias que se extender\u00e1n del 19 de mayo al 2 de junio.<\/p>\n\n\n\n<p>El asalto a los tres poderes<\/p>\n\n\n\n<p>Bolsonaro, l\u00edder de la ultraderecha brasile\u00f1a y actualmente inhabilitado para competir en las elecciones de 2026, enfrenta penas que podr\u00edan sumar hasta 40 a\u00f1os de prisi\u00f3n. El caso contiene acusaciones contra los ocho l\u00edderes del complot, desde la planificaci\u00f3n del asesinato de Lula y de otras figuras institucionales hasta haber incentivado los ataques del 8 de enero de 2023, cuando miles de seguidores de Bolsonaro irrumpieron violentamente en las sedes de los tres poderes en Brasilia para reclamar una intervenci\u00f3n militar.<\/p>\n\n\n\n<p>En febrero de este a\u00f1o, la Fiscal\u00eda present\u00f3 cargos por tentativa de golpe de Estado y abolici\u00f3n violenta del Estado democr\u00e1tico de derecho. En marzo, los cinco jueces de la Sala Primera del STF concluyeron, por unanimidad, que existen indicios suficientes para llevar a juicio a los ocho acusados por cinco delitos graves: tentativa de golpe, abolici\u00f3n del orden democr\u00e1tico, organizaci\u00f3n criminal armada, da\u00f1o calificado y deterioro del patrimonio p\u00fablico.<\/p>\n\n\n\n<p>Entre los juzgados figuran tambi\u00e9n el excomandante de la Marina Almir Garnier Santos; los exministros Anderson Torres (Justicia), Augusto Heleno Ribeiro (Seguridad Institucional), Paulo Sergio Nogueira (Defensa) y Walter Braga Netto (Casa Civil); as\u00ed como el exdirector de la Agencia Brasile\u00f1a de Inteligencia, hoy diputado, Alexandre Ramagem.<\/p>\n\n\n\n<p>Seg\u00fan un informe de m\u00e1s de 800 p\u00e1ginas elaborado por la Polic\u00eda Federal, el exmandatario encabez\u00f3 una \u00aborganizaci\u00f3n criminal\u00bb que busc\u00f3 impedir la investidura de Lula tras su victoria en 2022. Ese documento, base de la acusaci\u00f3n, menciona una reuni\u00f3n clave del 5 de julio de 2022 en la que Bolsonaro insinu\u00f3 que \u00abtodo est\u00e1 armado para que Lula gane en primera vuelta, mediante fraude\u00bb.<\/p>\n\n\n\n<p>\u00abSi hay que dar un golpe en la mesa, debe ser antes de la elecci\u00f3n\u00bb, afirm\u00f3 en esa misma reuni\u00f3n el general Augusto Heleno, uno de los principales responsables del aparato de seguridad durante el gobierno bolsonarista.<\/p>\n\n\n\n<p>El plan golpista inclu\u00eda decretar un \u00abestado de defensa\u00bb e incluso asesinar a Lula y al juez del STF, Alexandre de Moraes. Seg\u00fan los investigadores, el complot no prosper\u00f3 por la falta de apoyo de los altos mandos militares. No se trat\u00f3 de una acci\u00f3n aislada, sino de una conspiraci\u00f3n prolongada, ejecutada desde el coraz\u00f3n del gobierno por funcionarios de confianza y altos oficiales del Ej\u00e9rcito.<\/p>\n\n\n\n<p>La acusaci\u00f3n se basa en un extenso conjunto de pruebas, que incluyen un borrador de decreto para declarar el estado de sitio y el testimonio clave del teniente coronel Mauro Cid, exayudante de Bolsonaro, quien acept\u00f3 colaborar con la justicia a cambio de beneficios procesales. Los testigos convocados por Cid ser\u00e1n escuchados el 22 de mayo.<\/p>\n\n\n\n<p>Los testigos de los otros seis acusados declarar\u00e1n entre el 23 y el 29 de mayo, y los 15 testigos citados por Bolsonaro lo har\u00e1n a partir del 30 de mayo. En esa lista figuran el gobernador de San Pablo, Tarc\u00edsio de Freitas, el exvicepresidente y actual senador Hamilton Mour\u00e3o, y otros exfuncionarios y militares de alto rango que integraron su administraci\u00f3n.<\/p>\n\n\n\n<p>\u00abGuion de telenovela\u00bb<\/p>\n\n\n\n<p>Esta etapa de interrogatorios marca el inicio de la instrucci\u00f3n criminal del juicio, en la que las partes recogen pruebas, solicitan peritajes y otras diligencias para esclarecer los hechos. Una vez concluida, el STF fijar\u00e1 las fechas para interrogar a los acusados y escuchar los alegatos finales. El fallo se espera entre septiembre y octubre.<\/p>\n\n\n\n<p>Bolsonaro, de 70 a\u00f1os, se declara inocente y asegura ser v\u00edctima de una \u00abpersecuci\u00f3n\u00bb pol\u00edtica. \u00abLas acusaciones parecen el guion de una telenovela\u00bb, declar\u00f3 recientemente al portal brasile\u00f1o UOL.<\/p>\n\n\n\n<p>El exmandatario ya est\u00e1 inhabilitado pol\u00edticamente hasta 2030 por haber desacreditado, sin pruebas, el sistema de votaci\u00f3n electr\u00f3nica. En julio de 2022, incluso reiter\u00f3 esos cuestionamientos ante embajadores extranjeros, en lo que la Fiscal\u00eda interpret\u00f3 como una estrategia para \u00abpreparar a la comunidad internacional para el no respeto del resultado electoral\u00bb.<\/p>\n\n\n\n<p>Aunque manifest\u00f3 su intenci\u00f3n de competir en las presidenciales de 2026, Bolsonaro reconoci\u00f3 en la misma entrevista que una condena representar\u00eda una \u00abpena de muerte, pol\u00edtica y f\u00edsica\u00bb. Uno de los nombres que suena como su eventual sucesor es el del actual gobernador paulista, Tarc\u00edsio de Freitas.<\/p>\n\n\n\n<p>Si bien otros mandatarios brasile\u00f1os han enfrentado juicios desde el fin de la dictadura militar, Bolsonaro es el primero en ser procesado por una tentativa de golpe, public\u00f3 P\u00e1gina 12.<\/p>\n","protected":false},"excerpt":{"rendered":"<p>La Justicia investiga si el expresidente lider\u00f3 una conspiraci\u00f3n para desconocer las elecciones de 2022 e impedir la asunci\u00f3n de Lula. Declararon altos mandos militares y se esperan m\u00e1s de 80 testigos en un proceso que podr\u00eda derivar en condenas de hasta 40 a\u00f1os. El juicio penal contra el expresidente brasile\u00f1o. Jair Bolsonaro, y siete [&hellip;]<\/p>\n","protected":false},"author":4,"featured_media":2767,"comment_status":"open","ping_status":"open","sticky":false,"template":"","format":"standard","meta":{"footnotes":""},"categories":[20,22],"tags":[],"class_list":{"0":"post-2766","1":"post","2":"type-post","3":"status-publish","4":"format-standard","5":"has-post-thumbnail","7":"category-internacionales","8":"category-politica"},"yoast_head":"<!-- This site is optimized with the Yoast SEO plugin v27.4 - https:\/\/yoast.com\/product\/yoast-seo-wordpress\/ -->\n<title>Bolsonaro en el banquillo: comenz\u00f3 el juicio por intento de golpe de Estado - Diario del Sur<\/title>\n<meta name=\"robots\" content=\"index, follow, max-snippet:-1, max-image-preview:large, max-video-preview:-1\" \/>\n<link rel=\"canonical\" href=\"https:\/\/diariodelsurdigital.com.ar\/?p=2766\" \/>\n<meta property=\"og:locale\" content=\"es_ES\" \/>\n<meta property=\"og:type\" content=\"article\" \/>\n<meta property=\"og:title\" content=\"Bolsonaro en el banquillo: comenz\u00f3 el juicio por intento de golpe de Estado - Diario del Sur\" \/>\n<meta property=\"og:description\" content=\"La Justicia investiga si el expresidente lider\u00f3 una conspiraci\u00f3n para desconocer las elecciones de 2022 e impedir la asunci\u00f3n de Lula. Declararon altos mandos militares y se esperan m\u00e1s de 80 testigos en un proceso que podr\u00eda derivar en condenas de hasta 40 a\u00f1os. El juicio penal contra el expresidente brasile\u00f1o. Jair Bolsonaro, y siete [&hellip;]\" \/>\n<meta property=\"og:url\" content=\"https:\/\/diariodelsurdigital.com.ar\/?p=2766\" \/>\n<meta property=\"og:site_name\" content=\"Diario del Sur\" \/>\n<meta property=\"article:published_time\" content=\"2025-05-21T16:10:54+00:00\" \/>\n<meta property=\"article:modified_time\" content=\"2025-05-21T16:10:55+00:00\" \/>\n<meta property=\"og:image\" content=\"https:\/\/diariodelsurdigital.com.ar\/wp-content\/uploads\/2025\/05\/md-46.webp\" \/>\n\t<meta property=\"og:image:width\" content=\"992\" \/>\n\t<meta property=\"og:image:height\" content=\"661\" \/>\n\t<meta property=\"og:image:type\" content=\"image\/webp\" \/>\n<meta name=\"author\" content=\"Diario del Sur Digital\" \/>\n<meta name=\"twitter:card\" content=\"summary_large_image\" \/>\n<meta name=\"twitter:label1\" content=\"Escrito por\" \/>\n\t<meta name=\"twitter:data1\" content=\"Diario del Sur Digital\" \/>\n\t<meta name=\"twitter:label2\" content=\"Tiempo de lectura\" \/>\n\t<meta name=\"twitter:data2\" content=\"5 minutos\" \/>\n<script type=\"application\/ld+json\" class=\"yoast-schema-graph\">{\"@context\":\"https:\\\/\\\/schema.org\",\"@graph\":[{\"@type\":\"Article\",\"@id\":\"https:\\\/\\\/diariodelsurdigital.com.ar\\\/?p=2766#article\",\"isPartOf\":{\"@id\":\"https:\\\/\\\/diariodelsurdigital.com.ar\\\/?p=2766\"},\"author\":{\"name\":\"Diario del Sur Digital\",\"@id\":\"https:\\\/\\\/diariodelsurdigital.com.ar\\\/#\\\/schema\\\/person\\\/1a4992532ed62965c968031b49195c81\"},\"headline\":\"Bolsonaro en el banquillo: comenz\u00f3 el juicio por intento de golpe de Estado\",\"datePublished\":\"2025-05-21T16:10:54+00:00\",\"dateModified\":\"2025-05-21T16:10:55+00:00\",\"mainEntityOfPage\":{\"@id\":\"https:\\\/\\\/diariodelsurdigital.com.ar\\\/?p=2766\"},\"wordCount\":1048,\"commentCount\":0,\"image\":{\"@id\":\"https:\\\/\\\/diariodelsurdigital.com.ar\\\/?p=2766#primaryimage\"},\"thumbnailUrl\":\"https:\\\/\\\/diariodelsurdigital.com.ar\\\/wp-content\\\/uploads\\\/2025\\\/05\\\/md-46.webp\",\"articleSection\":[\"Internacionales\",\"Pol\u00edtica\"],\"inLanguage\":\"es\",\"potentialAction\":[{\"@type\":\"CommentAction\",\"name\":\"Comment\",\"target\":[\"https:\\\/\\\/diariodelsurdigital.com.ar\\\/?p=2766#respond\"]}]},{\"@type\":\"WebPage\",\"@id\":\"https:\\\/\\\/diariodelsurdigital.com.ar\\\/?p=2766\",\"url\":\"https:\\\/\\\/diariodelsurdigital.com.ar\\\/?p=2766\",\"name\":\"Bolsonaro en el banquillo: comenz\u00f3 el juicio por intento de golpe de Estado - Diario del Sur\",\"isPartOf\":{\"@id\":\"https:\\\/\\\/diariodelsurdigital.com.ar\\\/#website\"},\"primaryImageOfPage\":{\"@id\":\"https:\\\/\\\/diariodelsurdigital.com.ar\\\/?p=2766#primaryimage\"},\"image\":{\"@id\":\"https:\\\/\\\/diariodelsurdigital.com.ar\\\/?p=2766#primaryimage\"},\"thumbnailUrl\":\"https:\\\/\\\/diariodelsurdigital.com.ar\\\/wp-content\\\/uploads\\\/2025\\\/05\\\/md-46.webp\",\"datePublished\":\"2025-05-21T16:10:54+00:00\",\"dateModified\":\"2025-05-21T16:10:55+00:00\",\"author\":{\"@id\":\"https:\\\/\\\/diariodelsurdigital.com.ar\\\/#\\\/schema\\\/person\\\/1a4992532ed62965c968031b49195c81\"},\"breadcrumb\":{\"@id\":\"https:\\\/\\\/diariodelsurdigital.com.ar\\\/?p=2766#breadcrumb\"},\"inLanguage\":\"es\",\"potentialAction\":[{\"@type\":\"ReadAction\",\"target\":[\"https:\\\/\\\/diariodelsurdigital.com.ar\\\/?p=2766\"]}]},{\"@type\":\"ImageObject\",\"inLanguage\":\"es\",\"@id\":\"https:\\\/\\\/diariodelsurdigital.com.ar\\\/?p=2766#primaryimage\",\"url\":\"https:\\\/\\\/diariodelsurdigital.com.ar\\\/wp-content\\\/uploads\\\/2025\\\/05\\\/md-46.webp\",\"contentUrl\":\"https:\\\/\\\/diariodelsurdigital.com.ar\\\/wp-content\\\/uploads\\\/2025\\\/05\\\/md-46.webp\",\"width\":992,\"height\":661},{\"@type\":\"BreadcrumbList\",\"@id\":\"https:\\\/\\\/diariodelsurdigital.com.ar\\\/?p=2766#breadcrumb\",\"itemListElement\":[{\"@type\":\"ListItem\",\"position\":1,\"name\":\"Portada\",\"item\":\"https:\\\/\\\/diariodelsurdigital.com.ar\\\/\"},{\"@type\":\"ListItem\",\"position\":2,\"name\":\"Bolsonaro en el banquillo: comenz\u00f3 el juicio por intento de golpe de Estado\"}]},{\"@type\":\"WebSite\",\"@id\":\"https:\\\/\\\/diariodelsurdigital.com.ar\\\/#website\",\"url\":\"https:\\\/\\\/diariodelsurdigital.com.ar\\\/\",\"name\":\"Diario del Sur\",\"description\":\"Digital\",\"potentialAction\":[{\"@type\":\"SearchAction\",\"target\":{\"@type\":\"EntryPoint\",\"urlTemplate\":\"https:\\\/\\\/diariodelsurdigital.com.ar\\\/?s={search_term_string}\"},\"query-input\":{\"@type\":\"PropertyValueSpecification\",\"valueRequired\":true,\"valueName\":\"search_term_string\"}}],\"inLanguage\":\"es\"},{\"@type\":\"Person\",\"@id\":\"https:\\\/\\\/diariodelsurdigital.com.ar\\\/#\\\/schema\\\/person\\\/1a4992532ed62965c968031b49195c81\",\"name\":\"Diario del Sur Digital\",\"image\":{\"@type\":\"ImageObject\",\"inLanguage\":\"es\",\"@id\":\"https:\\\/\\\/secure.gravatar.com\\\/avatar\\\/f0c7c47fc7146d19828273b9b8eda651c9c7ab583767e6338d3d3bee825adf76?s=96&d=mm&r=g\",\"url\":\"https:\\\/\\\/secure.gravatar.com\\\/avatar\\\/f0c7c47fc7146d19828273b9b8eda651c9c7ab583767e6338d3d3bee825adf76?s=96&d=mm&r=g\",\"contentUrl\":\"https:\\\/\\\/secure.gravatar.com\\\/avatar\\\/f0c7c47fc7146d19828273b9b8eda651c9c7ab583767e6338d3d3bee825adf76?s=96&d=mm&r=g\",\"caption\":\"Diario del Sur Digital\"},\"url\":\"https:\\\/\\\/diariodelsurdigital.com.ar\\\/?author=4\"}]}<\/script>\n<!-- \/ Yoast SEO plugin. -->","yoast_head_json":{"title":"Bolsonaro en el banquillo: comenz\u00f3 el juicio por intento de golpe de Estado - Diario del Sur","robots":{"index":"index","follow":"follow","max-snippet":"max-snippet:-1","max-image-preview":"max-image-preview:large","max-video-preview":"max-video-preview:-1"},"canonical":"https:\/\/diariodelsurdigital.com.ar\/?p=2766","og_locale":"es_ES","og_type":"article","og_title":"Bolsonaro en el banquillo: comenz\u00f3 el juicio por intento de golpe de Estado - Diario del Sur","og_description":"La Justicia investiga si el expresidente lider\u00f3 una conspiraci\u00f3n para desconocer las elecciones de 2022 e impedir la asunci\u00f3n de Lula. Declararon altos mandos militares y se esperan m\u00e1s de 80 testigos en un proceso que podr\u00eda derivar en condenas de hasta 40 a\u00f1os. El juicio penal contra el expresidente brasile\u00f1o. Jair Bolsonaro, y siete [&hellip;]","og_url":"https:\/\/diariodelsurdigital.com.ar\/?p=2766","og_site_name":"Diario del Sur","article_published_time":"2025-05-21T16:10:54+00:00","article_modified_time":"2025-05-21T16:10:55+00:00","og_image":[{"width":992,"height":661,"url":"https:\/\/diariodelsurdigital.com.ar\/wp-content\/uploads\/2025\/05\/md-46.webp","type":"image\/webp"}],"author":"Diario del Sur Digital","twitter_card":"summary_large_image","twitter_misc":{"Escrito por":"Diario del Sur Digital","Tiempo de lectura":"5 minutos"},"schema":{"@context":"https:\/\/schema.org","@graph":[{"@type":"Article","@id":"https:\/\/diariodelsurdigital.com.ar\/?p=2766#article","isPartOf":{"@id":"https:\/\/diariodelsurdigital.com.ar\/?p=2766"},"author":{"name":"Diario del Sur Digital","@id":"https:\/\/diariodelsurdigital.com.ar\/#\/schema\/person\/1a4992532ed62965c968031b49195c81"},"headline":"Bolsonaro en el banquillo: comenz\u00f3 el juicio por intento de golpe de Estado","datePublished":"2025-05-21T16:10:54+00:00","dateModified":"2025-05-21T16:10:55+00:00","mainEntityOfPage":{"@id":"https:\/\/diariodelsurdigital.com.ar\/?p=2766"},"wordCount":1048,"commentCount":0,"image":{"@id":"https:\/\/diariodelsurdigital.com.ar\/?p=2766#primaryimage"},"thumbnailUrl":"https:\/\/diariodelsurdigital.com.ar\/wp-content\/uploads\/2025\/05\/md-46.webp","articleSection":["Internacionales","Pol\u00edtica"],"inLanguage":"es","potentialAction":[{"@type":"CommentAction","name":"Comment","target":["https:\/\/diariodelsurdigital.com.ar\/?p=2766#respond"]}]},{"@type":"WebPage","@id":"https:\/\/diariodelsurdigital.com.ar\/?p=2766","url":"https:\/\/diariodelsurdigital.com.ar\/?p=2766","name":"Bolsonaro en el banquillo: comenz\u00f3 el juicio por intento de golpe de Estado - Diario del Sur","isPartOf":{"@id":"https:\/\/diariodelsurdigital.com.ar\/#website"},"primaryImageOfPage":{"@id":"https:\/\/diariodelsurdigital.com.ar\/?p=2766#primaryimage"},"image":{"@id":"https:\/\/diariodelsurdigital.com.ar\/?p=2766#primaryimage"},"thumbnailUrl":"https:\/\/diariodelsurdigital.com.ar\/wp-content\/uploads\/2025\/05\/md-46.webp","datePublished":"2025-05-21T16:10:54+00:00","dateModified":"2025-05-21T16:10:55+00:00","author":{"@id":"https:\/\/diariodelsurdigital.com.ar\/#\/schema\/person\/1a4992532ed62965c968031b49195c81"},"breadcrumb":{"@id":"https:\/\/diariodelsurdigital.com.ar\/?p=2766#breadcrumb"},"inLanguage":"es","potentialAction":[{"@type":"ReadAction","target":["https:\/\/diariodelsurdigital.com.ar\/?p=2766"]}]},{"@type":"ImageObject","inLanguage":"es","@id":"https:\/\/diariodelsurdigital.com.ar\/?p=2766#primaryimage","url":"https:\/\/diariodelsurdigital.com.ar\/wp-content\/uploads\/2025\/05\/md-46.webp","contentUrl":"https:\/\/diariodelsurdigital.com.ar\/wp-content\/uploads\/2025\/05\/md-46.webp","width":992,"height":661},{"@type":"BreadcrumbList","@id":"https:\/\/diariodelsurdigital.com.ar\/?p=2766#breadcrumb","itemListElement":[{"@type":"ListItem","position":1,"name":"Portada","item":"https:\/\/diariodelsurdigital.com.ar\/"},{"@type":"ListItem","position":2,"name":"Bolsonaro en el banquillo: comenz\u00f3 el juicio por intento de golpe de Estado"}]},{"@type":"WebSite","@id":"https:\/\/diariodelsurdigital.com.ar\/#website","url":"https:\/\/diariodelsurdigital.com.ar\/","name":"Diario del Sur","description":"Digital","potentialAction":[{"@type":"SearchAction","target":{"@type":"EntryPoint","urlTemplate":"https:\/\/diariodelsurdigital.com.ar\/?s={search_term_string}"},"query-input":{"@type":"PropertyValueSpecification","valueRequired":true,"valueName":"search_term_string"}}],"inLanguage":"es"},{"@type":"Person","@id":"https:\/\/diariodelsurdigital.com.ar\/#\/schema\/person\/1a4992532ed62965c968031b49195c81","name":"Diario del Sur Digital","image":{"@type":"ImageObject","inLanguage":"es","@id":"https:\/\/secure.gravatar.com\/avatar\/f0c7c47fc7146d19828273b9b8eda651c9c7ab583767e6338d3d3bee825adf76?s=96&d=mm&r=g","url":"https:\/\/secure.gravatar.com\/avatar\/f0c7c47fc7146d19828273b9b8eda651c9c7ab583767e6338d3d3bee825adf76?s=96&d=mm&r=g","contentUrl":"https:\/\/secure.gravatar.com\/avatar\/f0c7c47fc7146d19828273b9b8eda651c9c7ab583767e6338d3d3bee825adf76?s=96&d=mm&r=g","caption":"Diario del Sur Digital"},"url":"https:\/\/diariodelsurdigital.com.ar\/?author=4"}]}},"_links":{"self":[{"href":"https:\/\/diariodelsurdigital.com.ar\/index.php?rest_route=\/wp\/v2\/posts\/2766","targetHints":{"allow":["GET"]}}],"collection":[{"href":"https:\/\/diariodelsurdigital.com.ar\/index.php?rest_route=\/wp\/v2\/posts"}],"about":[{"href":"https:\/\/diariodelsurdigital.com.ar\/index.php?rest_route=\/wp\/v2\/types\/post"}],"author":[{"embeddable":true,"href":"https:\/\/diariodelsurdigital.com.ar\/index.php?rest_route=\/wp\/v2\/users\/4"}],"replies":[{"embeddable":true,"href":"https:\/\/diariodelsurdigital.com.ar\/index.php?rest_route=%2Fwp%2Fv2%2Fcomments&post=2766"}],"version-history":[{"count":1,"href":"https:\/\/diariodelsurdigital.com.ar\/index.php?rest_route=\/wp\/v2\/posts\/2766\/revisions"}],"predecessor-version":[{"id":2768,"href":"https:\/\/diariodelsurdigital.com.ar\/index.php?rest_route=\/wp\/v2\/posts\/2766\/revisions\/2768"}],"wp:featuredmedia":[{"embeddable":true,"href":"https:\/\/diariodelsurdigital.com.ar\/index.php?rest_route=\/wp\/v2\/media\/2767"}],"wp:attachment":[{"href":"https:\/\/diariodelsurdigital.com.ar\/index.php?rest_route=%2Fwp%2Fv2%2Fmedia&parent=2766"}],"wp:term":[{"taxonomy":"category","embeddable":true,"href":"https:\/\/diariodelsurdigital.com.ar\/index.php?rest_route=%2Fwp%2Fv2%2Fcategories&post=2766"},{"taxonomy":"post_tag","embeddable":true,"href":"https:\/\/diariodelsurdigital.com.ar\/index.php?rest_route=%2Fwp%2Fv2%2Ftags&post=2766"}],"curies":[{"name":"wp","href":"https:\/\/api.w.org\/{rel}","templated":true}]}}