{"id":2779,"date":"2025-05-22T14:50:43","date_gmt":"2025-05-22T17:50:43","guid":{"rendered":"https:\/\/diariodelsurdigital.com.ar\/?p=2779"},"modified":"2025-05-22T14:50:43","modified_gmt":"2025-05-22T17:50:43","slug":"una-deuda-moral-con-la-sociedad-la-ex-ministra-de-salud-cuestiono-el-proyecto-que-busca-disolver-el-iosper","status":"publish","type":"post","link":"https:\/\/diariodelsurdigital.com.ar\/?p=2779","title":{"rendered":"\u201cUna deuda moral con la sociedad\u201d: La ex Ministra de Salud cuestion\u00f3 el proyecto que busca disolver el Iosper"},"content":{"rendered":"\n<p>La ex titular de la cartera sanitaria, Sonia Vel\u00e1zquez, cuestion\u00f3 duramente el avance legislativo que busca cambiar la obra social provincial a trav\u00e9s de un comunicado, al que APFDigital accedi\u00f3. Denunci\u00f3 una \u00abusurpaci\u00f3n de derechos\u00bb y apunt\u00f3 contra una dirigencia pol\u00edtica que, seg\u00fan sus palabras, \u201colvida valores esenciales para la convivencia democr\u00e1tica\u201d.<\/p>\n\n\n\n<p>La ex Ministra de Salud se manifest\u00f3 en duros t\u00e9rminos respecto al proyecto que busca disolver el Instituto de la Obra Social de la Provincia de Entre R\u00edos (Iosper). Vel\u00e1zquez advirti\u00f3 que el proceso en curso representa \u201cuna usurpaci\u00f3n de un derecho consagrado\u201d, y alert\u00f3 sobre las consecuencias \u00e9ticas y pol\u00edticas que esta medida podr\u00eda acarrear.<\/p>\n\n\n\n<p>A continuaci\u00f3n, el comunicado:<\/p>\n\n\n\n<p>\u201cEntre quienes pergeniaron la usurpaci\u00f3n de un derecho consagrado como es la actual Obra Social de los estatales entrerrianos y del lado de quienes van a convalidar este acto, con una conducta legislativa, quedar\u00e1 o no, una deuda moral impregnada en la memoria colectiva\u201d.<\/p>\n\n\n\n<p>\u201cRecordando, adem\u00e1s, que las deudas morales nacen con el olvido de valores esenciales para la convivencia democr\u00e1tica, nacen, con el desprecio por el otro, nacen, cuando los intereses personales, o corporativos se anteponen por encima de aquellos, que son vitales para la comunidad que integramos\u201d.<\/p>\n\n\n\n<p>\u201cContraemos una deuda moral adem\u00e1s, cuando quienes, tienen el poder de representarnos, quiz\u00e1s, dejaron de escuchar las penurias y los deseos de la gente y pasaron a creer que la pol\u00edtica no es m\u00e1s, que un mercado electoral, al que se llega por una n\u00f3mina digitada, sin respetar los principios doctrinarios de las instituciones que representan\u201d.<\/p>\n\n\n\n<p>\u201cHay deuda moral tambi\u00e9n cuando se falsean los datos de la realidad, cuando se cometen actos de indecencia con recursos mal habidos frente a una sociedad que todav\u00eda convive con penurias. Anteponiendo sus intereses personales y sectoriales a prioridades y necesidades elementales\u201d.<\/p>\n\n\n\n<p>\u201cHay deuda moral tambi\u00e9n, cuando se minimiza el estado de riesgo institucional, cuando el fin justifica los medios de cualquier tipo, aunque se sepa que es una acci\u00f3n incorrecta\u201d.<\/p>\n\n\n\n<p>\u201cQuiz\u00e1s llegue un d\u00eda, que se acabe esa pseudo dirigencia que abandona y trafica sus ideas a expensas de una conveniencia puramente individualista. Quiz\u00e1s llegue el d\u00eda en que exista una construcci\u00f3n pol\u00edtica compuesta por hombres y mujeres probos, con ideas firmes, claridad para expresarlas y valent\u00eda para sostenerlas y corregirlas si fuera necesario\u201d.<\/p>\n\n\n\n<p>\u201cMientras no exista esta conciencia colectiva, el tiempo ser\u00e1 testigo, de esta deuda moral de quienes tienen la responsabilidad pol\u00edtica de resguardar los derechos adquiridos de una sociedad que asiste y observa d\u00eda a d\u00eda esta decadencia. La historia har\u00e1 lo suyo\u201d.<\/p>\n","protected":false},"excerpt":{"rendered":"<p>La ex titular de la cartera sanitaria, Sonia Vel\u00e1zquez, cuestion\u00f3 duramente el avance legislativo que busca cambiar la obra social provincial a trav\u00e9s de un comunicado, al que APFDigital accedi\u00f3. Denunci\u00f3 una \u00abusurpaci\u00f3n de derechos\u00bb y apunt\u00f3 contra una dirigencia pol\u00edtica que, seg\u00fan sus palabras, \u201colvida valores esenciales para la convivencia democr\u00e1tica\u201d. La ex Ministra [&hellip;]<\/p>\n","protected":false},"author":4,"featured_media":2780,"comment_status":"open","ping_status":"open","sticky":false,"template":"","format":"standard","meta":{"footnotes":""},"categories":[17],"tags":[],"class_list":{"0":"post-2779","1":"post","2":"type-post","3":"status-publish","4":"format-standard","5":"has-post-thumbnail","7":"category-provinciales"},"yoast_head":"<!-- This site is optimized with the Yoast SEO plugin v27.4 - https:\/\/yoast.com\/product\/yoast-seo-wordpress\/ -->\n<title>\u201cUna deuda moral con la sociedad\u201d: La ex Ministra de Salud cuestion\u00f3 el proyecto que busca disolver el Iosper - Diario del Sur<\/title>\n<meta name=\"robots\" content=\"index, follow, max-snippet:-1, max-image-preview:large, max-video-preview:-1\" \/>\n<link rel=\"canonical\" href=\"https:\/\/diariodelsurdigital.com.ar\/?p=2779\" \/>\n<meta property=\"og:locale\" content=\"es_ES\" \/>\n<meta property=\"og:type\" content=\"article\" \/>\n<meta property=\"og:title\" content=\"\u201cUna deuda moral con la sociedad\u201d: La ex Ministra de Salud cuestion\u00f3 el proyecto que busca disolver el Iosper - Diario del Sur\" \/>\n<meta property=\"og:description\" content=\"La ex titular de la cartera sanitaria, Sonia Vel\u00e1zquez, cuestion\u00f3 duramente el avance legislativo que busca cambiar la obra social provincial a trav\u00e9s de un comunicado, al que APFDigital accedi\u00f3. Denunci\u00f3 una \u00abusurpaci\u00f3n de derechos\u00bb y apunt\u00f3 contra una dirigencia pol\u00edtica que, seg\u00fan sus palabras, \u201colvida valores esenciales para la convivencia democr\u00e1tica\u201d. La ex Ministra [&hellip;]\" \/>\n<meta property=\"og:url\" content=\"https:\/\/diariodelsurdigital.com.ar\/?p=2779\" \/>\n<meta property=\"og:site_name\" content=\"Diario del Sur\" \/>\n<meta property=\"article:published_time\" content=\"2025-05-22T17:50:43+00:00\" \/>\n<meta property=\"og:image\" content=\"https:\/\/diariodelsurdigital.com.ar\/wp-content\/uploads\/2025\/05\/md-50.webp\" \/>\n\t<meta property=\"og:image:width\" content=\"992\" \/>\n\t<meta property=\"og:image:height\" content=\"661\" \/>\n\t<meta property=\"og:image:type\" content=\"image\/webp\" \/>\n<meta name=\"author\" content=\"Diario del Sur Digital\" \/>\n<meta name=\"twitter:card\" content=\"summary_large_image\" \/>\n<meta name=\"twitter:label1\" content=\"Escrito por\" \/>\n\t<meta name=\"twitter:data1\" content=\"Diario del Sur Digital\" \/>\n\t<meta name=\"twitter:label2\" content=\"Tiempo de lectura\" \/>\n\t<meta name=\"twitter:data2\" content=\"3 minutos\" \/>\n<script type=\"application\/ld+json\" class=\"yoast-schema-graph\">{\"@context\":\"https:\\\/\\\/schema.org\",\"@graph\":[{\"@type\":\"Article\",\"@id\":\"https:\\\/\\\/diariodelsurdigital.com.ar\\\/?p=2779#article\",\"isPartOf\":{\"@id\":\"https:\\\/\\\/diariodelsurdigital.com.ar\\\/?p=2779\"},\"author\":{\"name\":\"Diario del Sur Digital\",\"@id\":\"https:\\\/\\\/diariodelsurdigital.com.ar\\\/#\\\/schema\\\/person\\\/1a4992532ed62965c968031b49195c81\"},\"headline\":\"\u201cUna deuda moral con la sociedad\u201d: La ex Ministra de Salud cuestion\u00f3 el proyecto que busca disolver el Iosper\",\"datePublished\":\"2025-05-22T17:50:43+00:00\",\"mainEntityOfPage\":{\"@id\":\"https:\\\/\\\/diariodelsurdigital.com.ar\\\/?p=2779\"},\"wordCount\":478,\"commentCount\":0,\"image\":{\"@id\":\"https:\\\/\\\/diariodelsurdigital.com.ar\\\/?p=2779#primaryimage\"},\"thumbnailUrl\":\"https:\\\/\\\/diariodelsurdigital.com.ar\\\/wp-content\\\/uploads\\\/2025\\\/05\\\/md-50.webp\",\"articleSection\":[\"Provinciales\"],\"inLanguage\":\"es\",\"potentialAction\":[{\"@type\":\"CommentAction\",\"name\":\"Comment\",\"target\":[\"https:\\\/\\\/diariodelsurdigital.com.ar\\\/?p=2779#respond\"]}]},{\"@type\":\"WebPage\",\"@id\":\"https:\\\/\\\/diariodelsurdigital.com.ar\\\/?p=2779\",\"url\":\"https:\\\/\\\/diariodelsurdigital.com.ar\\\/?p=2779\",\"name\":\"\u201cUna deuda moral con la sociedad\u201d: La ex Ministra de Salud cuestion\u00f3 el proyecto que busca disolver el Iosper - Diario del Sur\",\"isPartOf\":{\"@id\":\"https:\\\/\\\/diariodelsurdigital.com.ar\\\/#website\"},\"primaryImageOfPage\":{\"@id\":\"https:\\\/\\\/diariodelsurdigital.com.ar\\\/?p=2779#primaryimage\"},\"image\":{\"@id\":\"https:\\\/\\\/diariodelsurdigital.com.ar\\\/?p=2779#primaryimage\"},\"thumbnailUrl\":\"https:\\\/\\\/diariodelsurdigital.com.ar\\\/wp-content\\\/uploads\\\/2025\\\/05\\\/md-50.webp\",\"datePublished\":\"2025-05-22T17:50:43+00:00\",\"author\":{\"@id\":\"https:\\\/\\\/diariodelsurdigital.com.ar\\\/#\\\/schema\\\/person\\\/1a4992532ed62965c968031b49195c81\"},\"breadcrumb\":{\"@id\":\"https:\\\/\\\/diariodelsurdigital.com.ar\\\/?p=2779#breadcrumb\"},\"inLanguage\":\"es\",\"potentialAction\":[{\"@type\":\"ReadAction\",\"target\":[\"https:\\\/\\\/diariodelsurdigital.com.ar\\\/?p=2779\"]}]},{\"@type\":\"ImageObject\",\"inLanguage\":\"es\",\"@id\":\"https:\\\/\\\/diariodelsurdigital.com.ar\\\/?p=2779#primaryimage\",\"url\":\"https:\\\/\\\/diariodelsurdigital.com.ar\\\/wp-content\\\/uploads\\\/2025\\\/05\\\/md-50.webp\",\"contentUrl\":\"https:\\\/\\\/diariodelsurdigital.com.ar\\\/wp-content\\\/uploads\\\/2025\\\/05\\\/md-50.webp\",\"width\":992,\"height\":661},{\"@type\":\"BreadcrumbList\",\"@id\":\"https:\\\/\\\/diariodelsurdigital.com.ar\\\/?p=2779#breadcrumb\",\"itemListElement\":[{\"@type\":\"ListItem\",\"position\":1,\"name\":\"Portada\",\"item\":\"https:\\\/\\\/diariodelsurdigital.com.ar\\\/\"},{\"@type\":\"ListItem\",\"position\":2,\"name\":\"\u201cUna deuda moral con la sociedad\u201d: La ex Ministra de Salud cuestion\u00f3 el proyecto que busca disolver el Iosper\"}]},{\"@type\":\"WebSite\",\"@id\":\"https:\\\/\\\/diariodelsurdigital.com.ar\\\/#website\",\"url\":\"https:\\\/\\\/diariodelsurdigital.com.ar\\\/\",\"name\":\"Diario del Sur\",\"description\":\"Digital\",\"potentialAction\":[{\"@type\":\"SearchAction\",\"target\":{\"@type\":\"EntryPoint\",\"urlTemplate\":\"https:\\\/\\\/diariodelsurdigital.com.ar\\\/?s={search_term_string}\"},\"query-input\":{\"@type\":\"PropertyValueSpecification\",\"valueRequired\":true,\"valueName\":\"search_term_string\"}}],\"inLanguage\":\"es\"},{\"@type\":\"Person\",\"@id\":\"https:\\\/\\\/diariodelsurdigital.com.ar\\\/#\\\/schema\\\/person\\\/1a4992532ed62965c968031b49195c81\",\"name\":\"Diario del Sur Digital\",\"image\":{\"@type\":\"ImageObject\",\"inLanguage\":\"es\",\"@id\":\"https:\\\/\\\/secure.gravatar.com\\\/avatar\\\/f0c7c47fc7146d19828273b9b8eda651c9c7ab583767e6338d3d3bee825adf76?s=96&d=mm&r=g\",\"url\":\"https:\\\/\\\/secure.gravatar.com\\\/avatar\\\/f0c7c47fc7146d19828273b9b8eda651c9c7ab583767e6338d3d3bee825adf76?s=96&d=mm&r=g\",\"contentUrl\":\"https:\\\/\\\/secure.gravatar.com\\\/avatar\\\/f0c7c47fc7146d19828273b9b8eda651c9c7ab583767e6338d3d3bee825adf76?s=96&d=mm&r=g\",\"caption\":\"Diario del Sur Digital\"},\"url\":\"https:\\\/\\\/diariodelsurdigital.com.ar\\\/?author=4\"}]}<\/script>\n<!-- \/ Yoast SEO plugin. -->","yoast_head_json":{"title":"\u201cUna deuda moral con la sociedad\u201d: La ex Ministra de Salud cuestion\u00f3 el proyecto que busca disolver el Iosper - Diario del Sur","robots":{"index":"index","follow":"follow","max-snippet":"max-snippet:-1","max-image-preview":"max-image-preview:large","max-video-preview":"max-video-preview:-1"},"canonical":"https:\/\/diariodelsurdigital.com.ar\/?p=2779","og_locale":"es_ES","og_type":"article","og_title":"\u201cUna deuda moral con la sociedad\u201d: La ex Ministra de Salud cuestion\u00f3 el proyecto que busca disolver el Iosper - Diario del Sur","og_description":"La ex titular de la cartera sanitaria, Sonia Vel\u00e1zquez, cuestion\u00f3 duramente el avance legislativo que busca cambiar la obra social provincial a trav\u00e9s de un comunicado, al que APFDigital accedi\u00f3. Denunci\u00f3 una \u00abusurpaci\u00f3n de derechos\u00bb y apunt\u00f3 contra una dirigencia pol\u00edtica que, seg\u00fan sus palabras, \u201colvida valores esenciales para la convivencia democr\u00e1tica\u201d. La ex Ministra [&hellip;]","og_url":"https:\/\/diariodelsurdigital.com.ar\/?p=2779","og_site_name":"Diario del Sur","article_published_time":"2025-05-22T17:50:43+00:00","og_image":[{"width":992,"height":661,"url":"https:\/\/diariodelsurdigital.com.ar\/wp-content\/uploads\/2025\/05\/md-50.webp","type":"image\/webp"}],"author":"Diario del Sur Digital","twitter_card":"summary_large_image","twitter_misc":{"Escrito por":"Diario del Sur Digital","Tiempo de lectura":"3 minutos"},"schema":{"@context":"https:\/\/schema.org","@graph":[{"@type":"Article","@id":"https:\/\/diariodelsurdigital.com.ar\/?p=2779#article","isPartOf":{"@id":"https:\/\/diariodelsurdigital.com.ar\/?p=2779"},"author":{"name":"Diario del Sur Digital","@id":"https:\/\/diariodelsurdigital.com.ar\/#\/schema\/person\/1a4992532ed62965c968031b49195c81"},"headline":"\u201cUna deuda moral con la sociedad\u201d: La ex Ministra de Salud cuestion\u00f3 el proyecto que busca disolver el Iosper","datePublished":"2025-05-22T17:50:43+00:00","mainEntityOfPage":{"@id":"https:\/\/diariodelsurdigital.com.ar\/?p=2779"},"wordCount":478,"commentCount":0,"image":{"@id":"https:\/\/diariodelsurdigital.com.ar\/?p=2779#primaryimage"},"thumbnailUrl":"https:\/\/diariodelsurdigital.com.ar\/wp-content\/uploads\/2025\/05\/md-50.webp","articleSection":["Provinciales"],"inLanguage":"es","potentialAction":[{"@type":"CommentAction","name":"Comment","target":["https:\/\/diariodelsurdigital.com.ar\/?p=2779#respond"]}]},{"@type":"WebPage","@id":"https:\/\/diariodelsurdigital.com.ar\/?p=2779","url":"https:\/\/diariodelsurdigital.com.ar\/?p=2779","name":"\u201cUna deuda moral con la sociedad\u201d: La ex Ministra de Salud cuestion\u00f3 el proyecto que busca disolver el Iosper - Diario del Sur","isPartOf":{"@id":"https:\/\/diariodelsurdigital.com.ar\/#website"},"primaryImageOfPage":{"@id":"https:\/\/diariodelsurdigital.com.ar\/?p=2779#primaryimage"},"image":{"@id":"https:\/\/diariodelsurdigital.com.ar\/?p=2779#primaryimage"},"thumbnailUrl":"https:\/\/diariodelsurdigital.com.ar\/wp-content\/uploads\/2025\/05\/md-50.webp","datePublished":"2025-05-22T17:50:43+00:00","author":{"@id":"https:\/\/diariodelsurdigital.com.ar\/#\/schema\/person\/1a4992532ed62965c968031b49195c81"},"breadcrumb":{"@id":"https:\/\/diariodelsurdigital.com.ar\/?p=2779#breadcrumb"},"inLanguage":"es","potentialAction":[{"@type":"ReadAction","target":["https:\/\/diariodelsurdigital.com.ar\/?p=2779"]}]},{"@type":"ImageObject","inLanguage":"es","@id":"https:\/\/diariodelsurdigital.com.ar\/?p=2779#primaryimage","url":"https:\/\/diariodelsurdigital.com.ar\/wp-content\/uploads\/2025\/05\/md-50.webp","contentUrl":"https:\/\/diariodelsurdigital.com.ar\/wp-content\/uploads\/2025\/05\/md-50.webp","width":992,"height":661},{"@type":"BreadcrumbList","@id":"https:\/\/diariodelsurdigital.com.ar\/?p=2779#breadcrumb","itemListElement":[{"@type":"ListItem","position":1,"name":"Portada","item":"https:\/\/diariodelsurdigital.com.ar\/"},{"@type":"ListItem","position":2,"name":"\u201cUna deuda moral con la sociedad\u201d: La ex Ministra de Salud cuestion\u00f3 el proyecto que busca disolver el Iosper"}]},{"@type":"WebSite","@id":"https:\/\/diariodelsurdigital.com.ar\/#website","url":"https:\/\/diariodelsurdigital.com.ar\/","name":"Diario del Sur","description":"Digital","potentialAction":[{"@type":"SearchAction","target":{"@type":"EntryPoint","urlTemplate":"https:\/\/diariodelsurdigital.com.ar\/?s={search_term_string}"},"query-input":{"@type":"PropertyValueSpecification","valueRequired":true,"valueName":"search_term_string"}}],"inLanguage":"es"},{"@type":"Person","@id":"https:\/\/diariodelsurdigital.com.ar\/#\/schema\/person\/1a4992532ed62965c968031b49195c81","name":"Diario del Sur Digital","image":{"@type":"ImageObject","inLanguage":"es","@id":"https:\/\/secure.gravatar.com\/avatar\/f0c7c47fc7146d19828273b9b8eda651c9c7ab583767e6338d3d3bee825adf76?s=96&d=mm&r=g","url":"https:\/\/secure.gravatar.com\/avatar\/f0c7c47fc7146d19828273b9b8eda651c9c7ab583767e6338d3d3bee825adf76?s=96&d=mm&r=g","contentUrl":"https:\/\/secure.gravatar.com\/avatar\/f0c7c47fc7146d19828273b9b8eda651c9c7ab583767e6338d3d3bee825adf76?s=96&d=mm&r=g","caption":"Diario del Sur Digital"},"url":"https:\/\/diariodelsurdigital.com.ar\/?author=4"}]}},"_links":{"self":[{"href":"https:\/\/diariodelsurdigital.com.ar\/index.php?rest_route=\/wp\/v2\/posts\/2779","targetHints":{"allow":["GET"]}}],"collection":[{"href":"https:\/\/diariodelsurdigital.com.ar\/index.php?rest_route=\/wp\/v2\/posts"}],"about":[{"href":"https:\/\/diariodelsurdigital.com.ar\/index.php?rest_route=\/wp\/v2\/types\/post"}],"author":[{"embeddable":true,"href":"https:\/\/diariodelsurdigital.com.ar\/index.php?rest_route=\/wp\/v2\/users\/4"}],"replies":[{"embeddable":true,"href":"https:\/\/diariodelsurdigital.com.ar\/index.php?rest_route=%2Fwp%2Fv2%2Fcomments&post=2779"}],"version-history":[{"count":1,"href":"https:\/\/diariodelsurdigital.com.ar\/index.php?rest_route=\/wp\/v2\/posts\/2779\/revisions"}],"predecessor-version":[{"id":2781,"href":"https:\/\/diariodelsurdigital.com.ar\/index.php?rest_route=\/wp\/v2\/posts\/2779\/revisions\/2781"}],"wp:featuredmedia":[{"embeddable":true,"href":"https:\/\/diariodelsurdigital.com.ar\/index.php?rest_route=\/wp\/v2\/media\/2780"}],"wp:attachment":[{"href":"https:\/\/diariodelsurdigital.com.ar\/index.php?rest_route=%2Fwp%2Fv2%2Fmedia&parent=2779"}],"wp:term":[{"taxonomy":"category","embeddable":true,"href":"https:\/\/diariodelsurdigital.com.ar\/index.php?rest_route=%2Fwp%2Fv2%2Fcategories&post=2779"},{"taxonomy":"post_tag","embeddable":true,"href":"https:\/\/diariodelsurdigital.com.ar\/index.php?rest_route=%2Fwp%2Fv2%2Ftags&post=2779"}],"curies":[{"name":"wp","href":"https:\/\/api.w.org\/{rel}","templated":true}]}}