{"id":2782,"date":"2025-05-22T14:53:51","date_gmt":"2025-05-22T17:53:51","guid":{"rendered":"https:\/\/diariodelsurdigital.com.ar\/?p=2782"},"modified":"2025-05-22T14:53:52","modified_gmt":"2025-05-22T17:53:52","slug":"la-corte-suprema-dejo-firme-la-condena-al-ex-director-de-vialidad-de-entre-rios-por-peculado","status":"publish","type":"post","link":"https:\/\/diariodelsurdigital.com.ar\/?p=2782","title":{"rendered":"La Corte Suprema dej\u00f3 firme la condena al ex Director de Vialidad de Entre R\u00edos por peculado"},"content":{"rendered":"\n<p>La Corte Suprema de Justicia dej\u00f3 firme la condena por peculado contra Jorge Rodr\u00edguez, ex director de la Direcci\u00f3n Provincial de Vialidad (DPV) de Entre R\u00edos, por haber desviado fondos p\u00fablicos para financiar la creaci\u00f3n y el funcionamiento de una escuela privada vinculada a una asociaci\u00f3n civil que \u00e9l mismo integraba. La condena surgi\u00f3 por una denuncia que hab\u00eda realizado el dirigente radical Jorge Monge y otros diputados.<\/p>\n\n\n\n<p><\/p>\n\n\n\n<p>La sentencia condenatoria hab\u00eda sido dictada en junio de 2018 por el Tribunal de Juicio y Apelaciones de Paran\u00e1, que hall\u00f3 probado el uso irregular de un total de 4.018.000 pesos del presupuesto de Vialidad para costear la Escuela Privada N\u00b0 235 \u201cHeraclia Ruiz D\u00edaz\u201d, inaugurada en 2014.<\/p>\n\n\n\n<p>En ese marco, Rodr\u00edguez recibi\u00f3 una pena de dos a\u00f1os y seis meses de prisi\u00f3n condicional, inhabilitaci\u00f3n perpetua para ejercer cargos p\u00fablicos y la obligaci\u00f3n de realizar tareas comunitarias. Tambi\u00e9n fue sentenciado N\u00e9stor Alberto Kemerer, ex director de Mantenimiento y Suministros de la DPV, mientras que otro ex directivo del organismo, Mario Ricardo Heyde, result\u00f3 absuelto por falta de acusaci\u00f3n durante el debate.<\/p>\n\n\n\n<p>El caso se origin\u00f3 a partir de una denuncia presentada por varios diputados provinciales, entre ellos el radical Jorge Monge, quienes advirtieron que la entidad vial hab\u00eda utilizado recursos p\u00fablicos para financiar la escuela de gesti\u00f3n privada ubicada en la calle Brasil 1050 de la ciudad de Paran\u00e1.<\/p>\n\n\n\n<p>De acuerdo al fallo, la Direcci\u00f3n Provincial de Vialidad no ten\u00eda atribuciones legales para destinar fondos al sistema educativo, ni para fundar ni sostener instituciones escolares. Durante el juicio oral se corrobor\u00f3, adem\u00e1s, que docentes y personal fueron contratados bajo figuras laborales propias del organismo estatal, con documentaci\u00f3n fechada antes de la creaci\u00f3n formal de la asociaci\u00f3n civil que deb\u00eda administrar la escuela, public\u00f3 InfoBae.<\/p>\n\n\n\n<p>A su vez, el tribunal de juicio cuestion\u00f3 la creaci\u00f3n de la asociaci\u00f3n civil \u201cLos Viales\u201d, que describi\u00f3 como una persona jur\u00eddica ficticia, sin actividad real ni capacidad para asumir las obligaciones econ\u00f3micas de la instituci\u00f3n. Esta estructura fue utilizada, seg\u00fan los jueces, para eludir controles del Tribunal de Cuentas provincial y dar apariencia de legalidad al esquema de desv\u00edo.<\/p>\n\n\n\n<p>En sus fundamentos, el tribunal remarc\u00f3 que no exist\u00eda sustento normativo -ni en la Ley Nacional de Tr\u00e1nsito ni en la legislaci\u00f3n provincial- que habilitara a la DPV a financiar actividades de \u00edndole educativa. Tambi\u00e9n objet\u00f3 la cesi\u00f3n sin contraprestaci\u00f3n, por un per\u00edodo de dos d\u00e9cadas, de inmuebles p\u00fablicos para uso escolar, lo que calific\u00f3 como una maniobra irregular.<\/p>\n\n\n\n<p>La conducta atribuida a Rodr\u00edguez fue encuadrada en el art\u00edculo 261 del C\u00f3digo Penal, que integra el Cap\u00edtulo VII sobre \u201cMalversaci\u00f3n de caudales p\u00fablicos\u201c. Esta norma establece que ser\u00e1 reprimido con c\u00e1rcel de dos a diez a\u00f1os e inhabilitaci\u00f3n absoluta perpetua \u201cel funcionario p\u00fablico que sustrajere caudales o efectos cuya administraci\u00f3n, percepci\u00f3n o custodia le haya sido confiada por raz\u00f3n de su cargo\u201d. La misma pena alcanza al funcionario que utilice en provecho propio o de un tercero \u201ctrabajos o servicios pagados por una administraci\u00f3n p\u00fablica\u201d.<\/p>\n\n\n\n<p>La defensa del ex director de Vialidad de Entre R\u00edos present\u00f3 distintos planteos con el fin de revocar su condena, sin embargo, las diferentes instancias penales fueron desestimando las sucesivas impugnaciones.<\/p>\n\n\n\n<p>En ese contexto, el expediente recay\u00f3 en la Corte Suprema de Justicia, donde los ministros Horacio Rosatti, Carlos Rosenkrantz y Ricardo Lorenzetti firmaron en conjunto el rechazo del recurso de queja interpuesto en virtud del incumplimiento del reglamento fijado en la Acordada 4\/2007 para presentarse directamente ante el M\u00e1ximo Tribunal.<\/p>\n","protected":false},"excerpt":{"rendered":"<p>La Corte Suprema de Justicia dej\u00f3 firme la condena por peculado contra Jorge Rodr\u00edguez, ex director de la Direcci\u00f3n Provincial de Vialidad (DPV) de Entre R\u00edos, por haber desviado fondos p\u00fablicos para financiar la creaci\u00f3n y el funcionamiento de una escuela privada vinculada a una asociaci\u00f3n civil que \u00e9l mismo integraba. La condena surgi\u00f3 por [&hellip;]<\/p>\n","protected":false},"author":4,"featured_media":2783,"comment_status":"open","ping_status":"open","sticky":false,"template":"","format":"standard","meta":{"footnotes":""},"categories":[17],"tags":[],"class_list":{"0":"post-2782","1":"post","2":"type-post","3":"status-publish","4":"format-standard","5":"has-post-thumbnail","7":"category-provinciales"},"yoast_head":"<!-- This site is optimized with the Yoast SEO plugin v27.4 - https:\/\/yoast.com\/product\/yoast-seo-wordpress\/ -->\n<title>La Corte Suprema dej\u00f3 firme la condena al ex Director de Vialidad de Entre R\u00edos por peculado - Diario del Sur<\/title>\n<meta name=\"robots\" content=\"index, follow, max-snippet:-1, max-image-preview:large, max-video-preview:-1\" \/>\n<link rel=\"canonical\" href=\"https:\/\/diariodelsurdigital.com.ar\/?p=2782\" \/>\n<meta property=\"og:locale\" content=\"es_ES\" \/>\n<meta property=\"og:type\" content=\"article\" \/>\n<meta property=\"og:title\" content=\"La Corte Suprema dej\u00f3 firme la condena al ex Director de Vialidad de Entre R\u00edos por peculado - Diario del Sur\" \/>\n<meta property=\"og:description\" content=\"La Corte Suprema de Justicia dej\u00f3 firme la condena por peculado contra Jorge Rodr\u00edguez, ex director de la Direcci\u00f3n Provincial de Vialidad (DPV) de Entre R\u00edos, por haber desviado fondos p\u00fablicos para financiar la creaci\u00f3n y el funcionamiento de una escuela privada vinculada a una asociaci\u00f3n civil que \u00e9l mismo integraba. La condena surgi\u00f3 por [&hellip;]\" \/>\n<meta property=\"og:url\" content=\"https:\/\/diariodelsurdigital.com.ar\/?p=2782\" \/>\n<meta property=\"og:site_name\" content=\"Diario del Sur\" \/>\n<meta property=\"article:published_time\" content=\"2025-05-22T17:53:51+00:00\" \/>\n<meta property=\"article:modified_time\" content=\"2025-05-22T17:53:52+00:00\" \/>\n<meta property=\"og:image\" content=\"https:\/\/diariodelsurdigital.com.ar\/wp-content\/uploads\/2025\/05\/md-51.webp\" \/>\n\t<meta property=\"og:image:width\" content=\"992\" \/>\n\t<meta property=\"og:image:height\" content=\"558\" \/>\n\t<meta property=\"og:image:type\" content=\"image\/webp\" \/>\n<meta name=\"author\" content=\"Diario del Sur Digital\" \/>\n<meta name=\"twitter:card\" content=\"summary_large_image\" \/>\n<meta name=\"twitter:label1\" content=\"Escrito por\" \/>\n\t<meta name=\"twitter:data1\" content=\"Diario del Sur Digital\" \/>\n\t<meta name=\"twitter:label2\" content=\"Tiempo de lectura\" \/>\n\t<meta name=\"twitter:data2\" content=\"3 minutos\" \/>\n<script type=\"application\/ld+json\" class=\"yoast-schema-graph\">{\"@context\":\"https:\\\/\\\/schema.org\",\"@graph\":[{\"@type\":\"Article\",\"@id\":\"https:\\\/\\\/diariodelsurdigital.com.ar\\\/?p=2782#article\",\"isPartOf\":{\"@id\":\"https:\\\/\\\/diariodelsurdigital.com.ar\\\/?p=2782\"},\"author\":{\"name\":\"Diario del Sur Digital\",\"@id\":\"https:\\\/\\\/diariodelsurdigital.com.ar\\\/#\\\/schema\\\/person\\\/1a4992532ed62965c968031b49195c81\"},\"headline\":\"La Corte Suprema dej\u00f3 firme la condena al ex Director de Vialidad de Entre R\u00edos por peculado\",\"datePublished\":\"2025-05-22T17:53:51+00:00\",\"dateModified\":\"2025-05-22T17:53:52+00:00\",\"mainEntityOfPage\":{\"@id\":\"https:\\\/\\\/diariodelsurdigital.com.ar\\\/?p=2782\"},\"wordCount\":650,\"commentCount\":0,\"image\":{\"@id\":\"https:\\\/\\\/diariodelsurdigital.com.ar\\\/?p=2782#primaryimage\"},\"thumbnailUrl\":\"https:\\\/\\\/diariodelsurdigital.com.ar\\\/wp-content\\\/uploads\\\/2025\\\/05\\\/md-51.webp\",\"articleSection\":[\"Provinciales\"],\"inLanguage\":\"es\",\"potentialAction\":[{\"@type\":\"CommentAction\",\"name\":\"Comment\",\"target\":[\"https:\\\/\\\/diariodelsurdigital.com.ar\\\/?p=2782#respond\"]}]},{\"@type\":\"WebPage\",\"@id\":\"https:\\\/\\\/diariodelsurdigital.com.ar\\\/?p=2782\",\"url\":\"https:\\\/\\\/diariodelsurdigital.com.ar\\\/?p=2782\",\"name\":\"La Corte Suprema dej\u00f3 firme la condena al ex Director de Vialidad de Entre R\u00edos por peculado - Diario del Sur\",\"isPartOf\":{\"@id\":\"https:\\\/\\\/diariodelsurdigital.com.ar\\\/#website\"},\"primaryImageOfPage\":{\"@id\":\"https:\\\/\\\/diariodelsurdigital.com.ar\\\/?p=2782#primaryimage\"},\"image\":{\"@id\":\"https:\\\/\\\/diariodelsurdigital.com.ar\\\/?p=2782#primaryimage\"},\"thumbnailUrl\":\"https:\\\/\\\/diariodelsurdigital.com.ar\\\/wp-content\\\/uploads\\\/2025\\\/05\\\/md-51.webp\",\"datePublished\":\"2025-05-22T17:53:51+00:00\",\"dateModified\":\"2025-05-22T17:53:52+00:00\",\"author\":{\"@id\":\"https:\\\/\\\/diariodelsurdigital.com.ar\\\/#\\\/schema\\\/person\\\/1a4992532ed62965c968031b49195c81\"},\"breadcrumb\":{\"@id\":\"https:\\\/\\\/diariodelsurdigital.com.ar\\\/?p=2782#breadcrumb\"},\"inLanguage\":\"es\",\"potentialAction\":[{\"@type\":\"ReadAction\",\"target\":[\"https:\\\/\\\/diariodelsurdigital.com.ar\\\/?p=2782\"]}]},{\"@type\":\"ImageObject\",\"inLanguage\":\"es\",\"@id\":\"https:\\\/\\\/diariodelsurdigital.com.ar\\\/?p=2782#primaryimage\",\"url\":\"https:\\\/\\\/diariodelsurdigital.com.ar\\\/wp-content\\\/uploads\\\/2025\\\/05\\\/md-51.webp\",\"contentUrl\":\"https:\\\/\\\/diariodelsurdigital.com.ar\\\/wp-content\\\/uploads\\\/2025\\\/05\\\/md-51.webp\",\"width\":992,\"height\":558},{\"@type\":\"BreadcrumbList\",\"@id\":\"https:\\\/\\\/diariodelsurdigital.com.ar\\\/?p=2782#breadcrumb\",\"itemListElement\":[{\"@type\":\"ListItem\",\"position\":1,\"name\":\"Portada\",\"item\":\"https:\\\/\\\/diariodelsurdigital.com.ar\\\/\"},{\"@type\":\"ListItem\",\"position\":2,\"name\":\"La Corte Suprema dej\u00f3 firme la condena al ex Director de Vialidad de Entre R\u00edos por peculado\"}]},{\"@type\":\"WebSite\",\"@id\":\"https:\\\/\\\/diariodelsurdigital.com.ar\\\/#website\",\"url\":\"https:\\\/\\\/diariodelsurdigital.com.ar\\\/\",\"name\":\"Diario del Sur\",\"description\":\"Digital\",\"potentialAction\":[{\"@type\":\"SearchAction\",\"target\":{\"@type\":\"EntryPoint\",\"urlTemplate\":\"https:\\\/\\\/diariodelsurdigital.com.ar\\\/?s={search_term_string}\"},\"query-input\":{\"@type\":\"PropertyValueSpecification\",\"valueRequired\":true,\"valueName\":\"search_term_string\"}}],\"inLanguage\":\"es\"},{\"@type\":\"Person\",\"@id\":\"https:\\\/\\\/diariodelsurdigital.com.ar\\\/#\\\/schema\\\/person\\\/1a4992532ed62965c968031b49195c81\",\"name\":\"Diario del Sur Digital\",\"image\":{\"@type\":\"ImageObject\",\"inLanguage\":\"es\",\"@id\":\"https:\\\/\\\/secure.gravatar.com\\\/avatar\\\/f0c7c47fc7146d19828273b9b8eda651c9c7ab583767e6338d3d3bee825adf76?s=96&d=mm&r=g\",\"url\":\"https:\\\/\\\/secure.gravatar.com\\\/avatar\\\/f0c7c47fc7146d19828273b9b8eda651c9c7ab583767e6338d3d3bee825adf76?s=96&d=mm&r=g\",\"contentUrl\":\"https:\\\/\\\/secure.gravatar.com\\\/avatar\\\/f0c7c47fc7146d19828273b9b8eda651c9c7ab583767e6338d3d3bee825adf76?s=96&d=mm&r=g\",\"caption\":\"Diario del Sur Digital\"},\"url\":\"https:\\\/\\\/diariodelsurdigital.com.ar\\\/?author=4\"}]}<\/script>\n<!-- \/ Yoast SEO plugin. -->","yoast_head_json":{"title":"La Corte Suprema dej\u00f3 firme la condena al ex Director de Vialidad de Entre R\u00edos por peculado - Diario del Sur","robots":{"index":"index","follow":"follow","max-snippet":"max-snippet:-1","max-image-preview":"max-image-preview:large","max-video-preview":"max-video-preview:-1"},"canonical":"https:\/\/diariodelsurdigital.com.ar\/?p=2782","og_locale":"es_ES","og_type":"article","og_title":"La Corte Suprema dej\u00f3 firme la condena al ex Director de Vialidad de Entre R\u00edos por peculado - Diario del Sur","og_description":"La Corte Suprema de Justicia dej\u00f3 firme la condena por peculado contra Jorge Rodr\u00edguez, ex director de la Direcci\u00f3n Provincial de Vialidad (DPV) de Entre R\u00edos, por haber desviado fondos p\u00fablicos para financiar la creaci\u00f3n y el funcionamiento de una escuela privada vinculada a una asociaci\u00f3n civil que \u00e9l mismo integraba. La condena surgi\u00f3 por [&hellip;]","og_url":"https:\/\/diariodelsurdigital.com.ar\/?p=2782","og_site_name":"Diario del Sur","article_published_time":"2025-05-22T17:53:51+00:00","article_modified_time":"2025-05-22T17:53:52+00:00","og_image":[{"width":992,"height":558,"url":"https:\/\/diariodelsurdigital.com.ar\/wp-content\/uploads\/2025\/05\/md-51.webp","type":"image\/webp"}],"author":"Diario del Sur Digital","twitter_card":"summary_large_image","twitter_misc":{"Escrito por":"Diario del Sur Digital","Tiempo de lectura":"3 minutos"},"schema":{"@context":"https:\/\/schema.org","@graph":[{"@type":"Article","@id":"https:\/\/diariodelsurdigital.com.ar\/?p=2782#article","isPartOf":{"@id":"https:\/\/diariodelsurdigital.com.ar\/?p=2782"},"author":{"name":"Diario del Sur Digital","@id":"https:\/\/diariodelsurdigital.com.ar\/#\/schema\/person\/1a4992532ed62965c968031b49195c81"},"headline":"La Corte Suprema dej\u00f3 firme la condena al ex Director de Vialidad de Entre R\u00edos por peculado","datePublished":"2025-05-22T17:53:51+00:00","dateModified":"2025-05-22T17:53:52+00:00","mainEntityOfPage":{"@id":"https:\/\/diariodelsurdigital.com.ar\/?p=2782"},"wordCount":650,"commentCount":0,"image":{"@id":"https:\/\/diariodelsurdigital.com.ar\/?p=2782#primaryimage"},"thumbnailUrl":"https:\/\/diariodelsurdigital.com.ar\/wp-content\/uploads\/2025\/05\/md-51.webp","articleSection":["Provinciales"],"inLanguage":"es","potentialAction":[{"@type":"CommentAction","name":"Comment","target":["https:\/\/diariodelsurdigital.com.ar\/?p=2782#respond"]}]},{"@type":"WebPage","@id":"https:\/\/diariodelsurdigital.com.ar\/?p=2782","url":"https:\/\/diariodelsurdigital.com.ar\/?p=2782","name":"La Corte Suprema dej\u00f3 firme la condena al ex Director de Vialidad de Entre R\u00edos por peculado - Diario del Sur","isPartOf":{"@id":"https:\/\/diariodelsurdigital.com.ar\/#website"},"primaryImageOfPage":{"@id":"https:\/\/diariodelsurdigital.com.ar\/?p=2782#primaryimage"},"image":{"@id":"https:\/\/diariodelsurdigital.com.ar\/?p=2782#primaryimage"},"thumbnailUrl":"https:\/\/diariodelsurdigital.com.ar\/wp-content\/uploads\/2025\/05\/md-51.webp","datePublished":"2025-05-22T17:53:51+00:00","dateModified":"2025-05-22T17:53:52+00:00","author":{"@id":"https:\/\/diariodelsurdigital.com.ar\/#\/schema\/person\/1a4992532ed62965c968031b49195c81"},"breadcrumb":{"@id":"https:\/\/diariodelsurdigital.com.ar\/?p=2782#breadcrumb"},"inLanguage":"es","potentialAction":[{"@type":"ReadAction","target":["https:\/\/diariodelsurdigital.com.ar\/?p=2782"]}]},{"@type":"ImageObject","inLanguage":"es","@id":"https:\/\/diariodelsurdigital.com.ar\/?p=2782#primaryimage","url":"https:\/\/diariodelsurdigital.com.ar\/wp-content\/uploads\/2025\/05\/md-51.webp","contentUrl":"https:\/\/diariodelsurdigital.com.ar\/wp-content\/uploads\/2025\/05\/md-51.webp","width":992,"height":558},{"@type":"BreadcrumbList","@id":"https:\/\/diariodelsurdigital.com.ar\/?p=2782#breadcrumb","itemListElement":[{"@type":"ListItem","position":1,"name":"Portada","item":"https:\/\/diariodelsurdigital.com.ar\/"},{"@type":"ListItem","position":2,"name":"La Corte Suprema dej\u00f3 firme la condena al ex Director de Vialidad de Entre R\u00edos por peculado"}]},{"@type":"WebSite","@id":"https:\/\/diariodelsurdigital.com.ar\/#website","url":"https:\/\/diariodelsurdigital.com.ar\/","name":"Diario del Sur","description":"Digital","potentialAction":[{"@type":"SearchAction","target":{"@type":"EntryPoint","urlTemplate":"https:\/\/diariodelsurdigital.com.ar\/?s={search_term_string}"},"query-input":{"@type":"PropertyValueSpecification","valueRequired":true,"valueName":"search_term_string"}}],"inLanguage":"es"},{"@type":"Person","@id":"https:\/\/diariodelsurdigital.com.ar\/#\/schema\/person\/1a4992532ed62965c968031b49195c81","name":"Diario del Sur Digital","image":{"@type":"ImageObject","inLanguage":"es","@id":"https:\/\/secure.gravatar.com\/avatar\/f0c7c47fc7146d19828273b9b8eda651c9c7ab583767e6338d3d3bee825adf76?s=96&d=mm&r=g","url":"https:\/\/secure.gravatar.com\/avatar\/f0c7c47fc7146d19828273b9b8eda651c9c7ab583767e6338d3d3bee825adf76?s=96&d=mm&r=g","contentUrl":"https:\/\/secure.gravatar.com\/avatar\/f0c7c47fc7146d19828273b9b8eda651c9c7ab583767e6338d3d3bee825adf76?s=96&d=mm&r=g","caption":"Diario del Sur Digital"},"url":"https:\/\/diariodelsurdigital.com.ar\/?author=4"}]}},"_links":{"self":[{"href":"https:\/\/diariodelsurdigital.com.ar\/index.php?rest_route=\/wp\/v2\/posts\/2782","targetHints":{"allow":["GET"]}}],"collection":[{"href":"https:\/\/diariodelsurdigital.com.ar\/index.php?rest_route=\/wp\/v2\/posts"}],"about":[{"href":"https:\/\/diariodelsurdigital.com.ar\/index.php?rest_route=\/wp\/v2\/types\/post"}],"author":[{"embeddable":true,"href":"https:\/\/diariodelsurdigital.com.ar\/index.php?rest_route=\/wp\/v2\/users\/4"}],"replies":[{"embeddable":true,"href":"https:\/\/diariodelsurdigital.com.ar\/index.php?rest_route=%2Fwp%2Fv2%2Fcomments&post=2782"}],"version-history":[{"count":1,"href":"https:\/\/diariodelsurdigital.com.ar\/index.php?rest_route=\/wp\/v2\/posts\/2782\/revisions"}],"predecessor-version":[{"id":2784,"href":"https:\/\/diariodelsurdigital.com.ar\/index.php?rest_route=\/wp\/v2\/posts\/2782\/revisions\/2784"}],"wp:featuredmedia":[{"embeddable":true,"href":"https:\/\/diariodelsurdigital.com.ar\/index.php?rest_route=\/wp\/v2\/media\/2783"}],"wp:attachment":[{"href":"https:\/\/diariodelsurdigital.com.ar\/index.php?rest_route=%2Fwp%2Fv2%2Fmedia&parent=2782"}],"wp:term":[{"taxonomy":"category","embeddable":true,"href":"https:\/\/diariodelsurdigital.com.ar\/index.php?rest_route=%2Fwp%2Fv2%2Fcategories&post=2782"},{"taxonomy":"post_tag","embeddable":true,"href":"https:\/\/diariodelsurdigital.com.ar\/index.php?rest_route=%2Fwp%2Fv2%2Ftags&post=2782"}],"curies":[{"name":"wp","href":"https:\/\/api.w.org\/{rel}","templated":true}]}}