{"id":2790,"date":"2025-05-22T18:42:09","date_gmt":"2025-05-22T21:42:09","guid":{"rendered":"https:\/\/diariodelsurdigital.com.ar\/?p=2790"},"modified":"2025-05-22T18:42:10","modified_gmt":"2025-05-22T21:42:10","slug":"la-cooperativa-electrica-vuelve-a-advertir-a-usuarios-por-llamadas-falsas-en-su-nombre-y-pide-que-tomen-precauciones","status":"publish","type":"post","link":"https:\/\/diariodelsurdigital.com.ar\/?p=2790","title":{"rendered":"La Cooperativa El\u00e9ctrica vuelve a advertir a usuarios por llamadas falsas en su nombre y pide que \u201ctomen precauciones\u201d"},"content":{"rendered":"\n<figure class=\"wp-block-image\"><img decoding=\"async\" src=\"https:\/\/media.elentrerios.com\/fotos-v2\/2023\/05\/12\/l_1683918748.jpg\" alt=\"\" title=\"\"\/><\/figure>\n\n\n\n<p>Este jueves, desde la Cooperativa El\u00e9ctrica de Concordia emitieron un comunicado en el que advierten que nuevamente hay personas haci\u00e9ndose pasar por la empresa que intentan obtener los datos de los usuarios.<\/p>\n\n\n\n<p>\u201cInforman algunos asociados que est\u00e1n recibiendo llamados telef\u00f3nicos en nombre de la Cooperativa El\u00e9ctrica mediante los que se pretende acordar el horario de un corte de energ\u00eda para realizar reparaciones o mantenimientos, para lo cual quienes realizan la llamada solicitan datos a los usuarios\u201d, se\u00f1alaron en el escrito.<\/p>\n\n\n\n<p>\u201cReiteramos, tal como lo hemos informado en distintas ocasiones, la Cooperativa El\u00e9ctrica no realiza esos llamados como metodolog\u00eda de comunicaci\u00f3n con los asociados. Y en esta cuesti\u00f3n particular, los cortes programados se comunican \u00fanicamente a trav\u00e9s de los medios de difusi\u00f3n, la p\u00e1gina web de la cooperativa y sus redes sociales\u201d, aclararon luego.<\/p>\n\n\n\n<p>Finalmente, destacaron: \u201cEn consecuencia, sugerimos tomar las precauciones ante posibles comunicaciones telef\u00f3nicas en nombre de nuestra Instituci\u00f3n\u201d.<\/p>\n\n\n\n<p>Fuente: El Entre Rios<\/p>\n","protected":false},"excerpt":{"rendered":"<p>Este jueves, desde la Cooperativa El\u00e9ctrica de Concordia emitieron un comunicado en el que advierten que nuevamente hay personas haci\u00e9ndose pasar por la empresa que intentan obtener los datos de los usuarios. \u201cInforman algunos asociados que est\u00e1n recibiendo llamados telef\u00f3nicos en nombre de la Cooperativa El\u00e9ctrica mediante los que se pretende acordar el horario de [&hellip;]<\/p>\n","protected":false},"author":3,"featured_media":2791,"comment_status":"open","ping_status":"open","sticky":false,"template":"","format":"standard","meta":{"footnotes":""},"categories":[16],"tags":[],"class_list":{"0":"post-2790","1":"post","2":"type-post","3":"status-publish","4":"format-standard","5":"has-post-thumbnail","7":"category-locales"},"yoast_head":"<!-- This site is optimized with the Yoast SEO plugin v27.4 - https:\/\/yoast.com\/product\/yoast-seo-wordpress\/ -->\n<title>La Cooperativa El\u00e9ctrica vuelve a advertir a usuarios por llamadas falsas en su nombre y pide que \u201ctomen precauciones\u201d - Diario del Sur<\/title>\n<meta name=\"robots\" content=\"index, follow, max-snippet:-1, max-image-preview:large, max-video-preview:-1\" \/>\n<link rel=\"canonical\" href=\"https:\/\/diariodelsurdigital.com.ar\/?p=2790\" \/>\n<meta property=\"og:locale\" content=\"es_ES\" \/>\n<meta property=\"og:type\" content=\"article\" \/>\n<meta property=\"og:title\" content=\"La Cooperativa El\u00e9ctrica vuelve a advertir a usuarios por llamadas falsas en su nombre y pide que \u201ctomen precauciones\u201d - Diario del Sur\" \/>\n<meta property=\"og:description\" content=\"Este jueves, desde la Cooperativa El\u00e9ctrica de Concordia emitieron un comunicado en el que advierten que nuevamente hay personas haci\u00e9ndose pasar por la empresa que intentan obtener los datos de los usuarios. \u201cInforman algunos asociados que est\u00e1n recibiendo llamados telef\u00f3nicos en nombre de la Cooperativa El\u00e9ctrica mediante los que se pretende acordar el horario de [&hellip;]\" \/>\n<meta property=\"og:url\" content=\"https:\/\/diariodelsurdigital.com.ar\/?p=2790\" \/>\n<meta property=\"og:site_name\" content=\"Diario del Sur\" \/>\n<meta property=\"article:published_time\" content=\"2025-05-22T21:42:09+00:00\" \/>\n<meta property=\"article:modified_time\" content=\"2025-05-22T21:42:10+00:00\" \/>\n<meta property=\"og:image\" content=\"https:\/\/diariodelsurdigital.com.ar\/wp-content\/uploads\/2025\/05\/l_1683918748.jpg\" \/>\n\t<meta property=\"og:image:width\" content=\"870\" \/>\n\t<meta property=\"og:image:height\" content=\"580\" \/>\n\t<meta property=\"og:image:type\" content=\"image\/jpeg\" \/>\n<meta name=\"author\" content=\"Diario del Sur Digital\" \/>\n<meta name=\"twitter:card\" content=\"summary_large_image\" \/>\n<meta name=\"twitter:label1\" content=\"Escrito por\" \/>\n\t<meta name=\"twitter:data1\" content=\"Diario del Sur Digital\" \/>\n\t<meta name=\"twitter:label2\" content=\"Tiempo de lectura\" \/>\n\t<meta name=\"twitter:data2\" content=\"2 minutos\" \/>\n<script type=\"application\/ld+json\" class=\"yoast-schema-graph\">{\"@context\":\"https:\\\/\\\/schema.org\",\"@graph\":[{\"@type\":\"Article\",\"@id\":\"https:\\\/\\\/diariodelsurdigital.com.ar\\\/?p=2790#article\",\"isPartOf\":{\"@id\":\"https:\\\/\\\/diariodelsurdigital.com.ar\\\/?p=2790\"},\"author\":{\"name\":\"Diario del Sur Digital\",\"@id\":\"https:\\\/\\\/diariodelsurdigital.com.ar\\\/#\\\/schema\\\/person\\\/d794acb23337e88c6e4004a39c32be62\"},\"headline\":\"La Cooperativa El\u00e9ctrica vuelve a advertir a usuarios por llamadas falsas en su nombre y pide que \u201ctomen precauciones\u201d\",\"datePublished\":\"2025-05-22T21:42:09+00:00\",\"dateModified\":\"2025-05-22T21:42:10+00:00\",\"mainEntityOfPage\":{\"@id\":\"https:\\\/\\\/diariodelsurdigital.com.ar\\\/?p=2790\"},\"wordCount\":190,\"commentCount\":0,\"image\":{\"@id\":\"https:\\\/\\\/diariodelsurdigital.com.ar\\\/?p=2790#primaryimage\"},\"thumbnailUrl\":\"https:\\\/\\\/diariodelsurdigital.com.ar\\\/wp-content\\\/uploads\\\/2025\\\/05\\\/l_1683918748.jpg\",\"articleSection\":[\"Locales\"],\"inLanguage\":\"es\",\"potentialAction\":[{\"@type\":\"CommentAction\",\"name\":\"Comment\",\"target\":[\"https:\\\/\\\/diariodelsurdigital.com.ar\\\/?p=2790#respond\"]}]},{\"@type\":\"WebPage\",\"@id\":\"https:\\\/\\\/diariodelsurdigital.com.ar\\\/?p=2790\",\"url\":\"https:\\\/\\\/diariodelsurdigital.com.ar\\\/?p=2790\",\"name\":\"La Cooperativa El\u00e9ctrica vuelve a advertir a usuarios por llamadas falsas en su nombre y pide que \u201ctomen precauciones\u201d - Diario del Sur\",\"isPartOf\":{\"@id\":\"https:\\\/\\\/diariodelsurdigital.com.ar\\\/#website\"},\"primaryImageOfPage\":{\"@id\":\"https:\\\/\\\/diariodelsurdigital.com.ar\\\/?p=2790#primaryimage\"},\"image\":{\"@id\":\"https:\\\/\\\/diariodelsurdigital.com.ar\\\/?p=2790#primaryimage\"},\"thumbnailUrl\":\"https:\\\/\\\/diariodelsurdigital.com.ar\\\/wp-content\\\/uploads\\\/2025\\\/05\\\/l_1683918748.jpg\",\"datePublished\":\"2025-05-22T21:42:09+00:00\",\"dateModified\":\"2025-05-22T21:42:10+00:00\",\"author\":{\"@id\":\"https:\\\/\\\/diariodelsurdigital.com.ar\\\/#\\\/schema\\\/person\\\/d794acb23337e88c6e4004a39c32be62\"},\"breadcrumb\":{\"@id\":\"https:\\\/\\\/diariodelsurdigital.com.ar\\\/?p=2790#breadcrumb\"},\"inLanguage\":\"es\",\"potentialAction\":[{\"@type\":\"ReadAction\",\"target\":[\"https:\\\/\\\/diariodelsurdigital.com.ar\\\/?p=2790\"]}]},{\"@type\":\"ImageObject\",\"inLanguage\":\"es\",\"@id\":\"https:\\\/\\\/diariodelsurdigital.com.ar\\\/?p=2790#primaryimage\",\"url\":\"https:\\\/\\\/diariodelsurdigital.com.ar\\\/wp-content\\\/uploads\\\/2025\\\/05\\\/l_1683918748.jpg\",\"contentUrl\":\"https:\\\/\\\/diariodelsurdigital.com.ar\\\/wp-content\\\/uploads\\\/2025\\\/05\\\/l_1683918748.jpg\",\"width\":870,\"height\":580},{\"@type\":\"BreadcrumbList\",\"@id\":\"https:\\\/\\\/diariodelsurdigital.com.ar\\\/?p=2790#breadcrumb\",\"itemListElement\":[{\"@type\":\"ListItem\",\"position\":1,\"name\":\"Portada\",\"item\":\"https:\\\/\\\/diariodelsurdigital.com.ar\\\/\"},{\"@type\":\"ListItem\",\"position\":2,\"name\":\"La Cooperativa El\u00e9ctrica vuelve a advertir a usuarios por llamadas falsas en su nombre y pide que \u201ctomen precauciones\u201d\"}]},{\"@type\":\"WebSite\",\"@id\":\"https:\\\/\\\/diariodelsurdigital.com.ar\\\/#website\",\"url\":\"https:\\\/\\\/diariodelsurdigital.com.ar\\\/\",\"name\":\"Diario del Sur\",\"description\":\"Digital\",\"potentialAction\":[{\"@type\":\"SearchAction\",\"target\":{\"@type\":\"EntryPoint\",\"urlTemplate\":\"https:\\\/\\\/diariodelsurdigital.com.ar\\\/?s={search_term_string}\"},\"query-input\":{\"@type\":\"PropertyValueSpecification\",\"valueRequired\":true,\"valueName\":\"search_term_string\"}}],\"inLanguage\":\"es\"},{\"@type\":\"Person\",\"@id\":\"https:\\\/\\\/diariodelsurdigital.com.ar\\\/#\\\/schema\\\/person\\\/d794acb23337e88c6e4004a39c32be62\",\"name\":\"Diario del Sur Digital\",\"image\":{\"@type\":\"ImageObject\",\"inLanguage\":\"es\",\"@id\":\"https:\\\/\\\/secure.gravatar.com\\\/avatar\\\/47679bcfa15734cfdefc176b6ad58adeeccac22b2e03e095ada6c622af2b463a?s=96&d=mm&r=g\",\"url\":\"https:\\\/\\\/secure.gravatar.com\\\/avatar\\\/47679bcfa15734cfdefc176b6ad58adeeccac22b2e03e095ada6c622af2b463a?s=96&d=mm&r=g\",\"contentUrl\":\"https:\\\/\\\/secure.gravatar.com\\\/avatar\\\/47679bcfa15734cfdefc176b6ad58adeeccac22b2e03e095ada6c622af2b463a?s=96&d=mm&r=g\",\"caption\":\"Diario del Sur Digital\"},\"url\":\"https:\\\/\\\/diariodelsurdigital.com.ar\\\/?author=3\"}]}<\/script>\n<!-- \/ Yoast SEO plugin. -->","yoast_head_json":{"title":"La Cooperativa El\u00e9ctrica vuelve a advertir a usuarios por llamadas falsas en su nombre y pide que \u201ctomen precauciones\u201d - Diario del Sur","robots":{"index":"index","follow":"follow","max-snippet":"max-snippet:-1","max-image-preview":"max-image-preview:large","max-video-preview":"max-video-preview:-1"},"canonical":"https:\/\/diariodelsurdigital.com.ar\/?p=2790","og_locale":"es_ES","og_type":"article","og_title":"La Cooperativa El\u00e9ctrica vuelve a advertir a usuarios por llamadas falsas en su nombre y pide que \u201ctomen precauciones\u201d - Diario del Sur","og_description":"Este jueves, desde la Cooperativa El\u00e9ctrica de Concordia emitieron un comunicado en el que advierten que nuevamente hay personas haci\u00e9ndose pasar por la empresa que intentan obtener los datos de los usuarios. \u201cInforman algunos asociados que est\u00e1n recibiendo llamados telef\u00f3nicos en nombre de la Cooperativa El\u00e9ctrica mediante los que se pretende acordar el horario de [&hellip;]","og_url":"https:\/\/diariodelsurdigital.com.ar\/?p=2790","og_site_name":"Diario del Sur","article_published_time":"2025-05-22T21:42:09+00:00","article_modified_time":"2025-05-22T21:42:10+00:00","og_image":[{"width":870,"height":580,"url":"https:\/\/diariodelsurdigital.com.ar\/wp-content\/uploads\/2025\/05\/l_1683918748.jpg","type":"image\/jpeg"}],"author":"Diario del Sur Digital","twitter_card":"summary_large_image","twitter_misc":{"Escrito por":"Diario del Sur Digital","Tiempo de lectura":"2 minutos"},"schema":{"@context":"https:\/\/schema.org","@graph":[{"@type":"Article","@id":"https:\/\/diariodelsurdigital.com.ar\/?p=2790#article","isPartOf":{"@id":"https:\/\/diariodelsurdigital.com.ar\/?p=2790"},"author":{"name":"Diario del Sur Digital","@id":"https:\/\/diariodelsurdigital.com.ar\/#\/schema\/person\/d794acb23337e88c6e4004a39c32be62"},"headline":"La Cooperativa El\u00e9ctrica vuelve a advertir a usuarios por llamadas falsas en su nombre y pide que \u201ctomen precauciones\u201d","datePublished":"2025-05-22T21:42:09+00:00","dateModified":"2025-05-22T21:42:10+00:00","mainEntityOfPage":{"@id":"https:\/\/diariodelsurdigital.com.ar\/?p=2790"},"wordCount":190,"commentCount":0,"image":{"@id":"https:\/\/diariodelsurdigital.com.ar\/?p=2790#primaryimage"},"thumbnailUrl":"https:\/\/diariodelsurdigital.com.ar\/wp-content\/uploads\/2025\/05\/l_1683918748.jpg","articleSection":["Locales"],"inLanguage":"es","potentialAction":[{"@type":"CommentAction","name":"Comment","target":["https:\/\/diariodelsurdigital.com.ar\/?p=2790#respond"]}]},{"@type":"WebPage","@id":"https:\/\/diariodelsurdigital.com.ar\/?p=2790","url":"https:\/\/diariodelsurdigital.com.ar\/?p=2790","name":"La Cooperativa El\u00e9ctrica vuelve a advertir a usuarios por llamadas falsas en su nombre y pide que \u201ctomen precauciones\u201d - Diario del Sur","isPartOf":{"@id":"https:\/\/diariodelsurdigital.com.ar\/#website"},"primaryImageOfPage":{"@id":"https:\/\/diariodelsurdigital.com.ar\/?p=2790#primaryimage"},"image":{"@id":"https:\/\/diariodelsurdigital.com.ar\/?p=2790#primaryimage"},"thumbnailUrl":"https:\/\/diariodelsurdigital.com.ar\/wp-content\/uploads\/2025\/05\/l_1683918748.jpg","datePublished":"2025-05-22T21:42:09+00:00","dateModified":"2025-05-22T21:42:10+00:00","author":{"@id":"https:\/\/diariodelsurdigital.com.ar\/#\/schema\/person\/d794acb23337e88c6e4004a39c32be62"},"breadcrumb":{"@id":"https:\/\/diariodelsurdigital.com.ar\/?p=2790#breadcrumb"},"inLanguage":"es","potentialAction":[{"@type":"ReadAction","target":["https:\/\/diariodelsurdigital.com.ar\/?p=2790"]}]},{"@type":"ImageObject","inLanguage":"es","@id":"https:\/\/diariodelsurdigital.com.ar\/?p=2790#primaryimage","url":"https:\/\/diariodelsurdigital.com.ar\/wp-content\/uploads\/2025\/05\/l_1683918748.jpg","contentUrl":"https:\/\/diariodelsurdigital.com.ar\/wp-content\/uploads\/2025\/05\/l_1683918748.jpg","width":870,"height":580},{"@type":"BreadcrumbList","@id":"https:\/\/diariodelsurdigital.com.ar\/?p=2790#breadcrumb","itemListElement":[{"@type":"ListItem","position":1,"name":"Portada","item":"https:\/\/diariodelsurdigital.com.ar\/"},{"@type":"ListItem","position":2,"name":"La Cooperativa El\u00e9ctrica vuelve a advertir a usuarios por llamadas falsas en su nombre y pide que \u201ctomen precauciones\u201d"}]},{"@type":"WebSite","@id":"https:\/\/diariodelsurdigital.com.ar\/#website","url":"https:\/\/diariodelsurdigital.com.ar\/","name":"Diario del Sur","description":"Digital","potentialAction":[{"@type":"SearchAction","target":{"@type":"EntryPoint","urlTemplate":"https:\/\/diariodelsurdigital.com.ar\/?s={search_term_string}"},"query-input":{"@type":"PropertyValueSpecification","valueRequired":true,"valueName":"search_term_string"}}],"inLanguage":"es"},{"@type":"Person","@id":"https:\/\/diariodelsurdigital.com.ar\/#\/schema\/person\/d794acb23337e88c6e4004a39c32be62","name":"Diario del Sur Digital","image":{"@type":"ImageObject","inLanguage":"es","@id":"https:\/\/secure.gravatar.com\/avatar\/47679bcfa15734cfdefc176b6ad58adeeccac22b2e03e095ada6c622af2b463a?s=96&d=mm&r=g","url":"https:\/\/secure.gravatar.com\/avatar\/47679bcfa15734cfdefc176b6ad58adeeccac22b2e03e095ada6c622af2b463a?s=96&d=mm&r=g","contentUrl":"https:\/\/secure.gravatar.com\/avatar\/47679bcfa15734cfdefc176b6ad58adeeccac22b2e03e095ada6c622af2b463a?s=96&d=mm&r=g","caption":"Diario del Sur Digital"},"url":"https:\/\/diariodelsurdigital.com.ar\/?author=3"}]}},"_links":{"self":[{"href":"https:\/\/diariodelsurdigital.com.ar\/index.php?rest_route=\/wp\/v2\/posts\/2790","targetHints":{"allow":["GET"]}}],"collection":[{"href":"https:\/\/diariodelsurdigital.com.ar\/index.php?rest_route=\/wp\/v2\/posts"}],"about":[{"href":"https:\/\/diariodelsurdigital.com.ar\/index.php?rest_route=\/wp\/v2\/types\/post"}],"author":[{"embeddable":true,"href":"https:\/\/diariodelsurdigital.com.ar\/index.php?rest_route=\/wp\/v2\/users\/3"}],"replies":[{"embeddable":true,"href":"https:\/\/diariodelsurdigital.com.ar\/index.php?rest_route=%2Fwp%2Fv2%2Fcomments&post=2790"}],"version-history":[{"count":1,"href":"https:\/\/diariodelsurdigital.com.ar\/index.php?rest_route=\/wp\/v2\/posts\/2790\/revisions"}],"predecessor-version":[{"id":2792,"href":"https:\/\/diariodelsurdigital.com.ar\/index.php?rest_route=\/wp\/v2\/posts\/2790\/revisions\/2792"}],"wp:featuredmedia":[{"embeddable":true,"href":"https:\/\/diariodelsurdigital.com.ar\/index.php?rest_route=\/wp\/v2\/media\/2791"}],"wp:attachment":[{"href":"https:\/\/diariodelsurdigital.com.ar\/index.php?rest_route=%2Fwp%2Fv2%2Fmedia&parent=2790"}],"wp:term":[{"taxonomy":"category","embeddable":true,"href":"https:\/\/diariodelsurdigital.com.ar\/index.php?rest_route=%2Fwp%2Fv2%2Fcategories&post=2790"},{"taxonomy":"post_tag","embeddable":true,"href":"https:\/\/diariodelsurdigital.com.ar\/index.php?rest_route=%2Fwp%2Fv2%2Ftags&post=2790"}],"curies":[{"name":"wp","href":"https:\/\/api.w.org\/{rel}","templated":true}]}}