{"id":2796,"date":"2025-05-23T12:29:00","date_gmt":"2025-05-23T15:29:00","guid":{"rendered":"https:\/\/diariodelsurdigital.com.ar\/?p=2796"},"modified":"2025-05-23T12:29:01","modified_gmt":"2025-05-23T15:29:01","slug":"transparencia-concejales-de-puerto-yerua-intimaron-a-que-se-publique-los-ingresos-del-intendente-funcionarios-y-empleados","status":"publish","type":"post","link":"https:\/\/diariodelsurdigital.com.ar\/?p=2796","title":{"rendered":"TRANSPARENCIA: Concejales de Puerto Yeru\u00e1 intimaron a que se publique los ingresos del intendente, funcionarios y empleados"},"content":{"rendered":"\n<p><\/p>\n\n\n\n<p>Desde el primer a\u00f1o de mandato de la gesti\u00f3n de Daniel Ben\u00edtez se habl\u00f3 de transparencia, pero hace 5 a\u00f1os y medio que gobierna y no quieren dar a conocer cu\u00e1nto ganan. Concejales de la oposici\u00f3n hace m\u00e1s de un a\u00f1o que presentaron una solicitud para que se dieran a conocer en forma p\u00fablica y transparente como dictan las leyes lo que cobra desde el Intendente hasta el \u00faltimo empleado y desde la Intendencia les contestaron que deben preguntarle por su cuenta a cada uno de los empleados o funcionarios.<\/p>\n\n\n\n<figure class=\"wp-block-image size-full\"><img loading=\"lazy\" decoding=\"async\" width=\"700\" height=\"394\" src=\"https:\/\/diariodelsurdigital.com.ar\/wp-content\/uploads\/2025\/05\/apertura-concejo-2024-1400x788-1.jpg\" alt=\"\" class=\"wp-image-2797\" srcset=\"https:\/\/diariodelsurdigital.com.ar\/wp-content\/uploads\/2025\/05\/apertura-concejo-2024-1400x788-1.jpg 700w, https:\/\/diariodelsurdigital.com.ar\/wp-content\/uploads\/2025\/05\/apertura-concejo-2024-1400x788-1-300x169.jpg 300w, https:\/\/diariodelsurdigital.com.ar\/wp-content\/uploads\/2025\/05\/apertura-concejo-2024-1400x788-1-696x392.jpg 696w\" sizes=\"auto, (max-width: 700px) 100vw, 700px\" \/><\/figure>\n\n\n\n<p>Trabajadores municipales aseguran que el Intendente Ben\u00edtez, concejales oficialistas y funcionarios, no quieren que se sepa porque es tanta la diferencia que ganan los funcionarios comparando con los empleados que existe una diferencia en varios millones de pesos.<\/p>\n\n\n\n<p><strong>Diario del SUR Digital<\/strong> accedi\u00f3 a la nota presentada el a\u00f1o pasado y la respuesta brindada por la Secretaria de Gobierno, Silvia Bel, recientemente condenada por la Justicia por violencia y discriminaci\u00f3n en el \u00e1mbito laboral. (Foto)<\/p>\n\n\n\n<figure class=\"wp-block-image size-large\"><img loading=\"lazy\" decoding=\"async\" width=\"1024\" height=\"768\" src=\"https:\/\/diariodelsurdigital.com.ar\/wp-content\/uploads\/2025\/05\/Imagen-de-WhatsApp-2025-05-23-a-las-12.13.23_3141733c-1024x768.jpg\" alt=\"\" class=\"wp-image-2799\" srcset=\"https:\/\/diariodelsurdigital.com.ar\/wp-content\/uploads\/2025\/05\/Imagen-de-WhatsApp-2025-05-23-a-las-12.13.23_3141733c-1024x768.jpg 1024w, https:\/\/diariodelsurdigital.com.ar\/wp-content\/uploads\/2025\/05\/Imagen-de-WhatsApp-2025-05-23-a-las-12.13.23_3141733c-300x225.jpg 300w, https:\/\/diariodelsurdigital.com.ar\/wp-content\/uploads\/2025\/05\/Imagen-de-WhatsApp-2025-05-23-a-las-12.13.23_3141733c-768x576.jpg 768w, https:\/\/diariodelsurdigital.com.ar\/wp-content\/uploads\/2025\/05\/Imagen-de-WhatsApp-2025-05-23-a-las-12.13.23_3141733c-560x420.jpg 560w, https:\/\/diariodelsurdigital.com.ar\/wp-content\/uploads\/2025\/05\/Imagen-de-WhatsApp-2025-05-23-a-las-12.13.23_3141733c-80x60.jpg 80w, https:\/\/diariodelsurdigital.com.ar\/wp-content\/uploads\/2025\/05\/Imagen-de-WhatsApp-2025-05-23-a-las-12.13.23_3141733c-696x522.jpg 696w, https:\/\/diariodelsurdigital.com.ar\/wp-content\/uploads\/2025\/05\/Imagen-de-WhatsApp-2025-05-23-a-las-12.13.23_3141733c-1068x801.jpg 1068w, https:\/\/diariodelsurdigital.com.ar\/wp-content\/uploads\/2025\/05\/Imagen-de-WhatsApp-2025-05-23-a-las-12.13.23_3141733c-265x198.jpg 265w, https:\/\/diariodelsurdigital.com.ar\/wp-content\/uploads\/2025\/05\/Imagen-de-WhatsApp-2025-05-23-a-las-12.13.23_3141733c.jpg 1280w\" sizes=\"auto, (max-width: 1024px) 100vw, 1024px\" \/><\/figure>\n\n\n\n<figure class=\"wp-block-image size-large\"><img loading=\"lazy\" decoding=\"async\" width=\"1024\" height=\"333\" src=\"https:\/\/diariodelsurdigital.com.ar\/wp-content\/uploads\/2025\/05\/Imagen-de-WhatsApp-2025-05-23-a-las-12.16.19_75a6b976-1024x333.jpg\" alt=\"\" class=\"wp-image-2800\" srcset=\"https:\/\/diariodelsurdigital.com.ar\/wp-content\/uploads\/2025\/05\/Imagen-de-WhatsApp-2025-05-23-a-las-12.16.19_75a6b976-1024x333.jpg 1024w, https:\/\/diariodelsurdigital.com.ar\/wp-content\/uploads\/2025\/05\/Imagen-de-WhatsApp-2025-05-23-a-las-12.16.19_75a6b976-300x98.jpg 300w, https:\/\/diariodelsurdigital.com.ar\/wp-content\/uploads\/2025\/05\/Imagen-de-WhatsApp-2025-05-23-a-las-12.16.19_75a6b976-768x250.jpg 768w, https:\/\/diariodelsurdigital.com.ar\/wp-content\/uploads\/2025\/05\/Imagen-de-WhatsApp-2025-05-23-a-las-12.16.19_75a6b976-696x226.jpg 696w, https:\/\/diariodelsurdigital.com.ar\/wp-content\/uploads\/2025\/05\/Imagen-de-WhatsApp-2025-05-23-a-las-12.16.19_75a6b976-1068x347.jpg 1068w, https:\/\/diariodelsurdigital.com.ar\/wp-content\/uploads\/2025\/05\/Imagen-de-WhatsApp-2025-05-23-a-las-12.16.19_75a6b976.jpg 1280w\" sizes=\"auto, (max-width: 1024px) 100vw, 1024px\" \/><\/figure>\n\n\n\n<p>Pas\u00f3 m\u00e1s de un a\u00f1o y los concejales, Claudia KInderknegt, Sergio Alvarez y Fabi\u00e1n Alvarez, volvieron a solicitar anoche que se cumpla con la Ley N\u00b010.027 y la Ley N\u00b0 11191\/2025 sobre el Derecho a la Informaci\u00f3n P\u00fablica.<\/p>\n\n\n\n<p>La solicitud pas\u00f3 a un cuarto intermedio para el martes, se\u00f1al\u00f3 la licenciada Claudia Kinderknegt. La concejal se\u00f1al\u00f3 a este diario de que \u201cAgotaremos todos los pasos administrativos y como \u00faltimo recurso apelaremos a la justicia ordinaria provincial, pero saber se tiene que saber, porque nuestras dietas, as\u00ed como los sueldos de los funcionarios y el Intendente lo pagan los contribuyentes mediante sus impuestos y tienen el derecho a saber en forma p\u00fablica cu\u00e1nto ganamos cada uno de nosotros. Hay que ser honestos y transparentes\u201d, agreg\u00f3 la concejal.<\/p>\n\n\n\n<p>Facs\u00edmil de la nota presentada en la sesi\u00f3n del Honorable Concejo Deliberante de este jueves, (Foto)<\/p>\n\n\n\n<figure class=\"wp-block-image size-large\"><img loading=\"lazy\" decoding=\"async\" width=\"791\" height=\"1024\" src=\"https:\/\/diariodelsurdigital.com.ar\/wp-content\/uploads\/2025\/05\/Imagen-de-WhatsApp-2025-05-23-a-las-12.21.24_c2eda3e7-791x1024.jpg\" alt=\"\" class=\"wp-image-2802\" srcset=\"https:\/\/diariodelsurdigital.com.ar\/wp-content\/uploads\/2025\/05\/Imagen-de-WhatsApp-2025-05-23-a-las-12.21.24_c2eda3e7-791x1024.jpg 791w, https:\/\/diariodelsurdigital.com.ar\/wp-content\/uploads\/2025\/05\/Imagen-de-WhatsApp-2025-05-23-a-las-12.21.24_c2eda3e7-232x300.jpg 232w, https:\/\/diariodelsurdigital.com.ar\/wp-content\/uploads\/2025\/05\/Imagen-de-WhatsApp-2025-05-23-a-las-12.21.24_c2eda3e7-768x994.jpg 768w, https:\/\/diariodelsurdigital.com.ar\/wp-content\/uploads\/2025\/05\/Imagen-de-WhatsApp-2025-05-23-a-las-12.21.24_c2eda3e7-325x420.jpg 325w, https:\/\/diariodelsurdigital.com.ar\/wp-content\/uploads\/2025\/05\/Imagen-de-WhatsApp-2025-05-23-a-las-12.21.24_c2eda3e7-696x900.jpg 696w, https:\/\/diariodelsurdigital.com.ar\/wp-content\/uploads\/2025\/05\/Imagen-de-WhatsApp-2025-05-23-a-las-12.21.24_c2eda3e7.jpg 960w\" sizes=\"auto, (max-width: 791px) 100vw, 791px\" \/><\/figure>\n\n\n\n<figure class=\"wp-block-image size-full\"><img loading=\"lazy\" decoding=\"async\" width=\"960\" height=\"899\" src=\"https:\/\/diariodelsurdigital.com.ar\/wp-content\/uploads\/2025\/05\/Imagen-de-WhatsApp-2025-05-23-a-las-12.21.25_9f56e49d.jpg\" alt=\"\" class=\"wp-image-2803\" srcset=\"https:\/\/diariodelsurdigital.com.ar\/wp-content\/uploads\/2025\/05\/Imagen-de-WhatsApp-2025-05-23-a-las-12.21.25_9f56e49d.jpg 960w, https:\/\/diariodelsurdigital.com.ar\/wp-content\/uploads\/2025\/05\/Imagen-de-WhatsApp-2025-05-23-a-las-12.21.25_9f56e49d-300x281.jpg 300w, https:\/\/diariodelsurdigital.com.ar\/wp-content\/uploads\/2025\/05\/Imagen-de-WhatsApp-2025-05-23-a-las-12.21.25_9f56e49d-768x719.jpg 768w, https:\/\/diariodelsurdigital.com.ar\/wp-content\/uploads\/2025\/05\/Imagen-de-WhatsApp-2025-05-23-a-las-12.21.25_9f56e49d-448x420.jpg 448w, https:\/\/diariodelsurdigital.com.ar\/wp-content\/uploads\/2025\/05\/Imagen-de-WhatsApp-2025-05-23-a-las-12.21.25_9f56e49d-696x652.jpg 696w\" sizes=\"auto, (max-width: 960px) 100vw, 960px\" \/><\/figure>\n","protected":false},"excerpt":{"rendered":"<p>Desde el primer a\u00f1o de mandato de la gesti\u00f3n de Daniel Ben\u00edtez se habl\u00f3 de transparencia, pero hace 5 a\u00f1os y medio que gobierna y no quieren dar a conocer cu\u00e1nto ganan. Concejales de la oposici\u00f3n hace m\u00e1s de un a\u00f1o que presentaron una solicitud para que se dieran a conocer en forma p\u00fablica y [&hellip;]<\/p>\n","protected":false},"author":2,"featured_media":2809,"comment_status":"open","ping_status":"open","sticky":false,"template":"","format":"standard","meta":{"footnotes":""},"categories":[16],"tags":[],"class_list":{"0":"post-2796","1":"post","2":"type-post","3":"status-publish","4":"format-standard","5":"has-post-thumbnail","7":"category-locales"},"yoast_head":"<!-- This site is optimized with the Yoast SEO plugin v27.4 - https:\/\/yoast.com\/product\/yoast-seo-wordpress\/ -->\n<title>TRANSPARENCIA: Concejales de Puerto Yeru\u00e1 intimaron a que se publique los ingresos del intendente, funcionarios y empleados - Diario del Sur<\/title>\n<meta name=\"robots\" content=\"index, follow, max-snippet:-1, max-image-preview:large, max-video-preview:-1\" \/>\n<link rel=\"canonical\" href=\"https:\/\/diariodelsurdigital.com.ar\/?p=2796\" \/>\n<meta property=\"og:locale\" content=\"es_ES\" \/>\n<meta property=\"og:type\" content=\"article\" \/>\n<meta property=\"og:title\" content=\"TRANSPARENCIA: Concejales de Puerto Yeru\u00e1 intimaron a que se publique los ingresos del intendente, funcionarios y empleados - Diario del Sur\" \/>\n<meta property=\"og:description\" content=\"Desde el primer a\u00f1o de mandato de la gesti\u00f3n de Daniel Ben\u00edtez se habl\u00f3 de transparencia, pero hace 5 a\u00f1os y medio que gobierna y no quieren dar a conocer cu\u00e1nto ganan. Concejales de la oposici\u00f3n hace m\u00e1s de un a\u00f1o que presentaron una solicitud para que se dieran a conocer en forma p\u00fablica y [&hellip;]\" \/>\n<meta property=\"og:url\" content=\"https:\/\/diariodelsurdigital.com.ar\/?p=2796\" \/>\n<meta property=\"og:site_name\" content=\"Diario del Sur\" \/>\n<meta property=\"article:published_time\" content=\"2025-05-23T15:29:00+00:00\" \/>\n<meta property=\"article:modified_time\" content=\"2025-05-23T15:29:01+00:00\" \/>\n<meta property=\"og:image\" content=\"https:\/\/diariodelsurdigital.com.ar\/wp-content\/uploads\/2025\/05\/intendente-y-cancejales-23-27-1400x788-1.jpg\" \/>\n\t<meta property=\"og:image:width\" content=\"689\" \/>\n\t<meta property=\"og:image:height\" content=\"400\" \/>\n\t<meta property=\"og:image:type\" content=\"image\/jpeg\" \/>\n<meta name=\"author\" content=\"Diario del Sur Digital\" \/>\n<meta name=\"twitter:card\" content=\"summary_large_image\" \/>\n<meta name=\"twitter:label1\" content=\"Escrito por\" \/>\n\t<meta name=\"twitter:data1\" content=\"Diario del Sur Digital\" \/>\n\t<meta name=\"twitter:label2\" content=\"Tiempo de lectura\" \/>\n\t<meta name=\"twitter:data2\" content=\"3 minutos\" \/>\n<script type=\"application\/ld+json\" class=\"yoast-schema-graph\">{\"@context\":\"https:\\\/\\\/schema.org\",\"@graph\":[{\"@type\":\"Article\",\"@id\":\"https:\\\/\\\/diariodelsurdigital.com.ar\\\/?p=2796#article\",\"isPartOf\":{\"@id\":\"https:\\\/\\\/diariodelsurdigital.com.ar\\\/?p=2796\"},\"author\":{\"name\":\"Diario del Sur Digital\",\"@id\":\"https:\\\/\\\/diariodelsurdigital.com.ar\\\/#\\\/schema\\\/person\\\/6136a32571657f7dba980b88b04c5465\"},\"headline\":\"TRANSPARENCIA: Concejales de Puerto Yeru\u00e1 intimaron a que se publique los ingresos del intendente, funcionarios y empleados\",\"datePublished\":\"2025-05-23T15:29:00+00:00\",\"dateModified\":\"2025-05-23T15:29:01+00:00\",\"mainEntityOfPage\":{\"@id\":\"https:\\\/\\\/diariodelsurdigital.com.ar\\\/?p=2796\"},\"wordCount\":345,\"commentCount\":0,\"image\":{\"@id\":\"https:\\\/\\\/diariodelsurdigital.com.ar\\\/?p=2796#primaryimage\"},\"thumbnailUrl\":\"https:\\\/\\\/diariodelsurdigital.com.ar\\\/wp-content\\\/uploads\\\/2025\\\/05\\\/intendente-y-cancejales-23-27-1400x788-1.jpg\",\"articleSection\":[\"Locales\"],\"inLanguage\":\"es\",\"potentialAction\":[{\"@type\":\"CommentAction\",\"name\":\"Comment\",\"target\":[\"https:\\\/\\\/diariodelsurdigital.com.ar\\\/?p=2796#respond\"]}]},{\"@type\":\"WebPage\",\"@id\":\"https:\\\/\\\/diariodelsurdigital.com.ar\\\/?p=2796\",\"url\":\"https:\\\/\\\/diariodelsurdigital.com.ar\\\/?p=2796\",\"name\":\"TRANSPARENCIA: Concejales de Puerto Yeru\u00e1 intimaron a que se publique los ingresos del intendente, funcionarios y empleados - Diario del Sur\",\"isPartOf\":{\"@id\":\"https:\\\/\\\/diariodelsurdigital.com.ar\\\/#website\"},\"primaryImageOfPage\":{\"@id\":\"https:\\\/\\\/diariodelsurdigital.com.ar\\\/?p=2796#primaryimage\"},\"image\":{\"@id\":\"https:\\\/\\\/diariodelsurdigital.com.ar\\\/?p=2796#primaryimage\"},\"thumbnailUrl\":\"https:\\\/\\\/diariodelsurdigital.com.ar\\\/wp-content\\\/uploads\\\/2025\\\/05\\\/intendente-y-cancejales-23-27-1400x788-1.jpg\",\"datePublished\":\"2025-05-23T15:29:00+00:00\",\"dateModified\":\"2025-05-23T15:29:01+00:00\",\"author\":{\"@id\":\"https:\\\/\\\/diariodelsurdigital.com.ar\\\/#\\\/schema\\\/person\\\/6136a32571657f7dba980b88b04c5465\"},\"breadcrumb\":{\"@id\":\"https:\\\/\\\/diariodelsurdigital.com.ar\\\/?p=2796#breadcrumb\"},\"inLanguage\":\"es\",\"potentialAction\":[{\"@type\":\"ReadAction\",\"target\":[\"https:\\\/\\\/diariodelsurdigital.com.ar\\\/?p=2796\"]}]},{\"@type\":\"ImageObject\",\"inLanguage\":\"es\",\"@id\":\"https:\\\/\\\/diariodelsurdigital.com.ar\\\/?p=2796#primaryimage\",\"url\":\"https:\\\/\\\/diariodelsurdigital.com.ar\\\/wp-content\\\/uploads\\\/2025\\\/05\\\/intendente-y-cancejales-23-27-1400x788-1.jpg\",\"contentUrl\":\"https:\\\/\\\/diariodelsurdigital.com.ar\\\/wp-content\\\/uploads\\\/2025\\\/05\\\/intendente-y-cancejales-23-27-1400x788-1.jpg\",\"width\":689,\"height\":400},{\"@type\":\"BreadcrumbList\",\"@id\":\"https:\\\/\\\/diariodelsurdigital.com.ar\\\/?p=2796#breadcrumb\",\"itemListElement\":[{\"@type\":\"ListItem\",\"position\":1,\"name\":\"Portada\",\"item\":\"https:\\\/\\\/diariodelsurdigital.com.ar\\\/\"},{\"@type\":\"ListItem\",\"position\":2,\"name\":\"TRANSPARENCIA: Concejales de Puerto Yeru\u00e1 intimaron a que se publique los ingresos del intendente, funcionarios y empleados\"}]},{\"@type\":\"WebSite\",\"@id\":\"https:\\\/\\\/diariodelsurdigital.com.ar\\\/#website\",\"url\":\"https:\\\/\\\/diariodelsurdigital.com.ar\\\/\",\"name\":\"Diario del Sur\",\"description\":\"Digital\",\"potentialAction\":[{\"@type\":\"SearchAction\",\"target\":{\"@type\":\"EntryPoint\",\"urlTemplate\":\"https:\\\/\\\/diariodelsurdigital.com.ar\\\/?s={search_term_string}\"},\"query-input\":{\"@type\":\"PropertyValueSpecification\",\"valueRequired\":true,\"valueName\":\"search_term_string\"}}],\"inLanguage\":\"es\"},{\"@type\":\"Person\",\"@id\":\"https:\\\/\\\/diariodelsurdigital.com.ar\\\/#\\\/schema\\\/person\\\/6136a32571657f7dba980b88b04c5465\",\"name\":\"Diario del Sur Digital\",\"image\":{\"@type\":\"ImageObject\",\"inLanguage\":\"es\",\"@id\":\"https:\\\/\\\/secure.gravatar.com\\\/avatar\\\/4c29ceac98541dd42460b2474aaa5dd37594d6ce6cb3cf2c101d09b48ee287ba?s=96&d=mm&r=g\",\"url\":\"https:\\\/\\\/secure.gravatar.com\\\/avatar\\\/4c29ceac98541dd42460b2474aaa5dd37594d6ce6cb3cf2c101d09b48ee287ba?s=96&d=mm&r=g\",\"contentUrl\":\"https:\\\/\\\/secure.gravatar.com\\\/avatar\\\/4c29ceac98541dd42460b2474aaa5dd37594d6ce6cb3cf2c101d09b48ee287ba?s=96&d=mm&r=g\",\"caption\":\"Diario del Sur Digital\"},\"url\":\"https:\\\/\\\/diariodelsurdigital.com.ar\\\/?author=2\"}]}<\/script>\n<!-- \/ Yoast SEO plugin. -->","yoast_head_json":{"title":"TRANSPARENCIA: Concejales de Puerto Yeru\u00e1 intimaron a que se publique los ingresos del intendente, funcionarios y empleados - Diario del Sur","robots":{"index":"index","follow":"follow","max-snippet":"max-snippet:-1","max-image-preview":"max-image-preview:large","max-video-preview":"max-video-preview:-1"},"canonical":"https:\/\/diariodelsurdigital.com.ar\/?p=2796","og_locale":"es_ES","og_type":"article","og_title":"TRANSPARENCIA: Concejales de Puerto Yeru\u00e1 intimaron a que se publique los ingresos del intendente, funcionarios y empleados - Diario del Sur","og_description":"Desde el primer a\u00f1o de mandato de la gesti\u00f3n de Daniel Ben\u00edtez se habl\u00f3 de transparencia, pero hace 5 a\u00f1os y medio que gobierna y no quieren dar a conocer cu\u00e1nto ganan. Concejales de la oposici\u00f3n hace m\u00e1s de un a\u00f1o que presentaron una solicitud para que se dieran a conocer en forma p\u00fablica y [&hellip;]","og_url":"https:\/\/diariodelsurdigital.com.ar\/?p=2796","og_site_name":"Diario del Sur","article_published_time":"2025-05-23T15:29:00+00:00","article_modified_time":"2025-05-23T15:29:01+00:00","og_image":[{"width":689,"height":400,"url":"https:\/\/diariodelsurdigital.com.ar\/wp-content\/uploads\/2025\/05\/intendente-y-cancejales-23-27-1400x788-1.jpg","type":"image\/jpeg"}],"author":"Diario del Sur Digital","twitter_card":"summary_large_image","twitter_misc":{"Escrito por":"Diario del Sur Digital","Tiempo de lectura":"3 minutos"},"schema":{"@context":"https:\/\/schema.org","@graph":[{"@type":"Article","@id":"https:\/\/diariodelsurdigital.com.ar\/?p=2796#article","isPartOf":{"@id":"https:\/\/diariodelsurdigital.com.ar\/?p=2796"},"author":{"name":"Diario del Sur Digital","@id":"https:\/\/diariodelsurdigital.com.ar\/#\/schema\/person\/6136a32571657f7dba980b88b04c5465"},"headline":"TRANSPARENCIA: Concejales de Puerto Yeru\u00e1 intimaron a que se publique los ingresos del intendente, funcionarios y empleados","datePublished":"2025-05-23T15:29:00+00:00","dateModified":"2025-05-23T15:29:01+00:00","mainEntityOfPage":{"@id":"https:\/\/diariodelsurdigital.com.ar\/?p=2796"},"wordCount":345,"commentCount":0,"image":{"@id":"https:\/\/diariodelsurdigital.com.ar\/?p=2796#primaryimage"},"thumbnailUrl":"https:\/\/diariodelsurdigital.com.ar\/wp-content\/uploads\/2025\/05\/intendente-y-cancejales-23-27-1400x788-1.jpg","articleSection":["Locales"],"inLanguage":"es","potentialAction":[{"@type":"CommentAction","name":"Comment","target":["https:\/\/diariodelsurdigital.com.ar\/?p=2796#respond"]}]},{"@type":"WebPage","@id":"https:\/\/diariodelsurdigital.com.ar\/?p=2796","url":"https:\/\/diariodelsurdigital.com.ar\/?p=2796","name":"TRANSPARENCIA: Concejales de Puerto Yeru\u00e1 intimaron a que se publique los ingresos del intendente, funcionarios y empleados - Diario del Sur","isPartOf":{"@id":"https:\/\/diariodelsurdigital.com.ar\/#website"},"primaryImageOfPage":{"@id":"https:\/\/diariodelsurdigital.com.ar\/?p=2796#primaryimage"},"image":{"@id":"https:\/\/diariodelsurdigital.com.ar\/?p=2796#primaryimage"},"thumbnailUrl":"https:\/\/diariodelsurdigital.com.ar\/wp-content\/uploads\/2025\/05\/intendente-y-cancejales-23-27-1400x788-1.jpg","datePublished":"2025-05-23T15:29:00+00:00","dateModified":"2025-05-23T15:29:01+00:00","author":{"@id":"https:\/\/diariodelsurdigital.com.ar\/#\/schema\/person\/6136a32571657f7dba980b88b04c5465"},"breadcrumb":{"@id":"https:\/\/diariodelsurdigital.com.ar\/?p=2796#breadcrumb"},"inLanguage":"es","potentialAction":[{"@type":"ReadAction","target":["https:\/\/diariodelsurdigital.com.ar\/?p=2796"]}]},{"@type":"ImageObject","inLanguage":"es","@id":"https:\/\/diariodelsurdigital.com.ar\/?p=2796#primaryimage","url":"https:\/\/diariodelsurdigital.com.ar\/wp-content\/uploads\/2025\/05\/intendente-y-cancejales-23-27-1400x788-1.jpg","contentUrl":"https:\/\/diariodelsurdigital.com.ar\/wp-content\/uploads\/2025\/05\/intendente-y-cancejales-23-27-1400x788-1.jpg","width":689,"height":400},{"@type":"BreadcrumbList","@id":"https:\/\/diariodelsurdigital.com.ar\/?p=2796#breadcrumb","itemListElement":[{"@type":"ListItem","position":1,"name":"Portada","item":"https:\/\/diariodelsurdigital.com.ar\/"},{"@type":"ListItem","position":2,"name":"TRANSPARENCIA: Concejales de Puerto Yeru\u00e1 intimaron a que se publique los ingresos del intendente, funcionarios y empleados"}]},{"@type":"WebSite","@id":"https:\/\/diariodelsurdigital.com.ar\/#website","url":"https:\/\/diariodelsurdigital.com.ar\/","name":"Diario del Sur","description":"Digital","potentialAction":[{"@type":"SearchAction","target":{"@type":"EntryPoint","urlTemplate":"https:\/\/diariodelsurdigital.com.ar\/?s={search_term_string}"},"query-input":{"@type":"PropertyValueSpecification","valueRequired":true,"valueName":"search_term_string"}}],"inLanguage":"es"},{"@type":"Person","@id":"https:\/\/diariodelsurdigital.com.ar\/#\/schema\/person\/6136a32571657f7dba980b88b04c5465","name":"Diario del Sur Digital","image":{"@type":"ImageObject","inLanguage":"es","@id":"https:\/\/secure.gravatar.com\/avatar\/4c29ceac98541dd42460b2474aaa5dd37594d6ce6cb3cf2c101d09b48ee287ba?s=96&d=mm&r=g","url":"https:\/\/secure.gravatar.com\/avatar\/4c29ceac98541dd42460b2474aaa5dd37594d6ce6cb3cf2c101d09b48ee287ba?s=96&d=mm&r=g","contentUrl":"https:\/\/secure.gravatar.com\/avatar\/4c29ceac98541dd42460b2474aaa5dd37594d6ce6cb3cf2c101d09b48ee287ba?s=96&d=mm&r=g","caption":"Diario del Sur Digital"},"url":"https:\/\/diariodelsurdigital.com.ar\/?author=2"}]}},"_links":{"self":[{"href":"https:\/\/diariodelsurdigital.com.ar\/index.php?rest_route=\/wp\/v2\/posts\/2796","targetHints":{"allow":["GET"]}}],"collection":[{"href":"https:\/\/diariodelsurdigital.com.ar\/index.php?rest_route=\/wp\/v2\/posts"}],"about":[{"href":"https:\/\/diariodelsurdigital.com.ar\/index.php?rest_route=\/wp\/v2\/types\/post"}],"author":[{"embeddable":true,"href":"https:\/\/diariodelsurdigital.com.ar\/index.php?rest_route=\/wp\/v2\/users\/2"}],"replies":[{"embeddable":true,"href":"https:\/\/diariodelsurdigital.com.ar\/index.php?rest_route=%2Fwp%2Fv2%2Fcomments&post=2796"}],"version-history":[{"count":1,"href":"https:\/\/diariodelsurdigital.com.ar\/index.php?rest_route=\/wp\/v2\/posts\/2796\/revisions"}],"predecessor-version":[{"id":2810,"href":"https:\/\/diariodelsurdigital.com.ar\/index.php?rest_route=\/wp\/v2\/posts\/2796\/revisions\/2810"}],"wp:featuredmedia":[{"embeddable":true,"href":"https:\/\/diariodelsurdigital.com.ar\/index.php?rest_route=\/wp\/v2\/media\/2809"}],"wp:attachment":[{"href":"https:\/\/diariodelsurdigital.com.ar\/index.php?rest_route=%2Fwp%2Fv2%2Fmedia&parent=2796"}],"wp:term":[{"taxonomy":"category","embeddable":true,"href":"https:\/\/diariodelsurdigital.com.ar\/index.php?rest_route=%2Fwp%2Fv2%2Fcategories&post=2796"},{"taxonomy":"post_tag","embeddable":true,"href":"https:\/\/diariodelsurdigital.com.ar\/index.php?rest_route=%2Fwp%2Fv2%2Ftags&post=2796"}],"curies":[{"name":"wp","href":"https:\/\/api.w.org\/{rel}","templated":true}]}}