{"id":2808,"date":"2025-05-23T12:32:57","date_gmt":"2025-05-23T15:32:57","guid":{"rendered":"https:\/\/diariodelsurdigital.com.ar\/?p=2808"},"modified":"2025-05-23T12:32:58","modified_gmt":"2025-05-23T15:32:58","slug":"frigerio-celebro-el-decreto-que-desregulo-la-navegacion-en-los-rios-parana-y-uruguay","status":"publish","type":"post","link":"https:\/\/diariodelsurdigital.com.ar\/?p=2808","title":{"rendered":"Frigerio celebr\u00f3 el decreto que desregul\u00f3 la navegaci\u00f3n en los r\u00edos Paran\u00e1 y Uruguay"},"content":{"rendered":"\n<p>Se trata del Decreto de Necesidad y Urgencia (DNU) N\u00ba 340\/25 del Gobierno Nacional que cre\u00f3 el R\u00e9gimen de Excepci\u00f3n de la Marina Mercante Nacional. \u201cCelebramos esta decisi\u00f3n\u201d, poste\u00f3 el gobernador en su cuenta de X, haci\u00e9ndose eco del posteo del ministro de Desregulaci\u00f3n y Transformaci\u00f3n del Estado de la Naci\u00f3n Argentina, Federico Sturzenegger.<\/p>\n\n\n\n<p><\/p>\n\n\n\n<p>El gobernador de la provincia, Rogelio Frigerio, respondi\u00f3 a un posteo en la red social X que public\u00f3 el ministro de Desregulaci\u00f3n y Transformaci\u00f3n del Estado de la Naci\u00f3n Argentina, Federico Sturzenegger, que destac\u00f3 los alcances del Decreto de Necesidad y Urgencia (DNU) 340\/25 que estableci\u00f3 un nuevo R\u00e9gimen de Excepci\u00f3n de la Marina Mercante Nacional, con el objetivo de reactivar el transporte fluvial y mar\u00edtimo argentino, atraer inversiones y generar empleo.<\/p>\n\n\n\n<p>Frigerio entendi\u00f3 que la norma que se enmarca en la emergencia p\u00fablica dispuesta por el DNU 70\/2023 \u201cbeneficia a Entre R\u00edos y abre oportunidades concretas para aprovechar nuestros puertos y la navegabilidad del Paran\u00e1 y el Uruguay. M\u00e1s conectividad, m\u00e1s producci\u00f3n y m\u00e1s empleo para nuestra provincia y la regi\u00f3n\u201d.<\/p>\n\n\n\n<p>En su extenso posteo, Sturzenegger, indic\u00f3 que \u201cel Art\u00edculo 26 de nuestra Constituci\u00f3n reza que \u2018La navegaci\u00f3n de los r\u00edos interiores de la Naci\u00f3n es libre para todas las banderas, con sujeci\u00f3n \u00fanicamente a los reglamentos que dicte la autoridad nacional\u2019. De hecho, muchas de nuestras guerras civiles se pelearon, en parte, para asegurar la libertad de navegaci\u00f3n y comercio. Despu\u00e9s vino el excesivo reglamentarismo, que tap\u00f3 todo, incluso los principios b\u00e1sicos de la Constituci\u00f3n. El DNU 340\/25 con firma de @JMilei rescata el esp\u00edritu constitucional y desregula el mercado de cabotaje\u201d.<\/p>\n\n\n\n<p>El ministro expres\u00f3 que \u201ctambi\u00e9n empieza a cerrar el ciclo de reformas en transporte del presidente @JMilei; completando un arco que cubri\u00f3 lo a\u00e9reo, lo terrestre y ahora lo fluvial y mar\u00edtimo. No necesitamos aclarar que la reforma del transporte es un paso clave para bajar el costo argentino. En lo que hace al transporte por agua, ya hab\u00edamos modificado el REGINAVE y el margen de seguridad bajo quilla, pero operar un buque de bandera argentina sigue siendo hasta 4 veces m\u00e1s costoso que en pa\u00edses vecinos. Por ello, el DNU que modifica el decreto ley 19.492 de 1944, y las leyes 20.094, 27.418 y 27.419, es el paso natural que segu\u00eda\u201d.<\/p>\n\n\n\n<p>Sturzenegger opin\u00f3: \u201cVenimos de una historia m\u00e1s de destrucci\u00f3n por culpa del Estado y el kirchnerismo. En los a\u00f1os 90 el presidente Menem hab\u00eda logrado una desregulaci\u00f3n exitosa que hab\u00eda permitido a los armadores y trabajadores argentinos trabajar y competir adapt\u00e1ndose a las flotas m\u00e1s competitivas del mundo. Pero vino el kirchnerismo que, como sabemos, destruye todo\u201d.<\/p>\n\n\n\n<p>Cuestion\u00f3 que el kirchnerismo \u201crevirti\u00f3 la desregulaci\u00f3n y puso al sector en punto terapia intensiva. 20 a\u00f1os despu\u00e9s quedaban menos de 20 buques en el tr\u00e1fico de cabotaje, principalmente destinado al transporte de petr\u00f3leo y derivados desde la Patagonia. En el Paran\u00e1 las barcazas paraguayas acapararon todo el tr\u00e1fico. Hab\u00edamos entregado un negocio por las restricciones que impone el Estado\u201d.<\/p>\n\n\n\n<p>El ministro destac\u00f3 que \u201cel DNU 340\/2025 que aprob\u00f3 el R\u00e9gimen de Excepci\u00f3n de la Marina Mercante Nacional, propicia una serie de medidas para revertir esta situaci\u00f3n y volver a tener un cabotaje pujante\u201d. A\u00f1adi\u00f3 que \u201clo m\u00e1s importante es que se permitir\u00e1 el tratamiento de matr\u00edcula nacional a buques extranjeros. Esto quiere decir que una barcaza paraguaya, por ejemplo, se podr\u00e1 matricular en Argentina y operar como una nave local. Deber\u00e1n ser tripulados por argentinos o extranjeros residentes en los t\u00e9rminos del art. 143 de la Ley de Navegaci\u00f3n (75 % de la dotaci\u00f3n), pero se regir\u00e1n para ese contrato con las leyes de su pa\u00eds de origen\u201d<\/p>\n","protected":false},"excerpt":{"rendered":"<p>Se trata del Decreto de Necesidad y Urgencia (DNU) N\u00ba 340\/25 del Gobierno Nacional que cre\u00f3 el R\u00e9gimen de Excepci\u00f3n de la Marina Mercante Nacional. \u201cCelebramos esta decisi\u00f3n\u201d, poste\u00f3 el gobernador en su cuenta de X, haci\u00e9ndose eco del posteo del ministro de Desregulaci\u00f3n y Transformaci\u00f3n del Estado de la Naci\u00f3n Argentina, Federico Sturzenegger. El [&hellip;]<\/p>\n","protected":false},"author":4,"featured_media":2811,"comment_status":"open","ping_status":"open","sticky":false,"template":"","format":"standard","meta":{"footnotes":""},"categories":[17],"tags":[],"class_list":{"0":"post-2808","1":"post","2":"type-post","3":"status-publish","4":"format-standard","5":"has-post-thumbnail","7":"category-provinciales"},"yoast_head":"<!-- This site is optimized with the Yoast SEO plugin v27.4 - https:\/\/yoast.com\/product\/yoast-seo-wordpress\/ -->\n<title>Frigerio celebr\u00f3 el decreto que desregul\u00f3 la navegaci\u00f3n en los r\u00edos Paran\u00e1 y Uruguay - Diario del Sur<\/title>\n<meta name=\"robots\" content=\"index, follow, max-snippet:-1, max-image-preview:large, max-video-preview:-1\" \/>\n<link rel=\"canonical\" href=\"https:\/\/diariodelsurdigital.com.ar\/?p=2808\" \/>\n<meta property=\"og:locale\" content=\"es_ES\" \/>\n<meta property=\"og:type\" content=\"article\" \/>\n<meta property=\"og:title\" content=\"Frigerio celebr\u00f3 el decreto que desregul\u00f3 la navegaci\u00f3n en los r\u00edos Paran\u00e1 y Uruguay - Diario del Sur\" \/>\n<meta property=\"og:description\" content=\"Se trata del Decreto de Necesidad y Urgencia (DNU) N\u00ba 340\/25 del Gobierno Nacional que cre\u00f3 el R\u00e9gimen de Excepci\u00f3n de la Marina Mercante Nacional. \u201cCelebramos esta decisi\u00f3n\u201d, poste\u00f3 el gobernador en su cuenta de X, haci\u00e9ndose eco del posteo del ministro de Desregulaci\u00f3n y Transformaci\u00f3n del Estado de la Naci\u00f3n Argentina, Federico Sturzenegger. El [&hellip;]\" \/>\n<meta property=\"og:url\" content=\"https:\/\/diariodelsurdigital.com.ar\/?p=2808\" \/>\n<meta property=\"og:site_name\" content=\"Diario del Sur\" \/>\n<meta property=\"article:published_time\" content=\"2025-05-23T15:32:57+00:00\" \/>\n<meta property=\"article:modified_time\" content=\"2025-05-23T15:32:58+00:00\" \/>\n<meta property=\"og:image\" content=\"https:\/\/diariodelsurdigital.com.ar\/wp-content\/uploads\/2025\/05\/md-54.webp\" \/>\n\t<meta property=\"og:image:width\" content=\"992\" \/>\n\t<meta property=\"og:image:height\" content=\"700\" \/>\n\t<meta property=\"og:image:type\" content=\"image\/webp\" \/>\n<meta name=\"author\" content=\"Diario del Sur Digital\" \/>\n<meta name=\"twitter:card\" content=\"summary_large_image\" \/>\n<meta name=\"twitter:label1\" content=\"Escrito por\" \/>\n\t<meta name=\"twitter:data1\" content=\"Diario del Sur Digital\" \/>\n\t<meta name=\"twitter:label2\" content=\"Tiempo de lectura\" \/>\n\t<meta name=\"twitter:data2\" content=\"3 minutos\" \/>\n<script type=\"application\/ld+json\" class=\"yoast-schema-graph\">{\"@context\":\"https:\\\/\\\/schema.org\",\"@graph\":[{\"@type\":\"Article\",\"@id\":\"https:\\\/\\\/diariodelsurdigital.com.ar\\\/?p=2808#article\",\"isPartOf\":{\"@id\":\"https:\\\/\\\/diariodelsurdigital.com.ar\\\/?p=2808\"},\"author\":{\"name\":\"Diario del Sur Digital\",\"@id\":\"https:\\\/\\\/diariodelsurdigital.com.ar\\\/#\\\/schema\\\/person\\\/1a4992532ed62965c968031b49195c81\"},\"headline\":\"Frigerio celebr\u00f3 el decreto que desregul\u00f3 la navegaci\u00f3n en los r\u00edos Paran\u00e1 y Uruguay\",\"datePublished\":\"2025-05-23T15:32:57+00:00\",\"dateModified\":\"2025-05-23T15:32:58+00:00\",\"mainEntityOfPage\":{\"@id\":\"https:\\\/\\\/diariodelsurdigital.com.ar\\\/?p=2808\"},\"wordCount\":669,\"commentCount\":0,\"image\":{\"@id\":\"https:\\\/\\\/diariodelsurdigital.com.ar\\\/?p=2808#primaryimage\"},\"thumbnailUrl\":\"https:\\\/\\\/diariodelsurdigital.com.ar\\\/wp-content\\\/uploads\\\/2025\\\/05\\\/md-54.webp\",\"articleSection\":[\"Provinciales\"],\"inLanguage\":\"es\",\"potentialAction\":[{\"@type\":\"CommentAction\",\"name\":\"Comment\",\"target\":[\"https:\\\/\\\/diariodelsurdigital.com.ar\\\/?p=2808#respond\"]}]},{\"@type\":\"WebPage\",\"@id\":\"https:\\\/\\\/diariodelsurdigital.com.ar\\\/?p=2808\",\"url\":\"https:\\\/\\\/diariodelsurdigital.com.ar\\\/?p=2808\",\"name\":\"Frigerio celebr\u00f3 el decreto que desregul\u00f3 la navegaci\u00f3n en los r\u00edos Paran\u00e1 y Uruguay - Diario del Sur\",\"isPartOf\":{\"@id\":\"https:\\\/\\\/diariodelsurdigital.com.ar\\\/#website\"},\"primaryImageOfPage\":{\"@id\":\"https:\\\/\\\/diariodelsurdigital.com.ar\\\/?p=2808#primaryimage\"},\"image\":{\"@id\":\"https:\\\/\\\/diariodelsurdigital.com.ar\\\/?p=2808#primaryimage\"},\"thumbnailUrl\":\"https:\\\/\\\/diariodelsurdigital.com.ar\\\/wp-content\\\/uploads\\\/2025\\\/05\\\/md-54.webp\",\"datePublished\":\"2025-05-23T15:32:57+00:00\",\"dateModified\":\"2025-05-23T15:32:58+00:00\",\"author\":{\"@id\":\"https:\\\/\\\/diariodelsurdigital.com.ar\\\/#\\\/schema\\\/person\\\/1a4992532ed62965c968031b49195c81\"},\"breadcrumb\":{\"@id\":\"https:\\\/\\\/diariodelsurdigital.com.ar\\\/?p=2808#breadcrumb\"},\"inLanguage\":\"es\",\"potentialAction\":[{\"@type\":\"ReadAction\",\"target\":[\"https:\\\/\\\/diariodelsurdigital.com.ar\\\/?p=2808\"]}]},{\"@type\":\"ImageObject\",\"inLanguage\":\"es\",\"@id\":\"https:\\\/\\\/diariodelsurdigital.com.ar\\\/?p=2808#primaryimage\",\"url\":\"https:\\\/\\\/diariodelsurdigital.com.ar\\\/wp-content\\\/uploads\\\/2025\\\/05\\\/md-54.webp\",\"contentUrl\":\"https:\\\/\\\/diariodelsurdigital.com.ar\\\/wp-content\\\/uploads\\\/2025\\\/05\\\/md-54.webp\",\"width\":992,\"height\":700},{\"@type\":\"BreadcrumbList\",\"@id\":\"https:\\\/\\\/diariodelsurdigital.com.ar\\\/?p=2808#breadcrumb\",\"itemListElement\":[{\"@type\":\"ListItem\",\"position\":1,\"name\":\"Portada\",\"item\":\"https:\\\/\\\/diariodelsurdigital.com.ar\\\/\"},{\"@type\":\"ListItem\",\"position\":2,\"name\":\"Frigerio celebr\u00f3 el decreto que desregul\u00f3 la navegaci\u00f3n en los r\u00edos Paran\u00e1 y Uruguay\"}]},{\"@type\":\"WebSite\",\"@id\":\"https:\\\/\\\/diariodelsurdigital.com.ar\\\/#website\",\"url\":\"https:\\\/\\\/diariodelsurdigital.com.ar\\\/\",\"name\":\"Diario del Sur\",\"description\":\"Digital\",\"potentialAction\":[{\"@type\":\"SearchAction\",\"target\":{\"@type\":\"EntryPoint\",\"urlTemplate\":\"https:\\\/\\\/diariodelsurdigital.com.ar\\\/?s={search_term_string}\"},\"query-input\":{\"@type\":\"PropertyValueSpecification\",\"valueRequired\":true,\"valueName\":\"search_term_string\"}}],\"inLanguage\":\"es\"},{\"@type\":\"Person\",\"@id\":\"https:\\\/\\\/diariodelsurdigital.com.ar\\\/#\\\/schema\\\/person\\\/1a4992532ed62965c968031b49195c81\",\"name\":\"Diario del Sur Digital\",\"image\":{\"@type\":\"ImageObject\",\"inLanguage\":\"es\",\"@id\":\"https:\\\/\\\/secure.gravatar.com\\\/avatar\\\/f0c7c47fc7146d19828273b9b8eda651c9c7ab583767e6338d3d3bee825adf76?s=96&d=mm&r=g\",\"url\":\"https:\\\/\\\/secure.gravatar.com\\\/avatar\\\/f0c7c47fc7146d19828273b9b8eda651c9c7ab583767e6338d3d3bee825adf76?s=96&d=mm&r=g\",\"contentUrl\":\"https:\\\/\\\/secure.gravatar.com\\\/avatar\\\/f0c7c47fc7146d19828273b9b8eda651c9c7ab583767e6338d3d3bee825adf76?s=96&d=mm&r=g\",\"caption\":\"Diario del Sur Digital\"},\"url\":\"https:\\\/\\\/diariodelsurdigital.com.ar\\\/?author=4\"}]}<\/script>\n<!-- \/ Yoast SEO plugin. -->","yoast_head_json":{"title":"Frigerio celebr\u00f3 el decreto que desregul\u00f3 la navegaci\u00f3n en los r\u00edos Paran\u00e1 y Uruguay - Diario del Sur","robots":{"index":"index","follow":"follow","max-snippet":"max-snippet:-1","max-image-preview":"max-image-preview:large","max-video-preview":"max-video-preview:-1"},"canonical":"https:\/\/diariodelsurdigital.com.ar\/?p=2808","og_locale":"es_ES","og_type":"article","og_title":"Frigerio celebr\u00f3 el decreto que desregul\u00f3 la navegaci\u00f3n en los r\u00edos Paran\u00e1 y Uruguay - Diario del Sur","og_description":"Se trata del Decreto de Necesidad y Urgencia (DNU) N\u00ba 340\/25 del Gobierno Nacional que cre\u00f3 el R\u00e9gimen de Excepci\u00f3n de la Marina Mercante Nacional. \u201cCelebramos esta decisi\u00f3n\u201d, poste\u00f3 el gobernador en su cuenta de X, haci\u00e9ndose eco del posteo del ministro de Desregulaci\u00f3n y Transformaci\u00f3n del Estado de la Naci\u00f3n Argentina, Federico Sturzenegger. El [&hellip;]","og_url":"https:\/\/diariodelsurdigital.com.ar\/?p=2808","og_site_name":"Diario del Sur","article_published_time":"2025-05-23T15:32:57+00:00","article_modified_time":"2025-05-23T15:32:58+00:00","og_image":[{"width":992,"height":700,"url":"https:\/\/diariodelsurdigital.com.ar\/wp-content\/uploads\/2025\/05\/md-54.webp","type":"image\/webp"}],"author":"Diario del Sur Digital","twitter_card":"summary_large_image","twitter_misc":{"Escrito por":"Diario del Sur Digital","Tiempo de lectura":"3 minutos"},"schema":{"@context":"https:\/\/schema.org","@graph":[{"@type":"Article","@id":"https:\/\/diariodelsurdigital.com.ar\/?p=2808#article","isPartOf":{"@id":"https:\/\/diariodelsurdigital.com.ar\/?p=2808"},"author":{"name":"Diario del Sur Digital","@id":"https:\/\/diariodelsurdigital.com.ar\/#\/schema\/person\/1a4992532ed62965c968031b49195c81"},"headline":"Frigerio celebr\u00f3 el decreto que desregul\u00f3 la navegaci\u00f3n en los r\u00edos Paran\u00e1 y Uruguay","datePublished":"2025-05-23T15:32:57+00:00","dateModified":"2025-05-23T15:32:58+00:00","mainEntityOfPage":{"@id":"https:\/\/diariodelsurdigital.com.ar\/?p=2808"},"wordCount":669,"commentCount":0,"image":{"@id":"https:\/\/diariodelsurdigital.com.ar\/?p=2808#primaryimage"},"thumbnailUrl":"https:\/\/diariodelsurdigital.com.ar\/wp-content\/uploads\/2025\/05\/md-54.webp","articleSection":["Provinciales"],"inLanguage":"es","potentialAction":[{"@type":"CommentAction","name":"Comment","target":["https:\/\/diariodelsurdigital.com.ar\/?p=2808#respond"]}]},{"@type":"WebPage","@id":"https:\/\/diariodelsurdigital.com.ar\/?p=2808","url":"https:\/\/diariodelsurdigital.com.ar\/?p=2808","name":"Frigerio celebr\u00f3 el decreto que desregul\u00f3 la navegaci\u00f3n en los r\u00edos Paran\u00e1 y Uruguay - Diario del Sur","isPartOf":{"@id":"https:\/\/diariodelsurdigital.com.ar\/#website"},"primaryImageOfPage":{"@id":"https:\/\/diariodelsurdigital.com.ar\/?p=2808#primaryimage"},"image":{"@id":"https:\/\/diariodelsurdigital.com.ar\/?p=2808#primaryimage"},"thumbnailUrl":"https:\/\/diariodelsurdigital.com.ar\/wp-content\/uploads\/2025\/05\/md-54.webp","datePublished":"2025-05-23T15:32:57+00:00","dateModified":"2025-05-23T15:32:58+00:00","author":{"@id":"https:\/\/diariodelsurdigital.com.ar\/#\/schema\/person\/1a4992532ed62965c968031b49195c81"},"breadcrumb":{"@id":"https:\/\/diariodelsurdigital.com.ar\/?p=2808#breadcrumb"},"inLanguage":"es","potentialAction":[{"@type":"ReadAction","target":["https:\/\/diariodelsurdigital.com.ar\/?p=2808"]}]},{"@type":"ImageObject","inLanguage":"es","@id":"https:\/\/diariodelsurdigital.com.ar\/?p=2808#primaryimage","url":"https:\/\/diariodelsurdigital.com.ar\/wp-content\/uploads\/2025\/05\/md-54.webp","contentUrl":"https:\/\/diariodelsurdigital.com.ar\/wp-content\/uploads\/2025\/05\/md-54.webp","width":992,"height":700},{"@type":"BreadcrumbList","@id":"https:\/\/diariodelsurdigital.com.ar\/?p=2808#breadcrumb","itemListElement":[{"@type":"ListItem","position":1,"name":"Portada","item":"https:\/\/diariodelsurdigital.com.ar\/"},{"@type":"ListItem","position":2,"name":"Frigerio celebr\u00f3 el decreto que desregul\u00f3 la navegaci\u00f3n en los r\u00edos Paran\u00e1 y Uruguay"}]},{"@type":"WebSite","@id":"https:\/\/diariodelsurdigital.com.ar\/#website","url":"https:\/\/diariodelsurdigital.com.ar\/","name":"Diario del Sur","description":"Digital","potentialAction":[{"@type":"SearchAction","target":{"@type":"EntryPoint","urlTemplate":"https:\/\/diariodelsurdigital.com.ar\/?s={search_term_string}"},"query-input":{"@type":"PropertyValueSpecification","valueRequired":true,"valueName":"search_term_string"}}],"inLanguage":"es"},{"@type":"Person","@id":"https:\/\/diariodelsurdigital.com.ar\/#\/schema\/person\/1a4992532ed62965c968031b49195c81","name":"Diario del Sur Digital","image":{"@type":"ImageObject","inLanguage":"es","@id":"https:\/\/secure.gravatar.com\/avatar\/f0c7c47fc7146d19828273b9b8eda651c9c7ab583767e6338d3d3bee825adf76?s=96&d=mm&r=g","url":"https:\/\/secure.gravatar.com\/avatar\/f0c7c47fc7146d19828273b9b8eda651c9c7ab583767e6338d3d3bee825adf76?s=96&d=mm&r=g","contentUrl":"https:\/\/secure.gravatar.com\/avatar\/f0c7c47fc7146d19828273b9b8eda651c9c7ab583767e6338d3d3bee825adf76?s=96&d=mm&r=g","caption":"Diario del Sur Digital"},"url":"https:\/\/diariodelsurdigital.com.ar\/?author=4"}]}},"_links":{"self":[{"href":"https:\/\/diariodelsurdigital.com.ar\/index.php?rest_route=\/wp\/v2\/posts\/2808","targetHints":{"allow":["GET"]}}],"collection":[{"href":"https:\/\/diariodelsurdigital.com.ar\/index.php?rest_route=\/wp\/v2\/posts"}],"about":[{"href":"https:\/\/diariodelsurdigital.com.ar\/index.php?rest_route=\/wp\/v2\/types\/post"}],"author":[{"embeddable":true,"href":"https:\/\/diariodelsurdigital.com.ar\/index.php?rest_route=\/wp\/v2\/users\/4"}],"replies":[{"embeddable":true,"href":"https:\/\/diariodelsurdigital.com.ar\/index.php?rest_route=%2Fwp%2Fv2%2Fcomments&post=2808"}],"version-history":[{"count":1,"href":"https:\/\/diariodelsurdigital.com.ar\/index.php?rest_route=\/wp\/v2\/posts\/2808\/revisions"}],"predecessor-version":[{"id":2812,"href":"https:\/\/diariodelsurdigital.com.ar\/index.php?rest_route=\/wp\/v2\/posts\/2808\/revisions\/2812"}],"wp:featuredmedia":[{"embeddable":true,"href":"https:\/\/diariodelsurdigital.com.ar\/index.php?rest_route=\/wp\/v2\/media\/2811"}],"wp:attachment":[{"href":"https:\/\/diariodelsurdigital.com.ar\/index.php?rest_route=%2Fwp%2Fv2%2Fmedia&parent=2808"}],"wp:term":[{"taxonomy":"category","embeddable":true,"href":"https:\/\/diariodelsurdigital.com.ar\/index.php?rest_route=%2Fwp%2Fv2%2Fcategories&post=2808"},{"taxonomy":"post_tag","embeddable":true,"href":"https:\/\/diariodelsurdigital.com.ar\/index.php?rest_route=%2Fwp%2Fv2%2Ftags&post=2808"}],"curies":[{"name":"wp","href":"https:\/\/api.w.org\/{rel}","templated":true}]}}