{"id":2816,"date":"2025-05-23T12:40:59","date_gmt":"2025-05-23T15:40:59","guid":{"rendered":"https:\/\/diariodelsurdigital.com.ar\/?p=2816"},"modified":"2025-05-23T12:41:00","modified_gmt":"2025-05-23T15:41:00","slug":"trabajadores-del-iosper-acusaron-a-frigerio-de-montar-una-campana-de-desprestigio-hacia-la-obra-social","status":"publish","type":"post","link":"https:\/\/diariodelsurdigital.com.ar\/?p=2816","title":{"rendered":"Trabajadores del Iosper acusaron a Frigerio de montar una campa\u00f1a de desprestigio hacia la obra social"},"content":{"rendered":"\n<p>En respuesta a las declaraciones del mandatario sobre un presunto \u00abboicot interno\u00bb, el personal de Iosper no solo rechaz\u00f3 categ\u00f3ricamente las acusaciones, sino que tambi\u00e9n alert\u00f3 sobre una campa\u00f1a de desprestigio en curso para erosionar la imagen de la obra social y sus empleados. Tal operaci\u00f3n \u201cconfigura una modalidad de violencia moral y simb\u00f3lica que busca silenciar y disciplinar nuestra voz\u201d, advirtieron.<\/p>\n\n\n\n<p>Los trabajadores del Instituto de Obra Social de la Provincia de Entre R\u00edos (Iosper) difundieron una declaraci\u00f3n p\u00fablica en la que repudiaron las recientes declaraciones vertidas por el gobernador Rogelio Frigerio en el programa \u00abCuesti\u00f3n de Fondo\u00bb emitido por Canal 9 Litoral.<\/p>\n\n\n\n<p>\u201cConsideramos que acusar al personal de un supuesto \u2018boicot interno\u2019 y atribuir la comisi\u00f3n de actos u omisiones intencionales con el fin de menoscabar el funcionamiento de la instituci\u00f3n a partir de la Intervenci\u00f3n, lejos de abonar a la necesaria construcci\u00f3n de un di\u00e1logo institucional resulta irresponsables e infundado\u201d, sostuvieron.<\/p>\n\n\n\n<p>\u201cEs imperativo recordar que el ejercicio de la funci\u00f3n p\u00fablica, y en particular la investidura de Mandatario Provincial exige un accionar enmarcado en la responsabilidad y la \u00e9tica. Esto cobra particular relevancia en el actual escenario donde se debate una propuesta de reforma legislativa que impactar\u00e1 directamente en la cobertura y las prestaciones de salud de m\u00e1s de 300.000 ciudadanos entrerrianos que son beneficiarios de Iosper\u201d, enfatizaron.<\/p>\n\n\n\n<p>Frigerio: \u201cLa salud p\u00fablica no puede estar en manos de los sindicatos\u201d<br>\u201cEn este contexto, la desinformaci\u00f3n y la difusi\u00f3n de datos imprecisos generan un perjuicio directo a quienes, con dedicaci\u00f3n y compromiso, llevamos adelante la tarea cotidiana de brindar atenci\u00f3n a los afiliados de la Obra Social\u201d, manifestaron luego en un comunicado enviado a esta Agencia.<\/p>\n\n\n\n<p>En este marco, advirtieron que \u201clas afirmaciones proferidas por el Gobernador Frigerio, carentes de sustento f\u00e1ctico, parecen tener por objetivo instalar una agenda de descr\u00e9dito hacia el conjunto de los empleados del Iosper\u201d.<\/p>\n\n\n\n<p>Consideraron que \u201cesta estrategia no solo menoscaba la labor de quienes defendemos nuestra fuente laboral, sino que tambi\u00e9n atenta contra la tranquilidad y la confianza de miles de afiliados de toda la provincia\u201d.<\/p>\n\n\n\n<p>\u201cLa operaci\u00f3n de desprestigio en cuesti\u00f3n, caracterizada por su naturaleza lesiva y su considerable impacto en la opini\u00f3n p\u00fablica, configura una modalidad de violencia moral y simb\u00f3lica que busca silenciar y disciplinar nuestra voz\u201d, subrayaron y fueron m\u00e1s all\u00e1 al asegurar que \u201cdicha acci\u00f3n vulnera y afecta de manera directa y grave el derecho al honor de quienes prestamos servicio en las diferentes delegaciones, menoscabando nuestra reputaci\u00f3n y dignidad\u201d.<\/p>\n\n\n\n<p>\u201cNo podemos obviar el significativo hecho de que la entrevista en cuesti\u00f3n fue realizada el mismo d\u00eda en que los trabajadores del Iosper y otros sectores nos movilizamos en defensa de la instituci\u00f3n, manifestando nuestro contundente rechazo al proyecto de \u00abLey OSER\u00bb, presentado por el Poder Ejecutivo Provincial el pasado 28 de abril\u201d, recordaron.<\/p>\n\n\n\n<p>Y afirmaron: \u201cEn este marco temporal, las declaraciones agresivas y violentas adquieren una connotaci\u00f3n a\u00fan m\u00e1s preocupante y resultan inaceptables\u201d.<\/p>\n\n\n\n<p>\u201cA pesar de todo, estamos UNIDOS y decididos a seguir defendiendo estos derechos para manifestar nuestra postura y buscar alternativas favorables para todos los afiliados y trabajadores de Iosper\u201d, concluyeron.<\/p>\n","protected":false},"excerpt":{"rendered":"<p>En respuesta a las declaraciones del mandatario sobre un presunto \u00abboicot interno\u00bb, el personal de Iosper no solo rechaz\u00f3 categ\u00f3ricamente las acusaciones, sino que tambi\u00e9n alert\u00f3 sobre una campa\u00f1a de desprestigio en curso para erosionar la imagen de la obra social y sus empleados. Tal operaci\u00f3n \u201cconfigura una modalidad de violencia moral y simb\u00f3lica que [&hellip;]<\/p>\n","protected":false},"author":4,"featured_media":2817,"comment_status":"open","ping_status":"open","sticky":false,"template":"","format":"standard","meta":{"footnotes":""},"categories":[22,17],"tags":[],"class_list":{"0":"post-2816","1":"post","2":"type-post","3":"status-publish","4":"format-standard","5":"has-post-thumbnail","7":"category-politica","8":"category-provinciales"},"yoast_head":"<!-- This site is optimized with the Yoast SEO plugin v27.4 - https:\/\/yoast.com\/product\/yoast-seo-wordpress\/ -->\n<title>Trabajadores del Iosper acusaron a Frigerio de montar una campa\u00f1a de desprestigio hacia la obra social - Diario del Sur<\/title>\n<meta name=\"robots\" content=\"index, follow, max-snippet:-1, max-image-preview:large, max-video-preview:-1\" \/>\n<link rel=\"canonical\" href=\"https:\/\/diariodelsurdigital.com.ar\/?p=2816\" \/>\n<meta property=\"og:locale\" content=\"es_ES\" \/>\n<meta property=\"og:type\" content=\"article\" \/>\n<meta property=\"og:title\" content=\"Trabajadores del Iosper acusaron a Frigerio de montar una campa\u00f1a de desprestigio hacia la obra social - Diario del Sur\" \/>\n<meta property=\"og:description\" content=\"En respuesta a las declaraciones del mandatario sobre un presunto \u00abboicot interno\u00bb, el personal de Iosper no solo rechaz\u00f3 categ\u00f3ricamente las acusaciones, sino que tambi\u00e9n alert\u00f3 sobre una campa\u00f1a de desprestigio en curso para erosionar la imagen de la obra social y sus empleados. Tal operaci\u00f3n \u201cconfigura una modalidad de violencia moral y simb\u00f3lica que [&hellip;]\" \/>\n<meta property=\"og:url\" content=\"https:\/\/diariodelsurdigital.com.ar\/?p=2816\" \/>\n<meta property=\"og:site_name\" content=\"Diario del Sur\" \/>\n<meta property=\"article:published_time\" content=\"2025-05-23T15:40:59+00:00\" \/>\n<meta property=\"article:modified_time\" content=\"2025-05-23T15:41:00+00:00\" \/>\n<meta property=\"og:image\" content=\"https:\/\/diariodelsurdigital.com.ar\/wp-content\/uploads\/2025\/05\/md-56.webp\" \/>\n\t<meta property=\"og:image:width\" content=\"992\" \/>\n\t<meta property=\"og:image:height\" content=\"661\" \/>\n\t<meta property=\"og:image:type\" content=\"image\/webp\" \/>\n<meta name=\"author\" content=\"Diario del Sur Digital\" \/>\n<meta name=\"twitter:card\" content=\"summary_large_image\" \/>\n<meta name=\"twitter:label1\" content=\"Escrito por\" \/>\n\t<meta name=\"twitter:data1\" content=\"Diario del Sur Digital\" \/>\n\t<meta name=\"twitter:label2\" content=\"Tiempo de lectura\" \/>\n\t<meta name=\"twitter:data2\" content=\"3 minutos\" \/>\n<script type=\"application\/ld+json\" class=\"yoast-schema-graph\">{\"@context\":\"https:\\\/\\\/schema.org\",\"@graph\":[{\"@type\":\"Article\",\"@id\":\"https:\\\/\\\/diariodelsurdigital.com.ar\\\/?p=2816#article\",\"isPartOf\":{\"@id\":\"https:\\\/\\\/diariodelsurdigital.com.ar\\\/?p=2816\"},\"author\":{\"name\":\"Diario del Sur Digital\",\"@id\":\"https:\\\/\\\/diariodelsurdigital.com.ar\\\/#\\\/schema\\\/person\\\/1a4992532ed62965c968031b49195c81\"},\"headline\":\"Trabajadores del Iosper acusaron a Frigerio de montar una campa\u00f1a de desprestigio hacia la obra social\",\"datePublished\":\"2025-05-23T15:40:59+00:00\",\"dateModified\":\"2025-05-23T15:41:00+00:00\",\"mainEntityOfPage\":{\"@id\":\"https:\\\/\\\/diariodelsurdigital.com.ar\\\/?p=2816\"},\"wordCount\":570,\"commentCount\":0,\"image\":{\"@id\":\"https:\\\/\\\/diariodelsurdigital.com.ar\\\/?p=2816#primaryimage\"},\"thumbnailUrl\":\"https:\\\/\\\/diariodelsurdigital.com.ar\\\/wp-content\\\/uploads\\\/2025\\\/05\\\/md-56.webp\",\"articleSection\":[\"Pol\u00edtica\",\"Provinciales\"],\"inLanguage\":\"es\",\"potentialAction\":[{\"@type\":\"CommentAction\",\"name\":\"Comment\",\"target\":[\"https:\\\/\\\/diariodelsurdigital.com.ar\\\/?p=2816#respond\"]}]},{\"@type\":\"WebPage\",\"@id\":\"https:\\\/\\\/diariodelsurdigital.com.ar\\\/?p=2816\",\"url\":\"https:\\\/\\\/diariodelsurdigital.com.ar\\\/?p=2816\",\"name\":\"Trabajadores del Iosper acusaron a Frigerio de montar una campa\u00f1a de desprestigio hacia la obra social - Diario del Sur\",\"isPartOf\":{\"@id\":\"https:\\\/\\\/diariodelsurdigital.com.ar\\\/#website\"},\"primaryImageOfPage\":{\"@id\":\"https:\\\/\\\/diariodelsurdigital.com.ar\\\/?p=2816#primaryimage\"},\"image\":{\"@id\":\"https:\\\/\\\/diariodelsurdigital.com.ar\\\/?p=2816#primaryimage\"},\"thumbnailUrl\":\"https:\\\/\\\/diariodelsurdigital.com.ar\\\/wp-content\\\/uploads\\\/2025\\\/05\\\/md-56.webp\",\"datePublished\":\"2025-05-23T15:40:59+00:00\",\"dateModified\":\"2025-05-23T15:41:00+00:00\",\"author\":{\"@id\":\"https:\\\/\\\/diariodelsurdigital.com.ar\\\/#\\\/schema\\\/person\\\/1a4992532ed62965c968031b49195c81\"},\"breadcrumb\":{\"@id\":\"https:\\\/\\\/diariodelsurdigital.com.ar\\\/?p=2816#breadcrumb\"},\"inLanguage\":\"es\",\"potentialAction\":[{\"@type\":\"ReadAction\",\"target\":[\"https:\\\/\\\/diariodelsurdigital.com.ar\\\/?p=2816\"]}]},{\"@type\":\"ImageObject\",\"inLanguage\":\"es\",\"@id\":\"https:\\\/\\\/diariodelsurdigital.com.ar\\\/?p=2816#primaryimage\",\"url\":\"https:\\\/\\\/diariodelsurdigital.com.ar\\\/wp-content\\\/uploads\\\/2025\\\/05\\\/md-56.webp\",\"contentUrl\":\"https:\\\/\\\/diariodelsurdigital.com.ar\\\/wp-content\\\/uploads\\\/2025\\\/05\\\/md-56.webp\",\"width\":992,\"height\":661},{\"@type\":\"BreadcrumbList\",\"@id\":\"https:\\\/\\\/diariodelsurdigital.com.ar\\\/?p=2816#breadcrumb\",\"itemListElement\":[{\"@type\":\"ListItem\",\"position\":1,\"name\":\"Portada\",\"item\":\"https:\\\/\\\/diariodelsurdigital.com.ar\\\/\"},{\"@type\":\"ListItem\",\"position\":2,\"name\":\"Trabajadores del Iosper acusaron a Frigerio de montar una campa\u00f1a de desprestigio hacia la obra social\"}]},{\"@type\":\"WebSite\",\"@id\":\"https:\\\/\\\/diariodelsurdigital.com.ar\\\/#website\",\"url\":\"https:\\\/\\\/diariodelsurdigital.com.ar\\\/\",\"name\":\"Diario del Sur\",\"description\":\"Digital\",\"potentialAction\":[{\"@type\":\"SearchAction\",\"target\":{\"@type\":\"EntryPoint\",\"urlTemplate\":\"https:\\\/\\\/diariodelsurdigital.com.ar\\\/?s={search_term_string}\"},\"query-input\":{\"@type\":\"PropertyValueSpecification\",\"valueRequired\":true,\"valueName\":\"search_term_string\"}}],\"inLanguage\":\"es\"},{\"@type\":\"Person\",\"@id\":\"https:\\\/\\\/diariodelsurdigital.com.ar\\\/#\\\/schema\\\/person\\\/1a4992532ed62965c968031b49195c81\",\"name\":\"Diario del Sur Digital\",\"image\":{\"@type\":\"ImageObject\",\"inLanguage\":\"es\",\"@id\":\"https:\\\/\\\/secure.gravatar.com\\\/avatar\\\/f0c7c47fc7146d19828273b9b8eda651c9c7ab583767e6338d3d3bee825adf76?s=96&d=mm&r=g\",\"url\":\"https:\\\/\\\/secure.gravatar.com\\\/avatar\\\/f0c7c47fc7146d19828273b9b8eda651c9c7ab583767e6338d3d3bee825adf76?s=96&d=mm&r=g\",\"contentUrl\":\"https:\\\/\\\/secure.gravatar.com\\\/avatar\\\/f0c7c47fc7146d19828273b9b8eda651c9c7ab583767e6338d3d3bee825adf76?s=96&d=mm&r=g\",\"caption\":\"Diario del Sur Digital\"},\"url\":\"https:\\\/\\\/diariodelsurdigital.com.ar\\\/?author=4\"}]}<\/script>\n<!-- \/ Yoast SEO plugin. -->","yoast_head_json":{"title":"Trabajadores del Iosper acusaron a Frigerio de montar una campa\u00f1a de desprestigio hacia la obra social - Diario del Sur","robots":{"index":"index","follow":"follow","max-snippet":"max-snippet:-1","max-image-preview":"max-image-preview:large","max-video-preview":"max-video-preview:-1"},"canonical":"https:\/\/diariodelsurdigital.com.ar\/?p=2816","og_locale":"es_ES","og_type":"article","og_title":"Trabajadores del Iosper acusaron a Frigerio de montar una campa\u00f1a de desprestigio hacia la obra social - Diario del Sur","og_description":"En respuesta a las declaraciones del mandatario sobre un presunto \u00abboicot interno\u00bb, el personal de Iosper no solo rechaz\u00f3 categ\u00f3ricamente las acusaciones, sino que tambi\u00e9n alert\u00f3 sobre una campa\u00f1a de desprestigio en curso para erosionar la imagen de la obra social y sus empleados. Tal operaci\u00f3n \u201cconfigura una modalidad de violencia moral y simb\u00f3lica que [&hellip;]","og_url":"https:\/\/diariodelsurdigital.com.ar\/?p=2816","og_site_name":"Diario del Sur","article_published_time":"2025-05-23T15:40:59+00:00","article_modified_time":"2025-05-23T15:41:00+00:00","og_image":[{"width":992,"height":661,"url":"https:\/\/diariodelsurdigital.com.ar\/wp-content\/uploads\/2025\/05\/md-56.webp","type":"image\/webp"}],"author":"Diario del Sur Digital","twitter_card":"summary_large_image","twitter_misc":{"Escrito por":"Diario del Sur Digital","Tiempo de lectura":"3 minutos"},"schema":{"@context":"https:\/\/schema.org","@graph":[{"@type":"Article","@id":"https:\/\/diariodelsurdigital.com.ar\/?p=2816#article","isPartOf":{"@id":"https:\/\/diariodelsurdigital.com.ar\/?p=2816"},"author":{"name":"Diario del Sur Digital","@id":"https:\/\/diariodelsurdigital.com.ar\/#\/schema\/person\/1a4992532ed62965c968031b49195c81"},"headline":"Trabajadores del Iosper acusaron a Frigerio de montar una campa\u00f1a de desprestigio hacia la obra social","datePublished":"2025-05-23T15:40:59+00:00","dateModified":"2025-05-23T15:41:00+00:00","mainEntityOfPage":{"@id":"https:\/\/diariodelsurdigital.com.ar\/?p=2816"},"wordCount":570,"commentCount":0,"image":{"@id":"https:\/\/diariodelsurdigital.com.ar\/?p=2816#primaryimage"},"thumbnailUrl":"https:\/\/diariodelsurdigital.com.ar\/wp-content\/uploads\/2025\/05\/md-56.webp","articleSection":["Pol\u00edtica","Provinciales"],"inLanguage":"es","potentialAction":[{"@type":"CommentAction","name":"Comment","target":["https:\/\/diariodelsurdigital.com.ar\/?p=2816#respond"]}]},{"@type":"WebPage","@id":"https:\/\/diariodelsurdigital.com.ar\/?p=2816","url":"https:\/\/diariodelsurdigital.com.ar\/?p=2816","name":"Trabajadores del Iosper acusaron a Frigerio de montar una campa\u00f1a de desprestigio hacia la obra social - Diario del Sur","isPartOf":{"@id":"https:\/\/diariodelsurdigital.com.ar\/#website"},"primaryImageOfPage":{"@id":"https:\/\/diariodelsurdigital.com.ar\/?p=2816#primaryimage"},"image":{"@id":"https:\/\/diariodelsurdigital.com.ar\/?p=2816#primaryimage"},"thumbnailUrl":"https:\/\/diariodelsurdigital.com.ar\/wp-content\/uploads\/2025\/05\/md-56.webp","datePublished":"2025-05-23T15:40:59+00:00","dateModified":"2025-05-23T15:41:00+00:00","author":{"@id":"https:\/\/diariodelsurdigital.com.ar\/#\/schema\/person\/1a4992532ed62965c968031b49195c81"},"breadcrumb":{"@id":"https:\/\/diariodelsurdigital.com.ar\/?p=2816#breadcrumb"},"inLanguage":"es","potentialAction":[{"@type":"ReadAction","target":["https:\/\/diariodelsurdigital.com.ar\/?p=2816"]}]},{"@type":"ImageObject","inLanguage":"es","@id":"https:\/\/diariodelsurdigital.com.ar\/?p=2816#primaryimage","url":"https:\/\/diariodelsurdigital.com.ar\/wp-content\/uploads\/2025\/05\/md-56.webp","contentUrl":"https:\/\/diariodelsurdigital.com.ar\/wp-content\/uploads\/2025\/05\/md-56.webp","width":992,"height":661},{"@type":"BreadcrumbList","@id":"https:\/\/diariodelsurdigital.com.ar\/?p=2816#breadcrumb","itemListElement":[{"@type":"ListItem","position":1,"name":"Portada","item":"https:\/\/diariodelsurdigital.com.ar\/"},{"@type":"ListItem","position":2,"name":"Trabajadores del Iosper acusaron a Frigerio de montar una campa\u00f1a de desprestigio hacia la obra social"}]},{"@type":"WebSite","@id":"https:\/\/diariodelsurdigital.com.ar\/#website","url":"https:\/\/diariodelsurdigital.com.ar\/","name":"Diario del Sur","description":"Digital","potentialAction":[{"@type":"SearchAction","target":{"@type":"EntryPoint","urlTemplate":"https:\/\/diariodelsurdigital.com.ar\/?s={search_term_string}"},"query-input":{"@type":"PropertyValueSpecification","valueRequired":true,"valueName":"search_term_string"}}],"inLanguage":"es"},{"@type":"Person","@id":"https:\/\/diariodelsurdigital.com.ar\/#\/schema\/person\/1a4992532ed62965c968031b49195c81","name":"Diario del Sur Digital","image":{"@type":"ImageObject","inLanguage":"es","@id":"https:\/\/secure.gravatar.com\/avatar\/f0c7c47fc7146d19828273b9b8eda651c9c7ab583767e6338d3d3bee825adf76?s=96&d=mm&r=g","url":"https:\/\/secure.gravatar.com\/avatar\/f0c7c47fc7146d19828273b9b8eda651c9c7ab583767e6338d3d3bee825adf76?s=96&d=mm&r=g","contentUrl":"https:\/\/secure.gravatar.com\/avatar\/f0c7c47fc7146d19828273b9b8eda651c9c7ab583767e6338d3d3bee825adf76?s=96&d=mm&r=g","caption":"Diario del Sur Digital"},"url":"https:\/\/diariodelsurdigital.com.ar\/?author=4"}]}},"_links":{"self":[{"href":"https:\/\/diariodelsurdigital.com.ar\/index.php?rest_route=\/wp\/v2\/posts\/2816","targetHints":{"allow":["GET"]}}],"collection":[{"href":"https:\/\/diariodelsurdigital.com.ar\/index.php?rest_route=\/wp\/v2\/posts"}],"about":[{"href":"https:\/\/diariodelsurdigital.com.ar\/index.php?rest_route=\/wp\/v2\/types\/post"}],"author":[{"embeddable":true,"href":"https:\/\/diariodelsurdigital.com.ar\/index.php?rest_route=\/wp\/v2\/users\/4"}],"replies":[{"embeddable":true,"href":"https:\/\/diariodelsurdigital.com.ar\/index.php?rest_route=%2Fwp%2Fv2%2Fcomments&post=2816"}],"version-history":[{"count":1,"href":"https:\/\/diariodelsurdigital.com.ar\/index.php?rest_route=\/wp\/v2\/posts\/2816\/revisions"}],"predecessor-version":[{"id":2818,"href":"https:\/\/diariodelsurdigital.com.ar\/index.php?rest_route=\/wp\/v2\/posts\/2816\/revisions\/2818"}],"wp:featuredmedia":[{"embeddable":true,"href":"https:\/\/diariodelsurdigital.com.ar\/index.php?rest_route=\/wp\/v2\/media\/2817"}],"wp:attachment":[{"href":"https:\/\/diariodelsurdigital.com.ar\/index.php?rest_route=%2Fwp%2Fv2%2Fmedia&parent=2816"}],"wp:term":[{"taxonomy":"category","embeddable":true,"href":"https:\/\/diariodelsurdigital.com.ar\/index.php?rest_route=%2Fwp%2Fv2%2Fcategories&post=2816"},{"taxonomy":"post_tag","embeddable":true,"href":"https:\/\/diariodelsurdigital.com.ar\/index.php?rest_route=%2Fwp%2Fv2%2Ftags&post=2816"}],"curies":[{"name":"wp","href":"https:\/\/api.w.org\/{rel}","templated":true}]}}