{"id":2819,"date":"2025-05-25T19:36:28","date_gmt":"2025-05-25T22:36:28","guid":{"rendered":"https:\/\/diariodelsurdigital.com.ar\/?p=2819"},"modified":"2025-05-25T19:41:21","modified_gmt":"2025-05-25T22:41:21","slug":"la-unidad-basica-de-la-bianca-realizo-un-locro-cultural-solidario-para-mas-400-personas","status":"publish","type":"post","link":"https:\/\/diariodelsurdigital.com.ar\/?p=2819","title":{"rendered":"La Unidad B\u00e1sica de La Bianca realiz\u00f3 un locro cultural solidario para m\u00e1s de 400 personas"},"content":{"rendered":"\n<p>\u00abUn evento hist\u00f3rico en momentos dif\u00edciles para todos nuestros vecinos\u00bb, se\u00f1al\u00f3 a <strong>Diario del SUR Digital<\/strong> su organizador y Presidente de la Unidad B\u00e1sica de La Bianca, Mart\u00edn Quir\u00f3z. El referente del sector dijo que \u00abnada hubiese sido posible sin la solidaridad de varios comerciantes de la ciudad de Concordia, que en forma desinteresada y comprometida donaron los elementos para realizar este gran locro.<\/p>\n\n\n\n<figure class=\"wp-block-image size-large\"><img loading=\"lazy\" decoding=\"async\" width=\"1024\" height=\"576\" src=\"https:\/\/diariodelsurdigital.com.ar\/wp-content\/uploads\/2025\/05\/Imagen-de-WhatsApp-2025-05-25-a-las-19.06.28_4e457bbd-1024x576.jpg\" alt=\"\" class=\"wp-image-2827\" srcset=\"https:\/\/diariodelsurdigital.com.ar\/wp-content\/uploads\/2025\/05\/Imagen-de-WhatsApp-2025-05-25-a-las-19.06.28_4e457bbd-1024x576.jpg 1024w, https:\/\/diariodelsurdigital.com.ar\/wp-content\/uploads\/2025\/05\/Imagen-de-WhatsApp-2025-05-25-a-las-19.06.28_4e457bbd-300x169.jpg 300w, https:\/\/diariodelsurdigital.com.ar\/wp-content\/uploads\/2025\/05\/Imagen-de-WhatsApp-2025-05-25-a-las-19.06.28_4e457bbd-768x432.jpg 768w, https:\/\/diariodelsurdigital.com.ar\/wp-content\/uploads\/2025\/05\/Imagen-de-WhatsApp-2025-05-25-a-las-19.06.28_4e457bbd-1536x864.jpg 1536w, https:\/\/diariodelsurdigital.com.ar\/wp-content\/uploads\/2025\/05\/Imagen-de-WhatsApp-2025-05-25-a-las-19.06.28_4e457bbd-747x420.jpg 747w, https:\/\/diariodelsurdigital.com.ar\/wp-content\/uploads\/2025\/05\/Imagen-de-WhatsApp-2025-05-25-a-las-19.06.28_4e457bbd-696x392.jpg 696w, https:\/\/diariodelsurdigital.com.ar\/wp-content\/uploads\/2025\/05\/Imagen-de-WhatsApp-2025-05-25-a-las-19.06.28_4e457bbd-1068x601.jpg 1068w, https:\/\/diariodelsurdigital.com.ar\/wp-content\/uploads\/2025\/05\/Imagen-de-WhatsApp-2025-05-25-a-las-19.06.28_4e457bbd.jpg 1600w\" sizes=\"auto, (max-width: 1024px) 100vw, 1024px\" \/><\/figure>\n\n\n\n<p>\u00abAdem\u00e1s del apoyo de muchos compa\u00f1eros y compa\u00f1eras que desde horas tempranas ayudaron en esta patriada, tambi\u00e9n particip\u00f3 la rama femenina del PJ, conformado por un grupo de mujeres lideradas por la vice presidenta del partido, Yanina Barbona\u00bb, indic\u00f3 Quir\u00f3z. Del evento tambi\u00e9n participaron, el Presidente del PJ Concordia, Facundo Ru\u00edz D\u00edaz y la consejera Agnes Perez.<\/p>\n\n\n\n<p><strong>El locro m\u00e1s grande de Entre R\u00edos<\/strong><\/p>\n\n\n\n<p>\u00abMe animo a decir que hicimos el locro m\u00e1s grande de Entre R\u00edos. Repartimos m\u00e1s de 400 porciones, en forma gratuita, conmemorando una fecha cara al sentimiento nacional. Compartimos la mesa con conocidos, amigos, vecinos y no conocidos, como en una gran familia. Seguiremos realizando este tipo de eventos mientras se pueda, teniendo en claro que en esta sociedad nadie se salva solo y que la solidaridad es el instrumento y el camino para resistir estos atropellos por quienes no est\u00e1n gobernando\u00bb, acot\u00f3 el referente de la ciudad sat\u00e9lite.<\/p>\n\n\n\n<p><\/p>\n","protected":false},"excerpt":{"rendered":"<p>\u00abUn evento hist\u00f3rico en momentos dif\u00edciles para todos nuestros vecinos\u00bb, se\u00f1al\u00f3 a Diario del SUR Digital su organizador y Presidente de la Unidad B\u00e1sica de La Bianca, Mart\u00edn Quir\u00f3z. El referente del sector dijo que \u00abnada hubiese sido posible sin la solidaridad de varios comerciantes de la ciudad de Concordia, que en forma desinteresada y [&hellip;]<\/p>\n","protected":false},"author":2,"featured_media":2820,"comment_status":"open","ping_status":"open","sticky":false,"template":"","format":"standard","meta":{"footnotes":""},"categories":[16],"tags":[],"class_list":{"0":"post-2819","1":"post","2":"type-post","3":"status-publish","4":"format-standard","5":"has-post-thumbnail","7":"category-locales"},"yoast_head":"<!-- This site is optimized with the Yoast SEO plugin v27.4 - https:\/\/yoast.com\/product\/yoast-seo-wordpress\/ -->\n<title>La Unidad B\u00e1sica de La Bianca realiz\u00f3 un locro cultural solidario para m\u00e1s de 400 personas - Diario del Sur<\/title>\n<meta name=\"robots\" content=\"index, follow, max-snippet:-1, max-image-preview:large, max-video-preview:-1\" \/>\n<link rel=\"canonical\" href=\"https:\/\/diariodelsurdigital.com.ar\/?p=2819\" \/>\n<meta property=\"og:locale\" content=\"es_ES\" \/>\n<meta property=\"og:type\" content=\"article\" \/>\n<meta property=\"og:title\" content=\"La Unidad B\u00e1sica de La Bianca realiz\u00f3 un locro cultural solidario para m\u00e1s de 400 personas - Diario del Sur\" \/>\n<meta property=\"og:description\" content=\"\u00abUn evento hist\u00f3rico en momentos dif\u00edciles para todos nuestros vecinos\u00bb, se\u00f1al\u00f3 a Diario del SUR Digital su organizador y Presidente de la Unidad B\u00e1sica de La Bianca, Mart\u00edn Quir\u00f3z. El referente del sector dijo que \u00abnada hubiese sido posible sin la solidaridad de varios comerciantes de la ciudad de Concordia, que en forma desinteresada y [&hellip;]\" \/>\n<meta property=\"og:url\" content=\"https:\/\/diariodelsurdigital.com.ar\/?p=2819\" \/>\n<meta property=\"og:site_name\" content=\"Diario del Sur\" \/>\n<meta property=\"article:published_time\" content=\"2025-05-25T22:36:28+00:00\" \/>\n<meta property=\"article:modified_time\" content=\"2025-05-25T22:41:21+00:00\" \/>\n<meta property=\"og:image\" content=\"https:\/\/diariodelsurdigital.com.ar\/wp-content\/uploads\/2025\/05\/Imagen-de-WhatsApp-2025-05-25-a-las-19.06.01_c2e9e70c.jpg\" \/>\n\t<meta property=\"og:image:width\" content=\"540\" \/>\n\t<meta property=\"og:image:height\" content=\"449\" \/>\n\t<meta property=\"og:image:type\" content=\"image\/jpeg\" \/>\n<meta name=\"author\" content=\"Diario del Sur Digital\" \/>\n<meta name=\"twitter:card\" content=\"summary_large_image\" \/>\n<meta name=\"twitter:label1\" content=\"Escrito por\" \/>\n\t<meta name=\"twitter:data1\" content=\"Diario del Sur Digital\" \/>\n\t<meta name=\"twitter:label2\" content=\"Tiempo de lectura\" \/>\n\t<meta name=\"twitter:data2\" content=\"2 minutos\" \/>\n<script type=\"application\/ld+json\" class=\"yoast-schema-graph\">{\"@context\":\"https:\\\/\\\/schema.org\",\"@graph\":[{\"@type\":\"Article\",\"@id\":\"https:\\\/\\\/diariodelsurdigital.com.ar\\\/?p=2819#article\",\"isPartOf\":{\"@id\":\"https:\\\/\\\/diariodelsurdigital.com.ar\\\/?p=2819\"},\"author\":{\"name\":\"Diario del Sur Digital\",\"@id\":\"https:\\\/\\\/diariodelsurdigital.com.ar\\\/#\\\/schema\\\/person\\\/6136a32571657f7dba980b88b04c5465\"},\"headline\":\"La Unidad B\u00e1sica de La Bianca realiz\u00f3 un locro cultural solidario para m\u00e1s de 400 personas\",\"datePublished\":\"2025-05-25T22:36:28+00:00\",\"dateModified\":\"2025-05-25T22:41:21+00:00\",\"mainEntityOfPage\":{\"@id\":\"https:\\\/\\\/diariodelsurdigital.com.ar\\\/?p=2819\"},\"wordCount\":254,\"commentCount\":0,\"image\":{\"@id\":\"https:\\\/\\\/diariodelsurdigital.com.ar\\\/?p=2819#primaryimage\"},\"thumbnailUrl\":\"https:\\\/\\\/diariodelsurdigital.com.ar\\\/wp-content\\\/uploads\\\/2025\\\/05\\\/Imagen-de-WhatsApp-2025-05-25-a-las-19.06.01_c2e9e70c.jpg\",\"articleSection\":[\"Locales\"],\"inLanguage\":\"es\",\"potentialAction\":[{\"@type\":\"CommentAction\",\"name\":\"Comment\",\"target\":[\"https:\\\/\\\/diariodelsurdigital.com.ar\\\/?p=2819#respond\"]}]},{\"@type\":\"WebPage\",\"@id\":\"https:\\\/\\\/diariodelsurdigital.com.ar\\\/?p=2819\",\"url\":\"https:\\\/\\\/diariodelsurdigital.com.ar\\\/?p=2819\",\"name\":\"La Unidad B\u00e1sica de La Bianca realiz\u00f3 un locro cultural solidario para m\u00e1s de 400 personas - Diario del Sur\",\"isPartOf\":{\"@id\":\"https:\\\/\\\/diariodelsurdigital.com.ar\\\/#website\"},\"primaryImageOfPage\":{\"@id\":\"https:\\\/\\\/diariodelsurdigital.com.ar\\\/?p=2819#primaryimage\"},\"image\":{\"@id\":\"https:\\\/\\\/diariodelsurdigital.com.ar\\\/?p=2819#primaryimage\"},\"thumbnailUrl\":\"https:\\\/\\\/diariodelsurdigital.com.ar\\\/wp-content\\\/uploads\\\/2025\\\/05\\\/Imagen-de-WhatsApp-2025-05-25-a-las-19.06.01_c2e9e70c.jpg\",\"datePublished\":\"2025-05-25T22:36:28+00:00\",\"dateModified\":\"2025-05-25T22:41:21+00:00\",\"author\":{\"@id\":\"https:\\\/\\\/diariodelsurdigital.com.ar\\\/#\\\/schema\\\/person\\\/6136a32571657f7dba980b88b04c5465\"},\"breadcrumb\":{\"@id\":\"https:\\\/\\\/diariodelsurdigital.com.ar\\\/?p=2819#breadcrumb\"},\"inLanguage\":\"es\",\"potentialAction\":[{\"@type\":\"ReadAction\",\"target\":[\"https:\\\/\\\/diariodelsurdigital.com.ar\\\/?p=2819\"]}]},{\"@type\":\"ImageObject\",\"inLanguage\":\"es\",\"@id\":\"https:\\\/\\\/diariodelsurdigital.com.ar\\\/?p=2819#primaryimage\",\"url\":\"https:\\\/\\\/diariodelsurdigital.com.ar\\\/wp-content\\\/uploads\\\/2025\\\/05\\\/Imagen-de-WhatsApp-2025-05-25-a-las-19.06.01_c2e9e70c.jpg\",\"contentUrl\":\"https:\\\/\\\/diariodelsurdigital.com.ar\\\/wp-content\\\/uploads\\\/2025\\\/05\\\/Imagen-de-WhatsApp-2025-05-25-a-las-19.06.01_c2e9e70c.jpg\",\"width\":540,\"height\":449},{\"@type\":\"BreadcrumbList\",\"@id\":\"https:\\\/\\\/diariodelsurdigital.com.ar\\\/?p=2819#breadcrumb\",\"itemListElement\":[{\"@type\":\"ListItem\",\"position\":1,\"name\":\"Portada\",\"item\":\"https:\\\/\\\/diariodelsurdigital.com.ar\\\/\"},{\"@type\":\"ListItem\",\"position\":2,\"name\":\"La Unidad B\u00e1sica de La Bianca realiz\u00f3 un locro cultural solidario para m\u00e1s de 400 personas\"}]},{\"@type\":\"WebSite\",\"@id\":\"https:\\\/\\\/diariodelsurdigital.com.ar\\\/#website\",\"url\":\"https:\\\/\\\/diariodelsurdigital.com.ar\\\/\",\"name\":\"Diario del Sur\",\"description\":\"Digital\",\"potentialAction\":[{\"@type\":\"SearchAction\",\"target\":{\"@type\":\"EntryPoint\",\"urlTemplate\":\"https:\\\/\\\/diariodelsurdigital.com.ar\\\/?s={search_term_string}\"},\"query-input\":{\"@type\":\"PropertyValueSpecification\",\"valueRequired\":true,\"valueName\":\"search_term_string\"}}],\"inLanguage\":\"es\"},{\"@type\":\"Person\",\"@id\":\"https:\\\/\\\/diariodelsurdigital.com.ar\\\/#\\\/schema\\\/person\\\/6136a32571657f7dba980b88b04c5465\",\"name\":\"Diario del Sur Digital\",\"image\":{\"@type\":\"ImageObject\",\"inLanguage\":\"es\",\"@id\":\"https:\\\/\\\/secure.gravatar.com\\\/avatar\\\/4c29ceac98541dd42460b2474aaa5dd37594d6ce6cb3cf2c101d09b48ee287ba?s=96&d=mm&r=g\",\"url\":\"https:\\\/\\\/secure.gravatar.com\\\/avatar\\\/4c29ceac98541dd42460b2474aaa5dd37594d6ce6cb3cf2c101d09b48ee287ba?s=96&d=mm&r=g\",\"contentUrl\":\"https:\\\/\\\/secure.gravatar.com\\\/avatar\\\/4c29ceac98541dd42460b2474aaa5dd37594d6ce6cb3cf2c101d09b48ee287ba?s=96&d=mm&r=g\",\"caption\":\"Diario del Sur Digital\"},\"url\":\"https:\\\/\\\/diariodelsurdigital.com.ar\\\/?author=2\"}]}<\/script>\n<!-- \/ Yoast SEO plugin. -->","yoast_head_json":{"title":"La Unidad B\u00e1sica de La Bianca realiz\u00f3 un locro cultural solidario para m\u00e1s de 400 personas - Diario del Sur","robots":{"index":"index","follow":"follow","max-snippet":"max-snippet:-1","max-image-preview":"max-image-preview:large","max-video-preview":"max-video-preview:-1"},"canonical":"https:\/\/diariodelsurdigital.com.ar\/?p=2819","og_locale":"es_ES","og_type":"article","og_title":"La Unidad B\u00e1sica de La Bianca realiz\u00f3 un locro cultural solidario para m\u00e1s de 400 personas - Diario del Sur","og_description":"\u00abUn evento hist\u00f3rico en momentos dif\u00edciles para todos nuestros vecinos\u00bb, se\u00f1al\u00f3 a Diario del SUR Digital su organizador y Presidente de la Unidad B\u00e1sica de La Bianca, Mart\u00edn Quir\u00f3z. El referente del sector dijo que \u00abnada hubiese sido posible sin la solidaridad de varios comerciantes de la ciudad de Concordia, que en forma desinteresada y [&hellip;]","og_url":"https:\/\/diariodelsurdigital.com.ar\/?p=2819","og_site_name":"Diario del Sur","article_published_time":"2025-05-25T22:36:28+00:00","article_modified_time":"2025-05-25T22:41:21+00:00","og_image":[{"width":540,"height":449,"url":"https:\/\/diariodelsurdigital.com.ar\/wp-content\/uploads\/2025\/05\/Imagen-de-WhatsApp-2025-05-25-a-las-19.06.01_c2e9e70c.jpg","type":"image\/jpeg"}],"author":"Diario del Sur Digital","twitter_card":"summary_large_image","twitter_misc":{"Escrito por":"Diario del Sur Digital","Tiempo de lectura":"2 minutos"},"schema":{"@context":"https:\/\/schema.org","@graph":[{"@type":"Article","@id":"https:\/\/diariodelsurdigital.com.ar\/?p=2819#article","isPartOf":{"@id":"https:\/\/diariodelsurdigital.com.ar\/?p=2819"},"author":{"name":"Diario del Sur Digital","@id":"https:\/\/diariodelsurdigital.com.ar\/#\/schema\/person\/6136a32571657f7dba980b88b04c5465"},"headline":"La Unidad B\u00e1sica de La Bianca realiz\u00f3 un locro cultural solidario para m\u00e1s de 400 personas","datePublished":"2025-05-25T22:36:28+00:00","dateModified":"2025-05-25T22:41:21+00:00","mainEntityOfPage":{"@id":"https:\/\/diariodelsurdigital.com.ar\/?p=2819"},"wordCount":254,"commentCount":0,"image":{"@id":"https:\/\/diariodelsurdigital.com.ar\/?p=2819#primaryimage"},"thumbnailUrl":"https:\/\/diariodelsurdigital.com.ar\/wp-content\/uploads\/2025\/05\/Imagen-de-WhatsApp-2025-05-25-a-las-19.06.01_c2e9e70c.jpg","articleSection":["Locales"],"inLanguage":"es","potentialAction":[{"@type":"CommentAction","name":"Comment","target":["https:\/\/diariodelsurdigital.com.ar\/?p=2819#respond"]}]},{"@type":"WebPage","@id":"https:\/\/diariodelsurdigital.com.ar\/?p=2819","url":"https:\/\/diariodelsurdigital.com.ar\/?p=2819","name":"La Unidad B\u00e1sica de La Bianca realiz\u00f3 un locro cultural solidario para m\u00e1s de 400 personas - Diario del Sur","isPartOf":{"@id":"https:\/\/diariodelsurdigital.com.ar\/#website"},"primaryImageOfPage":{"@id":"https:\/\/diariodelsurdigital.com.ar\/?p=2819#primaryimage"},"image":{"@id":"https:\/\/diariodelsurdigital.com.ar\/?p=2819#primaryimage"},"thumbnailUrl":"https:\/\/diariodelsurdigital.com.ar\/wp-content\/uploads\/2025\/05\/Imagen-de-WhatsApp-2025-05-25-a-las-19.06.01_c2e9e70c.jpg","datePublished":"2025-05-25T22:36:28+00:00","dateModified":"2025-05-25T22:41:21+00:00","author":{"@id":"https:\/\/diariodelsurdigital.com.ar\/#\/schema\/person\/6136a32571657f7dba980b88b04c5465"},"breadcrumb":{"@id":"https:\/\/diariodelsurdigital.com.ar\/?p=2819#breadcrumb"},"inLanguage":"es","potentialAction":[{"@type":"ReadAction","target":["https:\/\/diariodelsurdigital.com.ar\/?p=2819"]}]},{"@type":"ImageObject","inLanguage":"es","@id":"https:\/\/diariodelsurdigital.com.ar\/?p=2819#primaryimage","url":"https:\/\/diariodelsurdigital.com.ar\/wp-content\/uploads\/2025\/05\/Imagen-de-WhatsApp-2025-05-25-a-las-19.06.01_c2e9e70c.jpg","contentUrl":"https:\/\/diariodelsurdigital.com.ar\/wp-content\/uploads\/2025\/05\/Imagen-de-WhatsApp-2025-05-25-a-las-19.06.01_c2e9e70c.jpg","width":540,"height":449},{"@type":"BreadcrumbList","@id":"https:\/\/diariodelsurdigital.com.ar\/?p=2819#breadcrumb","itemListElement":[{"@type":"ListItem","position":1,"name":"Portada","item":"https:\/\/diariodelsurdigital.com.ar\/"},{"@type":"ListItem","position":2,"name":"La Unidad B\u00e1sica de La Bianca realiz\u00f3 un locro cultural solidario para m\u00e1s de 400 personas"}]},{"@type":"WebSite","@id":"https:\/\/diariodelsurdigital.com.ar\/#website","url":"https:\/\/diariodelsurdigital.com.ar\/","name":"Diario del Sur","description":"Digital","potentialAction":[{"@type":"SearchAction","target":{"@type":"EntryPoint","urlTemplate":"https:\/\/diariodelsurdigital.com.ar\/?s={search_term_string}"},"query-input":{"@type":"PropertyValueSpecification","valueRequired":true,"valueName":"search_term_string"}}],"inLanguage":"es"},{"@type":"Person","@id":"https:\/\/diariodelsurdigital.com.ar\/#\/schema\/person\/6136a32571657f7dba980b88b04c5465","name":"Diario del Sur Digital","image":{"@type":"ImageObject","inLanguage":"es","@id":"https:\/\/secure.gravatar.com\/avatar\/4c29ceac98541dd42460b2474aaa5dd37594d6ce6cb3cf2c101d09b48ee287ba?s=96&d=mm&r=g","url":"https:\/\/secure.gravatar.com\/avatar\/4c29ceac98541dd42460b2474aaa5dd37594d6ce6cb3cf2c101d09b48ee287ba?s=96&d=mm&r=g","contentUrl":"https:\/\/secure.gravatar.com\/avatar\/4c29ceac98541dd42460b2474aaa5dd37594d6ce6cb3cf2c101d09b48ee287ba?s=96&d=mm&r=g","caption":"Diario del Sur Digital"},"url":"https:\/\/diariodelsurdigital.com.ar\/?author=2"}]}},"_links":{"self":[{"href":"https:\/\/diariodelsurdigital.com.ar\/index.php?rest_route=\/wp\/v2\/posts\/2819","targetHints":{"allow":["GET"]}}],"collection":[{"href":"https:\/\/diariodelsurdigital.com.ar\/index.php?rest_route=\/wp\/v2\/posts"}],"about":[{"href":"https:\/\/diariodelsurdigital.com.ar\/index.php?rest_route=\/wp\/v2\/types\/post"}],"author":[{"embeddable":true,"href":"https:\/\/diariodelsurdigital.com.ar\/index.php?rest_route=\/wp\/v2\/users\/2"}],"replies":[{"embeddable":true,"href":"https:\/\/diariodelsurdigital.com.ar\/index.php?rest_route=%2Fwp%2Fv2%2Fcomments&post=2819"}],"version-history":[{"count":3,"href":"https:\/\/diariodelsurdigital.com.ar\/index.php?rest_route=\/wp\/v2\/posts\/2819\/revisions"}],"predecessor-version":[{"id":2829,"href":"https:\/\/diariodelsurdigital.com.ar\/index.php?rest_route=\/wp\/v2\/posts\/2819\/revisions\/2829"}],"wp:featuredmedia":[{"embeddable":true,"href":"https:\/\/diariodelsurdigital.com.ar\/index.php?rest_route=\/wp\/v2\/media\/2820"}],"wp:attachment":[{"href":"https:\/\/diariodelsurdigital.com.ar\/index.php?rest_route=%2Fwp%2Fv2%2Fmedia&parent=2819"}],"wp:term":[{"taxonomy":"category","embeddable":true,"href":"https:\/\/diariodelsurdigital.com.ar\/index.php?rest_route=%2Fwp%2Fv2%2Fcategories&post=2819"},{"taxonomy":"post_tag","embeddable":true,"href":"https:\/\/diariodelsurdigital.com.ar\/index.php?rest_route=%2Fwp%2Fv2%2Ftags&post=2819"}],"curies":[{"name":"wp","href":"https:\/\/api.w.org\/{rel}","templated":true}]}}