{"id":2843,"date":"2025-05-26T14:25:29","date_gmt":"2025-05-26T17:25:29","guid":{"rendered":"https:\/\/diariodelsurdigital.com.ar\/?p=2843"},"modified":"2025-05-26T14:25:30","modified_gmt":"2025-05-26T17:25:30","slug":"lula-enviara-al-congreso-brasileno-un-proyecto-para-regular-redes-sociales-y-aplicaciones-digitales","status":"publish","type":"post","link":"https:\/\/diariodelsurdigital.com.ar\/?p=2843","title":{"rendered":"Lula enviar\u00e1 al Congreso brasile\u00f1o un proyecto para regular redes sociales y aplicaciones digitales"},"content":{"rendered":"\n<p>El presidente de Brasil, Luiz In\u00e1cio Lula da Silva, afirm\u00f3 que es necesario regular las redes sociales y las empresas que trabajan por aplicaciones digitales, sobre todo para proteger a ni\u00f1os y adolescentes y para combatir las noticias falsas.<\/p>\n\n\n\n<p>\u201cTenemos que discutir con el Congreso Nacional la responsabilidad de regular el uso de estas empresas (de redes sociales) en este pa\u00eds. No es posible que todo tenga control, menos las empresas de aplicaciones digitales\u201d, dijo el mandatario durante el lanzamiento de un programa del Gobierno federal para la reforma agraria y el cr\u00e9dito de tecnolog\u00eda para la agricultura familiar en la ciudad de Campo Verde, estado de Mato Grosso (centro-oeste).<\/p>\n\n\n\n<p>El mandatario record\u00f3 el caso de una adolescente brasile\u00f1a que a finales de abril de este a\u00f1o intent\u00f3 suicidarse en Brasil, tras haber sido v\u00edctima de \u201cbullying\u201d a trav\u00e9s de las redes sociales.<\/p>\n\n\n\n<p>\u201cTenemos la obligaci\u00f3n moral de hacer que la verdad derrote a la mentira. No es posible que siga as\u00ed. Ya tomamos la decisi\u00f3n de no dejar entrar el tel\u00e9fono m\u00f3vil a las escuelas primarias y secundarias porque se reduc\u00eda la atenci\u00f3n en el aula. Y sabemos lo malvadas que pueden ser las redes sociales\u201d, asegur\u00f3 el mandatario.<\/p>\n\n\n\n<p>La declaraci\u00f3n de Lula da Silva en Mato Grosso ocurri\u00f3 luego de que el jueves pasado se reunieran ministros del Gobierno para discutir un proyecto de regulaci\u00f3n de las redes sociales.<\/p>\n\n\n\n<p>El texto debatido por el jefe de gabinete, Rui Costa, y por el ministro de Justicia, Ricardo Lewandowski, ser\u00e1 una alternativa al proyecto de ley de noticias falsas que comenz\u00f3 a ser tratado por el Congreso, pero fue archivado por la mayor\u00eda opositora tras la resistencia de las plataformas.<\/p>\n\n\n\n<p><\/p>\n","protected":false},"excerpt":{"rendered":"<p>El presidente de Brasil, Luiz In\u00e1cio Lula da Silva, afirm\u00f3 que es necesario regular las redes sociales y las empresas que trabajan por aplicaciones digitales, sobre todo para proteger a ni\u00f1os y adolescentes y para combatir las noticias falsas. \u201cTenemos que discutir con el Congreso Nacional la responsabilidad de regular el uso de estas empresas [&hellip;]<\/p>\n","protected":false},"author":4,"featured_media":2844,"comment_status":"open","ping_status":"open","sticky":false,"template":"","format":"standard","meta":{"footnotes":""},"categories":[20],"tags":[],"class_list":{"0":"post-2843","1":"post","2":"type-post","3":"status-publish","4":"format-standard","5":"has-post-thumbnail","7":"category-internacionales"},"yoast_head":"<!-- This site is optimized with the Yoast SEO plugin v27.4 - https:\/\/yoast.com\/product\/yoast-seo-wordpress\/ -->\n<title>Lula enviar\u00e1 al Congreso brasile\u00f1o un proyecto para regular redes sociales y aplicaciones digitales - Diario del Sur<\/title>\n<meta name=\"robots\" content=\"index, follow, max-snippet:-1, max-image-preview:large, max-video-preview:-1\" \/>\n<link rel=\"canonical\" href=\"https:\/\/diariodelsurdigital.com.ar\/?p=2843\" \/>\n<meta property=\"og:locale\" content=\"es_ES\" \/>\n<meta property=\"og:type\" content=\"article\" \/>\n<meta property=\"og:title\" content=\"Lula enviar\u00e1 al Congreso brasile\u00f1o un proyecto para regular redes sociales y aplicaciones digitales - Diario del Sur\" \/>\n<meta property=\"og:description\" content=\"El presidente de Brasil, Luiz In\u00e1cio Lula da Silva, afirm\u00f3 que es necesario regular las redes sociales y las empresas que trabajan por aplicaciones digitales, sobre todo para proteger a ni\u00f1os y adolescentes y para combatir las noticias falsas. \u201cTenemos que discutir con el Congreso Nacional la responsabilidad de regular el uso de estas empresas [&hellip;]\" \/>\n<meta property=\"og:url\" content=\"https:\/\/diariodelsurdigital.com.ar\/?p=2843\" \/>\n<meta property=\"og:site_name\" content=\"Diario del Sur\" \/>\n<meta property=\"article:published_time\" content=\"2025-05-26T17:25:29+00:00\" \/>\n<meta property=\"article:modified_time\" content=\"2025-05-26T17:25:30+00:00\" \/>\n<meta property=\"og:image\" content=\"https:\/\/diariodelsurdigital.com.ar\/wp-content\/uploads\/2025\/05\/md-59.webp\" \/>\n\t<meta property=\"og:image:width\" content=\"992\" \/>\n\t<meta property=\"og:image:height\" content=\"661\" \/>\n\t<meta property=\"og:image:type\" content=\"image\/webp\" \/>\n<meta name=\"author\" content=\"Diario del Sur Digital\" \/>\n<meta name=\"twitter:card\" content=\"summary_large_image\" \/>\n<meta name=\"twitter:label1\" content=\"Escrito por\" \/>\n\t<meta name=\"twitter:data1\" content=\"Diario del Sur Digital\" \/>\n\t<meta name=\"twitter:label2\" content=\"Tiempo de lectura\" \/>\n\t<meta name=\"twitter:data2\" content=\"2 minutos\" \/>\n<script type=\"application\/ld+json\" class=\"yoast-schema-graph\">{\"@context\":\"https:\\\/\\\/schema.org\",\"@graph\":[{\"@type\":\"Article\",\"@id\":\"https:\\\/\\\/diariodelsurdigital.com.ar\\\/?p=2843#article\",\"isPartOf\":{\"@id\":\"https:\\\/\\\/diariodelsurdigital.com.ar\\\/?p=2843\"},\"author\":{\"name\":\"Diario del Sur Digital\",\"@id\":\"https:\\\/\\\/diariodelsurdigital.com.ar\\\/#\\\/schema\\\/person\\\/1a4992532ed62965c968031b49195c81\"},\"headline\":\"Lula enviar\u00e1 al Congreso brasile\u00f1o un proyecto para regular redes sociales y aplicaciones digitales\",\"datePublished\":\"2025-05-26T17:25:29+00:00\",\"dateModified\":\"2025-05-26T17:25:30+00:00\",\"mainEntityOfPage\":{\"@id\":\"https:\\\/\\\/diariodelsurdigital.com.ar\\\/?p=2843\"},\"wordCount\":313,\"commentCount\":0,\"image\":{\"@id\":\"https:\\\/\\\/diariodelsurdigital.com.ar\\\/?p=2843#primaryimage\"},\"thumbnailUrl\":\"https:\\\/\\\/diariodelsurdigital.com.ar\\\/wp-content\\\/uploads\\\/2025\\\/05\\\/md-59.webp\",\"articleSection\":[\"Internacionales\"],\"inLanguage\":\"es\",\"potentialAction\":[{\"@type\":\"CommentAction\",\"name\":\"Comment\",\"target\":[\"https:\\\/\\\/diariodelsurdigital.com.ar\\\/?p=2843#respond\"]}]},{\"@type\":\"WebPage\",\"@id\":\"https:\\\/\\\/diariodelsurdigital.com.ar\\\/?p=2843\",\"url\":\"https:\\\/\\\/diariodelsurdigital.com.ar\\\/?p=2843\",\"name\":\"Lula enviar\u00e1 al Congreso brasile\u00f1o un proyecto para regular redes sociales y aplicaciones digitales - Diario del Sur\",\"isPartOf\":{\"@id\":\"https:\\\/\\\/diariodelsurdigital.com.ar\\\/#website\"},\"primaryImageOfPage\":{\"@id\":\"https:\\\/\\\/diariodelsurdigital.com.ar\\\/?p=2843#primaryimage\"},\"image\":{\"@id\":\"https:\\\/\\\/diariodelsurdigital.com.ar\\\/?p=2843#primaryimage\"},\"thumbnailUrl\":\"https:\\\/\\\/diariodelsurdigital.com.ar\\\/wp-content\\\/uploads\\\/2025\\\/05\\\/md-59.webp\",\"datePublished\":\"2025-05-26T17:25:29+00:00\",\"dateModified\":\"2025-05-26T17:25:30+00:00\",\"author\":{\"@id\":\"https:\\\/\\\/diariodelsurdigital.com.ar\\\/#\\\/schema\\\/person\\\/1a4992532ed62965c968031b49195c81\"},\"breadcrumb\":{\"@id\":\"https:\\\/\\\/diariodelsurdigital.com.ar\\\/?p=2843#breadcrumb\"},\"inLanguage\":\"es\",\"potentialAction\":[{\"@type\":\"ReadAction\",\"target\":[\"https:\\\/\\\/diariodelsurdigital.com.ar\\\/?p=2843\"]}]},{\"@type\":\"ImageObject\",\"inLanguage\":\"es\",\"@id\":\"https:\\\/\\\/diariodelsurdigital.com.ar\\\/?p=2843#primaryimage\",\"url\":\"https:\\\/\\\/diariodelsurdigital.com.ar\\\/wp-content\\\/uploads\\\/2025\\\/05\\\/md-59.webp\",\"contentUrl\":\"https:\\\/\\\/diariodelsurdigital.com.ar\\\/wp-content\\\/uploads\\\/2025\\\/05\\\/md-59.webp\",\"width\":992,\"height\":661},{\"@type\":\"BreadcrumbList\",\"@id\":\"https:\\\/\\\/diariodelsurdigital.com.ar\\\/?p=2843#breadcrumb\",\"itemListElement\":[{\"@type\":\"ListItem\",\"position\":1,\"name\":\"Portada\",\"item\":\"https:\\\/\\\/diariodelsurdigital.com.ar\\\/\"},{\"@type\":\"ListItem\",\"position\":2,\"name\":\"Lula enviar\u00e1 al Congreso brasile\u00f1o un proyecto para regular redes sociales y aplicaciones digitales\"}]},{\"@type\":\"WebSite\",\"@id\":\"https:\\\/\\\/diariodelsurdigital.com.ar\\\/#website\",\"url\":\"https:\\\/\\\/diariodelsurdigital.com.ar\\\/\",\"name\":\"Diario del Sur\",\"description\":\"Digital\",\"potentialAction\":[{\"@type\":\"SearchAction\",\"target\":{\"@type\":\"EntryPoint\",\"urlTemplate\":\"https:\\\/\\\/diariodelsurdigital.com.ar\\\/?s={search_term_string}\"},\"query-input\":{\"@type\":\"PropertyValueSpecification\",\"valueRequired\":true,\"valueName\":\"search_term_string\"}}],\"inLanguage\":\"es\"},{\"@type\":\"Person\",\"@id\":\"https:\\\/\\\/diariodelsurdigital.com.ar\\\/#\\\/schema\\\/person\\\/1a4992532ed62965c968031b49195c81\",\"name\":\"Diario del Sur Digital\",\"image\":{\"@type\":\"ImageObject\",\"inLanguage\":\"es\",\"@id\":\"https:\\\/\\\/secure.gravatar.com\\\/avatar\\\/f0c7c47fc7146d19828273b9b8eda651c9c7ab583767e6338d3d3bee825adf76?s=96&d=mm&r=g\",\"url\":\"https:\\\/\\\/secure.gravatar.com\\\/avatar\\\/f0c7c47fc7146d19828273b9b8eda651c9c7ab583767e6338d3d3bee825adf76?s=96&d=mm&r=g\",\"contentUrl\":\"https:\\\/\\\/secure.gravatar.com\\\/avatar\\\/f0c7c47fc7146d19828273b9b8eda651c9c7ab583767e6338d3d3bee825adf76?s=96&d=mm&r=g\",\"caption\":\"Diario del Sur Digital\"},\"url\":\"https:\\\/\\\/diariodelsurdigital.com.ar\\\/?author=4\"}]}<\/script>\n<!-- \/ Yoast SEO plugin. -->","yoast_head_json":{"title":"Lula enviar\u00e1 al Congreso brasile\u00f1o un proyecto para regular redes sociales y aplicaciones digitales - Diario del Sur","robots":{"index":"index","follow":"follow","max-snippet":"max-snippet:-1","max-image-preview":"max-image-preview:large","max-video-preview":"max-video-preview:-1"},"canonical":"https:\/\/diariodelsurdigital.com.ar\/?p=2843","og_locale":"es_ES","og_type":"article","og_title":"Lula enviar\u00e1 al Congreso brasile\u00f1o un proyecto para regular redes sociales y aplicaciones digitales - Diario del Sur","og_description":"El presidente de Brasil, Luiz In\u00e1cio Lula da Silva, afirm\u00f3 que es necesario regular las redes sociales y las empresas que trabajan por aplicaciones digitales, sobre todo para proteger a ni\u00f1os y adolescentes y para combatir las noticias falsas. \u201cTenemos que discutir con el Congreso Nacional la responsabilidad de regular el uso de estas empresas [&hellip;]","og_url":"https:\/\/diariodelsurdigital.com.ar\/?p=2843","og_site_name":"Diario del Sur","article_published_time":"2025-05-26T17:25:29+00:00","article_modified_time":"2025-05-26T17:25:30+00:00","og_image":[{"width":992,"height":661,"url":"https:\/\/diariodelsurdigital.com.ar\/wp-content\/uploads\/2025\/05\/md-59.webp","type":"image\/webp"}],"author":"Diario del Sur Digital","twitter_card":"summary_large_image","twitter_misc":{"Escrito por":"Diario del Sur Digital","Tiempo de lectura":"2 minutos"},"schema":{"@context":"https:\/\/schema.org","@graph":[{"@type":"Article","@id":"https:\/\/diariodelsurdigital.com.ar\/?p=2843#article","isPartOf":{"@id":"https:\/\/diariodelsurdigital.com.ar\/?p=2843"},"author":{"name":"Diario del Sur Digital","@id":"https:\/\/diariodelsurdigital.com.ar\/#\/schema\/person\/1a4992532ed62965c968031b49195c81"},"headline":"Lula enviar\u00e1 al Congreso brasile\u00f1o un proyecto para regular redes sociales y aplicaciones digitales","datePublished":"2025-05-26T17:25:29+00:00","dateModified":"2025-05-26T17:25:30+00:00","mainEntityOfPage":{"@id":"https:\/\/diariodelsurdigital.com.ar\/?p=2843"},"wordCount":313,"commentCount":0,"image":{"@id":"https:\/\/diariodelsurdigital.com.ar\/?p=2843#primaryimage"},"thumbnailUrl":"https:\/\/diariodelsurdigital.com.ar\/wp-content\/uploads\/2025\/05\/md-59.webp","articleSection":["Internacionales"],"inLanguage":"es","potentialAction":[{"@type":"CommentAction","name":"Comment","target":["https:\/\/diariodelsurdigital.com.ar\/?p=2843#respond"]}]},{"@type":"WebPage","@id":"https:\/\/diariodelsurdigital.com.ar\/?p=2843","url":"https:\/\/diariodelsurdigital.com.ar\/?p=2843","name":"Lula enviar\u00e1 al Congreso brasile\u00f1o un proyecto para regular redes sociales y aplicaciones digitales - Diario del Sur","isPartOf":{"@id":"https:\/\/diariodelsurdigital.com.ar\/#website"},"primaryImageOfPage":{"@id":"https:\/\/diariodelsurdigital.com.ar\/?p=2843#primaryimage"},"image":{"@id":"https:\/\/diariodelsurdigital.com.ar\/?p=2843#primaryimage"},"thumbnailUrl":"https:\/\/diariodelsurdigital.com.ar\/wp-content\/uploads\/2025\/05\/md-59.webp","datePublished":"2025-05-26T17:25:29+00:00","dateModified":"2025-05-26T17:25:30+00:00","author":{"@id":"https:\/\/diariodelsurdigital.com.ar\/#\/schema\/person\/1a4992532ed62965c968031b49195c81"},"breadcrumb":{"@id":"https:\/\/diariodelsurdigital.com.ar\/?p=2843#breadcrumb"},"inLanguage":"es","potentialAction":[{"@type":"ReadAction","target":["https:\/\/diariodelsurdigital.com.ar\/?p=2843"]}]},{"@type":"ImageObject","inLanguage":"es","@id":"https:\/\/diariodelsurdigital.com.ar\/?p=2843#primaryimage","url":"https:\/\/diariodelsurdigital.com.ar\/wp-content\/uploads\/2025\/05\/md-59.webp","contentUrl":"https:\/\/diariodelsurdigital.com.ar\/wp-content\/uploads\/2025\/05\/md-59.webp","width":992,"height":661},{"@type":"BreadcrumbList","@id":"https:\/\/diariodelsurdigital.com.ar\/?p=2843#breadcrumb","itemListElement":[{"@type":"ListItem","position":1,"name":"Portada","item":"https:\/\/diariodelsurdigital.com.ar\/"},{"@type":"ListItem","position":2,"name":"Lula enviar\u00e1 al Congreso brasile\u00f1o un proyecto para regular redes sociales y aplicaciones digitales"}]},{"@type":"WebSite","@id":"https:\/\/diariodelsurdigital.com.ar\/#website","url":"https:\/\/diariodelsurdigital.com.ar\/","name":"Diario del Sur","description":"Digital","potentialAction":[{"@type":"SearchAction","target":{"@type":"EntryPoint","urlTemplate":"https:\/\/diariodelsurdigital.com.ar\/?s={search_term_string}"},"query-input":{"@type":"PropertyValueSpecification","valueRequired":true,"valueName":"search_term_string"}}],"inLanguage":"es"},{"@type":"Person","@id":"https:\/\/diariodelsurdigital.com.ar\/#\/schema\/person\/1a4992532ed62965c968031b49195c81","name":"Diario del Sur Digital","image":{"@type":"ImageObject","inLanguage":"es","@id":"https:\/\/secure.gravatar.com\/avatar\/f0c7c47fc7146d19828273b9b8eda651c9c7ab583767e6338d3d3bee825adf76?s=96&d=mm&r=g","url":"https:\/\/secure.gravatar.com\/avatar\/f0c7c47fc7146d19828273b9b8eda651c9c7ab583767e6338d3d3bee825adf76?s=96&d=mm&r=g","contentUrl":"https:\/\/secure.gravatar.com\/avatar\/f0c7c47fc7146d19828273b9b8eda651c9c7ab583767e6338d3d3bee825adf76?s=96&d=mm&r=g","caption":"Diario del Sur Digital"},"url":"https:\/\/diariodelsurdigital.com.ar\/?author=4"}]}},"_links":{"self":[{"href":"https:\/\/diariodelsurdigital.com.ar\/index.php?rest_route=\/wp\/v2\/posts\/2843","targetHints":{"allow":["GET"]}}],"collection":[{"href":"https:\/\/diariodelsurdigital.com.ar\/index.php?rest_route=\/wp\/v2\/posts"}],"about":[{"href":"https:\/\/diariodelsurdigital.com.ar\/index.php?rest_route=\/wp\/v2\/types\/post"}],"author":[{"embeddable":true,"href":"https:\/\/diariodelsurdigital.com.ar\/index.php?rest_route=\/wp\/v2\/users\/4"}],"replies":[{"embeddable":true,"href":"https:\/\/diariodelsurdigital.com.ar\/index.php?rest_route=%2Fwp%2Fv2%2Fcomments&post=2843"}],"version-history":[{"count":1,"href":"https:\/\/diariodelsurdigital.com.ar\/index.php?rest_route=\/wp\/v2\/posts\/2843\/revisions"}],"predecessor-version":[{"id":2845,"href":"https:\/\/diariodelsurdigital.com.ar\/index.php?rest_route=\/wp\/v2\/posts\/2843\/revisions\/2845"}],"wp:featuredmedia":[{"embeddable":true,"href":"https:\/\/diariodelsurdigital.com.ar\/index.php?rest_route=\/wp\/v2\/media\/2844"}],"wp:attachment":[{"href":"https:\/\/diariodelsurdigital.com.ar\/index.php?rest_route=%2Fwp%2Fv2%2Fmedia&parent=2843"}],"wp:term":[{"taxonomy":"category","embeddable":true,"href":"https:\/\/diariodelsurdigital.com.ar\/index.php?rest_route=%2Fwp%2Fv2%2Fcategories&post=2843"},{"taxonomy":"post_tag","embeddable":true,"href":"https:\/\/diariodelsurdigital.com.ar\/index.php?rest_route=%2Fwp%2Fv2%2Ftags&post=2843"}],"curies":[{"name":"wp","href":"https:\/\/api.w.org\/{rel}","templated":true}]}}