{"id":2860,"date":"2025-05-27T13:34:03","date_gmt":"2025-05-27T16:34:03","guid":{"rendered":"https:\/\/diariodelsurdigital.com.ar\/?p=2860"},"modified":"2025-05-27T13:34:04","modified_gmt":"2025-05-27T16:34:04","slug":"el-presidente-del-pj-parana-le-pidio-a-su-par-provincial-que-convoque-urgente-a-los-legisladores-del-pj-ante-la-sesion-por-la-oser","status":"publish","type":"post","link":"https:\/\/diariodelsurdigital.com.ar\/?p=2860","title":{"rendered":"El presidente del PJ Paran\u00e1 le pidi\u00f3 a su par provincial que convoque \u201curgente\u201d a los legisladores del PJ ante la sesi\u00f3n por la OSER"},"content":{"rendered":"\n<p>El titular del Consejo Departamental del Partido Justicialista (PJ) de Paran\u00e1, Jorge V\u00e1zquez, present\u00f3 este lunes a la ma\u00f1ana una nota al presidente del PJ de Entre R\u00edos, Jos\u00e9 C\u00e1ceres, para que convoque de manera \u201curgente\u201d a los legisladores partidarios. Es por el inminente tratamiento del proyecto de creaci\u00f3n de la Obra Social de Entre R\u00edos (OSER), que comenzar\u00e1 el martes 27 en la C\u00e1mara de Senadores de la provincia.<\/p>\n\n\n\n<p>En la nota V\u00e1zquez se\u00f1al\u00f3 que en su car\u00e1cter de afiliado, militante y presidente del Consejo Departamental del PJ de Paran\u00e1, remarc\u00f3 la importancia de llamar a los legisladores ante el inminente tratamiento en el Senado del proyecto del Poder Ejecutivo (PE) que propone una ley para reemplazar al Instituto de la Obras Social de la Provincia de Entre R\u00edos (Iosper) por la creaci\u00f3n de la Obra Social de Entre R\u00edos (OSER).<\/p>\n\n\n\n<p>En el comunicado, que public\u00f3 lavoz901.com, se resalt\u00f3 que \u00absu aprobaci\u00f3n significar\u00e1 la destrucci\u00f3n de la obra social solidaria (Iosper) y un posterior agravamiento del sistema de salud entrerriano, en particular para los 300.000 trabajadores estatales y sus familias\u00bb.<\/p>\n\n\n\n<p>En la misiva se enfatiz\u00f3 que \u201cos trabajadores afiliados a la obra social y sus familias, \u00abdebido a las medidas de vaciamiento adoptadas por la actual intervenci\u00f3n centralista, se encuentran atravesando por un estado de incertidumbre e indefensi\u00f3n frente al incumplimiento de muchas de las prestaciones\u00bb.<\/p>\n\n\n\n<p>V\u00e1zquez remarc\u00f3 que, en la actualidad, \u00abel partido debe reafirmar su posici\u00f3n hist\u00f3rica en funci\u00f3n de una estrategia en defensa de nuestros representados, ejerciendo un llamamiento para que ning\u00fan legislador incurra en actos de individualismo claudicante, frente a maniobras que prosiguen intereses inconfesables que son totalmente ajenos a los del bienestar de la clase trabajadora entrerriana\u00bb.<\/p>\n","protected":false},"excerpt":{"rendered":"<p>El titular del Consejo Departamental del Partido Justicialista (PJ) de Paran\u00e1, Jorge V\u00e1zquez, present\u00f3 este lunes a la ma\u00f1ana una nota al presidente del PJ de Entre R\u00edos, Jos\u00e9 C\u00e1ceres, para que convoque de manera \u201curgente\u201d a los legisladores partidarios. Es por el inminente tratamiento del proyecto de creaci\u00f3n de la Obra Social de Entre [&hellip;]<\/p>\n","protected":false},"author":4,"featured_media":2861,"comment_status":"open","ping_status":"open","sticky":false,"template":"","format":"standard","meta":{"footnotes":""},"categories":[22,17],"tags":[],"class_list":{"0":"post-2860","1":"post","2":"type-post","3":"status-publish","4":"format-standard","5":"has-post-thumbnail","7":"category-politica","8":"category-provinciales"},"yoast_head":"<!-- This site is optimized with the Yoast SEO plugin v27.4 - https:\/\/yoast.com\/product\/yoast-seo-wordpress\/ -->\n<title>El presidente del PJ Paran\u00e1 le pidi\u00f3 a su par provincial que convoque \u201curgente\u201d a los legisladores del PJ ante la sesi\u00f3n por la OSER - Diario del Sur<\/title>\n<meta name=\"robots\" content=\"index, follow, max-snippet:-1, max-image-preview:large, max-video-preview:-1\" \/>\n<link rel=\"canonical\" href=\"https:\/\/diariodelsurdigital.com.ar\/?p=2860\" \/>\n<meta property=\"og:locale\" content=\"es_ES\" \/>\n<meta property=\"og:type\" content=\"article\" \/>\n<meta property=\"og:title\" content=\"El presidente del PJ Paran\u00e1 le pidi\u00f3 a su par provincial que convoque \u201curgente\u201d a los legisladores del PJ ante la sesi\u00f3n por la OSER - Diario del Sur\" \/>\n<meta property=\"og:description\" content=\"El titular del Consejo Departamental del Partido Justicialista (PJ) de Paran\u00e1, Jorge V\u00e1zquez, present\u00f3 este lunes a la ma\u00f1ana una nota al presidente del PJ de Entre R\u00edos, Jos\u00e9 C\u00e1ceres, para que convoque de manera \u201curgente\u201d a los legisladores partidarios. Es por el inminente tratamiento del proyecto de creaci\u00f3n de la Obra Social de Entre [&hellip;]\" \/>\n<meta property=\"og:url\" content=\"https:\/\/diariodelsurdigital.com.ar\/?p=2860\" \/>\n<meta property=\"og:site_name\" content=\"Diario del Sur\" \/>\n<meta property=\"article:published_time\" content=\"2025-05-27T16:34:03+00:00\" \/>\n<meta property=\"article:modified_time\" content=\"2025-05-27T16:34:04+00:00\" \/>\n<meta property=\"og:image\" content=\"https:\/\/diariodelsurdigital.com.ar\/wp-content\/uploads\/2025\/05\/md-62.webp\" \/>\n\t<meta property=\"og:image:width\" content=\"992\" \/>\n\t<meta property=\"og:image:height\" content=\"661\" \/>\n\t<meta property=\"og:image:type\" content=\"image\/webp\" \/>\n<meta name=\"author\" content=\"Diario del Sur Digital\" \/>\n<meta name=\"twitter:card\" content=\"summary_large_image\" \/>\n<meta name=\"twitter:label1\" content=\"Escrito por\" \/>\n\t<meta name=\"twitter:data1\" content=\"Diario del Sur Digital\" \/>\n\t<meta name=\"twitter:label2\" content=\"Tiempo de lectura\" \/>\n\t<meta name=\"twitter:data2\" content=\"2 minutos\" \/>\n<script type=\"application\/ld+json\" class=\"yoast-schema-graph\">{\"@context\":\"https:\\\/\\\/schema.org\",\"@graph\":[{\"@type\":\"Article\",\"@id\":\"https:\\\/\\\/diariodelsurdigital.com.ar\\\/?p=2860#article\",\"isPartOf\":{\"@id\":\"https:\\\/\\\/diariodelsurdigital.com.ar\\\/?p=2860\"},\"author\":{\"name\":\"Diario del Sur Digital\",\"@id\":\"https:\\\/\\\/diariodelsurdigital.com.ar\\\/#\\\/schema\\\/person\\\/1a4992532ed62965c968031b49195c81\"},\"headline\":\"El presidente del PJ Paran\u00e1 le pidi\u00f3 a su par provincial que convoque \u201curgente\u201d a los legisladores del PJ ante la sesi\u00f3n por la OSER\",\"datePublished\":\"2025-05-27T16:34:03+00:00\",\"dateModified\":\"2025-05-27T16:34:04+00:00\",\"mainEntityOfPage\":{\"@id\":\"https:\\\/\\\/diariodelsurdigital.com.ar\\\/?p=2860\"},\"wordCount\":330,\"commentCount\":0,\"image\":{\"@id\":\"https:\\\/\\\/diariodelsurdigital.com.ar\\\/?p=2860#primaryimage\"},\"thumbnailUrl\":\"https:\\\/\\\/diariodelsurdigital.com.ar\\\/wp-content\\\/uploads\\\/2025\\\/05\\\/md-62.webp\",\"articleSection\":[\"Pol\u00edtica\",\"Provinciales\"],\"inLanguage\":\"es\",\"potentialAction\":[{\"@type\":\"CommentAction\",\"name\":\"Comment\",\"target\":[\"https:\\\/\\\/diariodelsurdigital.com.ar\\\/?p=2860#respond\"]}]},{\"@type\":\"WebPage\",\"@id\":\"https:\\\/\\\/diariodelsurdigital.com.ar\\\/?p=2860\",\"url\":\"https:\\\/\\\/diariodelsurdigital.com.ar\\\/?p=2860\",\"name\":\"El presidente del PJ Paran\u00e1 le pidi\u00f3 a su par provincial que convoque \u201curgente\u201d a los legisladores del PJ ante la sesi\u00f3n por la OSER - Diario del Sur\",\"isPartOf\":{\"@id\":\"https:\\\/\\\/diariodelsurdigital.com.ar\\\/#website\"},\"primaryImageOfPage\":{\"@id\":\"https:\\\/\\\/diariodelsurdigital.com.ar\\\/?p=2860#primaryimage\"},\"image\":{\"@id\":\"https:\\\/\\\/diariodelsurdigital.com.ar\\\/?p=2860#primaryimage\"},\"thumbnailUrl\":\"https:\\\/\\\/diariodelsurdigital.com.ar\\\/wp-content\\\/uploads\\\/2025\\\/05\\\/md-62.webp\",\"datePublished\":\"2025-05-27T16:34:03+00:00\",\"dateModified\":\"2025-05-27T16:34:04+00:00\",\"author\":{\"@id\":\"https:\\\/\\\/diariodelsurdigital.com.ar\\\/#\\\/schema\\\/person\\\/1a4992532ed62965c968031b49195c81\"},\"breadcrumb\":{\"@id\":\"https:\\\/\\\/diariodelsurdigital.com.ar\\\/?p=2860#breadcrumb\"},\"inLanguage\":\"es\",\"potentialAction\":[{\"@type\":\"ReadAction\",\"target\":[\"https:\\\/\\\/diariodelsurdigital.com.ar\\\/?p=2860\"]}]},{\"@type\":\"ImageObject\",\"inLanguage\":\"es\",\"@id\":\"https:\\\/\\\/diariodelsurdigital.com.ar\\\/?p=2860#primaryimage\",\"url\":\"https:\\\/\\\/diariodelsurdigital.com.ar\\\/wp-content\\\/uploads\\\/2025\\\/05\\\/md-62.webp\",\"contentUrl\":\"https:\\\/\\\/diariodelsurdigital.com.ar\\\/wp-content\\\/uploads\\\/2025\\\/05\\\/md-62.webp\",\"width\":992,\"height\":661},{\"@type\":\"BreadcrumbList\",\"@id\":\"https:\\\/\\\/diariodelsurdigital.com.ar\\\/?p=2860#breadcrumb\",\"itemListElement\":[{\"@type\":\"ListItem\",\"position\":1,\"name\":\"Portada\",\"item\":\"https:\\\/\\\/diariodelsurdigital.com.ar\\\/\"},{\"@type\":\"ListItem\",\"position\":2,\"name\":\"El presidente del PJ Paran\u00e1 le pidi\u00f3 a su par provincial que convoque \u201curgente\u201d a los legisladores del PJ ante la sesi\u00f3n por la OSER\"}]},{\"@type\":\"WebSite\",\"@id\":\"https:\\\/\\\/diariodelsurdigital.com.ar\\\/#website\",\"url\":\"https:\\\/\\\/diariodelsurdigital.com.ar\\\/\",\"name\":\"Diario del Sur\",\"description\":\"Digital\",\"potentialAction\":[{\"@type\":\"SearchAction\",\"target\":{\"@type\":\"EntryPoint\",\"urlTemplate\":\"https:\\\/\\\/diariodelsurdigital.com.ar\\\/?s={search_term_string}\"},\"query-input\":{\"@type\":\"PropertyValueSpecification\",\"valueRequired\":true,\"valueName\":\"search_term_string\"}}],\"inLanguage\":\"es\"},{\"@type\":\"Person\",\"@id\":\"https:\\\/\\\/diariodelsurdigital.com.ar\\\/#\\\/schema\\\/person\\\/1a4992532ed62965c968031b49195c81\",\"name\":\"Diario del Sur Digital\",\"image\":{\"@type\":\"ImageObject\",\"inLanguage\":\"es\",\"@id\":\"https:\\\/\\\/secure.gravatar.com\\\/avatar\\\/f0c7c47fc7146d19828273b9b8eda651c9c7ab583767e6338d3d3bee825adf76?s=96&d=mm&r=g\",\"url\":\"https:\\\/\\\/secure.gravatar.com\\\/avatar\\\/f0c7c47fc7146d19828273b9b8eda651c9c7ab583767e6338d3d3bee825adf76?s=96&d=mm&r=g\",\"contentUrl\":\"https:\\\/\\\/secure.gravatar.com\\\/avatar\\\/f0c7c47fc7146d19828273b9b8eda651c9c7ab583767e6338d3d3bee825adf76?s=96&d=mm&r=g\",\"caption\":\"Diario del Sur Digital\"},\"url\":\"https:\\\/\\\/diariodelsurdigital.com.ar\\\/?author=4\"}]}<\/script>\n<!-- \/ Yoast SEO plugin. -->","yoast_head_json":{"title":"El presidente del PJ Paran\u00e1 le pidi\u00f3 a su par provincial que convoque \u201curgente\u201d a los legisladores del PJ ante la sesi\u00f3n por la OSER - Diario del Sur","robots":{"index":"index","follow":"follow","max-snippet":"max-snippet:-1","max-image-preview":"max-image-preview:large","max-video-preview":"max-video-preview:-1"},"canonical":"https:\/\/diariodelsurdigital.com.ar\/?p=2860","og_locale":"es_ES","og_type":"article","og_title":"El presidente del PJ Paran\u00e1 le pidi\u00f3 a su par provincial que convoque \u201curgente\u201d a los legisladores del PJ ante la sesi\u00f3n por la OSER - Diario del Sur","og_description":"El titular del Consejo Departamental del Partido Justicialista (PJ) de Paran\u00e1, Jorge V\u00e1zquez, present\u00f3 este lunes a la ma\u00f1ana una nota al presidente del PJ de Entre R\u00edos, Jos\u00e9 C\u00e1ceres, para que convoque de manera \u201curgente\u201d a los legisladores partidarios. Es por el inminente tratamiento del proyecto de creaci\u00f3n de la Obra Social de Entre [&hellip;]","og_url":"https:\/\/diariodelsurdigital.com.ar\/?p=2860","og_site_name":"Diario del Sur","article_published_time":"2025-05-27T16:34:03+00:00","article_modified_time":"2025-05-27T16:34:04+00:00","og_image":[{"width":992,"height":661,"url":"https:\/\/diariodelsurdigital.com.ar\/wp-content\/uploads\/2025\/05\/md-62.webp","type":"image\/webp"}],"author":"Diario del Sur Digital","twitter_card":"summary_large_image","twitter_misc":{"Escrito por":"Diario del Sur Digital","Tiempo de lectura":"2 minutos"},"schema":{"@context":"https:\/\/schema.org","@graph":[{"@type":"Article","@id":"https:\/\/diariodelsurdigital.com.ar\/?p=2860#article","isPartOf":{"@id":"https:\/\/diariodelsurdigital.com.ar\/?p=2860"},"author":{"name":"Diario del Sur Digital","@id":"https:\/\/diariodelsurdigital.com.ar\/#\/schema\/person\/1a4992532ed62965c968031b49195c81"},"headline":"El presidente del PJ Paran\u00e1 le pidi\u00f3 a su par provincial que convoque \u201curgente\u201d a los legisladores del PJ ante la sesi\u00f3n por la OSER","datePublished":"2025-05-27T16:34:03+00:00","dateModified":"2025-05-27T16:34:04+00:00","mainEntityOfPage":{"@id":"https:\/\/diariodelsurdigital.com.ar\/?p=2860"},"wordCount":330,"commentCount":0,"image":{"@id":"https:\/\/diariodelsurdigital.com.ar\/?p=2860#primaryimage"},"thumbnailUrl":"https:\/\/diariodelsurdigital.com.ar\/wp-content\/uploads\/2025\/05\/md-62.webp","articleSection":["Pol\u00edtica","Provinciales"],"inLanguage":"es","potentialAction":[{"@type":"CommentAction","name":"Comment","target":["https:\/\/diariodelsurdigital.com.ar\/?p=2860#respond"]}]},{"@type":"WebPage","@id":"https:\/\/diariodelsurdigital.com.ar\/?p=2860","url":"https:\/\/diariodelsurdigital.com.ar\/?p=2860","name":"El presidente del PJ Paran\u00e1 le pidi\u00f3 a su par provincial que convoque \u201curgente\u201d a los legisladores del PJ ante la sesi\u00f3n por la OSER - Diario del Sur","isPartOf":{"@id":"https:\/\/diariodelsurdigital.com.ar\/#website"},"primaryImageOfPage":{"@id":"https:\/\/diariodelsurdigital.com.ar\/?p=2860#primaryimage"},"image":{"@id":"https:\/\/diariodelsurdigital.com.ar\/?p=2860#primaryimage"},"thumbnailUrl":"https:\/\/diariodelsurdigital.com.ar\/wp-content\/uploads\/2025\/05\/md-62.webp","datePublished":"2025-05-27T16:34:03+00:00","dateModified":"2025-05-27T16:34:04+00:00","author":{"@id":"https:\/\/diariodelsurdigital.com.ar\/#\/schema\/person\/1a4992532ed62965c968031b49195c81"},"breadcrumb":{"@id":"https:\/\/diariodelsurdigital.com.ar\/?p=2860#breadcrumb"},"inLanguage":"es","potentialAction":[{"@type":"ReadAction","target":["https:\/\/diariodelsurdigital.com.ar\/?p=2860"]}]},{"@type":"ImageObject","inLanguage":"es","@id":"https:\/\/diariodelsurdigital.com.ar\/?p=2860#primaryimage","url":"https:\/\/diariodelsurdigital.com.ar\/wp-content\/uploads\/2025\/05\/md-62.webp","contentUrl":"https:\/\/diariodelsurdigital.com.ar\/wp-content\/uploads\/2025\/05\/md-62.webp","width":992,"height":661},{"@type":"BreadcrumbList","@id":"https:\/\/diariodelsurdigital.com.ar\/?p=2860#breadcrumb","itemListElement":[{"@type":"ListItem","position":1,"name":"Portada","item":"https:\/\/diariodelsurdigital.com.ar\/"},{"@type":"ListItem","position":2,"name":"El presidente del PJ Paran\u00e1 le pidi\u00f3 a su par provincial que convoque \u201curgente\u201d a los legisladores del PJ ante la sesi\u00f3n por la OSER"}]},{"@type":"WebSite","@id":"https:\/\/diariodelsurdigital.com.ar\/#website","url":"https:\/\/diariodelsurdigital.com.ar\/","name":"Diario del Sur","description":"Digital","potentialAction":[{"@type":"SearchAction","target":{"@type":"EntryPoint","urlTemplate":"https:\/\/diariodelsurdigital.com.ar\/?s={search_term_string}"},"query-input":{"@type":"PropertyValueSpecification","valueRequired":true,"valueName":"search_term_string"}}],"inLanguage":"es"},{"@type":"Person","@id":"https:\/\/diariodelsurdigital.com.ar\/#\/schema\/person\/1a4992532ed62965c968031b49195c81","name":"Diario del Sur Digital","image":{"@type":"ImageObject","inLanguage":"es","@id":"https:\/\/secure.gravatar.com\/avatar\/f0c7c47fc7146d19828273b9b8eda651c9c7ab583767e6338d3d3bee825adf76?s=96&d=mm&r=g","url":"https:\/\/secure.gravatar.com\/avatar\/f0c7c47fc7146d19828273b9b8eda651c9c7ab583767e6338d3d3bee825adf76?s=96&d=mm&r=g","contentUrl":"https:\/\/secure.gravatar.com\/avatar\/f0c7c47fc7146d19828273b9b8eda651c9c7ab583767e6338d3d3bee825adf76?s=96&d=mm&r=g","caption":"Diario del Sur Digital"},"url":"https:\/\/diariodelsurdigital.com.ar\/?author=4"}]}},"_links":{"self":[{"href":"https:\/\/diariodelsurdigital.com.ar\/index.php?rest_route=\/wp\/v2\/posts\/2860","targetHints":{"allow":["GET"]}}],"collection":[{"href":"https:\/\/diariodelsurdigital.com.ar\/index.php?rest_route=\/wp\/v2\/posts"}],"about":[{"href":"https:\/\/diariodelsurdigital.com.ar\/index.php?rest_route=\/wp\/v2\/types\/post"}],"author":[{"embeddable":true,"href":"https:\/\/diariodelsurdigital.com.ar\/index.php?rest_route=\/wp\/v2\/users\/4"}],"replies":[{"embeddable":true,"href":"https:\/\/diariodelsurdigital.com.ar\/index.php?rest_route=%2Fwp%2Fv2%2Fcomments&post=2860"}],"version-history":[{"count":1,"href":"https:\/\/diariodelsurdigital.com.ar\/index.php?rest_route=\/wp\/v2\/posts\/2860\/revisions"}],"predecessor-version":[{"id":2862,"href":"https:\/\/diariodelsurdigital.com.ar\/index.php?rest_route=\/wp\/v2\/posts\/2860\/revisions\/2862"}],"wp:featuredmedia":[{"embeddable":true,"href":"https:\/\/diariodelsurdigital.com.ar\/index.php?rest_route=\/wp\/v2\/media\/2861"}],"wp:attachment":[{"href":"https:\/\/diariodelsurdigital.com.ar\/index.php?rest_route=%2Fwp%2Fv2%2Fmedia&parent=2860"}],"wp:term":[{"taxonomy":"category","embeddable":true,"href":"https:\/\/diariodelsurdigital.com.ar\/index.php?rest_route=%2Fwp%2Fv2%2Fcategories&post=2860"},{"taxonomy":"post_tag","embeddable":true,"href":"https:\/\/diariodelsurdigital.com.ar\/index.php?rest_route=%2Fwp%2Fv2%2Ftags&post=2860"}],"curies":[{"name":"wp","href":"https:\/\/api.w.org\/{rel}","templated":true}]}}