{"id":2866,"date":"2025-05-27T13:40:15","date_gmt":"2025-05-27T16:40:15","guid":{"rendered":"https:\/\/diariodelsurdigital.com.ar\/?p=2866"},"modified":"2025-05-27T13:40:16","modified_gmt":"2025-05-27T16:40:16","slug":"tras-la-entrega-del-petitorio-en-contra-de-la-disolucion-del-iosper-agmer-comenzo-el-acampe","status":"publish","type":"post","link":"https:\/\/diariodelsurdigital.com.ar\/?p=2866","title":{"rendered":"Tras la entrega del petitorio en contra de la disoluci\u00f3n del Iosper, Agmer comenz\u00f3 el acampe"},"content":{"rendered":"\n<p>El gremio docente present\u00f3 este martes un documento ante el Senado provincial rechazando la eliminaci\u00f3n de la obra social. Luego inici\u00f3 un acampe en Plaza Mansilla, en el marco de una medida de fuerza que se extender\u00e1 hasta el jueves y comenz\u00f3 marcadi por inclemencias clim\u00e1ticas.<\/p>\n\n\n\n<p><\/p>\n\n\n\n<p>La Asociaci\u00f3n Gremial del Magisterio de Entre R\u00edos (Agmer) entreg\u00f3 este martes por la ma\u00f1ana un petitorio al Senado provincial en el que expres\u00f3 su rechazo al proyecto de ley que propone la eliminaci\u00f3n del Instituto de Obra Social de la Provincia de Entre R\u00edos (Iosper) y su reemplazo por la Obra Social de Entre R\u00edos (OSER), inform\u00f3 APFDigital.<\/p>\n\n\n\n<p>En el escrito, firmado por numerosos afiliados, el gremio advierte que la creaci\u00f3n de OSER implicar\u00eda el traspaso del control de la obra social al Poder Ejecutivo, lo que privar\u00eda a los trabajadores estatales del derecho a decidir sobre la instituci\u00f3n que garantiza su acceso a la salud.<\/p>\n\n\n\n<p>\u201cManifestamos el absoluto rechazo a la eliminaci\u00f3n de nuestra obra social y su reemplazo por la OSER, cuyo control quedar\u00eda en manos del gobierno\u201d, sostiene el documento. \u201cSolicitamos que este petitorio sea incorporado al tr\u00e1mite legislativo en curso, con car\u00e1cter urgente y preferencial\u201d, agrega.<\/p>\n\n\n\n<p>Campamento hasta el jueves<br>Tras la entrega del documento, docentes nucleados en Agmer comenzaron a instalar una carpa blanca en Plaza Mansilla, frente a la Legislatura, acompa\u00f1ados por sectores de la Intersindical como la Asociaci\u00f3n de Trabajadores del Estado (ATE), la Asociaci\u00f3n Judicial de Entre R\u00edos (AJER), y la Asociaci\u00f3n del Personal Legislativo de Entre R\u00edos (Apler), entre otros.<\/p>\n\n\n\n<p>En medio del fr\u00edo y el viento, y con m\u00fasica de protesta de fondo, los manifestantes montaron el campamento como forma de resistencia simb\u00f3lica. La medida se mantendr\u00e1 hasta este jueves, cuando se realice la sesi\u00f3n legislativa que podr\u00eda tratar el proyecto en cuesti\u00f3n.<\/p>\n\n\n\n<p>Guillermo Zampedri, secretario gremial de Agmer, explic\u00f3 que las condiciones clim\u00e1ticas complicaron la llegada de manifestantes del interior, aunque remarc\u00f3 la firmeza de la convocatoria: \u201cEstamos ac\u00e1 y decimos no a la OSER, s\u00ed al Iosper. La obra social es de los trabajadores, y la vamos a seguir defendiendo\u201d.<\/p>\n\n\n\n<p>Respecto al valor simb\u00f3lico de la carpa blanca para el sector docente, el secretario gremial de Agmer, Guillermo Zampedri, asegur\u00f3 que es \u201cmuy alto\u201d y explic\u00f3: \u201cFue el \u00edcono de la resistencia al neoliberalismo menemista\u201d.<\/p>\n\n\n\n<p>En ese sentido, compar\u00f3 el contexto actual con el de los a\u00f1os 90: \u201cHoy la tenemos que volver a plantar y ah\u00ed se est\u00e1 construyendo para transformarse en un \u00edcono de la resistencia de este gobierno neoliberal, antiobrero, antipopular y antisindical de Frigerio\u201d. Y agreg\u00f3: \u201cNo es nuevo porque ya es parte de la historia; Frigerio, siendo muy joven, fue c\u00f3mplice del neoliberalismo menemista, ya andaba por esos horizontes\u201d.<\/p>\n\n\n\n<p>\u201cPodemos decir que la historia se repite y tiene a los mismos protagonistas que son muy obvios, ya los conocemos, advert\u00edamos que esto iba a ocurrir y est\u00e1 ocurriendo\u201d, sostuvo el dirigente, al tiempo que cuestion\u00f3 el rol del actual gobierno en el tratamiento del proyecto.<\/p>\n\n\n\n<p>\u201cVamos a resistir en todos los escenarios\u201d<br>Consultado por esta Agencia sobre qu\u00e9 ocurrir\u00eda si el proyecto que busca disolver el Iosper obtuviera media sanci\u00f3n, Zampedri afirm\u00f3: \u201cEntendemos que la \u00fanica forma de aprobarla en el Senado es darle media sanci\u00f3n con votos del peronismo\u201d. Y explic\u00f3: \u201cNo hay otra alternativa porque el oficialismo tiene ocho y se necesitan nueve votos, salvo que alguno no venga y en ese caso, con ocho, desempatar\u00eda la vicegobernadora\u201d.<\/p>\n\n\n\n<p>\u201cNosotros vamos a resistir en todos los escenarios, lo vamos a seguir haciendo cuando se apruebe la ley, porque lo que nosotros advertimos va a ocurrir\u201d, advirti\u00f3. Y concluy\u00f3: \u201cEsta conducci\u00f3n de la obra social de porte\u00f1o viene a devastar nuestra obra social\u201d.<\/p>\n","protected":false},"excerpt":{"rendered":"<p>El gremio docente present\u00f3 este martes un documento ante el Senado provincial rechazando la eliminaci\u00f3n de la obra social. Luego inici\u00f3 un acampe en Plaza Mansilla, en el marco de una medida de fuerza que se extender\u00e1 hasta el jueves y comenz\u00f3 marcadi por inclemencias clim\u00e1ticas. La Asociaci\u00f3n Gremial del Magisterio de Entre R\u00edos (Agmer) [&hellip;]<\/p>\n","protected":false},"author":4,"featured_media":2867,"comment_status":"open","ping_status":"open","sticky":false,"template":"","format":"standard","meta":{"footnotes":""},"categories":[19,17],"tags":[],"class_list":{"0":"post-2866","1":"post","2":"type-post","3":"status-publish","4":"format-standard","5":"has-post-thumbnail","7":"category-interes-general","8":"category-provinciales"},"yoast_head":"<!-- This site is optimized with the Yoast SEO plugin v27.4 - https:\/\/yoast.com\/product\/yoast-seo-wordpress\/ -->\n<title>Tras la entrega del petitorio en contra de la disoluci\u00f3n del Iosper, Agmer comenz\u00f3 el acampe - Diario del Sur<\/title>\n<meta name=\"robots\" content=\"index, follow, max-snippet:-1, max-image-preview:large, max-video-preview:-1\" \/>\n<link rel=\"canonical\" href=\"https:\/\/diariodelsurdigital.com.ar\/?p=2866\" \/>\n<meta property=\"og:locale\" content=\"es_ES\" \/>\n<meta property=\"og:type\" content=\"article\" \/>\n<meta property=\"og:title\" content=\"Tras la entrega del petitorio en contra de la disoluci\u00f3n del Iosper, Agmer comenz\u00f3 el acampe - Diario del Sur\" \/>\n<meta property=\"og:description\" content=\"El gremio docente present\u00f3 este martes un documento ante el Senado provincial rechazando la eliminaci\u00f3n de la obra social. Luego inici\u00f3 un acampe en Plaza Mansilla, en el marco de una medida de fuerza que se extender\u00e1 hasta el jueves y comenz\u00f3 marcadi por inclemencias clim\u00e1ticas. La Asociaci\u00f3n Gremial del Magisterio de Entre R\u00edos (Agmer) [&hellip;]\" \/>\n<meta property=\"og:url\" content=\"https:\/\/diariodelsurdigital.com.ar\/?p=2866\" \/>\n<meta property=\"og:site_name\" content=\"Diario del Sur\" \/>\n<meta property=\"article:published_time\" content=\"2025-05-27T16:40:15+00:00\" \/>\n<meta property=\"article:modified_time\" content=\"2025-05-27T16:40:16+00:00\" \/>\n<meta property=\"og:image\" content=\"https:\/\/diariodelsurdigital.com.ar\/wp-content\/uploads\/2025\/05\/md-64.webp\" \/>\n\t<meta property=\"og:image:width\" content=\"992\" \/>\n\t<meta property=\"og:image:height\" content=\"558\" \/>\n\t<meta property=\"og:image:type\" content=\"image\/webp\" \/>\n<meta name=\"author\" content=\"Diario del Sur Digital\" \/>\n<meta name=\"twitter:card\" content=\"summary_large_image\" \/>\n<meta name=\"twitter:label1\" content=\"Escrito por\" \/>\n\t<meta name=\"twitter:data1\" content=\"Diario del Sur Digital\" \/>\n\t<meta name=\"twitter:label2\" content=\"Tiempo de lectura\" \/>\n\t<meta name=\"twitter:data2\" content=\"4 minutos\" \/>\n<script type=\"application\/ld+json\" class=\"yoast-schema-graph\">{\"@context\":\"https:\\\/\\\/schema.org\",\"@graph\":[{\"@type\":\"Article\",\"@id\":\"https:\\\/\\\/diariodelsurdigital.com.ar\\\/?p=2866#article\",\"isPartOf\":{\"@id\":\"https:\\\/\\\/diariodelsurdigital.com.ar\\\/?p=2866\"},\"author\":{\"name\":\"Diario del Sur Digital\",\"@id\":\"https:\\\/\\\/diariodelsurdigital.com.ar\\\/#\\\/schema\\\/person\\\/1a4992532ed62965c968031b49195c81\"},\"headline\":\"Tras la entrega del petitorio en contra de la disoluci\u00f3n del Iosper, Agmer comenz\u00f3 el acampe\",\"datePublished\":\"2025-05-27T16:40:15+00:00\",\"dateModified\":\"2025-05-27T16:40:16+00:00\",\"mainEntityOfPage\":{\"@id\":\"https:\\\/\\\/diariodelsurdigital.com.ar\\\/?p=2866\"},\"wordCount\":671,\"commentCount\":0,\"image\":{\"@id\":\"https:\\\/\\\/diariodelsurdigital.com.ar\\\/?p=2866#primaryimage\"},\"thumbnailUrl\":\"https:\\\/\\\/diariodelsurdigital.com.ar\\\/wp-content\\\/uploads\\\/2025\\\/05\\\/md-64.webp\",\"articleSection\":[\"Inter\u00e9s General\",\"Provinciales\"],\"inLanguage\":\"es\",\"potentialAction\":[{\"@type\":\"CommentAction\",\"name\":\"Comment\",\"target\":[\"https:\\\/\\\/diariodelsurdigital.com.ar\\\/?p=2866#respond\"]}]},{\"@type\":\"WebPage\",\"@id\":\"https:\\\/\\\/diariodelsurdigital.com.ar\\\/?p=2866\",\"url\":\"https:\\\/\\\/diariodelsurdigital.com.ar\\\/?p=2866\",\"name\":\"Tras la entrega del petitorio en contra de la disoluci\u00f3n del Iosper, Agmer comenz\u00f3 el acampe - Diario del Sur\",\"isPartOf\":{\"@id\":\"https:\\\/\\\/diariodelsurdigital.com.ar\\\/#website\"},\"primaryImageOfPage\":{\"@id\":\"https:\\\/\\\/diariodelsurdigital.com.ar\\\/?p=2866#primaryimage\"},\"image\":{\"@id\":\"https:\\\/\\\/diariodelsurdigital.com.ar\\\/?p=2866#primaryimage\"},\"thumbnailUrl\":\"https:\\\/\\\/diariodelsurdigital.com.ar\\\/wp-content\\\/uploads\\\/2025\\\/05\\\/md-64.webp\",\"datePublished\":\"2025-05-27T16:40:15+00:00\",\"dateModified\":\"2025-05-27T16:40:16+00:00\",\"author\":{\"@id\":\"https:\\\/\\\/diariodelsurdigital.com.ar\\\/#\\\/schema\\\/person\\\/1a4992532ed62965c968031b49195c81\"},\"breadcrumb\":{\"@id\":\"https:\\\/\\\/diariodelsurdigital.com.ar\\\/?p=2866#breadcrumb\"},\"inLanguage\":\"es\",\"potentialAction\":[{\"@type\":\"ReadAction\",\"target\":[\"https:\\\/\\\/diariodelsurdigital.com.ar\\\/?p=2866\"]}]},{\"@type\":\"ImageObject\",\"inLanguage\":\"es\",\"@id\":\"https:\\\/\\\/diariodelsurdigital.com.ar\\\/?p=2866#primaryimage\",\"url\":\"https:\\\/\\\/diariodelsurdigital.com.ar\\\/wp-content\\\/uploads\\\/2025\\\/05\\\/md-64.webp\",\"contentUrl\":\"https:\\\/\\\/diariodelsurdigital.com.ar\\\/wp-content\\\/uploads\\\/2025\\\/05\\\/md-64.webp\",\"width\":992,\"height\":558},{\"@type\":\"BreadcrumbList\",\"@id\":\"https:\\\/\\\/diariodelsurdigital.com.ar\\\/?p=2866#breadcrumb\",\"itemListElement\":[{\"@type\":\"ListItem\",\"position\":1,\"name\":\"Portada\",\"item\":\"https:\\\/\\\/diariodelsurdigital.com.ar\\\/\"},{\"@type\":\"ListItem\",\"position\":2,\"name\":\"Tras la entrega del petitorio en contra de la disoluci\u00f3n del Iosper, Agmer comenz\u00f3 el acampe\"}]},{\"@type\":\"WebSite\",\"@id\":\"https:\\\/\\\/diariodelsurdigital.com.ar\\\/#website\",\"url\":\"https:\\\/\\\/diariodelsurdigital.com.ar\\\/\",\"name\":\"Diario del Sur\",\"description\":\"Digital\",\"potentialAction\":[{\"@type\":\"SearchAction\",\"target\":{\"@type\":\"EntryPoint\",\"urlTemplate\":\"https:\\\/\\\/diariodelsurdigital.com.ar\\\/?s={search_term_string}\"},\"query-input\":{\"@type\":\"PropertyValueSpecification\",\"valueRequired\":true,\"valueName\":\"search_term_string\"}}],\"inLanguage\":\"es\"},{\"@type\":\"Person\",\"@id\":\"https:\\\/\\\/diariodelsurdigital.com.ar\\\/#\\\/schema\\\/person\\\/1a4992532ed62965c968031b49195c81\",\"name\":\"Diario del Sur Digital\",\"image\":{\"@type\":\"ImageObject\",\"inLanguage\":\"es\",\"@id\":\"https:\\\/\\\/secure.gravatar.com\\\/avatar\\\/f0c7c47fc7146d19828273b9b8eda651c9c7ab583767e6338d3d3bee825adf76?s=96&d=mm&r=g\",\"url\":\"https:\\\/\\\/secure.gravatar.com\\\/avatar\\\/f0c7c47fc7146d19828273b9b8eda651c9c7ab583767e6338d3d3bee825adf76?s=96&d=mm&r=g\",\"contentUrl\":\"https:\\\/\\\/secure.gravatar.com\\\/avatar\\\/f0c7c47fc7146d19828273b9b8eda651c9c7ab583767e6338d3d3bee825adf76?s=96&d=mm&r=g\",\"caption\":\"Diario del Sur Digital\"},\"url\":\"https:\\\/\\\/diariodelsurdigital.com.ar\\\/?author=4\"}]}<\/script>\n<!-- \/ Yoast SEO plugin. -->","yoast_head_json":{"title":"Tras la entrega del petitorio en contra de la disoluci\u00f3n del Iosper, Agmer comenz\u00f3 el acampe - Diario del Sur","robots":{"index":"index","follow":"follow","max-snippet":"max-snippet:-1","max-image-preview":"max-image-preview:large","max-video-preview":"max-video-preview:-1"},"canonical":"https:\/\/diariodelsurdigital.com.ar\/?p=2866","og_locale":"es_ES","og_type":"article","og_title":"Tras la entrega del petitorio en contra de la disoluci\u00f3n del Iosper, Agmer comenz\u00f3 el acampe - Diario del Sur","og_description":"El gremio docente present\u00f3 este martes un documento ante el Senado provincial rechazando la eliminaci\u00f3n de la obra social. Luego inici\u00f3 un acampe en Plaza Mansilla, en el marco de una medida de fuerza que se extender\u00e1 hasta el jueves y comenz\u00f3 marcadi por inclemencias clim\u00e1ticas. La Asociaci\u00f3n Gremial del Magisterio de Entre R\u00edos (Agmer) [&hellip;]","og_url":"https:\/\/diariodelsurdigital.com.ar\/?p=2866","og_site_name":"Diario del Sur","article_published_time":"2025-05-27T16:40:15+00:00","article_modified_time":"2025-05-27T16:40:16+00:00","og_image":[{"width":992,"height":558,"url":"https:\/\/diariodelsurdigital.com.ar\/wp-content\/uploads\/2025\/05\/md-64.webp","type":"image\/webp"}],"author":"Diario del Sur Digital","twitter_card":"summary_large_image","twitter_misc":{"Escrito por":"Diario del Sur Digital","Tiempo de lectura":"4 minutos"},"schema":{"@context":"https:\/\/schema.org","@graph":[{"@type":"Article","@id":"https:\/\/diariodelsurdigital.com.ar\/?p=2866#article","isPartOf":{"@id":"https:\/\/diariodelsurdigital.com.ar\/?p=2866"},"author":{"name":"Diario del Sur Digital","@id":"https:\/\/diariodelsurdigital.com.ar\/#\/schema\/person\/1a4992532ed62965c968031b49195c81"},"headline":"Tras la entrega del petitorio en contra de la disoluci\u00f3n del Iosper, Agmer comenz\u00f3 el acampe","datePublished":"2025-05-27T16:40:15+00:00","dateModified":"2025-05-27T16:40:16+00:00","mainEntityOfPage":{"@id":"https:\/\/diariodelsurdigital.com.ar\/?p=2866"},"wordCount":671,"commentCount":0,"image":{"@id":"https:\/\/diariodelsurdigital.com.ar\/?p=2866#primaryimage"},"thumbnailUrl":"https:\/\/diariodelsurdigital.com.ar\/wp-content\/uploads\/2025\/05\/md-64.webp","articleSection":["Inter\u00e9s General","Provinciales"],"inLanguage":"es","potentialAction":[{"@type":"CommentAction","name":"Comment","target":["https:\/\/diariodelsurdigital.com.ar\/?p=2866#respond"]}]},{"@type":"WebPage","@id":"https:\/\/diariodelsurdigital.com.ar\/?p=2866","url":"https:\/\/diariodelsurdigital.com.ar\/?p=2866","name":"Tras la entrega del petitorio en contra de la disoluci\u00f3n del Iosper, Agmer comenz\u00f3 el acampe - Diario del Sur","isPartOf":{"@id":"https:\/\/diariodelsurdigital.com.ar\/#website"},"primaryImageOfPage":{"@id":"https:\/\/diariodelsurdigital.com.ar\/?p=2866#primaryimage"},"image":{"@id":"https:\/\/diariodelsurdigital.com.ar\/?p=2866#primaryimage"},"thumbnailUrl":"https:\/\/diariodelsurdigital.com.ar\/wp-content\/uploads\/2025\/05\/md-64.webp","datePublished":"2025-05-27T16:40:15+00:00","dateModified":"2025-05-27T16:40:16+00:00","author":{"@id":"https:\/\/diariodelsurdigital.com.ar\/#\/schema\/person\/1a4992532ed62965c968031b49195c81"},"breadcrumb":{"@id":"https:\/\/diariodelsurdigital.com.ar\/?p=2866#breadcrumb"},"inLanguage":"es","potentialAction":[{"@type":"ReadAction","target":["https:\/\/diariodelsurdigital.com.ar\/?p=2866"]}]},{"@type":"ImageObject","inLanguage":"es","@id":"https:\/\/diariodelsurdigital.com.ar\/?p=2866#primaryimage","url":"https:\/\/diariodelsurdigital.com.ar\/wp-content\/uploads\/2025\/05\/md-64.webp","contentUrl":"https:\/\/diariodelsurdigital.com.ar\/wp-content\/uploads\/2025\/05\/md-64.webp","width":992,"height":558},{"@type":"BreadcrumbList","@id":"https:\/\/diariodelsurdigital.com.ar\/?p=2866#breadcrumb","itemListElement":[{"@type":"ListItem","position":1,"name":"Portada","item":"https:\/\/diariodelsurdigital.com.ar\/"},{"@type":"ListItem","position":2,"name":"Tras la entrega del petitorio en contra de la disoluci\u00f3n del Iosper, Agmer comenz\u00f3 el acampe"}]},{"@type":"WebSite","@id":"https:\/\/diariodelsurdigital.com.ar\/#website","url":"https:\/\/diariodelsurdigital.com.ar\/","name":"Diario del Sur","description":"Digital","potentialAction":[{"@type":"SearchAction","target":{"@type":"EntryPoint","urlTemplate":"https:\/\/diariodelsurdigital.com.ar\/?s={search_term_string}"},"query-input":{"@type":"PropertyValueSpecification","valueRequired":true,"valueName":"search_term_string"}}],"inLanguage":"es"},{"@type":"Person","@id":"https:\/\/diariodelsurdigital.com.ar\/#\/schema\/person\/1a4992532ed62965c968031b49195c81","name":"Diario del Sur Digital","image":{"@type":"ImageObject","inLanguage":"es","@id":"https:\/\/secure.gravatar.com\/avatar\/f0c7c47fc7146d19828273b9b8eda651c9c7ab583767e6338d3d3bee825adf76?s=96&d=mm&r=g","url":"https:\/\/secure.gravatar.com\/avatar\/f0c7c47fc7146d19828273b9b8eda651c9c7ab583767e6338d3d3bee825adf76?s=96&d=mm&r=g","contentUrl":"https:\/\/secure.gravatar.com\/avatar\/f0c7c47fc7146d19828273b9b8eda651c9c7ab583767e6338d3d3bee825adf76?s=96&d=mm&r=g","caption":"Diario del Sur Digital"},"url":"https:\/\/diariodelsurdigital.com.ar\/?author=4"}]}},"_links":{"self":[{"href":"https:\/\/diariodelsurdigital.com.ar\/index.php?rest_route=\/wp\/v2\/posts\/2866","targetHints":{"allow":["GET"]}}],"collection":[{"href":"https:\/\/diariodelsurdigital.com.ar\/index.php?rest_route=\/wp\/v2\/posts"}],"about":[{"href":"https:\/\/diariodelsurdigital.com.ar\/index.php?rest_route=\/wp\/v2\/types\/post"}],"author":[{"embeddable":true,"href":"https:\/\/diariodelsurdigital.com.ar\/index.php?rest_route=\/wp\/v2\/users\/4"}],"replies":[{"embeddable":true,"href":"https:\/\/diariodelsurdigital.com.ar\/index.php?rest_route=%2Fwp%2Fv2%2Fcomments&post=2866"}],"version-history":[{"count":1,"href":"https:\/\/diariodelsurdigital.com.ar\/index.php?rest_route=\/wp\/v2\/posts\/2866\/revisions"}],"predecessor-version":[{"id":2868,"href":"https:\/\/diariodelsurdigital.com.ar\/index.php?rest_route=\/wp\/v2\/posts\/2866\/revisions\/2868"}],"wp:featuredmedia":[{"embeddable":true,"href":"https:\/\/diariodelsurdigital.com.ar\/index.php?rest_route=\/wp\/v2\/media\/2867"}],"wp:attachment":[{"href":"https:\/\/diariodelsurdigital.com.ar\/index.php?rest_route=%2Fwp%2Fv2%2Fmedia&parent=2866"}],"wp:term":[{"taxonomy":"category","embeddable":true,"href":"https:\/\/diariodelsurdigital.com.ar\/index.php?rest_route=%2Fwp%2Fv2%2Fcategories&post=2866"},{"taxonomy":"post_tag","embeddable":true,"href":"https:\/\/diariodelsurdigital.com.ar\/index.php?rest_route=%2Fwp%2Fv2%2Ftags&post=2866"}],"curies":[{"name":"wp","href":"https:\/\/api.w.org\/{rel}","templated":true}]}}