{"id":2876,"date":"2025-05-27T22:24:26","date_gmt":"2025-05-28T01:24:26","guid":{"rendered":"https:\/\/diariodelsurdigital.com.ar\/?p=2876"},"modified":"2025-05-27T22:24:27","modified_gmt":"2025-05-28T01:24:27","slug":"destacada-presencia-de-cabaneros-entrerrianos-en-muestras-ganaderas-nacionales","status":"publish","type":"post","link":"https:\/\/diariodelsurdigital.com.ar\/?p=2876","title":{"rendered":"Destacada presencia de caba\u00f1eros entrerrianos en muestras ganaderas nacionales"},"content":{"rendered":"\n<p><strong>Con importante presencia de productores ganaderos entrerrianos, tuvo lugar la inauguraci\u00f3n de la 25\u00aa edici\u00f3n de la Exposici\u00f3n Nacional de Razas. El acto se desarroll\u00f3 en el predio de Sociedad Rural de Corrientes, con la presencia del ministro de Desarrollo Econ\u00f3mico de Entre R\u00edos, Guillermo Bernaudo.<\/strong><\/p>\n\n\n\n<figure class=\"wp-block-image\"><img decoding=\"async\" src=\"https:\/\/cdnartic.ar\/bGo8dnQQxv3AZj9cD3k6pRrdAa4=\/1500x0\/https:\/\/elheraldocdn.eleco.com.ar\/media\/2025\/05\/ganaderia.jpeg\" alt=\"Destacada presencia de caba\u00f1eros entrerrianos en muestras ganaderas nacionales\"\/><\/figure>\n\n\n\n<p>La apertura fue encabezada por el gobernador anfitri\u00f3n, Gustavo Vald\u00e9s, y su par de Chaco, Leandro Zdero. En ese marco, Bernaudo subray\u00f3: \u201cFelicito a los organizadores de esta exposici\u00f3n destinada a mostrar el potencial de la actividad al pa\u00eds y el mundo. Entre R\u00edos es cuna de ganader\u00eda de excelencia, que resulta del trabajo de los productores. Ellos cumplen con su labor de generar riqueza para generar empleo genuino y nuestra tarea como gobierno es acompa\u00f1ar ese proceso. Como nos pide nuestro gobernador, Rogelio Frigerio, estar al lado de qui\u00e9n produce para facilitar y responder a sus demandas\u201d.<br>Por la raza Braford, participaron las caba\u00f1as entrerrianas Las Tipas, Do\u00f1a \u00d1ata, Santa Irene, La Matilde, Marta Carina, Arasy, Buena Esperanza y La Soledad. Asimismo, por Brangus estuvo presente la Caba\u00f1a Santa Luc\u00eda.<br>La muestra cont\u00f3, adem\u00e1s de autoridades de la regi\u00f3n como el ministro de Producci\u00f3n de Corrientes, Claudio Anselmo; y sus pares de Santa Fe, Gustavo Puccini; de C\u00f3rdoba, Sergio Busso; y de Salta, Mart\u00edn de los R\u00edos Plaza.<br>En l\u00ednea con dicha muestra, tambi\u00e9n tuvo lugar en La Rural de Palermo la 82\u00ba Expo Nacional de Angus. De la misma participaron 400 animales de pedigr\u00ed, 200 Puro Controlado, y una subasta televisada que ascendi\u00f3 a la cifra de 100.000 cabezas; destacando de este modo el buen momento de la ganader\u00eda argentina.<br>El director de Producci\u00f3n Animal de Entre R\u00edos, Mart\u00edn Sieber, estuvo presente all\u00ed en apoyo a las cinco caba\u00f1as entrerrianas participantes: Malaika, Don Goyo La Oca, El Moj\u00f3n, Santa Luc\u00eda, El Cerrillo de Olara y Tres Colonias. A su vez, la presente edici\u00f3n cont\u00f3 con secretarios de jurado entrerrianos en la pista.<\/p>\n\n\n\n<p>Fuente: El Heraldo<\/p>\n\n\n\n<p><\/p>\n","protected":false},"excerpt":{"rendered":"<p>Con importante presencia de productores ganaderos entrerrianos, tuvo lugar la inauguraci\u00f3n de la 25\u00aa edici\u00f3n de la Exposici\u00f3n Nacional de Razas. El acto se desarroll\u00f3 en el predio de Sociedad Rural de Corrientes, con la presencia del ministro de Desarrollo Econ\u00f3mico de Entre R\u00edos, Guillermo Bernaudo. La apertura fue encabezada por el gobernador anfitri\u00f3n, Gustavo [&hellip;]<\/p>\n","protected":false},"author":3,"featured_media":2877,"comment_status":"open","ping_status":"open","sticky":false,"template":"","format":"standard","meta":{"footnotes":""},"categories":[18],"tags":[],"class_list":{"0":"post-2876","1":"post","2":"type-post","3":"status-publish","4":"format-standard","5":"has-post-thumbnail","7":"category-nacionales"},"yoast_head":"<!-- This site is optimized with the Yoast SEO plugin v27.4 - https:\/\/yoast.com\/product\/yoast-seo-wordpress\/ -->\n<title>Destacada presencia de caba\u00f1eros entrerrianos en muestras ganaderas nacionales - Diario del Sur<\/title>\n<meta name=\"robots\" content=\"index, follow, max-snippet:-1, max-image-preview:large, max-video-preview:-1\" \/>\n<link rel=\"canonical\" href=\"https:\/\/diariodelsurdigital.com.ar\/?p=2876\" \/>\n<meta property=\"og:locale\" content=\"es_ES\" \/>\n<meta property=\"og:type\" content=\"article\" \/>\n<meta property=\"og:title\" content=\"Destacada presencia de caba\u00f1eros entrerrianos en muestras ganaderas nacionales - Diario del Sur\" \/>\n<meta property=\"og:description\" content=\"Con importante presencia de productores ganaderos entrerrianos, tuvo lugar la inauguraci\u00f3n de la 25\u00aa edici\u00f3n de la Exposici\u00f3n Nacional de Razas. El acto se desarroll\u00f3 en el predio de Sociedad Rural de Corrientes, con la presencia del ministro de Desarrollo Econ\u00f3mico de Entre R\u00edos, Guillermo Bernaudo. La apertura fue encabezada por el gobernador anfitri\u00f3n, Gustavo [&hellip;]\" \/>\n<meta property=\"og:url\" content=\"https:\/\/diariodelsurdigital.com.ar\/?p=2876\" \/>\n<meta property=\"og:site_name\" content=\"Diario del Sur\" \/>\n<meta property=\"article:published_time\" content=\"2025-05-28T01:24:26+00:00\" \/>\n<meta property=\"article:modified_time\" content=\"2025-05-28T01:24:27+00:00\" \/>\n<meta property=\"og:image\" content=\"https:\/\/diariodelsurdigital.com.ar\/wp-content\/uploads\/2025\/05\/ganaderia.jpg\" \/>\n\t<meta property=\"og:image:width\" content=\"1024\" \/>\n\t<meta property=\"og:image:height\" content=\"576\" \/>\n\t<meta property=\"og:image:type\" content=\"image\/jpeg\" \/>\n<meta name=\"author\" content=\"Diario del Sur Digital\" \/>\n<meta name=\"twitter:card\" content=\"summary_large_image\" \/>\n<meta name=\"twitter:label1\" content=\"Escrito por\" \/>\n\t<meta name=\"twitter:data1\" content=\"Diario del Sur Digital\" \/>\n\t<meta name=\"twitter:label2\" content=\"Tiempo de lectura\" \/>\n\t<meta name=\"twitter:data2\" content=\"2 minutos\" \/>\n<script type=\"application\/ld+json\" class=\"yoast-schema-graph\">{\"@context\":\"https:\\\/\\\/schema.org\",\"@graph\":[{\"@type\":\"Article\",\"@id\":\"https:\\\/\\\/diariodelsurdigital.com.ar\\\/?p=2876#article\",\"isPartOf\":{\"@id\":\"https:\\\/\\\/diariodelsurdigital.com.ar\\\/?p=2876\"},\"author\":{\"name\":\"Diario del Sur Digital\",\"@id\":\"https:\\\/\\\/diariodelsurdigital.com.ar\\\/#\\\/schema\\\/person\\\/d794acb23337e88c6e4004a39c32be62\"},\"headline\":\"Destacada presencia de caba\u00f1eros entrerrianos en muestras ganaderas nacionales\",\"datePublished\":\"2025-05-28T01:24:26+00:00\",\"dateModified\":\"2025-05-28T01:24:27+00:00\",\"mainEntityOfPage\":{\"@id\":\"https:\\\/\\\/diariodelsurdigital.com.ar\\\/?p=2876\"},\"wordCount\":361,\"commentCount\":0,\"image\":{\"@id\":\"https:\\\/\\\/diariodelsurdigital.com.ar\\\/?p=2876#primaryimage\"},\"thumbnailUrl\":\"https:\\\/\\\/diariodelsurdigital.com.ar\\\/wp-content\\\/uploads\\\/2025\\\/05\\\/ganaderia.jpg\",\"articleSection\":[\"Nacionales\"],\"inLanguage\":\"es\",\"potentialAction\":[{\"@type\":\"CommentAction\",\"name\":\"Comment\",\"target\":[\"https:\\\/\\\/diariodelsurdigital.com.ar\\\/?p=2876#respond\"]}]},{\"@type\":\"WebPage\",\"@id\":\"https:\\\/\\\/diariodelsurdigital.com.ar\\\/?p=2876\",\"url\":\"https:\\\/\\\/diariodelsurdigital.com.ar\\\/?p=2876\",\"name\":\"Destacada presencia de caba\u00f1eros entrerrianos en muestras ganaderas nacionales - Diario del Sur\",\"isPartOf\":{\"@id\":\"https:\\\/\\\/diariodelsurdigital.com.ar\\\/#website\"},\"primaryImageOfPage\":{\"@id\":\"https:\\\/\\\/diariodelsurdigital.com.ar\\\/?p=2876#primaryimage\"},\"image\":{\"@id\":\"https:\\\/\\\/diariodelsurdigital.com.ar\\\/?p=2876#primaryimage\"},\"thumbnailUrl\":\"https:\\\/\\\/diariodelsurdigital.com.ar\\\/wp-content\\\/uploads\\\/2025\\\/05\\\/ganaderia.jpg\",\"datePublished\":\"2025-05-28T01:24:26+00:00\",\"dateModified\":\"2025-05-28T01:24:27+00:00\",\"author\":{\"@id\":\"https:\\\/\\\/diariodelsurdigital.com.ar\\\/#\\\/schema\\\/person\\\/d794acb23337e88c6e4004a39c32be62\"},\"breadcrumb\":{\"@id\":\"https:\\\/\\\/diariodelsurdigital.com.ar\\\/?p=2876#breadcrumb\"},\"inLanguage\":\"es\",\"potentialAction\":[{\"@type\":\"ReadAction\",\"target\":[\"https:\\\/\\\/diariodelsurdigital.com.ar\\\/?p=2876\"]}]},{\"@type\":\"ImageObject\",\"inLanguage\":\"es\",\"@id\":\"https:\\\/\\\/diariodelsurdigital.com.ar\\\/?p=2876#primaryimage\",\"url\":\"https:\\\/\\\/diariodelsurdigital.com.ar\\\/wp-content\\\/uploads\\\/2025\\\/05\\\/ganaderia.jpg\",\"contentUrl\":\"https:\\\/\\\/diariodelsurdigital.com.ar\\\/wp-content\\\/uploads\\\/2025\\\/05\\\/ganaderia.jpg\",\"width\":1024,\"height\":576},{\"@type\":\"BreadcrumbList\",\"@id\":\"https:\\\/\\\/diariodelsurdigital.com.ar\\\/?p=2876#breadcrumb\",\"itemListElement\":[{\"@type\":\"ListItem\",\"position\":1,\"name\":\"Portada\",\"item\":\"https:\\\/\\\/diariodelsurdigital.com.ar\\\/\"},{\"@type\":\"ListItem\",\"position\":2,\"name\":\"Destacada presencia de caba\u00f1eros entrerrianos en muestras ganaderas nacionales\"}]},{\"@type\":\"WebSite\",\"@id\":\"https:\\\/\\\/diariodelsurdigital.com.ar\\\/#website\",\"url\":\"https:\\\/\\\/diariodelsurdigital.com.ar\\\/\",\"name\":\"Diario del Sur\",\"description\":\"Digital\",\"potentialAction\":[{\"@type\":\"SearchAction\",\"target\":{\"@type\":\"EntryPoint\",\"urlTemplate\":\"https:\\\/\\\/diariodelsurdigital.com.ar\\\/?s={search_term_string}\"},\"query-input\":{\"@type\":\"PropertyValueSpecification\",\"valueRequired\":true,\"valueName\":\"search_term_string\"}}],\"inLanguage\":\"es\"},{\"@type\":\"Person\",\"@id\":\"https:\\\/\\\/diariodelsurdigital.com.ar\\\/#\\\/schema\\\/person\\\/d794acb23337e88c6e4004a39c32be62\",\"name\":\"Diario del Sur Digital\",\"image\":{\"@type\":\"ImageObject\",\"inLanguage\":\"es\",\"@id\":\"https:\\\/\\\/secure.gravatar.com\\\/avatar\\\/47679bcfa15734cfdefc176b6ad58adeeccac22b2e03e095ada6c622af2b463a?s=96&d=mm&r=g\",\"url\":\"https:\\\/\\\/secure.gravatar.com\\\/avatar\\\/47679bcfa15734cfdefc176b6ad58adeeccac22b2e03e095ada6c622af2b463a?s=96&d=mm&r=g\",\"contentUrl\":\"https:\\\/\\\/secure.gravatar.com\\\/avatar\\\/47679bcfa15734cfdefc176b6ad58adeeccac22b2e03e095ada6c622af2b463a?s=96&d=mm&r=g\",\"caption\":\"Diario del Sur Digital\"},\"url\":\"https:\\\/\\\/diariodelsurdigital.com.ar\\\/?author=3\"}]}<\/script>\n<!-- \/ Yoast SEO plugin. -->","yoast_head_json":{"title":"Destacada presencia de caba\u00f1eros entrerrianos en muestras ganaderas nacionales - Diario del Sur","robots":{"index":"index","follow":"follow","max-snippet":"max-snippet:-1","max-image-preview":"max-image-preview:large","max-video-preview":"max-video-preview:-1"},"canonical":"https:\/\/diariodelsurdigital.com.ar\/?p=2876","og_locale":"es_ES","og_type":"article","og_title":"Destacada presencia de caba\u00f1eros entrerrianos en muestras ganaderas nacionales - Diario del Sur","og_description":"Con importante presencia de productores ganaderos entrerrianos, tuvo lugar la inauguraci\u00f3n de la 25\u00aa edici\u00f3n de la Exposici\u00f3n Nacional de Razas. El acto se desarroll\u00f3 en el predio de Sociedad Rural de Corrientes, con la presencia del ministro de Desarrollo Econ\u00f3mico de Entre R\u00edos, Guillermo Bernaudo. La apertura fue encabezada por el gobernador anfitri\u00f3n, Gustavo [&hellip;]","og_url":"https:\/\/diariodelsurdigital.com.ar\/?p=2876","og_site_name":"Diario del Sur","article_published_time":"2025-05-28T01:24:26+00:00","article_modified_time":"2025-05-28T01:24:27+00:00","og_image":[{"width":1024,"height":576,"url":"https:\/\/diariodelsurdigital.com.ar\/wp-content\/uploads\/2025\/05\/ganaderia.jpg","type":"image\/jpeg"}],"author":"Diario del Sur Digital","twitter_card":"summary_large_image","twitter_misc":{"Escrito por":"Diario del Sur Digital","Tiempo de lectura":"2 minutos"},"schema":{"@context":"https:\/\/schema.org","@graph":[{"@type":"Article","@id":"https:\/\/diariodelsurdigital.com.ar\/?p=2876#article","isPartOf":{"@id":"https:\/\/diariodelsurdigital.com.ar\/?p=2876"},"author":{"name":"Diario del Sur Digital","@id":"https:\/\/diariodelsurdigital.com.ar\/#\/schema\/person\/d794acb23337e88c6e4004a39c32be62"},"headline":"Destacada presencia de caba\u00f1eros entrerrianos en muestras ganaderas nacionales","datePublished":"2025-05-28T01:24:26+00:00","dateModified":"2025-05-28T01:24:27+00:00","mainEntityOfPage":{"@id":"https:\/\/diariodelsurdigital.com.ar\/?p=2876"},"wordCount":361,"commentCount":0,"image":{"@id":"https:\/\/diariodelsurdigital.com.ar\/?p=2876#primaryimage"},"thumbnailUrl":"https:\/\/diariodelsurdigital.com.ar\/wp-content\/uploads\/2025\/05\/ganaderia.jpg","articleSection":["Nacionales"],"inLanguage":"es","potentialAction":[{"@type":"CommentAction","name":"Comment","target":["https:\/\/diariodelsurdigital.com.ar\/?p=2876#respond"]}]},{"@type":"WebPage","@id":"https:\/\/diariodelsurdigital.com.ar\/?p=2876","url":"https:\/\/diariodelsurdigital.com.ar\/?p=2876","name":"Destacada presencia de caba\u00f1eros entrerrianos en muestras ganaderas nacionales - Diario del Sur","isPartOf":{"@id":"https:\/\/diariodelsurdigital.com.ar\/#website"},"primaryImageOfPage":{"@id":"https:\/\/diariodelsurdigital.com.ar\/?p=2876#primaryimage"},"image":{"@id":"https:\/\/diariodelsurdigital.com.ar\/?p=2876#primaryimage"},"thumbnailUrl":"https:\/\/diariodelsurdigital.com.ar\/wp-content\/uploads\/2025\/05\/ganaderia.jpg","datePublished":"2025-05-28T01:24:26+00:00","dateModified":"2025-05-28T01:24:27+00:00","author":{"@id":"https:\/\/diariodelsurdigital.com.ar\/#\/schema\/person\/d794acb23337e88c6e4004a39c32be62"},"breadcrumb":{"@id":"https:\/\/diariodelsurdigital.com.ar\/?p=2876#breadcrumb"},"inLanguage":"es","potentialAction":[{"@type":"ReadAction","target":["https:\/\/diariodelsurdigital.com.ar\/?p=2876"]}]},{"@type":"ImageObject","inLanguage":"es","@id":"https:\/\/diariodelsurdigital.com.ar\/?p=2876#primaryimage","url":"https:\/\/diariodelsurdigital.com.ar\/wp-content\/uploads\/2025\/05\/ganaderia.jpg","contentUrl":"https:\/\/diariodelsurdigital.com.ar\/wp-content\/uploads\/2025\/05\/ganaderia.jpg","width":1024,"height":576},{"@type":"BreadcrumbList","@id":"https:\/\/diariodelsurdigital.com.ar\/?p=2876#breadcrumb","itemListElement":[{"@type":"ListItem","position":1,"name":"Portada","item":"https:\/\/diariodelsurdigital.com.ar\/"},{"@type":"ListItem","position":2,"name":"Destacada presencia de caba\u00f1eros entrerrianos en muestras ganaderas nacionales"}]},{"@type":"WebSite","@id":"https:\/\/diariodelsurdigital.com.ar\/#website","url":"https:\/\/diariodelsurdigital.com.ar\/","name":"Diario del Sur","description":"Digital","potentialAction":[{"@type":"SearchAction","target":{"@type":"EntryPoint","urlTemplate":"https:\/\/diariodelsurdigital.com.ar\/?s={search_term_string}"},"query-input":{"@type":"PropertyValueSpecification","valueRequired":true,"valueName":"search_term_string"}}],"inLanguage":"es"},{"@type":"Person","@id":"https:\/\/diariodelsurdigital.com.ar\/#\/schema\/person\/d794acb23337e88c6e4004a39c32be62","name":"Diario del Sur Digital","image":{"@type":"ImageObject","inLanguage":"es","@id":"https:\/\/secure.gravatar.com\/avatar\/47679bcfa15734cfdefc176b6ad58adeeccac22b2e03e095ada6c622af2b463a?s=96&d=mm&r=g","url":"https:\/\/secure.gravatar.com\/avatar\/47679bcfa15734cfdefc176b6ad58adeeccac22b2e03e095ada6c622af2b463a?s=96&d=mm&r=g","contentUrl":"https:\/\/secure.gravatar.com\/avatar\/47679bcfa15734cfdefc176b6ad58adeeccac22b2e03e095ada6c622af2b463a?s=96&d=mm&r=g","caption":"Diario del Sur Digital"},"url":"https:\/\/diariodelsurdigital.com.ar\/?author=3"}]}},"_links":{"self":[{"href":"https:\/\/diariodelsurdigital.com.ar\/index.php?rest_route=\/wp\/v2\/posts\/2876","targetHints":{"allow":["GET"]}}],"collection":[{"href":"https:\/\/diariodelsurdigital.com.ar\/index.php?rest_route=\/wp\/v2\/posts"}],"about":[{"href":"https:\/\/diariodelsurdigital.com.ar\/index.php?rest_route=\/wp\/v2\/types\/post"}],"author":[{"embeddable":true,"href":"https:\/\/diariodelsurdigital.com.ar\/index.php?rest_route=\/wp\/v2\/users\/3"}],"replies":[{"embeddable":true,"href":"https:\/\/diariodelsurdigital.com.ar\/index.php?rest_route=%2Fwp%2Fv2%2Fcomments&post=2876"}],"version-history":[{"count":1,"href":"https:\/\/diariodelsurdigital.com.ar\/index.php?rest_route=\/wp\/v2\/posts\/2876\/revisions"}],"predecessor-version":[{"id":2878,"href":"https:\/\/diariodelsurdigital.com.ar\/index.php?rest_route=\/wp\/v2\/posts\/2876\/revisions\/2878"}],"wp:featuredmedia":[{"embeddable":true,"href":"https:\/\/diariodelsurdigital.com.ar\/index.php?rest_route=\/wp\/v2\/media\/2877"}],"wp:attachment":[{"href":"https:\/\/diariodelsurdigital.com.ar\/index.php?rest_route=%2Fwp%2Fv2%2Fmedia&parent=2876"}],"wp:term":[{"taxonomy":"category","embeddable":true,"href":"https:\/\/diariodelsurdigital.com.ar\/index.php?rest_route=%2Fwp%2Fv2%2Fcategories&post=2876"},{"taxonomy":"post_tag","embeddable":true,"href":"https:\/\/diariodelsurdigital.com.ar\/index.php?rest_route=%2Fwp%2Fv2%2Ftags&post=2876"}],"curies":[{"name":"wp","href":"https:\/\/api.w.org\/{rel}","templated":true}]}}