{"id":2887,"date":"2025-05-28T12:09:25","date_gmt":"2025-05-28T15:09:25","guid":{"rendered":"https:\/\/diariodelsurdigital.com.ar\/?p=2887"},"modified":"2025-05-28T12:09:26","modified_gmt":"2025-05-28T15:09:26","slug":"senado-el-proyecto-de-creacion-de-la-oser-se-vota-este-mediodia","status":"publish","type":"post","link":"https:\/\/diariodelsurdigital.com.ar\/?p=2887","title":{"rendered":"Senado: El proyecto de creaci\u00f3n de la OSER se vota este mediod\u00eda"},"content":{"rendered":"\n<p>El proyecto de ley de autor\u00eda del Poder Ejecutivo, por el cual se crea la Obra Social de Entre R\u00edos (OSER), tom\u00f3 estado parlamentario en la C\u00e1mara de Senadores de la provincia, a donde ingres\u00f3 anoche con dictamen de mayor\u00eda y minor\u00eda. Se someter\u00e1 a votaci\u00f3n este mi\u00e9rcoles a las 13 horas.<\/p>\n\n\n\n<p>En la sesi\u00f3n se comunic\u00f3 el ingreso del expediente n\u00b0 15.313, proyecto de ley de autor\u00eda del Poder Ejecutivo, por el cual se crea la Obra Social de Entre R\u00edos (OSER) y que contaba con dictamen de mayor\u00eda y minor\u00eda.<\/p>\n\n\n\n<p>A este respecto, el senador Mart\u00edn Oliva (Uruguay \u2013 M\u00e1s para Entre R\u00edos) pidi\u00f3 una moci\u00f3n para solicitar que el proyecto sea derivado a la Comisi\u00f3n de Legislaci\u00f3n General \u201cpor un vicio de origen\u201d. \u201cLa nulidad tiene que ver con la firma de solamente 4 de los 9 legisladores que integran la Comisi\u00f3n\u201d, sostuvo.<\/p>\n\n\n\n<p>En contraposici\u00f3n, el senador Rub\u00e9n Dal Mol\u00edn (Federaci\u00f3n \u2013 Juntos por Entre R\u00edos) argument\u00f3: \u201cHa quedado muy claro en la Comisi\u00f3n y cuenta en acta c\u00f3mo se resolvi\u00f3. Por cuanto, nos oponemos a esta posici\u00f3n del presidente y queremos que siga el ingreso para la siguiente orden del d\u00eda\u201d.<\/p>\n\n\n\n<p>Finalmente, el cuerpo aprob\u00f3 la moci\u00f3n del senador Dal Mol\u00edn, siendo 9 votos a favor; 7 votos en contra; y una abstenci\u00f3n.<\/p>\n\n\n\n<p>La iniciativa ser\u00e1 sometida a votaci\u00f3n en la sesi\u00f3n ordinaria de este mi\u00e9rcoles a las 13 horas.<\/p>\n","protected":false},"excerpt":{"rendered":"<p>El proyecto de ley de autor\u00eda del Poder Ejecutivo, por el cual se crea la Obra Social de Entre R\u00edos (OSER), tom\u00f3 estado parlamentario en la C\u00e1mara de Senadores de la provincia, a donde ingres\u00f3 anoche con dictamen de mayor\u00eda y minor\u00eda. Se someter\u00e1 a votaci\u00f3n este mi\u00e9rcoles a las 13 horas. En la sesi\u00f3n [&hellip;]<\/p>\n","protected":false},"author":4,"featured_media":2888,"comment_status":"open","ping_status":"open","sticky":false,"template":"","format":"standard","meta":{"footnotes":""},"categories":[22,17],"tags":[],"class_list":{"0":"post-2887","1":"post","2":"type-post","3":"status-publish","4":"format-standard","5":"has-post-thumbnail","7":"category-politica","8":"category-provinciales"},"yoast_head":"<!-- This site is optimized with the Yoast SEO plugin v27.4 - https:\/\/yoast.com\/product\/yoast-seo-wordpress\/ -->\n<title>Senado: El proyecto de creaci\u00f3n de la OSER se vota este mediod\u00eda - Diario del Sur<\/title>\n<meta name=\"robots\" content=\"index, follow, max-snippet:-1, max-image-preview:large, max-video-preview:-1\" \/>\n<link rel=\"canonical\" href=\"https:\/\/diariodelsurdigital.com.ar\/?p=2887\" \/>\n<meta property=\"og:locale\" content=\"es_ES\" \/>\n<meta property=\"og:type\" content=\"article\" \/>\n<meta property=\"og:title\" content=\"Senado: El proyecto de creaci\u00f3n de la OSER se vota este mediod\u00eda - Diario del Sur\" \/>\n<meta property=\"og:description\" content=\"El proyecto de ley de autor\u00eda del Poder Ejecutivo, por el cual se crea la Obra Social de Entre R\u00edos (OSER), tom\u00f3 estado parlamentario en la C\u00e1mara de Senadores de la provincia, a donde ingres\u00f3 anoche con dictamen de mayor\u00eda y minor\u00eda. Se someter\u00e1 a votaci\u00f3n este mi\u00e9rcoles a las 13 horas. En la sesi\u00f3n [&hellip;]\" \/>\n<meta property=\"og:url\" content=\"https:\/\/diariodelsurdigital.com.ar\/?p=2887\" \/>\n<meta property=\"og:site_name\" content=\"Diario del Sur\" \/>\n<meta property=\"article:published_time\" content=\"2025-05-28T15:09:25+00:00\" \/>\n<meta property=\"article:modified_time\" content=\"2025-05-28T15:09:26+00:00\" \/>\n<meta property=\"og:image\" content=\"https:\/\/diariodelsurdigital.com.ar\/wp-content\/uploads\/2025\/05\/md-68.webp\" \/>\n\t<meta property=\"og:image:width\" content=\"992\" \/>\n\t<meta property=\"og:image:height\" content=\"660\" \/>\n\t<meta property=\"og:image:type\" content=\"image\/webp\" \/>\n<meta name=\"author\" content=\"Diario del Sur Digital\" \/>\n<meta name=\"twitter:card\" content=\"summary_large_image\" \/>\n<meta name=\"twitter:label1\" content=\"Escrito por\" \/>\n\t<meta name=\"twitter:data1\" content=\"Diario del Sur Digital\" \/>\n\t<meta name=\"twitter:label2\" content=\"Tiempo de lectura\" \/>\n\t<meta name=\"twitter:data2\" content=\"2 minutos\" \/>\n<script type=\"application\/ld+json\" class=\"yoast-schema-graph\">{\"@context\":\"https:\\\/\\\/schema.org\",\"@graph\":[{\"@type\":\"Article\",\"@id\":\"https:\\\/\\\/diariodelsurdigital.com.ar\\\/?p=2887#article\",\"isPartOf\":{\"@id\":\"https:\\\/\\\/diariodelsurdigital.com.ar\\\/?p=2887\"},\"author\":{\"name\":\"Diario del Sur Digital\",\"@id\":\"https:\\\/\\\/diariodelsurdigital.com.ar\\\/#\\\/schema\\\/person\\\/1a4992532ed62965c968031b49195c81\"},\"headline\":\"Senado: El proyecto de creaci\u00f3n de la OSER se vota este mediod\u00eda\",\"datePublished\":\"2025-05-28T15:09:25+00:00\",\"dateModified\":\"2025-05-28T15:09:26+00:00\",\"mainEntityOfPage\":{\"@id\":\"https:\\\/\\\/diariodelsurdigital.com.ar\\\/?p=2887\"},\"wordCount\":273,\"commentCount\":0,\"image\":{\"@id\":\"https:\\\/\\\/diariodelsurdigital.com.ar\\\/?p=2887#primaryimage\"},\"thumbnailUrl\":\"https:\\\/\\\/diariodelsurdigital.com.ar\\\/wp-content\\\/uploads\\\/2025\\\/05\\\/md-68.webp\",\"articleSection\":[\"Pol\u00edtica\",\"Provinciales\"],\"inLanguage\":\"es\",\"potentialAction\":[{\"@type\":\"CommentAction\",\"name\":\"Comment\",\"target\":[\"https:\\\/\\\/diariodelsurdigital.com.ar\\\/?p=2887#respond\"]}]},{\"@type\":\"WebPage\",\"@id\":\"https:\\\/\\\/diariodelsurdigital.com.ar\\\/?p=2887\",\"url\":\"https:\\\/\\\/diariodelsurdigital.com.ar\\\/?p=2887\",\"name\":\"Senado: El proyecto de creaci\u00f3n de la OSER se vota este mediod\u00eda - Diario del Sur\",\"isPartOf\":{\"@id\":\"https:\\\/\\\/diariodelsurdigital.com.ar\\\/#website\"},\"primaryImageOfPage\":{\"@id\":\"https:\\\/\\\/diariodelsurdigital.com.ar\\\/?p=2887#primaryimage\"},\"image\":{\"@id\":\"https:\\\/\\\/diariodelsurdigital.com.ar\\\/?p=2887#primaryimage\"},\"thumbnailUrl\":\"https:\\\/\\\/diariodelsurdigital.com.ar\\\/wp-content\\\/uploads\\\/2025\\\/05\\\/md-68.webp\",\"datePublished\":\"2025-05-28T15:09:25+00:00\",\"dateModified\":\"2025-05-28T15:09:26+00:00\",\"author\":{\"@id\":\"https:\\\/\\\/diariodelsurdigital.com.ar\\\/#\\\/schema\\\/person\\\/1a4992532ed62965c968031b49195c81\"},\"breadcrumb\":{\"@id\":\"https:\\\/\\\/diariodelsurdigital.com.ar\\\/?p=2887#breadcrumb\"},\"inLanguage\":\"es\",\"potentialAction\":[{\"@type\":\"ReadAction\",\"target\":[\"https:\\\/\\\/diariodelsurdigital.com.ar\\\/?p=2887\"]}]},{\"@type\":\"ImageObject\",\"inLanguage\":\"es\",\"@id\":\"https:\\\/\\\/diariodelsurdigital.com.ar\\\/?p=2887#primaryimage\",\"url\":\"https:\\\/\\\/diariodelsurdigital.com.ar\\\/wp-content\\\/uploads\\\/2025\\\/05\\\/md-68.webp\",\"contentUrl\":\"https:\\\/\\\/diariodelsurdigital.com.ar\\\/wp-content\\\/uploads\\\/2025\\\/05\\\/md-68.webp\",\"width\":992,\"height\":660},{\"@type\":\"BreadcrumbList\",\"@id\":\"https:\\\/\\\/diariodelsurdigital.com.ar\\\/?p=2887#breadcrumb\",\"itemListElement\":[{\"@type\":\"ListItem\",\"position\":1,\"name\":\"Portada\",\"item\":\"https:\\\/\\\/diariodelsurdigital.com.ar\\\/\"},{\"@type\":\"ListItem\",\"position\":2,\"name\":\"Senado: El proyecto de creaci\u00f3n de la OSER se vota este mediod\u00eda\"}]},{\"@type\":\"WebSite\",\"@id\":\"https:\\\/\\\/diariodelsurdigital.com.ar\\\/#website\",\"url\":\"https:\\\/\\\/diariodelsurdigital.com.ar\\\/\",\"name\":\"Diario del Sur\",\"description\":\"Digital\",\"potentialAction\":[{\"@type\":\"SearchAction\",\"target\":{\"@type\":\"EntryPoint\",\"urlTemplate\":\"https:\\\/\\\/diariodelsurdigital.com.ar\\\/?s={search_term_string}\"},\"query-input\":{\"@type\":\"PropertyValueSpecification\",\"valueRequired\":true,\"valueName\":\"search_term_string\"}}],\"inLanguage\":\"es\"},{\"@type\":\"Person\",\"@id\":\"https:\\\/\\\/diariodelsurdigital.com.ar\\\/#\\\/schema\\\/person\\\/1a4992532ed62965c968031b49195c81\",\"name\":\"Diario del Sur Digital\",\"image\":{\"@type\":\"ImageObject\",\"inLanguage\":\"es\",\"@id\":\"https:\\\/\\\/secure.gravatar.com\\\/avatar\\\/f0c7c47fc7146d19828273b9b8eda651c9c7ab583767e6338d3d3bee825adf76?s=96&d=mm&r=g\",\"url\":\"https:\\\/\\\/secure.gravatar.com\\\/avatar\\\/f0c7c47fc7146d19828273b9b8eda651c9c7ab583767e6338d3d3bee825adf76?s=96&d=mm&r=g\",\"contentUrl\":\"https:\\\/\\\/secure.gravatar.com\\\/avatar\\\/f0c7c47fc7146d19828273b9b8eda651c9c7ab583767e6338d3d3bee825adf76?s=96&d=mm&r=g\",\"caption\":\"Diario del Sur Digital\"},\"url\":\"https:\\\/\\\/diariodelsurdigital.com.ar\\\/?author=4\"}]}<\/script>\n<!-- \/ Yoast SEO plugin. -->","yoast_head_json":{"title":"Senado: El proyecto de creaci\u00f3n de la OSER se vota este mediod\u00eda - Diario del Sur","robots":{"index":"index","follow":"follow","max-snippet":"max-snippet:-1","max-image-preview":"max-image-preview:large","max-video-preview":"max-video-preview:-1"},"canonical":"https:\/\/diariodelsurdigital.com.ar\/?p=2887","og_locale":"es_ES","og_type":"article","og_title":"Senado: El proyecto de creaci\u00f3n de la OSER se vota este mediod\u00eda - Diario del Sur","og_description":"El proyecto de ley de autor\u00eda del Poder Ejecutivo, por el cual se crea la Obra Social de Entre R\u00edos (OSER), tom\u00f3 estado parlamentario en la C\u00e1mara de Senadores de la provincia, a donde ingres\u00f3 anoche con dictamen de mayor\u00eda y minor\u00eda. Se someter\u00e1 a votaci\u00f3n este mi\u00e9rcoles a las 13 horas. En la sesi\u00f3n [&hellip;]","og_url":"https:\/\/diariodelsurdigital.com.ar\/?p=2887","og_site_name":"Diario del Sur","article_published_time":"2025-05-28T15:09:25+00:00","article_modified_time":"2025-05-28T15:09:26+00:00","og_image":[{"width":992,"height":660,"url":"https:\/\/diariodelsurdigital.com.ar\/wp-content\/uploads\/2025\/05\/md-68.webp","type":"image\/webp"}],"author":"Diario del Sur Digital","twitter_card":"summary_large_image","twitter_misc":{"Escrito por":"Diario del Sur Digital","Tiempo de lectura":"2 minutos"},"schema":{"@context":"https:\/\/schema.org","@graph":[{"@type":"Article","@id":"https:\/\/diariodelsurdigital.com.ar\/?p=2887#article","isPartOf":{"@id":"https:\/\/diariodelsurdigital.com.ar\/?p=2887"},"author":{"name":"Diario del Sur Digital","@id":"https:\/\/diariodelsurdigital.com.ar\/#\/schema\/person\/1a4992532ed62965c968031b49195c81"},"headline":"Senado: El proyecto de creaci\u00f3n de la OSER se vota este mediod\u00eda","datePublished":"2025-05-28T15:09:25+00:00","dateModified":"2025-05-28T15:09:26+00:00","mainEntityOfPage":{"@id":"https:\/\/diariodelsurdigital.com.ar\/?p=2887"},"wordCount":273,"commentCount":0,"image":{"@id":"https:\/\/diariodelsurdigital.com.ar\/?p=2887#primaryimage"},"thumbnailUrl":"https:\/\/diariodelsurdigital.com.ar\/wp-content\/uploads\/2025\/05\/md-68.webp","articleSection":["Pol\u00edtica","Provinciales"],"inLanguage":"es","potentialAction":[{"@type":"CommentAction","name":"Comment","target":["https:\/\/diariodelsurdigital.com.ar\/?p=2887#respond"]}]},{"@type":"WebPage","@id":"https:\/\/diariodelsurdigital.com.ar\/?p=2887","url":"https:\/\/diariodelsurdigital.com.ar\/?p=2887","name":"Senado: El proyecto de creaci\u00f3n de la OSER se vota este mediod\u00eda - Diario del Sur","isPartOf":{"@id":"https:\/\/diariodelsurdigital.com.ar\/#website"},"primaryImageOfPage":{"@id":"https:\/\/diariodelsurdigital.com.ar\/?p=2887#primaryimage"},"image":{"@id":"https:\/\/diariodelsurdigital.com.ar\/?p=2887#primaryimage"},"thumbnailUrl":"https:\/\/diariodelsurdigital.com.ar\/wp-content\/uploads\/2025\/05\/md-68.webp","datePublished":"2025-05-28T15:09:25+00:00","dateModified":"2025-05-28T15:09:26+00:00","author":{"@id":"https:\/\/diariodelsurdigital.com.ar\/#\/schema\/person\/1a4992532ed62965c968031b49195c81"},"breadcrumb":{"@id":"https:\/\/diariodelsurdigital.com.ar\/?p=2887#breadcrumb"},"inLanguage":"es","potentialAction":[{"@type":"ReadAction","target":["https:\/\/diariodelsurdigital.com.ar\/?p=2887"]}]},{"@type":"ImageObject","inLanguage":"es","@id":"https:\/\/diariodelsurdigital.com.ar\/?p=2887#primaryimage","url":"https:\/\/diariodelsurdigital.com.ar\/wp-content\/uploads\/2025\/05\/md-68.webp","contentUrl":"https:\/\/diariodelsurdigital.com.ar\/wp-content\/uploads\/2025\/05\/md-68.webp","width":992,"height":660},{"@type":"BreadcrumbList","@id":"https:\/\/diariodelsurdigital.com.ar\/?p=2887#breadcrumb","itemListElement":[{"@type":"ListItem","position":1,"name":"Portada","item":"https:\/\/diariodelsurdigital.com.ar\/"},{"@type":"ListItem","position":2,"name":"Senado: El proyecto de creaci\u00f3n de la OSER se vota este mediod\u00eda"}]},{"@type":"WebSite","@id":"https:\/\/diariodelsurdigital.com.ar\/#website","url":"https:\/\/diariodelsurdigital.com.ar\/","name":"Diario del Sur","description":"Digital","potentialAction":[{"@type":"SearchAction","target":{"@type":"EntryPoint","urlTemplate":"https:\/\/diariodelsurdigital.com.ar\/?s={search_term_string}"},"query-input":{"@type":"PropertyValueSpecification","valueRequired":true,"valueName":"search_term_string"}}],"inLanguage":"es"},{"@type":"Person","@id":"https:\/\/diariodelsurdigital.com.ar\/#\/schema\/person\/1a4992532ed62965c968031b49195c81","name":"Diario del Sur Digital","image":{"@type":"ImageObject","inLanguage":"es","@id":"https:\/\/secure.gravatar.com\/avatar\/f0c7c47fc7146d19828273b9b8eda651c9c7ab583767e6338d3d3bee825adf76?s=96&d=mm&r=g","url":"https:\/\/secure.gravatar.com\/avatar\/f0c7c47fc7146d19828273b9b8eda651c9c7ab583767e6338d3d3bee825adf76?s=96&d=mm&r=g","contentUrl":"https:\/\/secure.gravatar.com\/avatar\/f0c7c47fc7146d19828273b9b8eda651c9c7ab583767e6338d3d3bee825adf76?s=96&d=mm&r=g","caption":"Diario del Sur Digital"},"url":"https:\/\/diariodelsurdigital.com.ar\/?author=4"}]}},"_links":{"self":[{"href":"https:\/\/diariodelsurdigital.com.ar\/index.php?rest_route=\/wp\/v2\/posts\/2887","targetHints":{"allow":["GET"]}}],"collection":[{"href":"https:\/\/diariodelsurdigital.com.ar\/index.php?rest_route=\/wp\/v2\/posts"}],"about":[{"href":"https:\/\/diariodelsurdigital.com.ar\/index.php?rest_route=\/wp\/v2\/types\/post"}],"author":[{"embeddable":true,"href":"https:\/\/diariodelsurdigital.com.ar\/index.php?rest_route=\/wp\/v2\/users\/4"}],"replies":[{"embeddable":true,"href":"https:\/\/diariodelsurdigital.com.ar\/index.php?rest_route=%2Fwp%2Fv2%2Fcomments&post=2887"}],"version-history":[{"count":1,"href":"https:\/\/diariodelsurdigital.com.ar\/index.php?rest_route=\/wp\/v2\/posts\/2887\/revisions"}],"predecessor-version":[{"id":2889,"href":"https:\/\/diariodelsurdigital.com.ar\/index.php?rest_route=\/wp\/v2\/posts\/2887\/revisions\/2889"}],"wp:featuredmedia":[{"embeddable":true,"href":"https:\/\/diariodelsurdigital.com.ar\/index.php?rest_route=\/wp\/v2\/media\/2888"}],"wp:attachment":[{"href":"https:\/\/diariodelsurdigital.com.ar\/index.php?rest_route=%2Fwp%2Fv2%2Fmedia&parent=2887"}],"wp:term":[{"taxonomy":"category","embeddable":true,"href":"https:\/\/diariodelsurdigital.com.ar\/index.php?rest_route=%2Fwp%2Fv2%2Fcategories&post=2887"},{"taxonomy":"post_tag","embeddable":true,"href":"https:\/\/diariodelsurdigital.com.ar\/index.php?rest_route=%2Fwp%2Fv2%2Ftags&post=2887"}],"curies":[{"name":"wp","href":"https:\/\/api.w.org\/{rel}","templated":true}]}}