{"id":2890,"date":"2025-05-28T12:11:49","date_gmt":"2025-05-28T15:11:49","guid":{"rendered":"https:\/\/diariodelsurdigital.com.ar\/?p=2890"},"modified":"2025-05-28T12:11:50","modified_gmt":"2025-05-28T15:11:50","slug":"las-denuncias-por-barreras-al-aborto-crecieron-275-en-el-pais","status":"publish","type":"post","link":"https:\/\/diariodelsurdigital.com.ar\/?p=2890","title":{"rendered":"Las denuncias por barreras al aborto crecieron 275% en el pa\u00eds"},"content":{"rendered":"\n<p>En el D\u00eda Internacional de Acci\u00f3n por la Salud de las Mujeres, Amnist\u00eda Internacional presenta su nuevo informe titulado \u201cTambi\u00e9n es por vos: Defender el acceso al aborto ante el retroceso de pol\u00edticas p\u00fablicas\u201d que da cuenta del alarmante debilitamiento en el acceso al aborto en Argentina, a cuatro a\u00f1os de la sanci\u00f3n de la Ley 27.610. \u201cLa falta de insumos y la desinformaci\u00f3n ponen en riesgo la salud y autonom\u00eda de cientos de mujeres y personas con capacidad de gestar\u201d, advirti\u00f3 la organizaci\u00f3n.<\/p>\n\n\n\n<p><\/p>\n\n\n\n<p>El estudio documenta que, desde la asunci\u00f3n del nuevo gobierno, se produjo un desmantelamiento sistem\u00e1tico de las pol\u00edticas p\u00fablicas en salud sexual y reproductiva bajo el argumento de una supuesta \u201ceficiencia\u201d en el gasto p\u00fablico. Esta estrategia se traduce en la paralizaci\u00f3n y el desfinanciamiento de programas esenciales, y, en consecuencia, debilita gravemente el rol del Estado como garante de derechos. Como resultado, no solo se han profundizado los obst\u00e1culos preexistentes, sino que tambi\u00e9n han surgido nuevas barreras que ponen en riesgo la vida, la salud y la autonom\u00eda de mujeres y personas gestantes.<\/p>\n\n\n\n<p>Entre los datos m\u00e1s alarmantes, la organizaci\u00f3n registr\u00f3 un aumento del 275% en las consultas, denuncias y pedidos de asesoramiento por dificultades en el acceso al aborto, en comparaci\u00f3n con 2023, a trav\u00e9s de su formulario de atenci\u00f3n y denuncias.<\/p>\n\n\n\n<p>\u201cLo que estamos viendo es un retroceso deliberado en pol\u00edticas p\u00fablicas que costaron a\u00f1os de lucha. No se trata solo de recortes: se est\u00e1 erosionando al Estado desde adentro, debilitando su capacidad para garantizar derechos, especialmente en salud sexual y reproductiva. Con estas medidas se busca reinstalar un modelo que relega a mujeres al rol reproductivo y de cuidado. Sin embargo, esta regresi\u00f3n no es exclusiva de Argentina; es parte de una tendencia global que busca socavar los avances en derechos conquistados por los movimientos feministas en todo el mundo, como est\u00e1 ocurriendo bajo el gobierno de Trump o en Hungr\u00eda\u201d, afirm\u00f3 Mariela Belski, directora ejecutiva de Amnist\u00eda Internacional Argentina.<\/p>\n\n\n\n<p>El incremento de denuncias ante barreras en el acceso al aborto tambi\u00e9n da cuenta de una creciente conciencia y organizaci\u00f3n por parte las mujeres y personas gestantes que toman acci\u00f3n no solo para ejercer sus derechos, sino tambi\u00e9n para evitar que otras personas atraviesen situaciones similares de vulneraci\u00f3n de derechos. En este escenario, las redes de acompa\u00f1amiento y el activismo se consolidan como una herramienta vital para garantizar el acceso al aborto en contextos de retroceso institucional.<\/p>\n\n\n\n<p>La disponibilidad de insumos, condici\u00f3n necesaria para el acceso a derechos<\/p>\n\n\n\n<p>Una de las expresiones m\u00e1s evidentes de la erosi\u00f3n interna del rol del Estado como garante de derechos es la interrupci\u00f3n total de la compra y distribuci\u00f3n de insumos esenciales para garantizar el acceso a la IVE\/ILE. Durante 2024, el Estado nacional no distribuy\u00f3 insumos a las provincias. Al mismo tiempo, la distribuci\u00f3n de m\u00e9todos anticonceptivos, anticonceptivos de emergencia y test de embarazo cay\u00f3 un 81\u00e2\u20ac\u00af% entre 2023 y 2024, a pesar de ser esenciales para que las mujeres puedan decidir si tener hijos o no, cu\u00e1ndo y cu\u00e1ntos.<\/p>\n\n\n\n<p>Este retroceso afecta gravemente el ejercicio del derecho a la salud sexual y reproductiva en todo el pa\u00eds y profundiza las desigualdades territoriales, haciendo que el acceso a derechos fundamentales dependa del lugar de residencia de la persona.<\/p>\n\n\n\n<p>Entre los numerosos testimonios que recibi\u00f3 la organizaci\u00f3n que evidencian el impacto de dicho desabastecimiento se encuentra el caso de \u201cMar\u00eda\u201d de Misiones que, cursando seis semanas de embarazo, decidi\u00f3 interrumpirlo. Mar\u00eda tiene cuatros hijos y un salario de un empleo no registrado. Cuando quiso acceder a un aborto, le dijeron que no pod\u00edan garantizar el procedimiento por falta de insumos, debido a la interrupci\u00f3n intempestiva del suministro desde Naci\u00f3n y que ten\u00eda que comprar la medicaci\u00f3n por su cuenta.<\/p>\n\n\n\n<p>\u201cYo en ese momento no ten\u00eda 100.000 pesos (unos 73 d\u00f3lares, al tipo de cambio paralelo de julio). Mi marido se hab\u00eda quedado sin empleo registrado, por eso, concurr\u00ed al hospital p\u00fablico para acceder gratis. Cuando pregunt\u00e9 si ten\u00edan el medicamento, me respondieron: no, no tenemos. Yo me largu\u00e9 a llorar, volviendo a mi casa me agarr\u00f3 una desesperaci\u00f3n porque mi marido se fue lejos a trabajar, me qued\u00e9 sola. Es como que la puerta se me cerr\u00f3 en todos lados. Y yo llegu\u00e9 a mi casa llorando con mi bebita en brazos\u201d, cont\u00f3 Mar\u00eda a la organizaci\u00f3n.<\/p>\n\n\n\n<p>La provisi\u00f3n nacional de estos insumos no es opcional: es una funci\u00f3n indelegable del rol de rector\u00eda sanitaria del Estado Nacional. Un sistema de salud con personal capacitado, pero sin insumos no puede garantizar derechos. Si bien las provincias deben reforzar y adaptar la atenci\u00f3n en sus territorios, es el Estado Nacional quien debe asegurar el piso m\u00ednimo de equidad y acceso en todo el pa\u00eds.<\/p>\n\n\n\n<p>La falta de informaci\u00f3n sobre el derecho al aborto, la barrera m\u00e1s identificada<\/p>\n\n\n\n<p>El informe revela que el 33,67% de las personas que se contactaron con la organizaci\u00f3n se\u00f1alaron no saber c\u00f3mo y d\u00f3nde acceder al aborto legal, evidenciando una profunda barrera en el acceso a informaci\u00f3n necesaria para el ejercicio de derechos.<\/p>\n\n\n\n<p>A nivel nacional, la l\u00ednea 0800 de Salud Sexual del Ministerio de Salud es una herramienta clave para el acceso a informaci\u00f3n sobre derechos sexuales y reproductivos. Incluso en muchas provincias, es el \u00fanico canal oficial disponible. Sin embargo, la ausencia de campa\u00f1as p\u00fablicas que promuevan su existencia y uso limita su alcance: el 80% de quienes se contactaron con Amnist\u00eda Internacional manifestaron no haberse comunicado previamente con la l\u00ednea o directamente no haber sido atendidas.<\/p>\n\n\n\n<p>\u201cEncontr\u00e9 una publicaci\u00f3n con la l\u00ednea de tel\u00e9fono 0800 y me anim\u00e9 a llamar, pero las veces que intent\u00e9 comunicarme nadie contestaba. (\u2026) Segu\u00ed buscando por internet y ah\u00ed fue que llegu\u00e9 a ustedes y complet\u00e9 el formulario\u201d, relata Carla, quien reside en la provincia de Buenos Aires a la organizaci\u00f3n.<\/p>\n\n\n\n<p>Frente a este panorama, algunas provincias han implementado buenas pr\u00e1cticas, como l\u00edneas de atenci\u00f3n provinciales, difusi\u00f3n activa de centros de salud que garantizan el acceso a la pr\u00e1ctica o la publicaci\u00f3n de mapas georreferenciados. Sin embargo, estas iniciativas siguen siendo aisladas. Garantizar el acceso a informaci\u00f3n clara, precisa y oportuna es una obligaci\u00f3n estatal. Sin informaci\u00f3n, muchas pueden desistir o retrasar la b\u00fasqueda de atenci\u00f3n, con consecuencias graves para su salud.<\/p>\n\n\n\n<p>A casi cuatro a\u00f1os de la sanci\u00f3n de la ley los avances en salud p\u00fablica son innegables: entre 2021 y octubre de 2023, 245.015 personas accedieron a abortos seguros en el sistema p\u00fablico de salud, contribuyendo a la reducci\u00f3n de las muertes por aborto. No obstante, los casos relevados en el informe exponen retrocesos preocupantes que deben ser atendidos con urgencia para garantizar en forma igualitaria los servicios de salud sexual y reproductiva que el Estado nacional est\u00e1 obligado a garantizar a trav\u00e9s de diferentes leyes nacionales y tratados internacionales para proteger la salud y los derechos reproductivos de todas las personas en Argentina.<\/p>\n\n\n\n<p>Recomendaciones<\/p>\n\n\n\n<p>Amnist\u00eda Internacional insta al Estado argentino a garantizar presupuesto suficiente y sostenido para la provisi\u00f3n de insumos esenciales vinculados al acceso al aborto y la planificaci\u00f3n familiar, y a asegurar su distribuci\u00f3n equitativa en todas las jurisdicciones del pa\u00eds. Asimismo, reclama la implementaci\u00f3n de campa\u00f1as p\u00fablicas de informaci\u00f3n y el fortalecimiento de la l\u00ednea nacional 0800 de salud sexual. Finalmente, insta al gobierno a capacitar de forma obligatoria y continua al personal de salud en sus obligaciones legales, erradicar pr\u00e1cticas coercitivas y rendir cuentas peri\u00f3dicamente con datos actualizados sobre la aplicaci\u00f3n de la Ley 27.610.<\/p>\n","protected":false},"excerpt":{"rendered":"<p>En el D\u00eda Internacional de Acci\u00f3n por la Salud de las Mujeres, Amnist\u00eda Internacional presenta su nuevo informe titulado \u201cTambi\u00e9n es por vos: Defender el acceso al aborto ante el retroceso de pol\u00edticas p\u00fablicas\u201d que da cuenta del alarmante debilitamiento en el acceso al aborto en Argentina, a cuatro a\u00f1os de la sanci\u00f3n de la [&hellip;]<\/p>\n","protected":false},"author":4,"featured_media":2891,"comment_status":"open","ping_status":"open","sticky":false,"template":"","format":"standard","meta":{"footnotes":""},"categories":[19,18],"tags":[],"class_list":{"0":"post-2890","1":"post","2":"type-post","3":"status-publish","4":"format-standard","5":"has-post-thumbnail","7":"category-interes-general","8":"category-nacionales"},"yoast_head":"<!-- This site is optimized with the Yoast SEO plugin v27.4 - https:\/\/yoast.com\/product\/yoast-seo-wordpress\/ -->\n<title>Las denuncias por barreras al aborto crecieron 275% en el pa\u00eds - Diario del Sur<\/title>\n<meta name=\"robots\" content=\"index, follow, max-snippet:-1, max-image-preview:large, max-video-preview:-1\" \/>\n<link rel=\"canonical\" href=\"https:\/\/diariodelsurdigital.com.ar\/?p=2890\" \/>\n<meta property=\"og:locale\" content=\"es_ES\" \/>\n<meta property=\"og:type\" content=\"article\" \/>\n<meta property=\"og:title\" content=\"Las denuncias por barreras al aborto crecieron 275% en el pa\u00eds - Diario del Sur\" \/>\n<meta property=\"og:description\" content=\"En el D\u00eda Internacional de Acci\u00f3n por la Salud de las Mujeres, Amnist\u00eda Internacional presenta su nuevo informe titulado \u201cTambi\u00e9n es por vos: Defender el acceso al aborto ante el retroceso de pol\u00edticas p\u00fablicas\u201d que da cuenta del alarmante debilitamiento en el acceso al aborto en Argentina, a cuatro a\u00f1os de la sanci\u00f3n de la [&hellip;]\" \/>\n<meta property=\"og:url\" content=\"https:\/\/diariodelsurdigital.com.ar\/?p=2890\" \/>\n<meta property=\"og:site_name\" content=\"Diario del Sur\" \/>\n<meta property=\"article:published_time\" content=\"2025-05-28T15:11:49+00:00\" \/>\n<meta property=\"article:modified_time\" content=\"2025-05-28T15:11:50+00:00\" \/>\n<meta property=\"og:image\" content=\"https:\/\/diariodelsurdigital.com.ar\/wp-content\/uploads\/2025\/05\/md-69.webp\" \/>\n\t<meta property=\"og:image:width\" content=\"992\" \/>\n\t<meta property=\"og:image:height\" content=\"661\" \/>\n\t<meta property=\"og:image:type\" content=\"image\/webp\" \/>\n<meta name=\"author\" content=\"Diario del Sur Digital\" \/>\n<meta name=\"twitter:card\" content=\"summary_large_image\" \/>\n<meta name=\"twitter:label1\" content=\"Escrito por\" \/>\n\t<meta name=\"twitter:data1\" content=\"Diario del Sur Digital\" \/>\n\t<meta name=\"twitter:label2\" content=\"Tiempo de lectura\" \/>\n\t<meta name=\"twitter:data2\" content=\"6 minutos\" \/>\n<script type=\"application\/ld+json\" class=\"yoast-schema-graph\">{\"@context\":\"https:\\\/\\\/schema.org\",\"@graph\":[{\"@type\":\"Article\",\"@id\":\"https:\\\/\\\/diariodelsurdigital.com.ar\\\/?p=2890#article\",\"isPartOf\":{\"@id\":\"https:\\\/\\\/diariodelsurdigital.com.ar\\\/?p=2890\"},\"author\":{\"name\":\"Diario del Sur Digital\",\"@id\":\"https:\\\/\\\/diariodelsurdigital.com.ar\\\/#\\\/schema\\\/person\\\/1a4992532ed62965c968031b49195c81\"},\"headline\":\"Las denuncias por barreras al aborto crecieron 275% en el pa\u00eds\",\"datePublished\":\"2025-05-28T15:11:49+00:00\",\"dateModified\":\"2025-05-28T15:11:50+00:00\",\"mainEntityOfPage\":{\"@id\":\"https:\\\/\\\/diariodelsurdigital.com.ar\\\/?p=2890\"},\"wordCount\":1347,\"commentCount\":0,\"image\":{\"@id\":\"https:\\\/\\\/diariodelsurdigital.com.ar\\\/?p=2890#primaryimage\"},\"thumbnailUrl\":\"https:\\\/\\\/diariodelsurdigital.com.ar\\\/wp-content\\\/uploads\\\/2025\\\/05\\\/md-69.webp\",\"articleSection\":[\"Inter\u00e9s General\",\"Nacionales\"],\"inLanguage\":\"es\",\"potentialAction\":[{\"@type\":\"CommentAction\",\"name\":\"Comment\",\"target\":[\"https:\\\/\\\/diariodelsurdigital.com.ar\\\/?p=2890#respond\"]}]},{\"@type\":\"WebPage\",\"@id\":\"https:\\\/\\\/diariodelsurdigital.com.ar\\\/?p=2890\",\"url\":\"https:\\\/\\\/diariodelsurdigital.com.ar\\\/?p=2890\",\"name\":\"Las denuncias por barreras al aborto crecieron 275% en el pa\u00eds - Diario del Sur\",\"isPartOf\":{\"@id\":\"https:\\\/\\\/diariodelsurdigital.com.ar\\\/#website\"},\"primaryImageOfPage\":{\"@id\":\"https:\\\/\\\/diariodelsurdigital.com.ar\\\/?p=2890#primaryimage\"},\"image\":{\"@id\":\"https:\\\/\\\/diariodelsurdigital.com.ar\\\/?p=2890#primaryimage\"},\"thumbnailUrl\":\"https:\\\/\\\/diariodelsurdigital.com.ar\\\/wp-content\\\/uploads\\\/2025\\\/05\\\/md-69.webp\",\"datePublished\":\"2025-05-28T15:11:49+00:00\",\"dateModified\":\"2025-05-28T15:11:50+00:00\",\"author\":{\"@id\":\"https:\\\/\\\/diariodelsurdigital.com.ar\\\/#\\\/schema\\\/person\\\/1a4992532ed62965c968031b49195c81\"},\"breadcrumb\":{\"@id\":\"https:\\\/\\\/diariodelsurdigital.com.ar\\\/?p=2890#breadcrumb\"},\"inLanguage\":\"es\",\"potentialAction\":[{\"@type\":\"ReadAction\",\"target\":[\"https:\\\/\\\/diariodelsurdigital.com.ar\\\/?p=2890\"]}]},{\"@type\":\"ImageObject\",\"inLanguage\":\"es\",\"@id\":\"https:\\\/\\\/diariodelsurdigital.com.ar\\\/?p=2890#primaryimage\",\"url\":\"https:\\\/\\\/diariodelsurdigital.com.ar\\\/wp-content\\\/uploads\\\/2025\\\/05\\\/md-69.webp\",\"contentUrl\":\"https:\\\/\\\/diariodelsurdigital.com.ar\\\/wp-content\\\/uploads\\\/2025\\\/05\\\/md-69.webp\",\"width\":992,\"height\":661},{\"@type\":\"BreadcrumbList\",\"@id\":\"https:\\\/\\\/diariodelsurdigital.com.ar\\\/?p=2890#breadcrumb\",\"itemListElement\":[{\"@type\":\"ListItem\",\"position\":1,\"name\":\"Portada\",\"item\":\"https:\\\/\\\/diariodelsurdigital.com.ar\\\/\"},{\"@type\":\"ListItem\",\"position\":2,\"name\":\"Las denuncias por barreras al aborto crecieron 275% en el pa\u00eds\"}]},{\"@type\":\"WebSite\",\"@id\":\"https:\\\/\\\/diariodelsurdigital.com.ar\\\/#website\",\"url\":\"https:\\\/\\\/diariodelsurdigital.com.ar\\\/\",\"name\":\"Diario del Sur\",\"description\":\"Digital\",\"potentialAction\":[{\"@type\":\"SearchAction\",\"target\":{\"@type\":\"EntryPoint\",\"urlTemplate\":\"https:\\\/\\\/diariodelsurdigital.com.ar\\\/?s={search_term_string}\"},\"query-input\":{\"@type\":\"PropertyValueSpecification\",\"valueRequired\":true,\"valueName\":\"search_term_string\"}}],\"inLanguage\":\"es\"},{\"@type\":\"Person\",\"@id\":\"https:\\\/\\\/diariodelsurdigital.com.ar\\\/#\\\/schema\\\/person\\\/1a4992532ed62965c968031b49195c81\",\"name\":\"Diario del Sur Digital\",\"image\":{\"@type\":\"ImageObject\",\"inLanguage\":\"es\",\"@id\":\"https:\\\/\\\/secure.gravatar.com\\\/avatar\\\/f0c7c47fc7146d19828273b9b8eda651c9c7ab583767e6338d3d3bee825adf76?s=96&d=mm&r=g\",\"url\":\"https:\\\/\\\/secure.gravatar.com\\\/avatar\\\/f0c7c47fc7146d19828273b9b8eda651c9c7ab583767e6338d3d3bee825adf76?s=96&d=mm&r=g\",\"contentUrl\":\"https:\\\/\\\/secure.gravatar.com\\\/avatar\\\/f0c7c47fc7146d19828273b9b8eda651c9c7ab583767e6338d3d3bee825adf76?s=96&d=mm&r=g\",\"caption\":\"Diario del Sur Digital\"},\"url\":\"https:\\\/\\\/diariodelsurdigital.com.ar\\\/?author=4\"}]}<\/script>\n<!-- \/ Yoast SEO plugin. -->","yoast_head_json":{"title":"Las denuncias por barreras al aborto crecieron 275% en el pa\u00eds - Diario del Sur","robots":{"index":"index","follow":"follow","max-snippet":"max-snippet:-1","max-image-preview":"max-image-preview:large","max-video-preview":"max-video-preview:-1"},"canonical":"https:\/\/diariodelsurdigital.com.ar\/?p=2890","og_locale":"es_ES","og_type":"article","og_title":"Las denuncias por barreras al aborto crecieron 275% en el pa\u00eds - Diario del Sur","og_description":"En el D\u00eda Internacional de Acci\u00f3n por la Salud de las Mujeres, Amnist\u00eda Internacional presenta su nuevo informe titulado \u201cTambi\u00e9n es por vos: Defender el acceso al aborto ante el retroceso de pol\u00edticas p\u00fablicas\u201d que da cuenta del alarmante debilitamiento en el acceso al aborto en Argentina, a cuatro a\u00f1os de la sanci\u00f3n de la [&hellip;]","og_url":"https:\/\/diariodelsurdigital.com.ar\/?p=2890","og_site_name":"Diario del Sur","article_published_time":"2025-05-28T15:11:49+00:00","article_modified_time":"2025-05-28T15:11:50+00:00","og_image":[{"width":992,"height":661,"url":"https:\/\/diariodelsurdigital.com.ar\/wp-content\/uploads\/2025\/05\/md-69.webp","type":"image\/webp"}],"author":"Diario del Sur Digital","twitter_card":"summary_large_image","twitter_misc":{"Escrito por":"Diario del Sur Digital","Tiempo de lectura":"6 minutos"},"schema":{"@context":"https:\/\/schema.org","@graph":[{"@type":"Article","@id":"https:\/\/diariodelsurdigital.com.ar\/?p=2890#article","isPartOf":{"@id":"https:\/\/diariodelsurdigital.com.ar\/?p=2890"},"author":{"name":"Diario del Sur Digital","@id":"https:\/\/diariodelsurdigital.com.ar\/#\/schema\/person\/1a4992532ed62965c968031b49195c81"},"headline":"Las denuncias por barreras al aborto crecieron 275% en el pa\u00eds","datePublished":"2025-05-28T15:11:49+00:00","dateModified":"2025-05-28T15:11:50+00:00","mainEntityOfPage":{"@id":"https:\/\/diariodelsurdigital.com.ar\/?p=2890"},"wordCount":1347,"commentCount":0,"image":{"@id":"https:\/\/diariodelsurdigital.com.ar\/?p=2890#primaryimage"},"thumbnailUrl":"https:\/\/diariodelsurdigital.com.ar\/wp-content\/uploads\/2025\/05\/md-69.webp","articleSection":["Inter\u00e9s General","Nacionales"],"inLanguage":"es","potentialAction":[{"@type":"CommentAction","name":"Comment","target":["https:\/\/diariodelsurdigital.com.ar\/?p=2890#respond"]}]},{"@type":"WebPage","@id":"https:\/\/diariodelsurdigital.com.ar\/?p=2890","url":"https:\/\/diariodelsurdigital.com.ar\/?p=2890","name":"Las denuncias por barreras al aborto crecieron 275% en el pa\u00eds - Diario del Sur","isPartOf":{"@id":"https:\/\/diariodelsurdigital.com.ar\/#website"},"primaryImageOfPage":{"@id":"https:\/\/diariodelsurdigital.com.ar\/?p=2890#primaryimage"},"image":{"@id":"https:\/\/diariodelsurdigital.com.ar\/?p=2890#primaryimage"},"thumbnailUrl":"https:\/\/diariodelsurdigital.com.ar\/wp-content\/uploads\/2025\/05\/md-69.webp","datePublished":"2025-05-28T15:11:49+00:00","dateModified":"2025-05-28T15:11:50+00:00","author":{"@id":"https:\/\/diariodelsurdigital.com.ar\/#\/schema\/person\/1a4992532ed62965c968031b49195c81"},"breadcrumb":{"@id":"https:\/\/diariodelsurdigital.com.ar\/?p=2890#breadcrumb"},"inLanguage":"es","potentialAction":[{"@type":"ReadAction","target":["https:\/\/diariodelsurdigital.com.ar\/?p=2890"]}]},{"@type":"ImageObject","inLanguage":"es","@id":"https:\/\/diariodelsurdigital.com.ar\/?p=2890#primaryimage","url":"https:\/\/diariodelsurdigital.com.ar\/wp-content\/uploads\/2025\/05\/md-69.webp","contentUrl":"https:\/\/diariodelsurdigital.com.ar\/wp-content\/uploads\/2025\/05\/md-69.webp","width":992,"height":661},{"@type":"BreadcrumbList","@id":"https:\/\/diariodelsurdigital.com.ar\/?p=2890#breadcrumb","itemListElement":[{"@type":"ListItem","position":1,"name":"Portada","item":"https:\/\/diariodelsurdigital.com.ar\/"},{"@type":"ListItem","position":2,"name":"Las denuncias por barreras al aborto crecieron 275% en el pa\u00eds"}]},{"@type":"WebSite","@id":"https:\/\/diariodelsurdigital.com.ar\/#website","url":"https:\/\/diariodelsurdigital.com.ar\/","name":"Diario del Sur","description":"Digital","potentialAction":[{"@type":"SearchAction","target":{"@type":"EntryPoint","urlTemplate":"https:\/\/diariodelsurdigital.com.ar\/?s={search_term_string}"},"query-input":{"@type":"PropertyValueSpecification","valueRequired":true,"valueName":"search_term_string"}}],"inLanguage":"es"},{"@type":"Person","@id":"https:\/\/diariodelsurdigital.com.ar\/#\/schema\/person\/1a4992532ed62965c968031b49195c81","name":"Diario del Sur Digital","image":{"@type":"ImageObject","inLanguage":"es","@id":"https:\/\/secure.gravatar.com\/avatar\/f0c7c47fc7146d19828273b9b8eda651c9c7ab583767e6338d3d3bee825adf76?s=96&d=mm&r=g","url":"https:\/\/secure.gravatar.com\/avatar\/f0c7c47fc7146d19828273b9b8eda651c9c7ab583767e6338d3d3bee825adf76?s=96&d=mm&r=g","contentUrl":"https:\/\/secure.gravatar.com\/avatar\/f0c7c47fc7146d19828273b9b8eda651c9c7ab583767e6338d3d3bee825adf76?s=96&d=mm&r=g","caption":"Diario del Sur Digital"},"url":"https:\/\/diariodelsurdigital.com.ar\/?author=4"}]}},"_links":{"self":[{"href":"https:\/\/diariodelsurdigital.com.ar\/index.php?rest_route=\/wp\/v2\/posts\/2890","targetHints":{"allow":["GET"]}}],"collection":[{"href":"https:\/\/diariodelsurdigital.com.ar\/index.php?rest_route=\/wp\/v2\/posts"}],"about":[{"href":"https:\/\/diariodelsurdigital.com.ar\/index.php?rest_route=\/wp\/v2\/types\/post"}],"author":[{"embeddable":true,"href":"https:\/\/diariodelsurdigital.com.ar\/index.php?rest_route=\/wp\/v2\/users\/4"}],"replies":[{"embeddable":true,"href":"https:\/\/diariodelsurdigital.com.ar\/index.php?rest_route=%2Fwp%2Fv2%2Fcomments&post=2890"}],"version-history":[{"count":1,"href":"https:\/\/diariodelsurdigital.com.ar\/index.php?rest_route=\/wp\/v2\/posts\/2890\/revisions"}],"predecessor-version":[{"id":2892,"href":"https:\/\/diariodelsurdigital.com.ar\/index.php?rest_route=\/wp\/v2\/posts\/2890\/revisions\/2892"}],"wp:featuredmedia":[{"embeddable":true,"href":"https:\/\/diariodelsurdigital.com.ar\/index.php?rest_route=\/wp\/v2\/media\/2891"}],"wp:attachment":[{"href":"https:\/\/diariodelsurdigital.com.ar\/index.php?rest_route=%2Fwp%2Fv2%2Fmedia&parent=2890"}],"wp:term":[{"taxonomy":"category","embeddable":true,"href":"https:\/\/diariodelsurdigital.com.ar\/index.php?rest_route=%2Fwp%2Fv2%2Fcategories&post=2890"},{"taxonomy":"post_tag","embeddable":true,"href":"https:\/\/diariodelsurdigital.com.ar\/index.php?rest_route=%2Fwp%2Fv2%2Ftags&post=2890"}],"curies":[{"name":"wp","href":"https:\/\/api.w.org\/{rel}","templated":true}]}}