{"id":2893,"date":"2025-05-28T15:33:34","date_gmt":"2025-05-28T18:33:34","guid":{"rendered":"https:\/\/diariodelsurdigital.com.ar\/?p=2893"},"modified":"2025-05-28T15:33:35","modified_gmt":"2025-05-28T18:33:35","slug":"internas-pj-militantes-de-concordia-daran-batalla-a-la-lista-oficialista-de-los-mariscales-de-la-derrota","status":"publish","type":"post","link":"https:\/\/diariodelsurdigital.com.ar\/?p=2893","title":{"rendered":"INTERNAS PJ: Militantes de Concordia dar\u00e1n batalla a la lista oficialista de los Mariscales de la Derrota"},"content":{"rendered":"\n<p><\/p>\n\n\n\n<p>En la noche de este martes en la sede del Partido Justicialista de Concordia, militantes peronistas se dieron cita para recibir al Presidente del Consejo Departamental del Partido Justicialista de Paran\u00e1, Jorge \u201cKinoto\u201d V\u00e1zquez, junto a consejeros de la capital entrerriana.<\/p>\n\n\n\n<p>En el c\u00f3nclave y a pesar de las condiciones clim\u00e1ticas, pero con el coraz\u00f3n caliente, el dirigente de Paran\u00e1 realiz\u00f3 un repaso de la coyuntura actual por la que atraviesa la mayor\u00eda de la militancia peronista de a pie.<\/p>\n\n\n\n<p>\u201cVenimos a escuchar y a ver cu\u00e1ntas coincidencias tenemos con respecto al actual escenario provincial con vistas al armado de las listas para las elecciones de mediano t\u00e9rmino que se avecinan\u201d, indic\u00f3 Jorge V\u00e1zquez a Diario del SUR Digital.<\/p>\n\n\n\n<p>\u201cTenemos conocimiento como se vienen desarrollando las cosas en el armado y en ese sentido es que no compartimos para nada el m\u00e9todo de un grupo de dirigentes provinciales que comienzan a imponer nombres que tienen que ver justamente con quienes tuvieron la responsabilidad que el peronismo sufra la gran derrota electoral en el a\u00f1o 2023. Ac\u00e1 no se habla de proyecto, programa pol\u00edtico o sobre la postura del peronismo frente al atropello y las medidas de los gobiernos que han causado represi\u00f3n, hambre y la miseria en el pueblo\u201d, argument\u00f3 V\u00e1zquez.<\/p>\n\n\n\n<p>\u201cEn este sentido abogamos por convocar a todos los compa\u00f1eros de buen coraz\u00f3n, a discutir sobre qu\u00e9 es lo que queremos, desarrollar un programa basado en las demandas del pueblo y desde all\u00ed reci\u00e9n, teniendo en cuenta un objetivo claro, el de elegir qui\u00e9nes nos pueden representar en una c\u00e1mara legislativa para este a\u00f1o, sin perder de vista el objetivo superior que es el de recuperar el Estado. Un Estado que debe ser reparador de injusticias, inclusivo y gestor de nuevas oportunidades\u201d, Indic\u00f3.<\/p>\n\n\n\n<p>Separando lo importante de lo urgente, V\u00e1zquez precis\u00f3 que \u201cdebido a los tiempos electorales que corren, por mientras acordamos con los compa\u00f1eros de Concordia, el de avanzar con la juntada de avales para darle musculatura a nuestro espacio provincial denominado Peronismo Entrerriano. Ya tenemos el n\u00famero de lista que es el N\u00b017, un n\u00famero caro a nuestro sentimiento\u201d, culmin\u00f3 V\u00e1zquez entre sonrisas y aplausos de los presentes.<\/p>\n\n\n\n<figure class=\"wp-block-image size-large\"><img loading=\"lazy\" decoding=\"async\" width=\"1024\" height=\"741\" src=\"https:\/\/diariodelsurdigital.com.ar\/wp-content\/uploads\/2025\/05\/Imagen-de-WhatsApp-2025-05-28-a-las-11.17.23_5d8c08ba-1024x741.jpg\" alt=\"\" class=\"wp-image-2895\" srcset=\"https:\/\/diariodelsurdigital.com.ar\/wp-content\/uploads\/2025\/05\/Imagen-de-WhatsApp-2025-05-28-a-las-11.17.23_5d8c08ba-1024x741.jpg 1024w, https:\/\/diariodelsurdigital.com.ar\/wp-content\/uploads\/2025\/05\/Imagen-de-WhatsApp-2025-05-28-a-las-11.17.23_5d8c08ba-300x217.jpg 300w, https:\/\/diariodelsurdigital.com.ar\/wp-content\/uploads\/2025\/05\/Imagen-de-WhatsApp-2025-05-28-a-las-11.17.23_5d8c08ba-768x556.jpg 768w, https:\/\/diariodelsurdigital.com.ar\/wp-content\/uploads\/2025\/05\/Imagen-de-WhatsApp-2025-05-28-a-las-11.17.23_5d8c08ba-1536x1112.jpg 1536w, https:\/\/diariodelsurdigital.com.ar\/wp-content\/uploads\/2025\/05\/Imagen-de-WhatsApp-2025-05-28-a-las-11.17.23_5d8c08ba-580x420.jpg 580w, https:\/\/diariodelsurdigital.com.ar\/wp-content\/uploads\/2025\/05\/Imagen-de-WhatsApp-2025-05-28-a-las-11.17.23_5d8c08ba-696x504.jpg 696w, https:\/\/diariodelsurdigital.com.ar\/wp-content\/uploads\/2025\/05\/Imagen-de-WhatsApp-2025-05-28-a-las-11.17.23_5d8c08ba-1068x773.jpg 1068w, https:\/\/diariodelsurdigital.com.ar\/wp-content\/uploads\/2025\/05\/Imagen-de-WhatsApp-2025-05-28-a-las-11.17.23_5d8c08ba-324x235.jpg 324w, https:\/\/diariodelsurdigital.com.ar\/wp-content\/uploads\/2025\/05\/Imagen-de-WhatsApp-2025-05-28-a-las-11.17.23_5d8c08ba.jpg 1600w\" sizes=\"auto, (max-width: 1024px) 100vw, 1024px\" \/><\/figure>\n","protected":false},"excerpt":{"rendered":"<p>En la noche de este martes en la sede del Partido Justicialista de Concordia, militantes peronistas se dieron cita para recibir al Presidente del Consejo Departamental del Partido Justicialista de Paran\u00e1, Jorge \u201cKinoto\u201d V\u00e1zquez, junto a consejeros de la capital entrerriana. En el c\u00f3nclave y a pesar de las condiciones clim\u00e1ticas, pero con el coraz\u00f3n [&hellip;]<\/p>\n","protected":false},"author":2,"featured_media":2894,"comment_status":"open","ping_status":"open","sticky":false,"template":"","format":"standard","meta":{"footnotes":""},"categories":[1],"tags":[],"class_list":{"0":"post-2893","1":"post","2":"type-post","3":"status-publish","4":"format-standard","5":"has-post-thumbnail","7":"category-uncategorized"},"yoast_head":"<!-- This site is optimized with the Yoast SEO plugin v27.4 - https:\/\/yoast.com\/product\/yoast-seo-wordpress\/ -->\n<title>INTERNAS PJ: Militantes de Concordia dar\u00e1n batalla a la lista oficialista de los Mariscales de la Derrota - Diario del Sur<\/title>\n<meta name=\"robots\" content=\"index, follow, max-snippet:-1, max-image-preview:large, max-video-preview:-1\" \/>\n<link rel=\"canonical\" href=\"https:\/\/diariodelsurdigital.com.ar\/?p=2893\" \/>\n<meta property=\"og:locale\" content=\"es_ES\" \/>\n<meta property=\"og:type\" content=\"article\" \/>\n<meta property=\"og:title\" content=\"INTERNAS PJ: Militantes de Concordia dar\u00e1n batalla a la lista oficialista de los Mariscales de la Derrota - Diario del Sur\" \/>\n<meta property=\"og:description\" content=\"En la noche de este martes en la sede del Partido Justicialista de Concordia, militantes peronistas se dieron cita para recibir al Presidente del Consejo Departamental del Partido Justicialista de Paran\u00e1, Jorge \u201cKinoto\u201d V\u00e1zquez, junto a consejeros de la capital entrerriana. En el c\u00f3nclave y a pesar de las condiciones clim\u00e1ticas, pero con el coraz\u00f3n [&hellip;]\" \/>\n<meta property=\"og:url\" content=\"https:\/\/diariodelsurdigital.com.ar\/?p=2893\" \/>\n<meta property=\"og:site_name\" content=\"Diario del Sur\" \/>\n<meta property=\"article:published_time\" content=\"2025-05-28T18:33:34+00:00\" \/>\n<meta property=\"article:modified_time\" content=\"2025-05-28T18:33:35+00:00\" \/>\n<meta property=\"og:image\" content=\"https:\/\/diariodelsurdigital.com.ar\/wp-content\/uploads\/2025\/05\/Imagen-de-WhatsApp-2025-05-28-a-las-11.17.24_167f747b.jpg\" \/>\n\t<meta property=\"og:image:width\" content=\"560\" \/>\n\t<meta property=\"og:image:height\" content=\"269\" \/>\n\t<meta property=\"og:image:type\" content=\"image\/jpeg\" \/>\n<meta name=\"author\" content=\"Diario del Sur Digital\" \/>\n<meta name=\"twitter:card\" content=\"summary_large_image\" \/>\n<meta name=\"twitter:label1\" content=\"Escrito por\" \/>\n\t<meta name=\"twitter:data1\" content=\"Diario del Sur Digital\" \/>\n\t<meta name=\"twitter:label2\" content=\"Tiempo de lectura\" \/>\n\t<meta name=\"twitter:data2\" content=\"3 minutos\" \/>\n<script type=\"application\/ld+json\" class=\"yoast-schema-graph\">{\"@context\":\"https:\\\/\\\/schema.org\",\"@graph\":[{\"@type\":\"Article\",\"@id\":\"https:\\\/\\\/diariodelsurdigital.com.ar\\\/?p=2893#article\",\"isPartOf\":{\"@id\":\"https:\\\/\\\/diariodelsurdigital.com.ar\\\/?p=2893\"},\"author\":{\"name\":\"Diario del Sur Digital\",\"@id\":\"https:\\\/\\\/diariodelsurdigital.com.ar\\\/#\\\/schema\\\/person\\\/6136a32571657f7dba980b88b04c5465\"},\"headline\":\"INTERNAS PJ: Militantes de Concordia dar\u00e1n batalla a la lista oficialista de los Mariscales de la Derrota\",\"datePublished\":\"2025-05-28T18:33:34+00:00\",\"dateModified\":\"2025-05-28T18:33:35+00:00\",\"mainEntityOfPage\":{\"@id\":\"https:\\\/\\\/diariodelsurdigital.com.ar\\\/?p=2893\"},\"wordCount\":402,\"commentCount\":1,\"image\":{\"@id\":\"https:\\\/\\\/diariodelsurdigital.com.ar\\\/?p=2893#primaryimage\"},\"thumbnailUrl\":\"https:\\\/\\\/diariodelsurdigital.com.ar\\\/wp-content\\\/uploads\\\/2025\\\/05\\\/Imagen-de-WhatsApp-2025-05-28-a-las-11.17.24_167f747b.jpg\",\"articleSection\":[\"Uncategorized\"],\"inLanguage\":\"es\",\"potentialAction\":[{\"@type\":\"CommentAction\",\"name\":\"Comment\",\"target\":[\"https:\\\/\\\/diariodelsurdigital.com.ar\\\/?p=2893#respond\"]}]},{\"@type\":\"WebPage\",\"@id\":\"https:\\\/\\\/diariodelsurdigital.com.ar\\\/?p=2893\",\"url\":\"https:\\\/\\\/diariodelsurdigital.com.ar\\\/?p=2893\",\"name\":\"INTERNAS PJ: Militantes de Concordia dar\u00e1n batalla a la lista oficialista de los Mariscales de la Derrota - Diario del Sur\",\"isPartOf\":{\"@id\":\"https:\\\/\\\/diariodelsurdigital.com.ar\\\/#website\"},\"primaryImageOfPage\":{\"@id\":\"https:\\\/\\\/diariodelsurdigital.com.ar\\\/?p=2893#primaryimage\"},\"image\":{\"@id\":\"https:\\\/\\\/diariodelsurdigital.com.ar\\\/?p=2893#primaryimage\"},\"thumbnailUrl\":\"https:\\\/\\\/diariodelsurdigital.com.ar\\\/wp-content\\\/uploads\\\/2025\\\/05\\\/Imagen-de-WhatsApp-2025-05-28-a-las-11.17.24_167f747b.jpg\",\"datePublished\":\"2025-05-28T18:33:34+00:00\",\"dateModified\":\"2025-05-28T18:33:35+00:00\",\"author\":{\"@id\":\"https:\\\/\\\/diariodelsurdigital.com.ar\\\/#\\\/schema\\\/person\\\/6136a32571657f7dba980b88b04c5465\"},\"breadcrumb\":{\"@id\":\"https:\\\/\\\/diariodelsurdigital.com.ar\\\/?p=2893#breadcrumb\"},\"inLanguage\":\"es\",\"potentialAction\":[{\"@type\":\"ReadAction\",\"target\":[\"https:\\\/\\\/diariodelsurdigital.com.ar\\\/?p=2893\"]}]},{\"@type\":\"ImageObject\",\"inLanguage\":\"es\",\"@id\":\"https:\\\/\\\/diariodelsurdigital.com.ar\\\/?p=2893#primaryimage\",\"url\":\"https:\\\/\\\/diariodelsurdigital.com.ar\\\/wp-content\\\/uploads\\\/2025\\\/05\\\/Imagen-de-WhatsApp-2025-05-28-a-las-11.17.24_167f747b.jpg\",\"contentUrl\":\"https:\\\/\\\/diariodelsurdigital.com.ar\\\/wp-content\\\/uploads\\\/2025\\\/05\\\/Imagen-de-WhatsApp-2025-05-28-a-las-11.17.24_167f747b.jpg\",\"width\":560,\"height\":269},{\"@type\":\"BreadcrumbList\",\"@id\":\"https:\\\/\\\/diariodelsurdigital.com.ar\\\/?p=2893#breadcrumb\",\"itemListElement\":[{\"@type\":\"ListItem\",\"position\":1,\"name\":\"Portada\",\"item\":\"https:\\\/\\\/diariodelsurdigital.com.ar\\\/\"},{\"@type\":\"ListItem\",\"position\":2,\"name\":\"INTERNAS PJ: Militantes de Concordia dar\u00e1n batalla a la lista oficialista de los Mariscales de la Derrota\"}]},{\"@type\":\"WebSite\",\"@id\":\"https:\\\/\\\/diariodelsurdigital.com.ar\\\/#website\",\"url\":\"https:\\\/\\\/diariodelsurdigital.com.ar\\\/\",\"name\":\"Diario del Sur\",\"description\":\"Digital\",\"potentialAction\":[{\"@type\":\"SearchAction\",\"target\":{\"@type\":\"EntryPoint\",\"urlTemplate\":\"https:\\\/\\\/diariodelsurdigital.com.ar\\\/?s={search_term_string}\"},\"query-input\":{\"@type\":\"PropertyValueSpecification\",\"valueRequired\":true,\"valueName\":\"search_term_string\"}}],\"inLanguage\":\"es\"},{\"@type\":\"Person\",\"@id\":\"https:\\\/\\\/diariodelsurdigital.com.ar\\\/#\\\/schema\\\/person\\\/6136a32571657f7dba980b88b04c5465\",\"name\":\"Diario del Sur Digital\",\"image\":{\"@type\":\"ImageObject\",\"inLanguage\":\"es\",\"@id\":\"https:\\\/\\\/secure.gravatar.com\\\/avatar\\\/4c29ceac98541dd42460b2474aaa5dd37594d6ce6cb3cf2c101d09b48ee287ba?s=96&d=mm&r=g\",\"url\":\"https:\\\/\\\/secure.gravatar.com\\\/avatar\\\/4c29ceac98541dd42460b2474aaa5dd37594d6ce6cb3cf2c101d09b48ee287ba?s=96&d=mm&r=g\",\"contentUrl\":\"https:\\\/\\\/secure.gravatar.com\\\/avatar\\\/4c29ceac98541dd42460b2474aaa5dd37594d6ce6cb3cf2c101d09b48ee287ba?s=96&d=mm&r=g\",\"caption\":\"Diario del Sur Digital\"},\"url\":\"https:\\\/\\\/diariodelsurdigital.com.ar\\\/?author=2\"}]}<\/script>\n<!-- \/ Yoast SEO plugin. -->","yoast_head_json":{"title":"INTERNAS PJ: Militantes de Concordia dar\u00e1n batalla a la lista oficialista de los Mariscales de la Derrota - Diario del Sur","robots":{"index":"index","follow":"follow","max-snippet":"max-snippet:-1","max-image-preview":"max-image-preview:large","max-video-preview":"max-video-preview:-1"},"canonical":"https:\/\/diariodelsurdigital.com.ar\/?p=2893","og_locale":"es_ES","og_type":"article","og_title":"INTERNAS PJ: Militantes de Concordia dar\u00e1n batalla a la lista oficialista de los Mariscales de la Derrota - Diario del Sur","og_description":"En la noche de este martes en la sede del Partido Justicialista de Concordia, militantes peronistas se dieron cita para recibir al Presidente del Consejo Departamental del Partido Justicialista de Paran\u00e1, Jorge \u201cKinoto\u201d V\u00e1zquez, junto a consejeros de la capital entrerriana. En el c\u00f3nclave y a pesar de las condiciones clim\u00e1ticas, pero con el coraz\u00f3n [&hellip;]","og_url":"https:\/\/diariodelsurdigital.com.ar\/?p=2893","og_site_name":"Diario del Sur","article_published_time":"2025-05-28T18:33:34+00:00","article_modified_time":"2025-05-28T18:33:35+00:00","og_image":[{"width":560,"height":269,"url":"https:\/\/diariodelsurdigital.com.ar\/wp-content\/uploads\/2025\/05\/Imagen-de-WhatsApp-2025-05-28-a-las-11.17.24_167f747b.jpg","type":"image\/jpeg"}],"author":"Diario del Sur Digital","twitter_card":"summary_large_image","twitter_misc":{"Escrito por":"Diario del Sur Digital","Tiempo de lectura":"3 minutos"},"schema":{"@context":"https:\/\/schema.org","@graph":[{"@type":"Article","@id":"https:\/\/diariodelsurdigital.com.ar\/?p=2893#article","isPartOf":{"@id":"https:\/\/diariodelsurdigital.com.ar\/?p=2893"},"author":{"name":"Diario del Sur Digital","@id":"https:\/\/diariodelsurdigital.com.ar\/#\/schema\/person\/6136a32571657f7dba980b88b04c5465"},"headline":"INTERNAS PJ: Militantes de Concordia dar\u00e1n batalla a la lista oficialista de los Mariscales de la Derrota","datePublished":"2025-05-28T18:33:34+00:00","dateModified":"2025-05-28T18:33:35+00:00","mainEntityOfPage":{"@id":"https:\/\/diariodelsurdigital.com.ar\/?p=2893"},"wordCount":402,"commentCount":1,"image":{"@id":"https:\/\/diariodelsurdigital.com.ar\/?p=2893#primaryimage"},"thumbnailUrl":"https:\/\/diariodelsurdigital.com.ar\/wp-content\/uploads\/2025\/05\/Imagen-de-WhatsApp-2025-05-28-a-las-11.17.24_167f747b.jpg","articleSection":["Uncategorized"],"inLanguage":"es","potentialAction":[{"@type":"CommentAction","name":"Comment","target":["https:\/\/diariodelsurdigital.com.ar\/?p=2893#respond"]}]},{"@type":"WebPage","@id":"https:\/\/diariodelsurdigital.com.ar\/?p=2893","url":"https:\/\/diariodelsurdigital.com.ar\/?p=2893","name":"INTERNAS PJ: Militantes de Concordia dar\u00e1n batalla a la lista oficialista de los Mariscales de la Derrota - Diario del Sur","isPartOf":{"@id":"https:\/\/diariodelsurdigital.com.ar\/#website"},"primaryImageOfPage":{"@id":"https:\/\/diariodelsurdigital.com.ar\/?p=2893#primaryimage"},"image":{"@id":"https:\/\/diariodelsurdigital.com.ar\/?p=2893#primaryimage"},"thumbnailUrl":"https:\/\/diariodelsurdigital.com.ar\/wp-content\/uploads\/2025\/05\/Imagen-de-WhatsApp-2025-05-28-a-las-11.17.24_167f747b.jpg","datePublished":"2025-05-28T18:33:34+00:00","dateModified":"2025-05-28T18:33:35+00:00","author":{"@id":"https:\/\/diariodelsurdigital.com.ar\/#\/schema\/person\/6136a32571657f7dba980b88b04c5465"},"breadcrumb":{"@id":"https:\/\/diariodelsurdigital.com.ar\/?p=2893#breadcrumb"},"inLanguage":"es","potentialAction":[{"@type":"ReadAction","target":["https:\/\/diariodelsurdigital.com.ar\/?p=2893"]}]},{"@type":"ImageObject","inLanguage":"es","@id":"https:\/\/diariodelsurdigital.com.ar\/?p=2893#primaryimage","url":"https:\/\/diariodelsurdigital.com.ar\/wp-content\/uploads\/2025\/05\/Imagen-de-WhatsApp-2025-05-28-a-las-11.17.24_167f747b.jpg","contentUrl":"https:\/\/diariodelsurdigital.com.ar\/wp-content\/uploads\/2025\/05\/Imagen-de-WhatsApp-2025-05-28-a-las-11.17.24_167f747b.jpg","width":560,"height":269},{"@type":"BreadcrumbList","@id":"https:\/\/diariodelsurdigital.com.ar\/?p=2893#breadcrumb","itemListElement":[{"@type":"ListItem","position":1,"name":"Portada","item":"https:\/\/diariodelsurdigital.com.ar\/"},{"@type":"ListItem","position":2,"name":"INTERNAS PJ: Militantes de Concordia dar\u00e1n batalla a la lista oficialista de los Mariscales de la Derrota"}]},{"@type":"WebSite","@id":"https:\/\/diariodelsurdigital.com.ar\/#website","url":"https:\/\/diariodelsurdigital.com.ar\/","name":"Diario del Sur","description":"Digital","potentialAction":[{"@type":"SearchAction","target":{"@type":"EntryPoint","urlTemplate":"https:\/\/diariodelsurdigital.com.ar\/?s={search_term_string}"},"query-input":{"@type":"PropertyValueSpecification","valueRequired":true,"valueName":"search_term_string"}}],"inLanguage":"es"},{"@type":"Person","@id":"https:\/\/diariodelsurdigital.com.ar\/#\/schema\/person\/6136a32571657f7dba980b88b04c5465","name":"Diario del Sur Digital","image":{"@type":"ImageObject","inLanguage":"es","@id":"https:\/\/secure.gravatar.com\/avatar\/4c29ceac98541dd42460b2474aaa5dd37594d6ce6cb3cf2c101d09b48ee287ba?s=96&d=mm&r=g","url":"https:\/\/secure.gravatar.com\/avatar\/4c29ceac98541dd42460b2474aaa5dd37594d6ce6cb3cf2c101d09b48ee287ba?s=96&d=mm&r=g","contentUrl":"https:\/\/secure.gravatar.com\/avatar\/4c29ceac98541dd42460b2474aaa5dd37594d6ce6cb3cf2c101d09b48ee287ba?s=96&d=mm&r=g","caption":"Diario del Sur Digital"},"url":"https:\/\/diariodelsurdigital.com.ar\/?author=2"}]}},"_links":{"self":[{"href":"https:\/\/diariodelsurdigital.com.ar\/index.php?rest_route=\/wp\/v2\/posts\/2893","targetHints":{"allow":["GET"]}}],"collection":[{"href":"https:\/\/diariodelsurdigital.com.ar\/index.php?rest_route=\/wp\/v2\/posts"}],"about":[{"href":"https:\/\/diariodelsurdigital.com.ar\/index.php?rest_route=\/wp\/v2\/types\/post"}],"author":[{"embeddable":true,"href":"https:\/\/diariodelsurdigital.com.ar\/index.php?rest_route=\/wp\/v2\/users\/2"}],"replies":[{"embeddable":true,"href":"https:\/\/diariodelsurdigital.com.ar\/index.php?rest_route=%2Fwp%2Fv2%2Fcomments&post=2893"}],"version-history":[{"count":1,"href":"https:\/\/diariodelsurdigital.com.ar\/index.php?rest_route=\/wp\/v2\/posts\/2893\/revisions"}],"predecessor-version":[{"id":2896,"href":"https:\/\/diariodelsurdigital.com.ar\/index.php?rest_route=\/wp\/v2\/posts\/2893\/revisions\/2896"}],"wp:featuredmedia":[{"embeddable":true,"href":"https:\/\/diariodelsurdigital.com.ar\/index.php?rest_route=\/wp\/v2\/media\/2894"}],"wp:attachment":[{"href":"https:\/\/diariodelsurdigital.com.ar\/index.php?rest_route=%2Fwp%2Fv2%2Fmedia&parent=2893"}],"wp:term":[{"taxonomy":"category","embeddable":true,"href":"https:\/\/diariodelsurdigital.com.ar\/index.php?rest_route=%2Fwp%2Fv2%2Fcategories&post=2893"},{"taxonomy":"post_tag","embeddable":true,"href":"https:\/\/diariodelsurdigital.com.ar\/index.php?rest_route=%2Fwp%2Fv2%2Ftags&post=2893"}],"curies":[{"name":"wp","href":"https:\/\/api.w.org\/{rel}","templated":true}]}}