{"id":2898,"date":"2025-05-29T10:14:44","date_gmt":"2025-05-29T13:14:44","guid":{"rendered":"https:\/\/diariodelsurdigital.com.ar\/?p=2898"},"modified":"2025-05-29T10:14:45","modified_gmt":"2025-05-29T13:14:45","slug":"advierten-que-azcue-se-arrodilla-ante-milei-mientras-concordia-sufre-las-consecuencias","status":"publish","type":"post","link":"https:\/\/diariodelsurdigital.com.ar\/?p=2898","title":{"rendered":"Advierten que \u201cAzcu\u00e9 se arrodilla ante Milei mientras Concordia sufre las consecuencias\u00bb"},"content":{"rendered":"\n<p>El vicepresidente del Frente Entrerriano Federal, Daniel Cedro, carg\u00f3 con dureza contra el intendente de Concordia, Francisco Azcu\u00e9, luego de que este llamara p\u00fablicamente a la Uni\u00f3n C\u00edvica Radical a sellar un acuerdo pol\u00edtico con La Libertad Avanza. \u00ab\u00bfQu\u00e9 dir\u00edan Yrigoyen, Illia o Alfons\u00edn al ver a sus supuestos herederos pol\u00edticos buscando acuerdos con quienes desfinancian la educaci\u00f3n, destruyen la salud p\u00fablica y anulan la movilidad jubilatoria?\u00bb, se pregunt\u00f3.<\/p>\n\n\n\n<p><\/p>\n\n\n\n<p>\u00abEs incre\u00edble que por mera especulaci\u00f3n electoralista un intendente entrerriano elija ponerse del lado del ajuste, del desprecio por las provincias y del autoritarismo centralista. Mientras Milei castiga al interior productivo, entre ellos a Concordia, Azcu\u00e9 aplaude desde la tribuna y le pide a la UCR que se sume a la entrega\u00bb, dispar\u00f3 Cedro.<\/p>\n\n\n\n<p>Para el dirigente peronista, \u00abno se trata solo de una torpeza pol\u00edtica, sino de una renuncia abierta a la defensa de los intereses locales. El ajuste feroz que sufre Concordia \u2014sin obra p\u00fablica, sin asistencia social, destrucci\u00f3n de las econom\u00edas regionales, con despidos y par\u00e1lisis\u2014 no parece importarle al intendente, m\u00e1s ocupado en quedar bien con el poder central que en defender a su ciudad\u00bb.<\/p>\n\n\n\n<p>Cedro tambi\u00e9n apunt\u00f3 contra la Uni\u00f3n C\u00edvica Radical por su rol subordinado: \u00abEl radicalismo, que alguna vez represent\u00f3 a las clases medias, a las universidades p\u00fablicas y a los valores republicanos, hoy se deja humillar por un gobierno que insulta todos los d\u00edas al federalismo. Se han convertido en un ap\u00e9ndice del poder, sin voz ni coraje\u00bb.<\/p>\n\n\n\n<p>\u00ab\u00bfQu\u00e9 dir\u00edan Yrigoyen, Illia o Alfons\u00edn al ver a sus supuestos herederos pol\u00edticos buscando acuerdos con quienes desfinancian la educaci\u00f3n, destruyen la salud p\u00fablica y anulan la movilidad jubilatoria?\u00bb, cuestion\u00f3 Cedro. \u00abLo que hacen no es pragmatismo: es servilismo\u00bb.<\/p>\n\n\n\n<p>En ese marco, Cedro advirti\u00f3 sobre las consecuencias concretas de las pol\u00edticas de Milei en la regi\u00f3n: \u00abEstamos en una zona donde Concordia es reconocida como la capital del citrus, y sin embargo hoy vemos c\u00f3mo ingresan a nuestras g\u00f3ndolas naranjas de Egipto, promovidas por la pol\u00edtica de desregulaci\u00f3n del mercado impulsada por el presidente. Se est\u00e1 destruyendo una de las principales econom\u00edas regionales de nuestra ciudad, pero mientras tanto Azcu\u00e9 aplaude\u00bb.<\/p>\n\n\n\n<p>\u00abAdem\u00e1s, producto de ese alineamiento incondicional con Milei, desde la gesti\u00f3n municipal tampoco han dicho una sola palabra sobre el brutal recorte de programas nacionales ni sobre la par\u00e1lisis total de la obra p\u00fablica. El resultado es evidente: en un a\u00f1o y medio de gobierno no han podido inaugurar absolutamente nada, salvo algunas obras heredadas de la gesti\u00f3n anterior y que ya estaban en alto grado de avance. Es el caso del Aeropuerto Binacional de Concordia, una obra estrat\u00e9gica para la producci\u00f3n y el turismo, que forma parte de un proyecto de desarrollo regional comenzado en 2016, cuando durante la gobernaci\u00f3n de Gustavo Bordet se iniciaron las gestiones para obtener financiamiento del Banco Interamericano de Desarrollo (BID)\u00bb.<\/p>\n\n\n\n<p>Por \u00faltimo, Cedro afirm\u00f3 que no hay lugar para la tibieza frente a un proyecto que degrada la pol\u00edtica y abandona a los que m\u00e1s lo necesitan. \u00abLos que nos oponemos a este modelo de individualismo extremo y de &#8216;s\u00e1lvese quien pueda&#8217; que encarna Milei no lo hacemos por nostalgia ni por ideolog\u00eda vac\u00eda, sino porque creemos en una Argentina donde nadie quede afuera. Defendemos una comunidad organizada, solidaria, con un Estado que no mire para otro lado cuando hay hambre, desigualdad o sufrimiento. Frente al cinismo, elegimos la empat\u00eda. Frente al abandono, respondemos con compromiso. Y frente al ego\u00edsmo, vamos a seguir eligiendo el camino de la justicia social, la equidad y el respeto por el otro\u00bb, concluy\u00f3.<\/p>\n\n\n\n<p>Azcu\u00e9: \u201cLos entrerrianos y los argentinos eligieron un cambio profundo\u201d<\/p>\n\n\n\n<p>\u201cEstoy convencido de que los intendentes radicales entendemos el mensaje que nos dio la sociedad: los entrerrianos y los argentinos eligieron un cambio profundo, y tenemos la responsabilidad hist\u00f3rica de sostenerlo y evitar cualquier retroceso\u201d, sostuvo el intendente de Concordia, que no pudo asumir la presidencia del Comit\u00e9 Provincial de la UCR tras una impugnaci\u00f3n en sede judicial.<\/p>\n\n\n\n<p>Afirm\u00f3 Azcu\u00e9: \u201cLa elecci\u00f3n legislativa no define cargos provinciales, pero s\u00ed pone en juego algo fundamental: qui\u00e9n representa a Entre R\u00edos en el Congreso y con qu\u00e9 valores. No podemos permitir que el kirchnerismo vuelva a ocupar ese lugar despu\u00e9s de haber dejado una provincia fundida, sin obra p\u00fablica, con servicios colapsados y con la obra social de los trabajadores al borde del abismo\u201d.<\/p>\n\n\n\n<p>Azcu\u00e9, que protagoniz\u00f3 un triunfo relevante tras 40 a\u00f1os de gobiernos peronistas, remarc\u00f3: \u201cEl gobernador Frigerio fue claro. Tenemos que hacer todos los esfuerzos para que Entre R\u00edos no vuelva al pasado. Ese esfuerzo exige responsabilidad, amplitud y capacidad de construir consensos entre quienes compartimos una visi\u00f3n de futuro\u201d.<\/p>\n\n\n\n<p>Como antecedente, mencion\u00f3 el caso de Chaco, donde \u201cel radicalismo y La Libertad Avanza coincidieron en una estrategia legislativa para frenar el avance del PJ y sostener el rumbo de las reformas. Son experiencias que debemos mirar con seriedad y sin prejuicios, pensando siempre en el mandato de la gente\u201d.<\/p>\n\n\n\n<p>Finalmente, el jefe municipal se\u00f1al\u00f3: \u201cNo se trata de nombres o de sellos, se trata de ser coherentes con lo que representamos. Los que creemos en la rep\u00fablica, la transparencia y la eficiencia del Estado tenemos que actuar con madurez\u201d<\/p>\n\n\n\n<p>Seg\u00fan public\u00f3 P\u00e1gina Pol\u00edtica, Azcu\u00e9 sostuvo: \u201cLa sociedad ya eligi\u00f3 un camino y no quiere volver atr\u00e1s. Nos toca estar a la altura\u201d.<\/p>\n","protected":false},"excerpt":{"rendered":"<p>El vicepresidente del Frente Entrerriano Federal, Daniel Cedro, carg\u00f3 con dureza contra el intendente de Concordia, Francisco Azcu\u00e9, luego de que este llamara p\u00fablicamente a la Uni\u00f3n C\u00edvica Radical a sellar un acuerdo pol\u00edtico con La Libertad Avanza. \u00ab\u00bfQu\u00e9 dir\u00edan Yrigoyen, Illia o Alfons\u00edn al ver a sus supuestos herederos pol\u00edticos buscando acuerdos con quienes [&hellip;]<\/p>\n","protected":false},"author":4,"featured_media":2899,"comment_status":"open","ping_status":"open","sticky":false,"template":"","format":"standard","meta":{"footnotes":""},"categories":[16,22],"tags":[],"class_list":{"0":"post-2898","1":"post","2":"type-post","3":"status-publish","4":"format-standard","5":"has-post-thumbnail","7":"category-locales","8":"category-politica"},"yoast_head":"<!-- This site is optimized with the Yoast SEO plugin v27.4 - https:\/\/yoast.com\/product\/yoast-seo-wordpress\/ -->\n<title>Advierten que \u201cAzcu\u00e9 se arrodilla ante Milei mientras Concordia sufre las consecuencias&quot; - Diario del Sur<\/title>\n<meta name=\"robots\" content=\"index, follow, max-snippet:-1, max-image-preview:large, max-video-preview:-1\" \/>\n<link rel=\"canonical\" href=\"https:\/\/diariodelsurdigital.com.ar\/?p=2898\" \/>\n<meta property=\"og:locale\" content=\"es_ES\" \/>\n<meta property=\"og:type\" content=\"article\" \/>\n<meta property=\"og:title\" content=\"Advierten que \u201cAzcu\u00e9 se arrodilla ante Milei mientras Concordia sufre las consecuencias&quot; - Diario del Sur\" \/>\n<meta property=\"og:description\" content=\"El vicepresidente del Frente Entrerriano Federal, Daniel Cedro, carg\u00f3 con dureza contra el intendente de Concordia, Francisco Azcu\u00e9, luego de que este llamara p\u00fablicamente a la Uni\u00f3n C\u00edvica Radical a sellar un acuerdo pol\u00edtico con La Libertad Avanza. \u00ab\u00bfQu\u00e9 dir\u00edan Yrigoyen, Illia o Alfons\u00edn al ver a sus supuestos herederos pol\u00edticos buscando acuerdos con quienes [&hellip;]\" \/>\n<meta property=\"og:url\" content=\"https:\/\/diariodelsurdigital.com.ar\/?p=2898\" \/>\n<meta property=\"og:site_name\" content=\"Diario del Sur\" \/>\n<meta property=\"article:published_time\" content=\"2025-05-29T13:14:44+00:00\" \/>\n<meta property=\"article:modified_time\" content=\"2025-05-29T13:14:45+00:00\" \/>\n<meta property=\"og:image\" content=\"https:\/\/diariodelsurdigital.com.ar\/wp-content\/uploads\/2025\/05\/md-70.webp\" \/>\n\t<meta property=\"og:image:width\" content=\"992\" \/>\n\t<meta property=\"og:image:height\" content=\"692\" \/>\n\t<meta property=\"og:image:type\" content=\"image\/webp\" \/>\n<meta name=\"author\" content=\"Diario del Sur Digital\" \/>\n<meta name=\"twitter:card\" content=\"summary_large_image\" \/>\n<meta name=\"twitter:label1\" content=\"Escrito por\" \/>\n\t<meta name=\"twitter:data1\" content=\"Diario del Sur Digital\" \/>\n\t<meta name=\"twitter:label2\" content=\"Tiempo de lectura\" \/>\n\t<meta name=\"twitter:data2\" content=\"5 minutos\" \/>\n<script type=\"application\/ld+json\" class=\"yoast-schema-graph\">{\"@context\":\"https:\\\/\\\/schema.org\",\"@graph\":[{\"@type\":\"Article\",\"@id\":\"https:\\\/\\\/diariodelsurdigital.com.ar\\\/?p=2898#article\",\"isPartOf\":{\"@id\":\"https:\\\/\\\/diariodelsurdigital.com.ar\\\/?p=2898\"},\"author\":{\"name\":\"Diario del Sur Digital\",\"@id\":\"https:\\\/\\\/diariodelsurdigital.com.ar\\\/#\\\/schema\\\/person\\\/1a4992532ed62965c968031b49195c81\"},\"headline\":\"Advierten que \u201cAzcu\u00e9 se arrodilla ante Milei mientras Concordia sufre las consecuencias\u00bb\",\"datePublished\":\"2025-05-29T13:14:44+00:00\",\"dateModified\":\"2025-05-29T13:14:45+00:00\",\"mainEntityOfPage\":{\"@id\":\"https:\\\/\\\/diariodelsurdigital.com.ar\\\/?p=2898\"},\"wordCount\":963,\"commentCount\":0,\"image\":{\"@id\":\"https:\\\/\\\/diariodelsurdigital.com.ar\\\/?p=2898#primaryimage\"},\"thumbnailUrl\":\"https:\\\/\\\/diariodelsurdigital.com.ar\\\/wp-content\\\/uploads\\\/2025\\\/05\\\/md-70.webp\",\"articleSection\":[\"Locales\",\"Pol\u00edtica\"],\"inLanguage\":\"es\",\"potentialAction\":[{\"@type\":\"CommentAction\",\"name\":\"Comment\",\"target\":[\"https:\\\/\\\/diariodelsurdigital.com.ar\\\/?p=2898#respond\"]}]},{\"@type\":\"WebPage\",\"@id\":\"https:\\\/\\\/diariodelsurdigital.com.ar\\\/?p=2898\",\"url\":\"https:\\\/\\\/diariodelsurdigital.com.ar\\\/?p=2898\",\"name\":\"Advierten que \u201cAzcu\u00e9 se arrodilla ante Milei mientras Concordia sufre las consecuencias\\\" - Diario del Sur\",\"isPartOf\":{\"@id\":\"https:\\\/\\\/diariodelsurdigital.com.ar\\\/#website\"},\"primaryImageOfPage\":{\"@id\":\"https:\\\/\\\/diariodelsurdigital.com.ar\\\/?p=2898#primaryimage\"},\"image\":{\"@id\":\"https:\\\/\\\/diariodelsurdigital.com.ar\\\/?p=2898#primaryimage\"},\"thumbnailUrl\":\"https:\\\/\\\/diariodelsurdigital.com.ar\\\/wp-content\\\/uploads\\\/2025\\\/05\\\/md-70.webp\",\"datePublished\":\"2025-05-29T13:14:44+00:00\",\"dateModified\":\"2025-05-29T13:14:45+00:00\",\"author\":{\"@id\":\"https:\\\/\\\/diariodelsurdigital.com.ar\\\/#\\\/schema\\\/person\\\/1a4992532ed62965c968031b49195c81\"},\"breadcrumb\":{\"@id\":\"https:\\\/\\\/diariodelsurdigital.com.ar\\\/?p=2898#breadcrumb\"},\"inLanguage\":\"es\",\"potentialAction\":[{\"@type\":\"ReadAction\",\"target\":[\"https:\\\/\\\/diariodelsurdigital.com.ar\\\/?p=2898\"]}]},{\"@type\":\"ImageObject\",\"inLanguage\":\"es\",\"@id\":\"https:\\\/\\\/diariodelsurdigital.com.ar\\\/?p=2898#primaryimage\",\"url\":\"https:\\\/\\\/diariodelsurdigital.com.ar\\\/wp-content\\\/uploads\\\/2025\\\/05\\\/md-70.webp\",\"contentUrl\":\"https:\\\/\\\/diariodelsurdigital.com.ar\\\/wp-content\\\/uploads\\\/2025\\\/05\\\/md-70.webp\",\"width\":992,\"height\":692},{\"@type\":\"BreadcrumbList\",\"@id\":\"https:\\\/\\\/diariodelsurdigital.com.ar\\\/?p=2898#breadcrumb\",\"itemListElement\":[{\"@type\":\"ListItem\",\"position\":1,\"name\":\"Portada\",\"item\":\"https:\\\/\\\/diariodelsurdigital.com.ar\\\/\"},{\"@type\":\"ListItem\",\"position\":2,\"name\":\"Advierten que \u201cAzcu\u00e9 se arrodilla ante Milei mientras Concordia sufre las consecuencias\u00bb\"}]},{\"@type\":\"WebSite\",\"@id\":\"https:\\\/\\\/diariodelsurdigital.com.ar\\\/#website\",\"url\":\"https:\\\/\\\/diariodelsurdigital.com.ar\\\/\",\"name\":\"Diario del Sur\",\"description\":\"Digital\",\"potentialAction\":[{\"@type\":\"SearchAction\",\"target\":{\"@type\":\"EntryPoint\",\"urlTemplate\":\"https:\\\/\\\/diariodelsurdigital.com.ar\\\/?s={search_term_string}\"},\"query-input\":{\"@type\":\"PropertyValueSpecification\",\"valueRequired\":true,\"valueName\":\"search_term_string\"}}],\"inLanguage\":\"es\"},{\"@type\":\"Person\",\"@id\":\"https:\\\/\\\/diariodelsurdigital.com.ar\\\/#\\\/schema\\\/person\\\/1a4992532ed62965c968031b49195c81\",\"name\":\"Diario del Sur Digital\",\"image\":{\"@type\":\"ImageObject\",\"inLanguage\":\"es\",\"@id\":\"https:\\\/\\\/secure.gravatar.com\\\/avatar\\\/f0c7c47fc7146d19828273b9b8eda651c9c7ab583767e6338d3d3bee825adf76?s=96&d=mm&r=g\",\"url\":\"https:\\\/\\\/secure.gravatar.com\\\/avatar\\\/f0c7c47fc7146d19828273b9b8eda651c9c7ab583767e6338d3d3bee825adf76?s=96&d=mm&r=g\",\"contentUrl\":\"https:\\\/\\\/secure.gravatar.com\\\/avatar\\\/f0c7c47fc7146d19828273b9b8eda651c9c7ab583767e6338d3d3bee825adf76?s=96&d=mm&r=g\",\"caption\":\"Diario del Sur Digital\"},\"url\":\"https:\\\/\\\/diariodelsurdigital.com.ar\\\/?author=4\"}]}<\/script>\n<!-- \/ Yoast SEO plugin. -->","yoast_head_json":{"title":"Advierten que \u201cAzcu\u00e9 se arrodilla ante Milei mientras Concordia sufre las consecuencias\" - Diario del Sur","robots":{"index":"index","follow":"follow","max-snippet":"max-snippet:-1","max-image-preview":"max-image-preview:large","max-video-preview":"max-video-preview:-1"},"canonical":"https:\/\/diariodelsurdigital.com.ar\/?p=2898","og_locale":"es_ES","og_type":"article","og_title":"Advierten que \u201cAzcu\u00e9 se arrodilla ante Milei mientras Concordia sufre las consecuencias\" - Diario del Sur","og_description":"El vicepresidente del Frente Entrerriano Federal, Daniel Cedro, carg\u00f3 con dureza contra el intendente de Concordia, Francisco Azcu\u00e9, luego de que este llamara p\u00fablicamente a la Uni\u00f3n C\u00edvica Radical a sellar un acuerdo pol\u00edtico con La Libertad Avanza. \u00ab\u00bfQu\u00e9 dir\u00edan Yrigoyen, Illia o Alfons\u00edn al ver a sus supuestos herederos pol\u00edticos buscando acuerdos con quienes [&hellip;]","og_url":"https:\/\/diariodelsurdigital.com.ar\/?p=2898","og_site_name":"Diario del Sur","article_published_time":"2025-05-29T13:14:44+00:00","article_modified_time":"2025-05-29T13:14:45+00:00","og_image":[{"width":992,"height":692,"url":"https:\/\/diariodelsurdigital.com.ar\/wp-content\/uploads\/2025\/05\/md-70.webp","type":"image\/webp"}],"author":"Diario del Sur Digital","twitter_card":"summary_large_image","twitter_misc":{"Escrito por":"Diario del Sur Digital","Tiempo de lectura":"5 minutos"},"schema":{"@context":"https:\/\/schema.org","@graph":[{"@type":"Article","@id":"https:\/\/diariodelsurdigital.com.ar\/?p=2898#article","isPartOf":{"@id":"https:\/\/diariodelsurdigital.com.ar\/?p=2898"},"author":{"name":"Diario del Sur Digital","@id":"https:\/\/diariodelsurdigital.com.ar\/#\/schema\/person\/1a4992532ed62965c968031b49195c81"},"headline":"Advierten que \u201cAzcu\u00e9 se arrodilla ante Milei mientras Concordia sufre las consecuencias\u00bb","datePublished":"2025-05-29T13:14:44+00:00","dateModified":"2025-05-29T13:14:45+00:00","mainEntityOfPage":{"@id":"https:\/\/diariodelsurdigital.com.ar\/?p=2898"},"wordCount":963,"commentCount":0,"image":{"@id":"https:\/\/diariodelsurdigital.com.ar\/?p=2898#primaryimage"},"thumbnailUrl":"https:\/\/diariodelsurdigital.com.ar\/wp-content\/uploads\/2025\/05\/md-70.webp","articleSection":["Locales","Pol\u00edtica"],"inLanguage":"es","potentialAction":[{"@type":"CommentAction","name":"Comment","target":["https:\/\/diariodelsurdigital.com.ar\/?p=2898#respond"]}]},{"@type":"WebPage","@id":"https:\/\/diariodelsurdigital.com.ar\/?p=2898","url":"https:\/\/diariodelsurdigital.com.ar\/?p=2898","name":"Advierten que \u201cAzcu\u00e9 se arrodilla ante Milei mientras Concordia sufre las consecuencias\" - Diario del Sur","isPartOf":{"@id":"https:\/\/diariodelsurdigital.com.ar\/#website"},"primaryImageOfPage":{"@id":"https:\/\/diariodelsurdigital.com.ar\/?p=2898#primaryimage"},"image":{"@id":"https:\/\/diariodelsurdigital.com.ar\/?p=2898#primaryimage"},"thumbnailUrl":"https:\/\/diariodelsurdigital.com.ar\/wp-content\/uploads\/2025\/05\/md-70.webp","datePublished":"2025-05-29T13:14:44+00:00","dateModified":"2025-05-29T13:14:45+00:00","author":{"@id":"https:\/\/diariodelsurdigital.com.ar\/#\/schema\/person\/1a4992532ed62965c968031b49195c81"},"breadcrumb":{"@id":"https:\/\/diariodelsurdigital.com.ar\/?p=2898#breadcrumb"},"inLanguage":"es","potentialAction":[{"@type":"ReadAction","target":["https:\/\/diariodelsurdigital.com.ar\/?p=2898"]}]},{"@type":"ImageObject","inLanguage":"es","@id":"https:\/\/diariodelsurdigital.com.ar\/?p=2898#primaryimage","url":"https:\/\/diariodelsurdigital.com.ar\/wp-content\/uploads\/2025\/05\/md-70.webp","contentUrl":"https:\/\/diariodelsurdigital.com.ar\/wp-content\/uploads\/2025\/05\/md-70.webp","width":992,"height":692},{"@type":"BreadcrumbList","@id":"https:\/\/diariodelsurdigital.com.ar\/?p=2898#breadcrumb","itemListElement":[{"@type":"ListItem","position":1,"name":"Portada","item":"https:\/\/diariodelsurdigital.com.ar\/"},{"@type":"ListItem","position":2,"name":"Advierten que \u201cAzcu\u00e9 se arrodilla ante Milei mientras Concordia sufre las consecuencias\u00bb"}]},{"@type":"WebSite","@id":"https:\/\/diariodelsurdigital.com.ar\/#website","url":"https:\/\/diariodelsurdigital.com.ar\/","name":"Diario del Sur","description":"Digital","potentialAction":[{"@type":"SearchAction","target":{"@type":"EntryPoint","urlTemplate":"https:\/\/diariodelsurdigital.com.ar\/?s={search_term_string}"},"query-input":{"@type":"PropertyValueSpecification","valueRequired":true,"valueName":"search_term_string"}}],"inLanguage":"es"},{"@type":"Person","@id":"https:\/\/diariodelsurdigital.com.ar\/#\/schema\/person\/1a4992532ed62965c968031b49195c81","name":"Diario del Sur Digital","image":{"@type":"ImageObject","inLanguage":"es","@id":"https:\/\/secure.gravatar.com\/avatar\/f0c7c47fc7146d19828273b9b8eda651c9c7ab583767e6338d3d3bee825adf76?s=96&d=mm&r=g","url":"https:\/\/secure.gravatar.com\/avatar\/f0c7c47fc7146d19828273b9b8eda651c9c7ab583767e6338d3d3bee825adf76?s=96&d=mm&r=g","contentUrl":"https:\/\/secure.gravatar.com\/avatar\/f0c7c47fc7146d19828273b9b8eda651c9c7ab583767e6338d3d3bee825adf76?s=96&d=mm&r=g","caption":"Diario del Sur Digital"},"url":"https:\/\/diariodelsurdigital.com.ar\/?author=4"}]}},"_links":{"self":[{"href":"https:\/\/diariodelsurdigital.com.ar\/index.php?rest_route=\/wp\/v2\/posts\/2898","targetHints":{"allow":["GET"]}}],"collection":[{"href":"https:\/\/diariodelsurdigital.com.ar\/index.php?rest_route=\/wp\/v2\/posts"}],"about":[{"href":"https:\/\/diariodelsurdigital.com.ar\/index.php?rest_route=\/wp\/v2\/types\/post"}],"author":[{"embeddable":true,"href":"https:\/\/diariodelsurdigital.com.ar\/index.php?rest_route=\/wp\/v2\/users\/4"}],"replies":[{"embeddable":true,"href":"https:\/\/diariodelsurdigital.com.ar\/index.php?rest_route=%2Fwp%2Fv2%2Fcomments&post=2898"}],"version-history":[{"count":1,"href":"https:\/\/diariodelsurdigital.com.ar\/index.php?rest_route=\/wp\/v2\/posts\/2898\/revisions"}],"predecessor-version":[{"id":2900,"href":"https:\/\/diariodelsurdigital.com.ar\/index.php?rest_route=\/wp\/v2\/posts\/2898\/revisions\/2900"}],"wp:featuredmedia":[{"embeddable":true,"href":"https:\/\/diariodelsurdigital.com.ar\/index.php?rest_route=\/wp\/v2\/media\/2899"}],"wp:attachment":[{"href":"https:\/\/diariodelsurdigital.com.ar\/index.php?rest_route=%2Fwp%2Fv2%2Fmedia&parent=2898"}],"wp:term":[{"taxonomy":"category","embeddable":true,"href":"https:\/\/diariodelsurdigital.com.ar\/index.php?rest_route=%2Fwp%2Fv2%2Fcategories&post=2898"},{"taxonomy":"post_tag","embeddable":true,"href":"https:\/\/diariodelsurdigital.com.ar\/index.php?rest_route=%2Fwp%2Fv2%2Ftags&post=2898"}],"curies":[{"name":"wp","href":"https:\/\/api.w.org\/{rel}","templated":true}]}}