{"id":2906,"date":"2025-05-29T10:21:21","date_gmt":"2025-05-29T13:21:21","guid":{"rendered":"https:\/\/diariodelsurdigital.com.ar\/?p=2906"},"modified":"2025-05-29T10:22:02","modified_gmt":"2025-05-29T13:22:02","slug":"media-sancion-del-proyecto-oser-troncoso-sostuvo-que-es-el-comienzo-de-un-nuevo-tiempo","status":"publish","type":"post","link":"https:\/\/diariodelsurdigital.com.ar\/?p=2906","title":{"rendered":"Media sanci\u00f3n del proyecto OSER: Troncoso sostuvo que es \u201cel comienzo de un nuevo tiempo\u201d"},"content":{"rendered":"\n<p>El proyecto pasar\u00e1 a C\u00e1mara de Diputados en b\u00fasqueda de obtener la sanci\u00f3n definitiva. El ministro de Gobierno defendi\u00f3 el proyecto sosteniendo que es \u201coportunidad para reconstruir la obra social desde sus cimientos\u201d.<\/p>\n\n\n\n<p>En la tarde de este mi\u00e9rcoles, el Senado le dio media sanci\u00f3n al proyecto que busca crear una nueva obra social \u2013 bajo el nombre de OSER- y a su vez reemplazar al Iosper. La votaci\u00f3n fue de 8 a favor, 7 en contra y 2 abstenciones.<\/p>\n\n\n\n<p>En ese contexto, el ministro de Gobierno, Manuel Troncoso expres\u00f3 en su cuenta de X: \u201cEsta media sanci\u00f3n de la OSER no es s\u00f3lo un paso legislativo: es el comienzo de un nuevo tiempo\u201d.<\/p>\n\n\n\n<p>Media sanci\u00f3n para la OSER: El pol\u00e9mico fin del Iosper en medio de una multitudinaria manifestaci\u00f3n<br>Adem\u00e1s, teniendo en cuenta que pas\u00f3 a Diputados para obtener la sanci\u00f3n definitiva, el ministro remarc\u00f3 que OSER es \u201cuna oportunidad para reconstruir la obra social desde sus cimientos, con m\u00e1s transparencia, equidad y mejores prestaciones para todos los afiliados\u201d.<\/p>\n","protected":false},"excerpt":{"rendered":"<p>El proyecto pasar\u00e1 a C\u00e1mara de Diputados en b\u00fasqueda de obtener la sanci\u00f3n definitiva. El ministro de Gobierno defendi\u00f3 el proyecto sosteniendo que es \u201coportunidad para reconstruir la obra social desde sus cimientos\u201d. En la tarde de este mi\u00e9rcoles, el Senado le dio media sanci\u00f3n al proyecto que busca crear una nueva obra social \u2013 [&hellip;]<\/p>\n","protected":false},"author":4,"featured_media":2907,"comment_status":"open","ping_status":"open","sticky":false,"template":"","format":"standard","meta":{"footnotes":""},"categories":[17],"tags":[],"class_list":{"0":"post-2906","1":"post","2":"type-post","3":"status-publish","4":"format-standard","5":"has-post-thumbnail","7":"category-provinciales"},"yoast_head":"<!-- This site is optimized with the Yoast SEO plugin v27.4 - https:\/\/yoast.com\/product\/yoast-seo-wordpress\/ -->\n<title>Media sanci\u00f3n del proyecto OSER: Troncoso sostuvo que es \u201cel comienzo de un nuevo tiempo\u201d - Diario del Sur<\/title>\n<meta name=\"robots\" content=\"index, follow, max-snippet:-1, max-image-preview:large, max-video-preview:-1\" \/>\n<link rel=\"canonical\" href=\"https:\/\/diariodelsurdigital.com.ar\/?p=2906\" \/>\n<meta property=\"og:locale\" content=\"es_ES\" \/>\n<meta property=\"og:type\" content=\"article\" \/>\n<meta property=\"og:title\" content=\"Media sanci\u00f3n del proyecto OSER: Troncoso sostuvo que es \u201cel comienzo de un nuevo tiempo\u201d - Diario del Sur\" \/>\n<meta property=\"og:description\" content=\"El proyecto pasar\u00e1 a C\u00e1mara de Diputados en b\u00fasqueda de obtener la sanci\u00f3n definitiva. El ministro de Gobierno defendi\u00f3 el proyecto sosteniendo que es \u201coportunidad para reconstruir la obra social desde sus cimientos\u201d. En la tarde de este mi\u00e9rcoles, el Senado le dio media sanci\u00f3n al proyecto que busca crear una nueva obra social \u2013 [&hellip;]\" \/>\n<meta property=\"og:url\" content=\"https:\/\/diariodelsurdigital.com.ar\/?p=2906\" \/>\n<meta property=\"og:site_name\" content=\"Diario del Sur\" \/>\n<meta property=\"article:published_time\" content=\"2025-05-29T13:21:21+00:00\" \/>\n<meta property=\"article:modified_time\" content=\"2025-05-29T13:22:02+00:00\" \/>\n<meta property=\"og:image\" content=\"https:\/\/diariodelsurdigital.com.ar\/wp-content\/uploads\/2025\/05\/md-72.webp\" \/>\n\t<meta property=\"og:image:width\" content=\"992\" \/>\n\t<meta property=\"og:image:height\" content=\"660\" \/>\n\t<meta property=\"og:image:type\" content=\"image\/webp\" \/>\n<meta name=\"author\" content=\"Diario del Sur Digital\" \/>\n<meta name=\"twitter:card\" content=\"summary_large_image\" \/>\n<meta name=\"twitter:label1\" content=\"Escrito por\" \/>\n\t<meta name=\"twitter:data1\" content=\"Diario del Sur Digital\" \/>\n\t<meta name=\"twitter:label2\" content=\"Tiempo de lectura\" \/>\n\t<meta name=\"twitter:data2\" content=\"1 minuto\" \/>\n<script type=\"application\/ld+json\" class=\"yoast-schema-graph\">{\"@context\":\"https:\\\/\\\/schema.org\",\"@graph\":[{\"@type\":\"Article\",\"@id\":\"https:\\\/\\\/diariodelsurdigital.com.ar\\\/?p=2906#article\",\"isPartOf\":{\"@id\":\"https:\\\/\\\/diariodelsurdigital.com.ar\\\/?p=2906\"},\"author\":{\"name\":\"Diario del Sur Digital\",\"@id\":\"https:\\\/\\\/diariodelsurdigital.com.ar\\\/#\\\/schema\\\/person\\\/1a4992532ed62965c968031b49195c81\"},\"headline\":\"Media sanci\u00f3n del proyecto OSER: Troncoso sostuvo que es \u201cel comienzo de un nuevo tiempo\u201d\",\"datePublished\":\"2025-05-29T13:21:21+00:00\",\"dateModified\":\"2025-05-29T13:22:02+00:00\",\"mainEntityOfPage\":{\"@id\":\"https:\\\/\\\/diariodelsurdigital.com.ar\\\/?p=2906\"},\"wordCount\":195,\"commentCount\":0,\"image\":{\"@id\":\"https:\\\/\\\/diariodelsurdigital.com.ar\\\/?p=2906#primaryimage\"},\"thumbnailUrl\":\"https:\\\/\\\/diariodelsurdigital.com.ar\\\/wp-content\\\/uploads\\\/2025\\\/05\\\/md-72.webp\",\"articleSection\":[\"Provinciales\"],\"inLanguage\":\"es\",\"potentialAction\":[{\"@type\":\"CommentAction\",\"name\":\"Comment\",\"target\":[\"https:\\\/\\\/diariodelsurdigital.com.ar\\\/?p=2906#respond\"]}]},{\"@type\":\"WebPage\",\"@id\":\"https:\\\/\\\/diariodelsurdigital.com.ar\\\/?p=2906\",\"url\":\"https:\\\/\\\/diariodelsurdigital.com.ar\\\/?p=2906\",\"name\":\"Media sanci\u00f3n del proyecto OSER: Troncoso sostuvo que es \u201cel comienzo de un nuevo tiempo\u201d - Diario del Sur\",\"isPartOf\":{\"@id\":\"https:\\\/\\\/diariodelsurdigital.com.ar\\\/#website\"},\"primaryImageOfPage\":{\"@id\":\"https:\\\/\\\/diariodelsurdigital.com.ar\\\/?p=2906#primaryimage\"},\"image\":{\"@id\":\"https:\\\/\\\/diariodelsurdigital.com.ar\\\/?p=2906#primaryimage\"},\"thumbnailUrl\":\"https:\\\/\\\/diariodelsurdigital.com.ar\\\/wp-content\\\/uploads\\\/2025\\\/05\\\/md-72.webp\",\"datePublished\":\"2025-05-29T13:21:21+00:00\",\"dateModified\":\"2025-05-29T13:22:02+00:00\",\"author\":{\"@id\":\"https:\\\/\\\/diariodelsurdigital.com.ar\\\/#\\\/schema\\\/person\\\/1a4992532ed62965c968031b49195c81\"},\"breadcrumb\":{\"@id\":\"https:\\\/\\\/diariodelsurdigital.com.ar\\\/?p=2906#breadcrumb\"},\"inLanguage\":\"es\",\"potentialAction\":[{\"@type\":\"ReadAction\",\"target\":[\"https:\\\/\\\/diariodelsurdigital.com.ar\\\/?p=2906\"]}]},{\"@type\":\"ImageObject\",\"inLanguage\":\"es\",\"@id\":\"https:\\\/\\\/diariodelsurdigital.com.ar\\\/?p=2906#primaryimage\",\"url\":\"https:\\\/\\\/diariodelsurdigital.com.ar\\\/wp-content\\\/uploads\\\/2025\\\/05\\\/md-72.webp\",\"contentUrl\":\"https:\\\/\\\/diariodelsurdigital.com.ar\\\/wp-content\\\/uploads\\\/2025\\\/05\\\/md-72.webp\",\"width\":992,\"height\":660},{\"@type\":\"BreadcrumbList\",\"@id\":\"https:\\\/\\\/diariodelsurdigital.com.ar\\\/?p=2906#breadcrumb\",\"itemListElement\":[{\"@type\":\"ListItem\",\"position\":1,\"name\":\"Portada\",\"item\":\"https:\\\/\\\/diariodelsurdigital.com.ar\\\/\"},{\"@type\":\"ListItem\",\"position\":2,\"name\":\"Media sanci\u00f3n del proyecto OSER: Troncoso sostuvo que es \u201cel comienzo de un nuevo tiempo\u201d\"}]},{\"@type\":\"WebSite\",\"@id\":\"https:\\\/\\\/diariodelsurdigital.com.ar\\\/#website\",\"url\":\"https:\\\/\\\/diariodelsurdigital.com.ar\\\/\",\"name\":\"Diario del Sur\",\"description\":\"Digital\",\"potentialAction\":[{\"@type\":\"SearchAction\",\"target\":{\"@type\":\"EntryPoint\",\"urlTemplate\":\"https:\\\/\\\/diariodelsurdigital.com.ar\\\/?s={search_term_string}\"},\"query-input\":{\"@type\":\"PropertyValueSpecification\",\"valueRequired\":true,\"valueName\":\"search_term_string\"}}],\"inLanguage\":\"es\"},{\"@type\":\"Person\",\"@id\":\"https:\\\/\\\/diariodelsurdigital.com.ar\\\/#\\\/schema\\\/person\\\/1a4992532ed62965c968031b49195c81\",\"name\":\"Diario del Sur Digital\",\"image\":{\"@type\":\"ImageObject\",\"inLanguage\":\"es\",\"@id\":\"https:\\\/\\\/secure.gravatar.com\\\/avatar\\\/f0c7c47fc7146d19828273b9b8eda651c9c7ab583767e6338d3d3bee825adf76?s=96&d=mm&r=g\",\"url\":\"https:\\\/\\\/secure.gravatar.com\\\/avatar\\\/f0c7c47fc7146d19828273b9b8eda651c9c7ab583767e6338d3d3bee825adf76?s=96&d=mm&r=g\",\"contentUrl\":\"https:\\\/\\\/secure.gravatar.com\\\/avatar\\\/f0c7c47fc7146d19828273b9b8eda651c9c7ab583767e6338d3d3bee825adf76?s=96&d=mm&r=g\",\"caption\":\"Diario del Sur Digital\"},\"url\":\"https:\\\/\\\/diariodelsurdigital.com.ar\\\/?author=4\"}]}<\/script>\n<!-- \/ Yoast SEO plugin. -->","yoast_head_json":{"title":"Media sanci\u00f3n del proyecto OSER: Troncoso sostuvo que es \u201cel comienzo de un nuevo tiempo\u201d - Diario del Sur","robots":{"index":"index","follow":"follow","max-snippet":"max-snippet:-1","max-image-preview":"max-image-preview:large","max-video-preview":"max-video-preview:-1"},"canonical":"https:\/\/diariodelsurdigital.com.ar\/?p=2906","og_locale":"es_ES","og_type":"article","og_title":"Media sanci\u00f3n del proyecto OSER: Troncoso sostuvo que es \u201cel comienzo de un nuevo tiempo\u201d - Diario del Sur","og_description":"El proyecto pasar\u00e1 a C\u00e1mara de Diputados en b\u00fasqueda de obtener la sanci\u00f3n definitiva. El ministro de Gobierno defendi\u00f3 el proyecto sosteniendo que es \u201coportunidad para reconstruir la obra social desde sus cimientos\u201d. En la tarde de este mi\u00e9rcoles, el Senado le dio media sanci\u00f3n al proyecto que busca crear una nueva obra social \u2013 [&hellip;]","og_url":"https:\/\/diariodelsurdigital.com.ar\/?p=2906","og_site_name":"Diario del Sur","article_published_time":"2025-05-29T13:21:21+00:00","article_modified_time":"2025-05-29T13:22:02+00:00","og_image":[{"width":992,"height":660,"url":"https:\/\/diariodelsurdigital.com.ar\/wp-content\/uploads\/2025\/05\/md-72.webp","type":"image\/webp"}],"author":"Diario del Sur Digital","twitter_card":"summary_large_image","twitter_misc":{"Escrito por":"Diario del Sur Digital","Tiempo de lectura":"1 minuto"},"schema":{"@context":"https:\/\/schema.org","@graph":[{"@type":"Article","@id":"https:\/\/diariodelsurdigital.com.ar\/?p=2906#article","isPartOf":{"@id":"https:\/\/diariodelsurdigital.com.ar\/?p=2906"},"author":{"name":"Diario del Sur Digital","@id":"https:\/\/diariodelsurdigital.com.ar\/#\/schema\/person\/1a4992532ed62965c968031b49195c81"},"headline":"Media sanci\u00f3n del proyecto OSER: Troncoso sostuvo que es \u201cel comienzo de un nuevo tiempo\u201d","datePublished":"2025-05-29T13:21:21+00:00","dateModified":"2025-05-29T13:22:02+00:00","mainEntityOfPage":{"@id":"https:\/\/diariodelsurdigital.com.ar\/?p=2906"},"wordCount":195,"commentCount":0,"image":{"@id":"https:\/\/diariodelsurdigital.com.ar\/?p=2906#primaryimage"},"thumbnailUrl":"https:\/\/diariodelsurdigital.com.ar\/wp-content\/uploads\/2025\/05\/md-72.webp","articleSection":["Provinciales"],"inLanguage":"es","potentialAction":[{"@type":"CommentAction","name":"Comment","target":["https:\/\/diariodelsurdigital.com.ar\/?p=2906#respond"]}]},{"@type":"WebPage","@id":"https:\/\/diariodelsurdigital.com.ar\/?p=2906","url":"https:\/\/diariodelsurdigital.com.ar\/?p=2906","name":"Media sanci\u00f3n del proyecto OSER: Troncoso sostuvo que es \u201cel comienzo de un nuevo tiempo\u201d - Diario del Sur","isPartOf":{"@id":"https:\/\/diariodelsurdigital.com.ar\/#website"},"primaryImageOfPage":{"@id":"https:\/\/diariodelsurdigital.com.ar\/?p=2906#primaryimage"},"image":{"@id":"https:\/\/diariodelsurdigital.com.ar\/?p=2906#primaryimage"},"thumbnailUrl":"https:\/\/diariodelsurdigital.com.ar\/wp-content\/uploads\/2025\/05\/md-72.webp","datePublished":"2025-05-29T13:21:21+00:00","dateModified":"2025-05-29T13:22:02+00:00","author":{"@id":"https:\/\/diariodelsurdigital.com.ar\/#\/schema\/person\/1a4992532ed62965c968031b49195c81"},"breadcrumb":{"@id":"https:\/\/diariodelsurdigital.com.ar\/?p=2906#breadcrumb"},"inLanguage":"es","potentialAction":[{"@type":"ReadAction","target":["https:\/\/diariodelsurdigital.com.ar\/?p=2906"]}]},{"@type":"ImageObject","inLanguage":"es","@id":"https:\/\/diariodelsurdigital.com.ar\/?p=2906#primaryimage","url":"https:\/\/diariodelsurdigital.com.ar\/wp-content\/uploads\/2025\/05\/md-72.webp","contentUrl":"https:\/\/diariodelsurdigital.com.ar\/wp-content\/uploads\/2025\/05\/md-72.webp","width":992,"height":660},{"@type":"BreadcrumbList","@id":"https:\/\/diariodelsurdigital.com.ar\/?p=2906#breadcrumb","itemListElement":[{"@type":"ListItem","position":1,"name":"Portada","item":"https:\/\/diariodelsurdigital.com.ar\/"},{"@type":"ListItem","position":2,"name":"Media sanci\u00f3n del proyecto OSER: Troncoso sostuvo que es \u201cel comienzo de un nuevo tiempo\u201d"}]},{"@type":"WebSite","@id":"https:\/\/diariodelsurdigital.com.ar\/#website","url":"https:\/\/diariodelsurdigital.com.ar\/","name":"Diario del Sur","description":"Digital","potentialAction":[{"@type":"SearchAction","target":{"@type":"EntryPoint","urlTemplate":"https:\/\/diariodelsurdigital.com.ar\/?s={search_term_string}"},"query-input":{"@type":"PropertyValueSpecification","valueRequired":true,"valueName":"search_term_string"}}],"inLanguage":"es"},{"@type":"Person","@id":"https:\/\/diariodelsurdigital.com.ar\/#\/schema\/person\/1a4992532ed62965c968031b49195c81","name":"Diario del Sur Digital","image":{"@type":"ImageObject","inLanguage":"es","@id":"https:\/\/secure.gravatar.com\/avatar\/f0c7c47fc7146d19828273b9b8eda651c9c7ab583767e6338d3d3bee825adf76?s=96&d=mm&r=g","url":"https:\/\/secure.gravatar.com\/avatar\/f0c7c47fc7146d19828273b9b8eda651c9c7ab583767e6338d3d3bee825adf76?s=96&d=mm&r=g","contentUrl":"https:\/\/secure.gravatar.com\/avatar\/f0c7c47fc7146d19828273b9b8eda651c9c7ab583767e6338d3d3bee825adf76?s=96&d=mm&r=g","caption":"Diario del Sur Digital"},"url":"https:\/\/diariodelsurdigital.com.ar\/?author=4"}]}},"_links":{"self":[{"href":"https:\/\/diariodelsurdigital.com.ar\/index.php?rest_route=\/wp\/v2\/posts\/2906","targetHints":{"allow":["GET"]}}],"collection":[{"href":"https:\/\/diariodelsurdigital.com.ar\/index.php?rest_route=\/wp\/v2\/posts"}],"about":[{"href":"https:\/\/diariodelsurdigital.com.ar\/index.php?rest_route=\/wp\/v2\/types\/post"}],"author":[{"embeddable":true,"href":"https:\/\/diariodelsurdigital.com.ar\/index.php?rest_route=\/wp\/v2\/users\/4"}],"replies":[{"embeddable":true,"href":"https:\/\/diariodelsurdigital.com.ar\/index.php?rest_route=%2Fwp%2Fv2%2Fcomments&post=2906"}],"version-history":[{"count":2,"href":"https:\/\/diariodelsurdigital.com.ar\/index.php?rest_route=\/wp\/v2\/posts\/2906\/revisions"}],"predecessor-version":[{"id":2909,"href":"https:\/\/diariodelsurdigital.com.ar\/index.php?rest_route=\/wp\/v2\/posts\/2906\/revisions\/2909"}],"wp:featuredmedia":[{"embeddable":true,"href":"https:\/\/diariodelsurdigital.com.ar\/index.php?rest_route=\/wp\/v2\/media\/2907"}],"wp:attachment":[{"href":"https:\/\/diariodelsurdigital.com.ar\/index.php?rest_route=%2Fwp%2Fv2%2Fmedia&parent=2906"}],"wp:term":[{"taxonomy":"category","embeddable":true,"href":"https:\/\/diariodelsurdigital.com.ar\/index.php?rest_route=%2Fwp%2Fv2%2Fcategories&post=2906"},{"taxonomy":"post_tag","embeddable":true,"href":"https:\/\/diariodelsurdigital.com.ar\/index.php?rest_route=%2Fwp%2Fv2%2Ftags&post=2906"}],"curies":[{"name":"wp","href":"https:\/\/api.w.org\/{rel}","templated":true}]}}