{"id":2927,"date":"2025-05-30T13:05:29","date_gmt":"2025-05-30T16:05:29","guid":{"rendered":"https:\/\/diariodelsurdigital.com.ar\/?p=2927"},"modified":"2025-05-30T13:05:30","modified_gmt":"2025-05-30T16:05:30","slug":"comienza-este-sabado-el-cronograma-de-pagos-para-la-administracion-publica-provincial","status":"publish","type":"post","link":"https:\/\/diariodelsurdigital.com.ar\/?p=2927","title":{"rendered":"Comienza este s\u00e1bado el cronograma de pagos para la administraci\u00f3n p\u00fablica provincial"},"content":{"rendered":"\n<p>El Gobierno provincial inform\u00f3 que este s\u00e1bado comienza el cronograma de pagos de los haberes del mes de mayo para activos y pasivos de la administraci\u00f3n p\u00fablica de Entre R\u00edos. Los pagos se extender\u00e1n hasta el pr\u00f3ximo s\u00e1bado 7 de junio.<\/p>\n\n\n\n<p>El cronograma de pago es el siguiente:<\/p>\n\n\n\n<p>S\u00e1bado 31\/05\/2025: hasta 582.000 pesos.<\/p>\n\n\n\n<p>Martes 03\/06\/2025: desde 582.001 hasta 792.000 pesos.<\/p>\n\n\n\n<p>Mi\u00e9rcoles 04\/06\/2025: desde 792.001 hasta 960.000 pesos.<\/p>\n\n\n\n<p>Jueves 05\/06\/2025: desde 960.001 hasta 1.232.000 pesos.<\/p>\n\n\n\n<p>Viernes 06\/06\/2025: desde 1.232.001 pesos hasta 1.722.000 pesos.<\/p>\n\n\n\n<p>S\u00e1bado 07\/06\/2025: superior a 1.722.001 pesos.<\/p>\n","protected":false},"excerpt":{"rendered":"<p>El Gobierno provincial inform\u00f3 que este s\u00e1bado comienza el cronograma de pagos de los haberes del mes de mayo para activos y pasivos de la administraci\u00f3n p\u00fablica de Entre R\u00edos. Los pagos se extender\u00e1n hasta el pr\u00f3ximo s\u00e1bado 7 de junio. El cronograma de pago es el siguiente: S\u00e1bado 31\/05\/2025: hasta 582.000 pesos. Martes 03\/06\/2025: [&hellip;]<\/p>\n","protected":false},"author":4,"featured_media":2530,"comment_status":"open","ping_status":"open","sticky":false,"template":"","format":"standard","meta":{"footnotes":""},"categories":[17],"tags":[],"class_list":{"0":"post-2927","1":"post","2":"type-post","3":"status-publish","4":"format-standard","5":"has-post-thumbnail","7":"category-provinciales"},"yoast_head":"<!-- This site is optimized with the Yoast SEO plugin v27.4 - https:\/\/yoast.com\/product\/yoast-seo-wordpress\/ -->\n<title>Comienza este s\u00e1bado el cronograma de pagos para la administraci\u00f3n p\u00fablica provincial - Diario del Sur<\/title>\n<meta name=\"robots\" content=\"index, follow, max-snippet:-1, max-image-preview:large, max-video-preview:-1\" \/>\n<link rel=\"canonical\" href=\"https:\/\/diariodelsurdigital.com.ar\/?p=2927\" \/>\n<meta property=\"og:locale\" content=\"es_ES\" \/>\n<meta property=\"og:type\" content=\"article\" \/>\n<meta property=\"og:title\" content=\"Comienza este s\u00e1bado el cronograma de pagos para la administraci\u00f3n p\u00fablica provincial - Diario del Sur\" \/>\n<meta property=\"og:description\" content=\"El Gobierno provincial inform\u00f3 que este s\u00e1bado comienza el cronograma de pagos de los haberes del mes de mayo para activos y pasivos de la administraci\u00f3n p\u00fablica de Entre R\u00edos. Los pagos se extender\u00e1n hasta el pr\u00f3ximo s\u00e1bado 7 de junio. El cronograma de pago es el siguiente: S\u00e1bado 31\/05\/2025: hasta 582.000 pesos. Martes 03\/06\/2025: [&hellip;]\" \/>\n<meta property=\"og:url\" content=\"https:\/\/diariodelsurdigital.com.ar\/?p=2927\" \/>\n<meta property=\"og:site_name\" content=\"Diario del Sur\" \/>\n<meta property=\"article:published_time\" content=\"2025-05-30T16:05:29+00:00\" \/>\n<meta property=\"article:modified_time\" content=\"2025-05-30T16:05:30+00:00\" \/>\n<meta property=\"og:image\" content=\"https:\/\/diariodelsurdigital.com.ar\/wp-content\/uploads\/2025\/05\/md-16.webp\" \/>\n\t<meta property=\"og:image:width\" content=\"992\" \/>\n\t<meta property=\"og:image:height\" content=\"557\" \/>\n\t<meta property=\"og:image:type\" content=\"image\/webp\" \/>\n<meta name=\"author\" content=\"Diario del Sur Digital\" \/>\n<meta name=\"twitter:card\" content=\"summary_large_image\" \/>\n<meta name=\"twitter:label1\" content=\"Escrito por\" \/>\n\t<meta name=\"twitter:data1\" content=\"Diario del Sur Digital\" \/>\n\t<meta name=\"twitter:label2\" content=\"Tiempo de lectura\" \/>\n\t<meta name=\"twitter:data2\" content=\"1 minuto\" \/>\n<script type=\"application\/ld+json\" class=\"yoast-schema-graph\">{\"@context\":\"https:\\\/\\\/schema.org\",\"@graph\":[{\"@type\":\"Article\",\"@id\":\"https:\\\/\\\/diariodelsurdigital.com.ar\\\/?p=2927#article\",\"isPartOf\":{\"@id\":\"https:\\\/\\\/diariodelsurdigital.com.ar\\\/?p=2927\"},\"author\":{\"name\":\"Diario del Sur Digital\",\"@id\":\"https:\\\/\\\/diariodelsurdigital.com.ar\\\/#\\\/schema\\\/person\\\/1a4992532ed62965c968031b49195c81\"},\"headline\":\"Comienza este s\u00e1bado el cronograma de pagos para la administraci\u00f3n p\u00fablica provincial\",\"datePublished\":\"2025-05-30T16:05:29+00:00\",\"dateModified\":\"2025-05-30T16:05:30+00:00\",\"mainEntityOfPage\":{\"@id\":\"https:\\\/\\\/diariodelsurdigital.com.ar\\\/?p=2927\"},\"wordCount\":96,\"commentCount\":0,\"image\":{\"@id\":\"https:\\\/\\\/diariodelsurdigital.com.ar\\\/?p=2927#primaryimage\"},\"thumbnailUrl\":\"https:\\\/\\\/diariodelsurdigital.com.ar\\\/wp-content\\\/uploads\\\/2025\\\/05\\\/md-16.webp\",\"articleSection\":[\"Provinciales\"],\"inLanguage\":\"es\",\"potentialAction\":[{\"@type\":\"CommentAction\",\"name\":\"Comment\",\"target\":[\"https:\\\/\\\/diariodelsurdigital.com.ar\\\/?p=2927#respond\"]}]},{\"@type\":\"WebPage\",\"@id\":\"https:\\\/\\\/diariodelsurdigital.com.ar\\\/?p=2927\",\"url\":\"https:\\\/\\\/diariodelsurdigital.com.ar\\\/?p=2927\",\"name\":\"Comienza este s\u00e1bado el cronograma de pagos para la administraci\u00f3n p\u00fablica provincial - Diario del Sur\",\"isPartOf\":{\"@id\":\"https:\\\/\\\/diariodelsurdigital.com.ar\\\/#website\"},\"primaryImageOfPage\":{\"@id\":\"https:\\\/\\\/diariodelsurdigital.com.ar\\\/?p=2927#primaryimage\"},\"image\":{\"@id\":\"https:\\\/\\\/diariodelsurdigital.com.ar\\\/?p=2927#primaryimage\"},\"thumbnailUrl\":\"https:\\\/\\\/diariodelsurdigital.com.ar\\\/wp-content\\\/uploads\\\/2025\\\/05\\\/md-16.webp\",\"datePublished\":\"2025-05-30T16:05:29+00:00\",\"dateModified\":\"2025-05-30T16:05:30+00:00\",\"author\":{\"@id\":\"https:\\\/\\\/diariodelsurdigital.com.ar\\\/#\\\/schema\\\/person\\\/1a4992532ed62965c968031b49195c81\"},\"breadcrumb\":{\"@id\":\"https:\\\/\\\/diariodelsurdigital.com.ar\\\/?p=2927#breadcrumb\"},\"inLanguage\":\"es\",\"potentialAction\":[{\"@type\":\"ReadAction\",\"target\":[\"https:\\\/\\\/diariodelsurdigital.com.ar\\\/?p=2927\"]}]},{\"@type\":\"ImageObject\",\"inLanguage\":\"es\",\"@id\":\"https:\\\/\\\/diariodelsurdigital.com.ar\\\/?p=2927#primaryimage\",\"url\":\"https:\\\/\\\/diariodelsurdigital.com.ar\\\/wp-content\\\/uploads\\\/2025\\\/05\\\/md-16.webp\",\"contentUrl\":\"https:\\\/\\\/diariodelsurdigital.com.ar\\\/wp-content\\\/uploads\\\/2025\\\/05\\\/md-16.webp\",\"width\":992,\"height\":557},{\"@type\":\"BreadcrumbList\",\"@id\":\"https:\\\/\\\/diariodelsurdigital.com.ar\\\/?p=2927#breadcrumb\",\"itemListElement\":[{\"@type\":\"ListItem\",\"position\":1,\"name\":\"Portada\",\"item\":\"https:\\\/\\\/diariodelsurdigital.com.ar\\\/\"},{\"@type\":\"ListItem\",\"position\":2,\"name\":\"Comienza este s\u00e1bado el cronograma de pagos para la administraci\u00f3n p\u00fablica provincial\"}]},{\"@type\":\"WebSite\",\"@id\":\"https:\\\/\\\/diariodelsurdigital.com.ar\\\/#website\",\"url\":\"https:\\\/\\\/diariodelsurdigital.com.ar\\\/\",\"name\":\"Diario del Sur\",\"description\":\"Digital\",\"potentialAction\":[{\"@type\":\"SearchAction\",\"target\":{\"@type\":\"EntryPoint\",\"urlTemplate\":\"https:\\\/\\\/diariodelsurdigital.com.ar\\\/?s={search_term_string}\"},\"query-input\":{\"@type\":\"PropertyValueSpecification\",\"valueRequired\":true,\"valueName\":\"search_term_string\"}}],\"inLanguage\":\"es\"},{\"@type\":\"Person\",\"@id\":\"https:\\\/\\\/diariodelsurdigital.com.ar\\\/#\\\/schema\\\/person\\\/1a4992532ed62965c968031b49195c81\",\"name\":\"Diario del Sur Digital\",\"image\":{\"@type\":\"ImageObject\",\"inLanguage\":\"es\",\"@id\":\"https:\\\/\\\/secure.gravatar.com\\\/avatar\\\/f0c7c47fc7146d19828273b9b8eda651c9c7ab583767e6338d3d3bee825adf76?s=96&d=mm&r=g\",\"url\":\"https:\\\/\\\/secure.gravatar.com\\\/avatar\\\/f0c7c47fc7146d19828273b9b8eda651c9c7ab583767e6338d3d3bee825adf76?s=96&d=mm&r=g\",\"contentUrl\":\"https:\\\/\\\/secure.gravatar.com\\\/avatar\\\/f0c7c47fc7146d19828273b9b8eda651c9c7ab583767e6338d3d3bee825adf76?s=96&d=mm&r=g\",\"caption\":\"Diario del Sur Digital\"},\"url\":\"https:\\\/\\\/diariodelsurdigital.com.ar\\\/?author=4\"}]}<\/script>\n<!-- \/ Yoast SEO plugin. -->","yoast_head_json":{"title":"Comienza este s\u00e1bado el cronograma de pagos para la administraci\u00f3n p\u00fablica provincial - Diario del Sur","robots":{"index":"index","follow":"follow","max-snippet":"max-snippet:-1","max-image-preview":"max-image-preview:large","max-video-preview":"max-video-preview:-1"},"canonical":"https:\/\/diariodelsurdigital.com.ar\/?p=2927","og_locale":"es_ES","og_type":"article","og_title":"Comienza este s\u00e1bado el cronograma de pagos para la administraci\u00f3n p\u00fablica provincial - Diario del Sur","og_description":"El Gobierno provincial inform\u00f3 que este s\u00e1bado comienza el cronograma de pagos de los haberes del mes de mayo para activos y pasivos de la administraci\u00f3n p\u00fablica de Entre R\u00edos. Los pagos se extender\u00e1n hasta el pr\u00f3ximo s\u00e1bado 7 de junio. El cronograma de pago es el siguiente: S\u00e1bado 31\/05\/2025: hasta 582.000 pesos. Martes 03\/06\/2025: [&hellip;]","og_url":"https:\/\/diariodelsurdigital.com.ar\/?p=2927","og_site_name":"Diario del Sur","article_published_time":"2025-05-30T16:05:29+00:00","article_modified_time":"2025-05-30T16:05:30+00:00","og_image":[{"width":992,"height":557,"url":"https:\/\/diariodelsurdigital.com.ar\/wp-content\/uploads\/2025\/05\/md-16.webp","type":"image\/webp"}],"author":"Diario del Sur Digital","twitter_card":"summary_large_image","twitter_misc":{"Escrito por":"Diario del Sur Digital","Tiempo de lectura":"1 minuto"},"schema":{"@context":"https:\/\/schema.org","@graph":[{"@type":"Article","@id":"https:\/\/diariodelsurdigital.com.ar\/?p=2927#article","isPartOf":{"@id":"https:\/\/diariodelsurdigital.com.ar\/?p=2927"},"author":{"name":"Diario del Sur Digital","@id":"https:\/\/diariodelsurdigital.com.ar\/#\/schema\/person\/1a4992532ed62965c968031b49195c81"},"headline":"Comienza este s\u00e1bado el cronograma de pagos para la administraci\u00f3n p\u00fablica provincial","datePublished":"2025-05-30T16:05:29+00:00","dateModified":"2025-05-30T16:05:30+00:00","mainEntityOfPage":{"@id":"https:\/\/diariodelsurdigital.com.ar\/?p=2927"},"wordCount":96,"commentCount":0,"image":{"@id":"https:\/\/diariodelsurdigital.com.ar\/?p=2927#primaryimage"},"thumbnailUrl":"https:\/\/diariodelsurdigital.com.ar\/wp-content\/uploads\/2025\/05\/md-16.webp","articleSection":["Provinciales"],"inLanguage":"es","potentialAction":[{"@type":"CommentAction","name":"Comment","target":["https:\/\/diariodelsurdigital.com.ar\/?p=2927#respond"]}]},{"@type":"WebPage","@id":"https:\/\/diariodelsurdigital.com.ar\/?p=2927","url":"https:\/\/diariodelsurdigital.com.ar\/?p=2927","name":"Comienza este s\u00e1bado el cronograma de pagos para la administraci\u00f3n p\u00fablica provincial - Diario del Sur","isPartOf":{"@id":"https:\/\/diariodelsurdigital.com.ar\/#website"},"primaryImageOfPage":{"@id":"https:\/\/diariodelsurdigital.com.ar\/?p=2927#primaryimage"},"image":{"@id":"https:\/\/diariodelsurdigital.com.ar\/?p=2927#primaryimage"},"thumbnailUrl":"https:\/\/diariodelsurdigital.com.ar\/wp-content\/uploads\/2025\/05\/md-16.webp","datePublished":"2025-05-30T16:05:29+00:00","dateModified":"2025-05-30T16:05:30+00:00","author":{"@id":"https:\/\/diariodelsurdigital.com.ar\/#\/schema\/person\/1a4992532ed62965c968031b49195c81"},"breadcrumb":{"@id":"https:\/\/diariodelsurdigital.com.ar\/?p=2927#breadcrumb"},"inLanguage":"es","potentialAction":[{"@type":"ReadAction","target":["https:\/\/diariodelsurdigital.com.ar\/?p=2927"]}]},{"@type":"ImageObject","inLanguage":"es","@id":"https:\/\/diariodelsurdigital.com.ar\/?p=2927#primaryimage","url":"https:\/\/diariodelsurdigital.com.ar\/wp-content\/uploads\/2025\/05\/md-16.webp","contentUrl":"https:\/\/diariodelsurdigital.com.ar\/wp-content\/uploads\/2025\/05\/md-16.webp","width":992,"height":557},{"@type":"BreadcrumbList","@id":"https:\/\/diariodelsurdigital.com.ar\/?p=2927#breadcrumb","itemListElement":[{"@type":"ListItem","position":1,"name":"Portada","item":"https:\/\/diariodelsurdigital.com.ar\/"},{"@type":"ListItem","position":2,"name":"Comienza este s\u00e1bado el cronograma de pagos para la administraci\u00f3n p\u00fablica provincial"}]},{"@type":"WebSite","@id":"https:\/\/diariodelsurdigital.com.ar\/#website","url":"https:\/\/diariodelsurdigital.com.ar\/","name":"Diario del Sur","description":"Digital","potentialAction":[{"@type":"SearchAction","target":{"@type":"EntryPoint","urlTemplate":"https:\/\/diariodelsurdigital.com.ar\/?s={search_term_string}"},"query-input":{"@type":"PropertyValueSpecification","valueRequired":true,"valueName":"search_term_string"}}],"inLanguage":"es"},{"@type":"Person","@id":"https:\/\/diariodelsurdigital.com.ar\/#\/schema\/person\/1a4992532ed62965c968031b49195c81","name":"Diario del Sur Digital","image":{"@type":"ImageObject","inLanguage":"es","@id":"https:\/\/secure.gravatar.com\/avatar\/f0c7c47fc7146d19828273b9b8eda651c9c7ab583767e6338d3d3bee825adf76?s=96&d=mm&r=g","url":"https:\/\/secure.gravatar.com\/avatar\/f0c7c47fc7146d19828273b9b8eda651c9c7ab583767e6338d3d3bee825adf76?s=96&d=mm&r=g","contentUrl":"https:\/\/secure.gravatar.com\/avatar\/f0c7c47fc7146d19828273b9b8eda651c9c7ab583767e6338d3d3bee825adf76?s=96&d=mm&r=g","caption":"Diario del Sur Digital"},"url":"https:\/\/diariodelsurdigital.com.ar\/?author=4"}]}},"_links":{"self":[{"href":"https:\/\/diariodelsurdigital.com.ar\/index.php?rest_route=\/wp\/v2\/posts\/2927","targetHints":{"allow":["GET"]}}],"collection":[{"href":"https:\/\/diariodelsurdigital.com.ar\/index.php?rest_route=\/wp\/v2\/posts"}],"about":[{"href":"https:\/\/diariodelsurdigital.com.ar\/index.php?rest_route=\/wp\/v2\/types\/post"}],"author":[{"embeddable":true,"href":"https:\/\/diariodelsurdigital.com.ar\/index.php?rest_route=\/wp\/v2\/users\/4"}],"replies":[{"embeddable":true,"href":"https:\/\/diariodelsurdigital.com.ar\/index.php?rest_route=%2Fwp%2Fv2%2Fcomments&post=2927"}],"version-history":[{"count":1,"href":"https:\/\/diariodelsurdigital.com.ar\/index.php?rest_route=\/wp\/v2\/posts\/2927\/revisions"}],"predecessor-version":[{"id":2928,"href":"https:\/\/diariodelsurdigital.com.ar\/index.php?rest_route=\/wp\/v2\/posts\/2927\/revisions\/2928"}],"wp:featuredmedia":[{"embeddable":true,"href":"https:\/\/diariodelsurdigital.com.ar\/index.php?rest_route=\/wp\/v2\/media\/2530"}],"wp:attachment":[{"href":"https:\/\/diariodelsurdigital.com.ar\/index.php?rest_route=%2Fwp%2Fv2%2Fmedia&parent=2927"}],"wp:term":[{"taxonomy":"category","embeddable":true,"href":"https:\/\/diariodelsurdigital.com.ar\/index.php?rest_route=%2Fwp%2Fv2%2Fcategories&post=2927"},{"taxonomy":"post_tag","embeddable":true,"href":"https:\/\/diariodelsurdigital.com.ar\/index.php?rest_route=%2Fwp%2Fv2%2Ftags&post=2927"}],"curies":[{"name":"wp","href":"https:\/\/api.w.org\/{rel}","templated":true}]}}