{"id":2930,"date":"2025-06-01T16:53:35","date_gmt":"2025-06-01T19:53:35","guid":{"rendered":"https:\/\/diariodelsurdigital.com.ar\/?p=2930"},"modified":"2025-06-01T16:53:36","modified_gmt":"2025-06-01T19:53:36","slug":"el-pj-al-borde-de-la-ruptura-en-el-senado-de-entre-rios","status":"publish","type":"post","link":"https:\/\/diariodelsurdigital.com.ar\/?p=2930","title":{"rendered":"El PJ, al borde de la ruptura en el Senado de Entre R\u00edos"},"content":{"rendered":"\n<h2 class=\"wp-block-heading\" id=\"nota-title\">El \u201centripado\u201d de Miranda<\/h2>\n\n\n\n<p>El senador provincial justicialista, Juan Diego Conti, se refiri\u00f3 a la media sanci\u00f3n que obtuvo el proyecto de ley de la Obra Social de Entre R\u00edos (OSER) en reemplazo del Instituto de la Obra Social de Entre R\u00edos (Iosper), que se aprob\u00f3 con la abstenci\u00f3n de dos senadoras del bloque peronista, el mi\u00e9rcoles en la C\u00e1mara de Senadores<\/p>\n\n\n\n<p>El senador se\u00f1al\u00f3 que la situaci\u00f3n del bloque en el Senado, tras la votaci\u00f3n de la nueva ley de obra social, es de incertidumbre y tensi\u00f3n y hay \u201cun antes y un despu\u00e9s\u201d. Conti, seg\u00fan precis\u00f3 el portal Debate Abierto, ya hab\u00eda adelantado su postura interna al bloque, indicando que si los \u201cnueve\u201d no manten\u00edan la unidad para frenar esta ley, \u201cno podemos seguir los nueve como bloque\u201d y \u00e9l, particularmente, \u201cno podr\u00eda seguir\u201d. La situaci\u00f3n interna del bloque est\u00e1 \u201cmuy caliente todav\u00eda\u201d.<\/p>\n\n\n\n<p>En aquel contexto, adelant\u00f3 que se est\u00e1 programando una reuni\u00f3n para la semana siguiente para \u201chablar, dialogar lo que se pueda y juntarnos tranquilos\u201d. A\u00f1adi\u00f3 que est\u00e1 la posibilidad de juntarse \u201centre los nueve, entre los siete, entre los que sea\u201d, lo que sugerir\u00eda que la continuidad del bloque con su composici\u00f3n actual no est\u00e1 garantizada.<\/p>\n\n\n\n<p>En relaci\u00f3n a la interna del Justicialismo de cara a las elecciones legislativas de medio t\u00e9rmino, sostuvo que tiene una relaci\u00f3n estrecha con el intendente de Maci\u00e1, Ariel M\u00fcller, quien ya marc\u00f3 una postura de acompa\u00f1ar a Ad\u00e1n Bahl y Guillermo Michel.<\/p>\n\n\n\n<h5 class=\"wp-block-heading\">Entripado<\/h5>\n\n\n\n<p>Consultado sobre la postura que tomaron Nancy Miranda y Gladys Dom\u00ednguez, compa\u00f1eras de bloque, que se abstuvieron de votar, explic\u00f3 que hubo muchas charlas durante tres semanas dentro del bloque, discutiendo la propuesta de la nueva obra social. \u201cEllas dieron sus explicaciones y sus argumentos para su abstenci\u00f3n dentro del seno del bloque y respeto sus argumentos y su convicci\u00f3n, aunque personalmente no los comparto\u201d, indic\u00f3.<\/p>\n\n\n\n<p>Tambi\u00e9n se\u00f1al\u00f3 que Miranda \u201cpidi\u00f3 la palabra y habl\u00f3 durante la sesi\u00f3n e hizo mayor hincapi\u00e9 en cuestiones pol\u00edticas y partidarias espec\u00edficas. Ella tiene un entripado con ciertos dirigentes del PJ que es una cuesti\u00f3n netamente personal de ella\u201d. Mencion\u00f3 que Miranda ven\u00eda peleando para que el Iosper \u201cno pierda la esencia y se siga llamando Iosper, lo cual no lo pudo lograr. Ella dio esta explicaci\u00f3n al final cuando pidi\u00f3 la palabra, indicando que por eso era su abstenci\u00f3n\u201d.<\/p>\n\n\n\n<h5 class=\"wp-block-heading\">Dolor<\/h5>\n\n\n\n<p>Respecto de la media sanci\u00f3n a la ley de craci\u00f3n de la OSER, Conti destac\u00f3 que \u201cel Iosper estuvo en cada nacimiento de mis hijos y lo que ocurri\u00f3 en la C\u00e1mara caus\u00f3 mucho dolor, y estamos cerca de la sepultura del Iosper. No pudimos llegar a esa solvencia a pesar de todo lo que debatimos y hablamos con el bloque y con todo lo que nos rogaron los gremios\u201d.<\/p>\n\n\n\n<p>Tambi\u00e9n se refiri\u00f3 a que se quiere ponerlos ante la \u201cdisyuntiva de si es curro o salud y esto no es as\u00ed\u201d. En ese sentido afirm\u00f3 que \u201cno podemos llegar a ese paradigma: \u2018\u00bfEst\u00e1s con el curro o est\u00e1s con la salud?\u2019\u201d. Su postura y la de su grupo es clara: \u201cAc\u00e1 nosotros queremos la salud y queremos lo mejor de la salud\u201d.<\/p>\n\n\n\n<p><strong>Fuente:<\/strong>\u00a0APF Digital<\/p>\n","protected":false},"excerpt":{"rendered":"<p>El \u201centripado\u201d de Miranda El senador provincial justicialista, Juan Diego Conti, se refiri\u00f3 a la media sanci\u00f3n que obtuvo el proyecto de ley de la Obra Social de Entre R\u00edos (OSER) en reemplazo del Instituto de la Obra Social de Entre R\u00edos (Iosper), que se aprob\u00f3 con la abstenci\u00f3n de dos senadoras del bloque peronista, [&hellip;]<\/p>\n","protected":false},"author":2,"featured_media":2931,"comment_status":"open","ping_status":"open","sticky":false,"template":"","format":"standard","meta":{"footnotes":""},"categories":[16],"tags":[],"class_list":{"0":"post-2930","1":"post","2":"type-post","3":"status-publish","4":"format-standard","5":"has-post-thumbnail","7":"category-locales"},"yoast_head":"<!-- This site is optimized with the Yoast SEO plugin v27.4 - https:\/\/yoast.com\/product\/yoast-seo-wordpress\/ -->\n<title>El PJ, al borde de la ruptura en el Senado de Entre R\u00edos - Diario del Sur<\/title>\n<meta name=\"robots\" content=\"index, follow, max-snippet:-1, max-image-preview:large, max-video-preview:-1\" \/>\n<link rel=\"canonical\" href=\"https:\/\/diariodelsurdigital.com.ar\/?p=2930\" \/>\n<meta property=\"og:locale\" content=\"es_ES\" \/>\n<meta property=\"og:type\" content=\"article\" \/>\n<meta property=\"og:title\" content=\"El PJ, al borde de la ruptura en el Senado de Entre R\u00edos - Diario del Sur\" \/>\n<meta property=\"og:description\" content=\"El \u201centripado\u201d de Miranda El senador provincial justicialista, Juan Diego Conti, se refiri\u00f3 a la media sanci\u00f3n que obtuvo el proyecto de ley de la Obra Social de Entre R\u00edos (OSER) en reemplazo del Instituto de la Obra Social de Entre R\u00edos (Iosper), que se aprob\u00f3 con la abstenci\u00f3n de dos senadoras del bloque peronista, [&hellip;]\" \/>\n<meta property=\"og:url\" content=\"https:\/\/diariodelsurdigital.com.ar\/?p=2930\" \/>\n<meta property=\"og:site_name\" content=\"Diario del Sur\" \/>\n<meta property=\"article:published_time\" content=\"2025-06-01T19:53:35+00:00\" \/>\n<meta property=\"article:modified_time\" content=\"2025-06-01T19:53:36+00:00\" \/>\n<meta property=\"og:image\" content=\"https:\/\/diariodelsurdigital.com.ar\/wp-content\/uploads\/2025\/06\/l_1748691555.jpg\" \/>\n\t<meta property=\"og:image:width\" content=\"435\" \/>\n\t<meta property=\"og:image:height\" content=\"290\" \/>\n\t<meta property=\"og:image:type\" content=\"image\/jpeg\" \/>\n<meta name=\"author\" content=\"Diario del Sur Digital\" \/>\n<meta name=\"twitter:card\" content=\"summary_large_image\" \/>\n<meta name=\"twitter:label1\" content=\"Escrito por\" \/>\n\t<meta name=\"twitter:data1\" content=\"Diario del Sur Digital\" \/>\n\t<meta name=\"twitter:label2\" content=\"Tiempo de lectura\" \/>\n\t<meta name=\"twitter:data2\" content=\"3 minutos\" \/>\n<script type=\"application\/ld+json\" class=\"yoast-schema-graph\">{\"@context\":\"https:\\\/\\\/schema.org\",\"@graph\":[{\"@type\":\"Article\",\"@id\":\"https:\\\/\\\/diariodelsurdigital.com.ar\\\/?p=2930#article\",\"isPartOf\":{\"@id\":\"https:\\\/\\\/diariodelsurdigital.com.ar\\\/?p=2930\"},\"author\":{\"name\":\"Diario del Sur Digital\",\"@id\":\"https:\\\/\\\/diariodelsurdigital.com.ar\\\/#\\\/schema\\\/person\\\/6136a32571657f7dba980b88b04c5465\"},\"headline\":\"El PJ, al borde de la ruptura en el Senado de Entre R\u00edos\",\"datePublished\":\"2025-06-01T19:53:35+00:00\",\"dateModified\":\"2025-06-01T19:53:36+00:00\",\"mainEntityOfPage\":{\"@id\":\"https:\\\/\\\/diariodelsurdigital.com.ar\\\/?p=2930\"},\"wordCount\":587,\"commentCount\":0,\"image\":{\"@id\":\"https:\\\/\\\/diariodelsurdigital.com.ar\\\/?p=2930#primaryimage\"},\"thumbnailUrl\":\"https:\\\/\\\/diariodelsurdigital.com.ar\\\/wp-content\\\/uploads\\\/2025\\\/06\\\/l_1748691555.jpg\",\"articleSection\":[\"Locales\"],\"inLanguage\":\"es\",\"potentialAction\":[{\"@type\":\"CommentAction\",\"name\":\"Comment\",\"target\":[\"https:\\\/\\\/diariodelsurdigital.com.ar\\\/?p=2930#respond\"]}]},{\"@type\":\"WebPage\",\"@id\":\"https:\\\/\\\/diariodelsurdigital.com.ar\\\/?p=2930\",\"url\":\"https:\\\/\\\/diariodelsurdigital.com.ar\\\/?p=2930\",\"name\":\"El PJ, al borde de la ruptura en el Senado de Entre R\u00edos - Diario del Sur\",\"isPartOf\":{\"@id\":\"https:\\\/\\\/diariodelsurdigital.com.ar\\\/#website\"},\"primaryImageOfPage\":{\"@id\":\"https:\\\/\\\/diariodelsurdigital.com.ar\\\/?p=2930#primaryimage\"},\"image\":{\"@id\":\"https:\\\/\\\/diariodelsurdigital.com.ar\\\/?p=2930#primaryimage\"},\"thumbnailUrl\":\"https:\\\/\\\/diariodelsurdigital.com.ar\\\/wp-content\\\/uploads\\\/2025\\\/06\\\/l_1748691555.jpg\",\"datePublished\":\"2025-06-01T19:53:35+00:00\",\"dateModified\":\"2025-06-01T19:53:36+00:00\",\"author\":{\"@id\":\"https:\\\/\\\/diariodelsurdigital.com.ar\\\/#\\\/schema\\\/person\\\/6136a32571657f7dba980b88b04c5465\"},\"breadcrumb\":{\"@id\":\"https:\\\/\\\/diariodelsurdigital.com.ar\\\/?p=2930#breadcrumb\"},\"inLanguage\":\"es\",\"potentialAction\":[{\"@type\":\"ReadAction\",\"target\":[\"https:\\\/\\\/diariodelsurdigital.com.ar\\\/?p=2930\"]}]},{\"@type\":\"ImageObject\",\"inLanguage\":\"es\",\"@id\":\"https:\\\/\\\/diariodelsurdigital.com.ar\\\/?p=2930#primaryimage\",\"url\":\"https:\\\/\\\/diariodelsurdigital.com.ar\\\/wp-content\\\/uploads\\\/2025\\\/06\\\/l_1748691555.jpg\",\"contentUrl\":\"https:\\\/\\\/diariodelsurdigital.com.ar\\\/wp-content\\\/uploads\\\/2025\\\/06\\\/l_1748691555.jpg\",\"width\":435,\"height\":290},{\"@type\":\"BreadcrumbList\",\"@id\":\"https:\\\/\\\/diariodelsurdigital.com.ar\\\/?p=2930#breadcrumb\",\"itemListElement\":[{\"@type\":\"ListItem\",\"position\":1,\"name\":\"Portada\",\"item\":\"https:\\\/\\\/diariodelsurdigital.com.ar\\\/\"},{\"@type\":\"ListItem\",\"position\":2,\"name\":\"El PJ, al borde de la ruptura en el Senado de Entre R\u00edos\"}]},{\"@type\":\"WebSite\",\"@id\":\"https:\\\/\\\/diariodelsurdigital.com.ar\\\/#website\",\"url\":\"https:\\\/\\\/diariodelsurdigital.com.ar\\\/\",\"name\":\"Diario del Sur\",\"description\":\"Digital\",\"potentialAction\":[{\"@type\":\"SearchAction\",\"target\":{\"@type\":\"EntryPoint\",\"urlTemplate\":\"https:\\\/\\\/diariodelsurdigital.com.ar\\\/?s={search_term_string}\"},\"query-input\":{\"@type\":\"PropertyValueSpecification\",\"valueRequired\":true,\"valueName\":\"search_term_string\"}}],\"inLanguage\":\"es\"},{\"@type\":\"Person\",\"@id\":\"https:\\\/\\\/diariodelsurdigital.com.ar\\\/#\\\/schema\\\/person\\\/6136a32571657f7dba980b88b04c5465\",\"name\":\"Diario del Sur Digital\",\"image\":{\"@type\":\"ImageObject\",\"inLanguage\":\"es\",\"@id\":\"https:\\\/\\\/secure.gravatar.com\\\/avatar\\\/4c29ceac98541dd42460b2474aaa5dd37594d6ce6cb3cf2c101d09b48ee287ba?s=96&d=mm&r=g\",\"url\":\"https:\\\/\\\/secure.gravatar.com\\\/avatar\\\/4c29ceac98541dd42460b2474aaa5dd37594d6ce6cb3cf2c101d09b48ee287ba?s=96&d=mm&r=g\",\"contentUrl\":\"https:\\\/\\\/secure.gravatar.com\\\/avatar\\\/4c29ceac98541dd42460b2474aaa5dd37594d6ce6cb3cf2c101d09b48ee287ba?s=96&d=mm&r=g\",\"caption\":\"Diario del Sur Digital\"},\"url\":\"https:\\\/\\\/diariodelsurdigital.com.ar\\\/?author=2\"}]}<\/script>\n<!-- \/ Yoast SEO plugin. -->","yoast_head_json":{"title":"El PJ, al borde de la ruptura en el Senado de Entre R\u00edos - Diario del Sur","robots":{"index":"index","follow":"follow","max-snippet":"max-snippet:-1","max-image-preview":"max-image-preview:large","max-video-preview":"max-video-preview:-1"},"canonical":"https:\/\/diariodelsurdigital.com.ar\/?p=2930","og_locale":"es_ES","og_type":"article","og_title":"El PJ, al borde de la ruptura en el Senado de Entre R\u00edos - Diario del Sur","og_description":"El \u201centripado\u201d de Miranda El senador provincial justicialista, Juan Diego Conti, se refiri\u00f3 a la media sanci\u00f3n que obtuvo el proyecto de ley de la Obra Social de Entre R\u00edos (OSER) en reemplazo del Instituto de la Obra Social de Entre R\u00edos (Iosper), que se aprob\u00f3 con la abstenci\u00f3n de dos senadoras del bloque peronista, [&hellip;]","og_url":"https:\/\/diariodelsurdigital.com.ar\/?p=2930","og_site_name":"Diario del Sur","article_published_time":"2025-06-01T19:53:35+00:00","article_modified_time":"2025-06-01T19:53:36+00:00","og_image":[{"width":435,"height":290,"url":"https:\/\/diariodelsurdigital.com.ar\/wp-content\/uploads\/2025\/06\/l_1748691555.jpg","type":"image\/jpeg"}],"author":"Diario del Sur Digital","twitter_card":"summary_large_image","twitter_misc":{"Escrito por":"Diario del Sur Digital","Tiempo de lectura":"3 minutos"},"schema":{"@context":"https:\/\/schema.org","@graph":[{"@type":"Article","@id":"https:\/\/diariodelsurdigital.com.ar\/?p=2930#article","isPartOf":{"@id":"https:\/\/diariodelsurdigital.com.ar\/?p=2930"},"author":{"name":"Diario del Sur Digital","@id":"https:\/\/diariodelsurdigital.com.ar\/#\/schema\/person\/6136a32571657f7dba980b88b04c5465"},"headline":"El PJ, al borde de la ruptura en el Senado de Entre R\u00edos","datePublished":"2025-06-01T19:53:35+00:00","dateModified":"2025-06-01T19:53:36+00:00","mainEntityOfPage":{"@id":"https:\/\/diariodelsurdigital.com.ar\/?p=2930"},"wordCount":587,"commentCount":0,"image":{"@id":"https:\/\/diariodelsurdigital.com.ar\/?p=2930#primaryimage"},"thumbnailUrl":"https:\/\/diariodelsurdigital.com.ar\/wp-content\/uploads\/2025\/06\/l_1748691555.jpg","articleSection":["Locales"],"inLanguage":"es","potentialAction":[{"@type":"CommentAction","name":"Comment","target":["https:\/\/diariodelsurdigital.com.ar\/?p=2930#respond"]}]},{"@type":"WebPage","@id":"https:\/\/diariodelsurdigital.com.ar\/?p=2930","url":"https:\/\/diariodelsurdigital.com.ar\/?p=2930","name":"El PJ, al borde de la ruptura en el Senado de Entre R\u00edos - Diario del Sur","isPartOf":{"@id":"https:\/\/diariodelsurdigital.com.ar\/#website"},"primaryImageOfPage":{"@id":"https:\/\/diariodelsurdigital.com.ar\/?p=2930#primaryimage"},"image":{"@id":"https:\/\/diariodelsurdigital.com.ar\/?p=2930#primaryimage"},"thumbnailUrl":"https:\/\/diariodelsurdigital.com.ar\/wp-content\/uploads\/2025\/06\/l_1748691555.jpg","datePublished":"2025-06-01T19:53:35+00:00","dateModified":"2025-06-01T19:53:36+00:00","author":{"@id":"https:\/\/diariodelsurdigital.com.ar\/#\/schema\/person\/6136a32571657f7dba980b88b04c5465"},"breadcrumb":{"@id":"https:\/\/diariodelsurdigital.com.ar\/?p=2930#breadcrumb"},"inLanguage":"es","potentialAction":[{"@type":"ReadAction","target":["https:\/\/diariodelsurdigital.com.ar\/?p=2930"]}]},{"@type":"ImageObject","inLanguage":"es","@id":"https:\/\/diariodelsurdigital.com.ar\/?p=2930#primaryimage","url":"https:\/\/diariodelsurdigital.com.ar\/wp-content\/uploads\/2025\/06\/l_1748691555.jpg","contentUrl":"https:\/\/diariodelsurdigital.com.ar\/wp-content\/uploads\/2025\/06\/l_1748691555.jpg","width":435,"height":290},{"@type":"BreadcrumbList","@id":"https:\/\/diariodelsurdigital.com.ar\/?p=2930#breadcrumb","itemListElement":[{"@type":"ListItem","position":1,"name":"Portada","item":"https:\/\/diariodelsurdigital.com.ar\/"},{"@type":"ListItem","position":2,"name":"El PJ, al borde de la ruptura en el Senado de Entre R\u00edos"}]},{"@type":"WebSite","@id":"https:\/\/diariodelsurdigital.com.ar\/#website","url":"https:\/\/diariodelsurdigital.com.ar\/","name":"Diario del Sur","description":"Digital","potentialAction":[{"@type":"SearchAction","target":{"@type":"EntryPoint","urlTemplate":"https:\/\/diariodelsurdigital.com.ar\/?s={search_term_string}"},"query-input":{"@type":"PropertyValueSpecification","valueRequired":true,"valueName":"search_term_string"}}],"inLanguage":"es"},{"@type":"Person","@id":"https:\/\/diariodelsurdigital.com.ar\/#\/schema\/person\/6136a32571657f7dba980b88b04c5465","name":"Diario del Sur Digital","image":{"@type":"ImageObject","inLanguage":"es","@id":"https:\/\/secure.gravatar.com\/avatar\/4c29ceac98541dd42460b2474aaa5dd37594d6ce6cb3cf2c101d09b48ee287ba?s=96&d=mm&r=g","url":"https:\/\/secure.gravatar.com\/avatar\/4c29ceac98541dd42460b2474aaa5dd37594d6ce6cb3cf2c101d09b48ee287ba?s=96&d=mm&r=g","contentUrl":"https:\/\/secure.gravatar.com\/avatar\/4c29ceac98541dd42460b2474aaa5dd37594d6ce6cb3cf2c101d09b48ee287ba?s=96&d=mm&r=g","caption":"Diario del Sur Digital"},"url":"https:\/\/diariodelsurdigital.com.ar\/?author=2"}]}},"_links":{"self":[{"href":"https:\/\/diariodelsurdigital.com.ar\/index.php?rest_route=\/wp\/v2\/posts\/2930","targetHints":{"allow":["GET"]}}],"collection":[{"href":"https:\/\/diariodelsurdigital.com.ar\/index.php?rest_route=\/wp\/v2\/posts"}],"about":[{"href":"https:\/\/diariodelsurdigital.com.ar\/index.php?rest_route=\/wp\/v2\/types\/post"}],"author":[{"embeddable":true,"href":"https:\/\/diariodelsurdigital.com.ar\/index.php?rest_route=\/wp\/v2\/users\/2"}],"replies":[{"embeddable":true,"href":"https:\/\/diariodelsurdigital.com.ar\/index.php?rest_route=%2Fwp%2Fv2%2Fcomments&post=2930"}],"version-history":[{"count":1,"href":"https:\/\/diariodelsurdigital.com.ar\/index.php?rest_route=\/wp\/v2\/posts\/2930\/revisions"}],"predecessor-version":[{"id":2932,"href":"https:\/\/diariodelsurdigital.com.ar\/index.php?rest_route=\/wp\/v2\/posts\/2930\/revisions\/2932"}],"wp:featuredmedia":[{"embeddable":true,"href":"https:\/\/diariodelsurdigital.com.ar\/index.php?rest_route=\/wp\/v2\/media\/2931"}],"wp:attachment":[{"href":"https:\/\/diariodelsurdigital.com.ar\/index.php?rest_route=%2Fwp%2Fv2%2Fmedia&parent=2930"}],"wp:term":[{"taxonomy":"category","embeddable":true,"href":"https:\/\/diariodelsurdigital.com.ar\/index.php?rest_route=%2Fwp%2Fv2%2Fcategories&post=2930"},{"taxonomy":"post_tag","embeddable":true,"href":"https:\/\/diariodelsurdigital.com.ar\/index.php?rest_route=%2Fwp%2Fv2%2Ftags&post=2930"}],"curies":[{"name":"wp","href":"https:\/\/api.w.org\/{rel}","templated":true}]}}