{"id":2944,"date":"2025-06-02T09:54:48","date_gmt":"2025-06-02T12:54:48","guid":{"rendered":"https:\/\/diariodelsurdigital.com.ar\/?p=2944"},"modified":"2025-06-02T09:54:51","modified_gmt":"2025-06-02T12:54:51","slug":"historico-platense-se-consagro-campeon-del-futbol-argentino-por-primera-vez","status":"publish","type":"post","link":"https:\/\/diariodelsurdigital.com.ar\/?p=2944","title":{"rendered":"Hist\u00f3rico: Platense se consagr\u00f3 campe\u00f3n del f\u00fatbol argentino por primera vez"},"content":{"rendered":"\n<p>A los 18 minutos del segundo tiempo el delantero Guido Mainero puso el 1-0 de Platense sobre Hurac\u00e1n para darle al \u00abCalamar\u00bb su primer t\u00edtulo en 120 a\u00f1os de historia.<\/p>\n\n\n\n<p>Platense hizo historia en Santiago del Estero tras vencer a Hurac\u00e1n por 1-0 y consagrarse campe\u00f3n del Torneo Apertura 2025. Este es el primer t\u00edtulo que logra el club de Vicente L\u00f3pez en sus 120 a\u00f1os de historia.<\/p>\n\n\n\n<p>El delantero Guido Mainero convirti\u00f3 el gol que llev\u00f3 al \u00abCalamar\u00bb a la consagraci\u00f3n a los 18 minutos del segundo tiempo con una gran definici\u00f3n tras una pelota parada.<\/p>\n\n\n\n<p>Platense logr\u00f3 llegar a la final luego de haber superado al \u00abCicl\u00f3n\u00bb 1-0 de visitante por la semifinal y tras eliminar tambi\u00e9n a River y Racing.<\/p>\n\n\n\n<p>As\u00ed fue como llegaron a la gran final, en el Estadio \u00danico Madre de Ciudades de Santiago del Estero. El rival de turno era Hurac\u00e1n, que ten\u00eda en su espalda la pesada carga de cortar con una sequ\u00eda de 52 a\u00f1os sin sumar una estrella de liga.<\/p>\n\n\n\n<p>El \u00abGlobo\u00bb, que el a\u00f1o pasado pele\u00f3 la Liga Profesional hasta la \u00faltima fecha, lleg\u00f3 confiado, luego de bajar a dos grandes candidatos como Rosario Central e Independiente.<\/p>\n\n\n\n<p>Pero nuevamente Platense demostr\u00f3 por qu\u00e9 es el mejor equipo del f\u00fatbol argentino actualmente. Prolijo en defensa, r\u00e1pido para contraatacar y con todos sus jugadores extremadamente concentrados para evitar un error que podr\u00eda haber sido fatal.<\/p>\n\n\n\n<p>Durante la fase regular del torneo, el \u00abCalamar\u00bb hab\u00eda finalizado sexto en la Zona B con 23 unidades. El nuevo formato del f\u00fatbol argentino lo favoreci\u00f3 en gran medida al equipo de Vicente L\u00f3pez ya que es la segunda final consecutiva que disputar\u00e1 en una Copa de la Liga con playoffs: la otra fue contra Rosario Central (perdi\u00f3 1-0) en diciembre de 2023. Con este mismo esquema, volvi\u00f3 a acceder a la final y ahora s\u00ed logr\u00f3 conseguir el primer t\u00edtulo de su historia.<\/p>\n\n\n\n<p>A partir de esta consagraci\u00f3n, Platense tiene garantizada la clasificaci\u00f3n a la Copa Libertadores 2026, lo que representa un ingreso m\u00ednimo de US$6 millones y la oportunidad de competir en el torneo m\u00e1s prestigioso de clubes en Am\u00e9rica. Adem\u00e1s, el premio por parte de la AFA ser\u00eda una suma de 500 mil d\u00f3lares.<\/p>\n","protected":false},"excerpt":{"rendered":"<p>A los 18 minutos del segundo tiempo el delantero Guido Mainero puso el 1-0 de Platense sobre Hurac\u00e1n para darle al \u00abCalamar\u00bb su primer t\u00edtulo en 120 a\u00f1os de historia. Platense hizo historia en Santiago del Estero tras vencer a Hurac\u00e1n por 1-0 y consagrarse campe\u00f3n del Torneo Apertura 2025. Este es el primer t\u00edtulo [&hellip;]<\/p>\n","protected":false},"author":4,"featured_media":2945,"comment_status":"open","ping_status":"open","sticky":false,"template":"","format":"standard","meta":{"footnotes":""},"categories":[19,18],"tags":[],"class_list":{"0":"post-2944","1":"post","2":"type-post","3":"status-publish","4":"format-standard","5":"has-post-thumbnail","7":"category-interes-general","8":"category-nacionales"},"yoast_head":"<!-- This site is optimized with the Yoast SEO plugin v27.4 - https:\/\/yoast.com\/product\/yoast-seo-wordpress\/ -->\n<title>Hist\u00f3rico: Platense se consagr\u00f3 campe\u00f3n del f\u00fatbol argentino por primera vez - Diario del Sur<\/title>\n<meta name=\"robots\" content=\"index, follow, max-snippet:-1, max-image-preview:large, max-video-preview:-1\" \/>\n<link rel=\"canonical\" href=\"https:\/\/diariodelsurdigital.com.ar\/?p=2944\" \/>\n<meta property=\"og:locale\" content=\"es_ES\" \/>\n<meta property=\"og:type\" content=\"article\" \/>\n<meta property=\"og:title\" content=\"Hist\u00f3rico: Platense se consagr\u00f3 campe\u00f3n del f\u00fatbol argentino por primera vez - Diario del Sur\" \/>\n<meta property=\"og:description\" content=\"A los 18 minutos del segundo tiempo el delantero Guido Mainero puso el 1-0 de Platense sobre Hurac\u00e1n para darle al \u00abCalamar\u00bb su primer t\u00edtulo en 120 a\u00f1os de historia. Platense hizo historia en Santiago del Estero tras vencer a Hurac\u00e1n por 1-0 y consagrarse campe\u00f3n del Torneo Apertura 2025. Este es el primer t\u00edtulo [&hellip;]\" \/>\n<meta property=\"og:url\" content=\"https:\/\/diariodelsurdigital.com.ar\/?p=2944\" \/>\n<meta property=\"og:site_name\" content=\"Diario del Sur\" \/>\n<meta property=\"article:published_time\" content=\"2025-06-02T12:54:48+00:00\" \/>\n<meta property=\"article:modified_time\" content=\"2025-06-02T12:54:51+00:00\" \/>\n<meta property=\"og:image\" content=\"https:\/\/diariodelsurdigital.com.ar\/wp-content\/uploads\/2025\/06\/md-80.webp\" \/>\n\t<meta property=\"og:image:width\" content=\"992\" \/>\n\t<meta property=\"og:image:height\" content=\"557\" \/>\n\t<meta property=\"og:image:type\" content=\"image\/webp\" \/>\n<meta name=\"author\" content=\"Diario del Sur Digital\" \/>\n<meta name=\"twitter:card\" content=\"summary_large_image\" \/>\n<meta name=\"twitter:label1\" content=\"Escrito por\" \/>\n\t<meta name=\"twitter:data1\" content=\"Diario del Sur Digital\" \/>\n\t<meta name=\"twitter:label2\" content=\"Tiempo de lectura\" \/>\n\t<meta name=\"twitter:data2\" content=\"2 minutos\" \/>\n<script type=\"application\/ld+json\" class=\"yoast-schema-graph\">{\"@context\":\"https:\\\/\\\/schema.org\",\"@graph\":[{\"@type\":\"Article\",\"@id\":\"https:\\\/\\\/diariodelsurdigital.com.ar\\\/?p=2944#article\",\"isPartOf\":{\"@id\":\"https:\\\/\\\/diariodelsurdigital.com.ar\\\/?p=2944\"},\"author\":{\"name\":\"Diario del Sur Digital\",\"@id\":\"https:\\\/\\\/diariodelsurdigital.com.ar\\\/#\\\/schema\\\/person\\\/1a4992532ed62965c968031b49195c81\"},\"headline\":\"Hist\u00f3rico: Platense se consagr\u00f3 campe\u00f3n del f\u00fatbol argentino por primera vez\",\"datePublished\":\"2025-06-02T12:54:48+00:00\",\"dateModified\":\"2025-06-02T12:54:51+00:00\",\"mainEntityOfPage\":{\"@id\":\"https:\\\/\\\/diariodelsurdigital.com.ar\\\/?p=2944\"},\"wordCount\":407,\"commentCount\":0,\"image\":{\"@id\":\"https:\\\/\\\/diariodelsurdigital.com.ar\\\/?p=2944#primaryimage\"},\"thumbnailUrl\":\"https:\\\/\\\/diariodelsurdigital.com.ar\\\/wp-content\\\/uploads\\\/2025\\\/06\\\/md-80.webp\",\"articleSection\":[\"Inter\u00e9s General\",\"Nacionales\"],\"inLanguage\":\"es\",\"potentialAction\":[{\"@type\":\"CommentAction\",\"name\":\"Comment\",\"target\":[\"https:\\\/\\\/diariodelsurdigital.com.ar\\\/?p=2944#respond\"]}]},{\"@type\":\"WebPage\",\"@id\":\"https:\\\/\\\/diariodelsurdigital.com.ar\\\/?p=2944\",\"url\":\"https:\\\/\\\/diariodelsurdigital.com.ar\\\/?p=2944\",\"name\":\"Hist\u00f3rico: Platense se consagr\u00f3 campe\u00f3n del f\u00fatbol argentino por primera vez - Diario del Sur\",\"isPartOf\":{\"@id\":\"https:\\\/\\\/diariodelsurdigital.com.ar\\\/#website\"},\"primaryImageOfPage\":{\"@id\":\"https:\\\/\\\/diariodelsurdigital.com.ar\\\/?p=2944#primaryimage\"},\"image\":{\"@id\":\"https:\\\/\\\/diariodelsurdigital.com.ar\\\/?p=2944#primaryimage\"},\"thumbnailUrl\":\"https:\\\/\\\/diariodelsurdigital.com.ar\\\/wp-content\\\/uploads\\\/2025\\\/06\\\/md-80.webp\",\"datePublished\":\"2025-06-02T12:54:48+00:00\",\"dateModified\":\"2025-06-02T12:54:51+00:00\",\"author\":{\"@id\":\"https:\\\/\\\/diariodelsurdigital.com.ar\\\/#\\\/schema\\\/person\\\/1a4992532ed62965c968031b49195c81\"},\"breadcrumb\":{\"@id\":\"https:\\\/\\\/diariodelsurdigital.com.ar\\\/?p=2944#breadcrumb\"},\"inLanguage\":\"es\",\"potentialAction\":[{\"@type\":\"ReadAction\",\"target\":[\"https:\\\/\\\/diariodelsurdigital.com.ar\\\/?p=2944\"]}]},{\"@type\":\"ImageObject\",\"inLanguage\":\"es\",\"@id\":\"https:\\\/\\\/diariodelsurdigital.com.ar\\\/?p=2944#primaryimage\",\"url\":\"https:\\\/\\\/diariodelsurdigital.com.ar\\\/wp-content\\\/uploads\\\/2025\\\/06\\\/md-80.webp\",\"contentUrl\":\"https:\\\/\\\/diariodelsurdigital.com.ar\\\/wp-content\\\/uploads\\\/2025\\\/06\\\/md-80.webp\",\"width\":992,\"height\":557},{\"@type\":\"BreadcrumbList\",\"@id\":\"https:\\\/\\\/diariodelsurdigital.com.ar\\\/?p=2944#breadcrumb\",\"itemListElement\":[{\"@type\":\"ListItem\",\"position\":1,\"name\":\"Portada\",\"item\":\"https:\\\/\\\/diariodelsurdigital.com.ar\\\/\"},{\"@type\":\"ListItem\",\"position\":2,\"name\":\"Hist\u00f3rico: Platense se consagr\u00f3 campe\u00f3n del f\u00fatbol argentino por primera vez\"}]},{\"@type\":\"WebSite\",\"@id\":\"https:\\\/\\\/diariodelsurdigital.com.ar\\\/#website\",\"url\":\"https:\\\/\\\/diariodelsurdigital.com.ar\\\/\",\"name\":\"Diario del Sur\",\"description\":\"Digital\",\"potentialAction\":[{\"@type\":\"SearchAction\",\"target\":{\"@type\":\"EntryPoint\",\"urlTemplate\":\"https:\\\/\\\/diariodelsurdigital.com.ar\\\/?s={search_term_string}\"},\"query-input\":{\"@type\":\"PropertyValueSpecification\",\"valueRequired\":true,\"valueName\":\"search_term_string\"}}],\"inLanguage\":\"es\"},{\"@type\":\"Person\",\"@id\":\"https:\\\/\\\/diariodelsurdigital.com.ar\\\/#\\\/schema\\\/person\\\/1a4992532ed62965c968031b49195c81\",\"name\":\"Diario del Sur Digital\",\"image\":{\"@type\":\"ImageObject\",\"inLanguage\":\"es\",\"@id\":\"https:\\\/\\\/secure.gravatar.com\\\/avatar\\\/f0c7c47fc7146d19828273b9b8eda651c9c7ab583767e6338d3d3bee825adf76?s=96&d=mm&r=g\",\"url\":\"https:\\\/\\\/secure.gravatar.com\\\/avatar\\\/f0c7c47fc7146d19828273b9b8eda651c9c7ab583767e6338d3d3bee825adf76?s=96&d=mm&r=g\",\"contentUrl\":\"https:\\\/\\\/secure.gravatar.com\\\/avatar\\\/f0c7c47fc7146d19828273b9b8eda651c9c7ab583767e6338d3d3bee825adf76?s=96&d=mm&r=g\",\"caption\":\"Diario del Sur Digital\"},\"url\":\"https:\\\/\\\/diariodelsurdigital.com.ar\\\/?author=4\"}]}<\/script>\n<!-- \/ Yoast SEO plugin. -->","yoast_head_json":{"title":"Hist\u00f3rico: Platense se consagr\u00f3 campe\u00f3n del f\u00fatbol argentino por primera vez - Diario del Sur","robots":{"index":"index","follow":"follow","max-snippet":"max-snippet:-1","max-image-preview":"max-image-preview:large","max-video-preview":"max-video-preview:-1"},"canonical":"https:\/\/diariodelsurdigital.com.ar\/?p=2944","og_locale":"es_ES","og_type":"article","og_title":"Hist\u00f3rico: Platense se consagr\u00f3 campe\u00f3n del f\u00fatbol argentino por primera vez - Diario del Sur","og_description":"A los 18 minutos del segundo tiempo el delantero Guido Mainero puso el 1-0 de Platense sobre Hurac\u00e1n para darle al \u00abCalamar\u00bb su primer t\u00edtulo en 120 a\u00f1os de historia. Platense hizo historia en Santiago del Estero tras vencer a Hurac\u00e1n por 1-0 y consagrarse campe\u00f3n del Torneo Apertura 2025. Este es el primer t\u00edtulo [&hellip;]","og_url":"https:\/\/diariodelsurdigital.com.ar\/?p=2944","og_site_name":"Diario del Sur","article_published_time":"2025-06-02T12:54:48+00:00","article_modified_time":"2025-06-02T12:54:51+00:00","og_image":[{"width":992,"height":557,"url":"https:\/\/diariodelsurdigital.com.ar\/wp-content\/uploads\/2025\/06\/md-80.webp","type":"image\/webp"}],"author":"Diario del Sur Digital","twitter_card":"summary_large_image","twitter_misc":{"Escrito por":"Diario del Sur Digital","Tiempo de lectura":"2 minutos"},"schema":{"@context":"https:\/\/schema.org","@graph":[{"@type":"Article","@id":"https:\/\/diariodelsurdigital.com.ar\/?p=2944#article","isPartOf":{"@id":"https:\/\/diariodelsurdigital.com.ar\/?p=2944"},"author":{"name":"Diario del Sur Digital","@id":"https:\/\/diariodelsurdigital.com.ar\/#\/schema\/person\/1a4992532ed62965c968031b49195c81"},"headline":"Hist\u00f3rico: Platense se consagr\u00f3 campe\u00f3n del f\u00fatbol argentino por primera vez","datePublished":"2025-06-02T12:54:48+00:00","dateModified":"2025-06-02T12:54:51+00:00","mainEntityOfPage":{"@id":"https:\/\/diariodelsurdigital.com.ar\/?p=2944"},"wordCount":407,"commentCount":0,"image":{"@id":"https:\/\/diariodelsurdigital.com.ar\/?p=2944#primaryimage"},"thumbnailUrl":"https:\/\/diariodelsurdigital.com.ar\/wp-content\/uploads\/2025\/06\/md-80.webp","articleSection":["Inter\u00e9s General","Nacionales"],"inLanguage":"es","potentialAction":[{"@type":"CommentAction","name":"Comment","target":["https:\/\/diariodelsurdigital.com.ar\/?p=2944#respond"]}]},{"@type":"WebPage","@id":"https:\/\/diariodelsurdigital.com.ar\/?p=2944","url":"https:\/\/diariodelsurdigital.com.ar\/?p=2944","name":"Hist\u00f3rico: Platense se consagr\u00f3 campe\u00f3n del f\u00fatbol argentino por primera vez - Diario del Sur","isPartOf":{"@id":"https:\/\/diariodelsurdigital.com.ar\/#website"},"primaryImageOfPage":{"@id":"https:\/\/diariodelsurdigital.com.ar\/?p=2944#primaryimage"},"image":{"@id":"https:\/\/diariodelsurdigital.com.ar\/?p=2944#primaryimage"},"thumbnailUrl":"https:\/\/diariodelsurdigital.com.ar\/wp-content\/uploads\/2025\/06\/md-80.webp","datePublished":"2025-06-02T12:54:48+00:00","dateModified":"2025-06-02T12:54:51+00:00","author":{"@id":"https:\/\/diariodelsurdigital.com.ar\/#\/schema\/person\/1a4992532ed62965c968031b49195c81"},"breadcrumb":{"@id":"https:\/\/diariodelsurdigital.com.ar\/?p=2944#breadcrumb"},"inLanguage":"es","potentialAction":[{"@type":"ReadAction","target":["https:\/\/diariodelsurdigital.com.ar\/?p=2944"]}]},{"@type":"ImageObject","inLanguage":"es","@id":"https:\/\/diariodelsurdigital.com.ar\/?p=2944#primaryimage","url":"https:\/\/diariodelsurdigital.com.ar\/wp-content\/uploads\/2025\/06\/md-80.webp","contentUrl":"https:\/\/diariodelsurdigital.com.ar\/wp-content\/uploads\/2025\/06\/md-80.webp","width":992,"height":557},{"@type":"BreadcrumbList","@id":"https:\/\/diariodelsurdigital.com.ar\/?p=2944#breadcrumb","itemListElement":[{"@type":"ListItem","position":1,"name":"Portada","item":"https:\/\/diariodelsurdigital.com.ar\/"},{"@type":"ListItem","position":2,"name":"Hist\u00f3rico: Platense se consagr\u00f3 campe\u00f3n del f\u00fatbol argentino por primera vez"}]},{"@type":"WebSite","@id":"https:\/\/diariodelsurdigital.com.ar\/#website","url":"https:\/\/diariodelsurdigital.com.ar\/","name":"Diario del Sur","description":"Digital","potentialAction":[{"@type":"SearchAction","target":{"@type":"EntryPoint","urlTemplate":"https:\/\/diariodelsurdigital.com.ar\/?s={search_term_string}"},"query-input":{"@type":"PropertyValueSpecification","valueRequired":true,"valueName":"search_term_string"}}],"inLanguage":"es"},{"@type":"Person","@id":"https:\/\/diariodelsurdigital.com.ar\/#\/schema\/person\/1a4992532ed62965c968031b49195c81","name":"Diario del Sur Digital","image":{"@type":"ImageObject","inLanguage":"es","@id":"https:\/\/secure.gravatar.com\/avatar\/f0c7c47fc7146d19828273b9b8eda651c9c7ab583767e6338d3d3bee825adf76?s=96&d=mm&r=g","url":"https:\/\/secure.gravatar.com\/avatar\/f0c7c47fc7146d19828273b9b8eda651c9c7ab583767e6338d3d3bee825adf76?s=96&d=mm&r=g","contentUrl":"https:\/\/secure.gravatar.com\/avatar\/f0c7c47fc7146d19828273b9b8eda651c9c7ab583767e6338d3d3bee825adf76?s=96&d=mm&r=g","caption":"Diario del Sur Digital"},"url":"https:\/\/diariodelsurdigital.com.ar\/?author=4"}]}},"_links":{"self":[{"href":"https:\/\/diariodelsurdigital.com.ar\/index.php?rest_route=\/wp\/v2\/posts\/2944","targetHints":{"allow":["GET"]}}],"collection":[{"href":"https:\/\/diariodelsurdigital.com.ar\/index.php?rest_route=\/wp\/v2\/posts"}],"about":[{"href":"https:\/\/diariodelsurdigital.com.ar\/index.php?rest_route=\/wp\/v2\/types\/post"}],"author":[{"embeddable":true,"href":"https:\/\/diariodelsurdigital.com.ar\/index.php?rest_route=\/wp\/v2\/users\/4"}],"replies":[{"embeddable":true,"href":"https:\/\/diariodelsurdigital.com.ar\/index.php?rest_route=%2Fwp%2Fv2%2Fcomments&post=2944"}],"version-history":[{"count":1,"href":"https:\/\/diariodelsurdigital.com.ar\/index.php?rest_route=\/wp\/v2\/posts\/2944\/revisions"}],"predecessor-version":[{"id":2946,"href":"https:\/\/diariodelsurdigital.com.ar\/index.php?rest_route=\/wp\/v2\/posts\/2944\/revisions\/2946"}],"wp:featuredmedia":[{"embeddable":true,"href":"https:\/\/diariodelsurdigital.com.ar\/index.php?rest_route=\/wp\/v2\/media\/2945"}],"wp:attachment":[{"href":"https:\/\/diariodelsurdigital.com.ar\/index.php?rest_route=%2Fwp%2Fv2%2Fmedia&parent=2944"}],"wp:term":[{"taxonomy":"category","embeddable":true,"href":"https:\/\/diariodelsurdigital.com.ar\/index.php?rest_route=%2Fwp%2Fv2%2Fcategories&post=2944"},{"taxonomy":"post_tag","embeddable":true,"href":"https:\/\/diariodelsurdigital.com.ar\/index.php?rest_route=%2Fwp%2Fv2%2Ftags&post=2944"}],"curies":[{"name":"wp","href":"https:\/\/api.w.org\/{rel}","templated":true}]}}