{"id":2947,"date":"2025-06-02T09:57:46","date_gmt":"2025-06-02T12:57:46","guid":{"rendered":"https:\/\/diariodelsurdigital.com.ar\/?p=2947"},"modified":"2025-06-02T09:57:50","modified_gmt":"2025-06-02T12:57:50","slug":"hoy-diputados-comienza-a-debatir-el-proyecto-que-disuelve-el-iosper-y-crea-una-nueva-obra-social","status":"publish","type":"post","link":"https:\/\/diariodelsurdigital.com.ar\/?p=2947","title":{"rendered":"Hoy Diputados comienza a debatir el proyecto que disuelve el Iosper y crea una nueva obra social"},"content":{"rendered":"\n<p>Luego de la media sanci\u00f3n que obtuvo el mi\u00e9rcoles pasado -en el marco de una semana atravesada por fuertes protestas-, este lunes la C\u00e1mara de Diputados comienza a tratar la iniciativa impulsada por el Gobierno provincial que dispone la disoluci\u00f3n del Iosper y la creaci\u00f3n de una nueva obra social: OSER. A las 16 hs el resistido proyecto ser\u00e1 sometido a debate en un plenario de comisiones, informaron fuentes legislativas.<\/p>\n\n\n\n<p><br>El controversial proyecto de ley que establece la creaci\u00f3n de la Obra Social de Entre R\u00edos (OSER) comenzar\u00e1 a ser abordado por la C\u00e1mara de Diputados luego de la media sanci\u00f3n que obtuvo el mi\u00e9rcoles en el Senado gracias a la abstenci\u00f3n de dos senadoras justicialistas: Nancy Miranda (Federal) y Gladys Dom\u00ednguez (Feliciano).<\/p>\n\n\n\n<p>Media sanci\u00f3n para la OSER: El pol\u00e9mico fin del Iosper en medio de una multitudinaria manifestaci\u00f3n<br>El inicio del debate tiene hora y lugar: quienes integran la Comisi\u00f3n de Legislaci\u00f3n General, la de Presupuesto y la de Salud se reunir\u00e1n este lunes a las 16 en el Sal\u00f3n de los Pasos Perdidos de la C\u00e1mara de Diputados.<\/p>\n\n\n\n<p>El tratamiento del proyecto en el Senado gener\u00f3 un intenso debate en un escenario signado por m\u00faltiples protestas de parte de la gran mayor\u00eda de los gremios: hubo huelga de hambre e incluso el gremio docente Agmer instal\u00f3 una carpa frente a la Casa de Gobierno como se\u00f1al de protesta ante la intenci\u00f3n del Gobierno de disolver el Iosper.<\/p>\n\n\n\n<p>El debate en Diputados<\/p>\n\n\n\n<p>Si bien el bloque oficialista (Juntos por Entre R\u00edos) tiene mayor\u00eda en la C\u00e1mara de Diputados (a diferencia de lo que ocurre en el senado), existe incertidumbre sobre algunos votos clave.<\/p>\n\n\n\n<p>D\u00edas atr\u00e1s el radical Fabi\u00e1n Rogel -durante un homenaje al fallecido ex intendente Sergio Varisco- puso en duda su voto a favor de la OSER y consider\u00f3 que \u00abse necesita m\u00e1s debate\u00bb. Por otra parte, el socialista Juan Rossi se acerc\u00f3 al jubilado que realiz\u00f3 una huelga de hambre en contra de la disoluci\u00f3n del Iosper, Tom\u00e1s Ca\u00edno.<\/p>\n\n\n\n<p>Un factor a tener en cuenta es que la intervenci\u00f3n de la obra social, a cargo de Mariano Gallegos, concluir\u00e1 a mediados de junio y el gobernador Rogelio Frigerio apuesta a que el proyecto sea aprobado antes de que se cumpla el plazo de seis meses de la Intervenci\u00f3n.<\/p>\n\n\n\n<p>Puntos clave del proyecto tras las modificaciones en el Senado:<\/p>\n\n\n\n<p>-Dependencia: La OSER depender\u00e1 directamente del Ministerio de Salud.<\/p>\n\n\n\n<p>-Directorio: Estar\u00e1 compuesto por un Presidente y un Vicepresidente designados por el Poder Ejecutivo, y dos Vocales propuestos por gremios docentes y estatales. Los directores ser\u00e1n responsables con su patrimonio por perjuicios causados.<\/p>\n\n\n\n<p>-Consejo Consultivo: Se crear\u00e1 un consejo ad honorem con representaci\u00f3n de todos los sectores del ex Iosper, con car\u00e1cter asesor y sin voto.<\/p>\n\n\n\n<p>-Afiliaci\u00f3n: Los actuales afiliados al Iosper ser\u00e1n autom\u00e1ticamente incorporados a la OSER.<\/p>\n\n\n\n<p>-Fiscalizaci\u00f3n: Se incorporan dos S\u00edndicos Fiscalizadores, uno de ellos propuesto por la oposici\u00f3n.<\/p>\n\n\n\n<p>-Transparencia: Se establecen obligaciones de transparencia activa, incluyendo la publicaci\u00f3n de autoridades, sueldos y contrataciones en un sitio web.<\/p>\n","protected":false},"excerpt":{"rendered":"<p>Luego de la media sanci\u00f3n que obtuvo el mi\u00e9rcoles pasado -en el marco de una semana atravesada por fuertes protestas-, este lunes la C\u00e1mara de Diputados comienza a tratar la iniciativa impulsada por el Gobierno provincial que dispone la disoluci\u00f3n del Iosper y la creaci\u00f3n de una nueva obra social: OSER. A las 16 hs [&hellip;]<\/p>\n","protected":false},"author":4,"featured_media":2948,"comment_status":"open","ping_status":"open","sticky":false,"template":"","format":"standard","meta":{"footnotes":""},"categories":[22,17],"tags":[],"class_list":{"0":"post-2947","1":"post","2":"type-post","3":"status-publish","4":"format-standard","5":"has-post-thumbnail","7":"category-politica","8":"category-provinciales"},"yoast_head":"<!-- This site is optimized with the Yoast SEO plugin v27.4 - https:\/\/yoast.com\/product\/yoast-seo-wordpress\/ -->\n<title>Hoy Diputados comienza a debatir el proyecto que disuelve el Iosper y crea una nueva obra social - Diario del Sur<\/title>\n<meta name=\"robots\" content=\"index, follow, max-snippet:-1, max-image-preview:large, max-video-preview:-1\" \/>\n<link rel=\"canonical\" href=\"https:\/\/diariodelsurdigital.com.ar\/?p=2947\" \/>\n<meta property=\"og:locale\" content=\"es_ES\" \/>\n<meta property=\"og:type\" content=\"article\" \/>\n<meta property=\"og:title\" content=\"Hoy Diputados comienza a debatir el proyecto que disuelve el Iosper y crea una nueva obra social - Diario del Sur\" \/>\n<meta property=\"og:description\" content=\"Luego de la media sanci\u00f3n que obtuvo el mi\u00e9rcoles pasado -en el marco de una semana atravesada por fuertes protestas-, este lunes la C\u00e1mara de Diputados comienza a tratar la iniciativa impulsada por el Gobierno provincial que dispone la disoluci\u00f3n del Iosper y la creaci\u00f3n de una nueva obra social: OSER. A las 16 hs [&hellip;]\" \/>\n<meta property=\"og:url\" content=\"https:\/\/diariodelsurdigital.com.ar\/?p=2947\" \/>\n<meta property=\"og:site_name\" content=\"Diario del Sur\" \/>\n<meta property=\"article:published_time\" content=\"2025-06-02T12:57:46+00:00\" \/>\n<meta property=\"article:modified_time\" content=\"2025-06-02T12:57:50+00:00\" \/>\n<meta property=\"og:image\" content=\"https:\/\/diariodelsurdigital.com.ar\/wp-content\/uploads\/2025\/06\/md-81.webp\" \/>\n\t<meta property=\"og:image:width\" content=\"992\" \/>\n\t<meta property=\"og:image:height\" content=\"661\" \/>\n\t<meta property=\"og:image:type\" content=\"image\/webp\" \/>\n<meta name=\"author\" content=\"Diario del Sur Digital\" \/>\n<meta name=\"twitter:card\" content=\"summary_large_image\" \/>\n<meta name=\"twitter:label1\" content=\"Escrito por\" \/>\n\t<meta name=\"twitter:data1\" content=\"Diario del Sur Digital\" \/>\n\t<meta name=\"twitter:label2\" content=\"Tiempo de lectura\" \/>\n\t<meta name=\"twitter:data2\" content=\"3 minutos\" \/>\n<script type=\"application\/ld+json\" class=\"yoast-schema-graph\">{\"@context\":\"https:\\\/\\\/schema.org\",\"@graph\":[{\"@type\":\"Article\",\"@id\":\"https:\\\/\\\/diariodelsurdigital.com.ar\\\/?p=2947#article\",\"isPartOf\":{\"@id\":\"https:\\\/\\\/diariodelsurdigital.com.ar\\\/?p=2947\"},\"author\":{\"name\":\"Diario del Sur Digital\",\"@id\":\"https:\\\/\\\/diariodelsurdigital.com.ar\\\/#\\\/schema\\\/person\\\/1a4992532ed62965c968031b49195c81\"},\"headline\":\"Hoy Diputados comienza a debatir el proyecto que disuelve el Iosper y crea una nueva obra social\",\"datePublished\":\"2025-06-02T12:57:46+00:00\",\"dateModified\":\"2025-06-02T12:57:50+00:00\",\"mainEntityOfPage\":{\"@id\":\"https:\\\/\\\/diariodelsurdigital.com.ar\\\/?p=2947\"},\"wordCount\":560,\"commentCount\":0,\"image\":{\"@id\":\"https:\\\/\\\/diariodelsurdigital.com.ar\\\/?p=2947#primaryimage\"},\"thumbnailUrl\":\"https:\\\/\\\/diariodelsurdigital.com.ar\\\/wp-content\\\/uploads\\\/2025\\\/06\\\/md-81.webp\",\"articleSection\":[\"Pol\u00edtica\",\"Provinciales\"],\"inLanguage\":\"es\",\"potentialAction\":[{\"@type\":\"CommentAction\",\"name\":\"Comment\",\"target\":[\"https:\\\/\\\/diariodelsurdigital.com.ar\\\/?p=2947#respond\"]}]},{\"@type\":\"WebPage\",\"@id\":\"https:\\\/\\\/diariodelsurdigital.com.ar\\\/?p=2947\",\"url\":\"https:\\\/\\\/diariodelsurdigital.com.ar\\\/?p=2947\",\"name\":\"Hoy Diputados comienza a debatir el proyecto que disuelve el Iosper y crea una nueva obra social - Diario del Sur\",\"isPartOf\":{\"@id\":\"https:\\\/\\\/diariodelsurdigital.com.ar\\\/#website\"},\"primaryImageOfPage\":{\"@id\":\"https:\\\/\\\/diariodelsurdigital.com.ar\\\/?p=2947#primaryimage\"},\"image\":{\"@id\":\"https:\\\/\\\/diariodelsurdigital.com.ar\\\/?p=2947#primaryimage\"},\"thumbnailUrl\":\"https:\\\/\\\/diariodelsurdigital.com.ar\\\/wp-content\\\/uploads\\\/2025\\\/06\\\/md-81.webp\",\"datePublished\":\"2025-06-02T12:57:46+00:00\",\"dateModified\":\"2025-06-02T12:57:50+00:00\",\"author\":{\"@id\":\"https:\\\/\\\/diariodelsurdigital.com.ar\\\/#\\\/schema\\\/person\\\/1a4992532ed62965c968031b49195c81\"},\"breadcrumb\":{\"@id\":\"https:\\\/\\\/diariodelsurdigital.com.ar\\\/?p=2947#breadcrumb\"},\"inLanguage\":\"es\",\"potentialAction\":[{\"@type\":\"ReadAction\",\"target\":[\"https:\\\/\\\/diariodelsurdigital.com.ar\\\/?p=2947\"]}]},{\"@type\":\"ImageObject\",\"inLanguage\":\"es\",\"@id\":\"https:\\\/\\\/diariodelsurdigital.com.ar\\\/?p=2947#primaryimage\",\"url\":\"https:\\\/\\\/diariodelsurdigital.com.ar\\\/wp-content\\\/uploads\\\/2025\\\/06\\\/md-81.webp\",\"contentUrl\":\"https:\\\/\\\/diariodelsurdigital.com.ar\\\/wp-content\\\/uploads\\\/2025\\\/06\\\/md-81.webp\",\"width\":992,\"height\":661},{\"@type\":\"BreadcrumbList\",\"@id\":\"https:\\\/\\\/diariodelsurdigital.com.ar\\\/?p=2947#breadcrumb\",\"itemListElement\":[{\"@type\":\"ListItem\",\"position\":1,\"name\":\"Portada\",\"item\":\"https:\\\/\\\/diariodelsurdigital.com.ar\\\/\"},{\"@type\":\"ListItem\",\"position\":2,\"name\":\"Hoy Diputados comienza a debatir el proyecto que disuelve el Iosper y crea una nueva obra social\"}]},{\"@type\":\"WebSite\",\"@id\":\"https:\\\/\\\/diariodelsurdigital.com.ar\\\/#website\",\"url\":\"https:\\\/\\\/diariodelsurdigital.com.ar\\\/\",\"name\":\"Diario del Sur\",\"description\":\"Digital\",\"potentialAction\":[{\"@type\":\"SearchAction\",\"target\":{\"@type\":\"EntryPoint\",\"urlTemplate\":\"https:\\\/\\\/diariodelsurdigital.com.ar\\\/?s={search_term_string}\"},\"query-input\":{\"@type\":\"PropertyValueSpecification\",\"valueRequired\":true,\"valueName\":\"search_term_string\"}}],\"inLanguage\":\"es\"},{\"@type\":\"Person\",\"@id\":\"https:\\\/\\\/diariodelsurdigital.com.ar\\\/#\\\/schema\\\/person\\\/1a4992532ed62965c968031b49195c81\",\"name\":\"Diario del Sur Digital\",\"image\":{\"@type\":\"ImageObject\",\"inLanguage\":\"es\",\"@id\":\"https:\\\/\\\/secure.gravatar.com\\\/avatar\\\/f0c7c47fc7146d19828273b9b8eda651c9c7ab583767e6338d3d3bee825adf76?s=96&d=mm&r=g\",\"url\":\"https:\\\/\\\/secure.gravatar.com\\\/avatar\\\/f0c7c47fc7146d19828273b9b8eda651c9c7ab583767e6338d3d3bee825adf76?s=96&d=mm&r=g\",\"contentUrl\":\"https:\\\/\\\/secure.gravatar.com\\\/avatar\\\/f0c7c47fc7146d19828273b9b8eda651c9c7ab583767e6338d3d3bee825adf76?s=96&d=mm&r=g\",\"caption\":\"Diario del Sur Digital\"},\"url\":\"https:\\\/\\\/diariodelsurdigital.com.ar\\\/?author=4\"}]}<\/script>\n<!-- \/ Yoast SEO plugin. -->","yoast_head_json":{"title":"Hoy Diputados comienza a debatir el proyecto que disuelve el Iosper y crea una nueva obra social - Diario del Sur","robots":{"index":"index","follow":"follow","max-snippet":"max-snippet:-1","max-image-preview":"max-image-preview:large","max-video-preview":"max-video-preview:-1"},"canonical":"https:\/\/diariodelsurdigital.com.ar\/?p=2947","og_locale":"es_ES","og_type":"article","og_title":"Hoy Diputados comienza a debatir el proyecto que disuelve el Iosper y crea una nueva obra social - Diario del Sur","og_description":"Luego de la media sanci\u00f3n que obtuvo el mi\u00e9rcoles pasado -en el marco de una semana atravesada por fuertes protestas-, este lunes la C\u00e1mara de Diputados comienza a tratar la iniciativa impulsada por el Gobierno provincial que dispone la disoluci\u00f3n del Iosper y la creaci\u00f3n de una nueva obra social: OSER. A las 16 hs [&hellip;]","og_url":"https:\/\/diariodelsurdigital.com.ar\/?p=2947","og_site_name":"Diario del Sur","article_published_time":"2025-06-02T12:57:46+00:00","article_modified_time":"2025-06-02T12:57:50+00:00","og_image":[{"width":992,"height":661,"url":"https:\/\/diariodelsurdigital.com.ar\/wp-content\/uploads\/2025\/06\/md-81.webp","type":"image\/webp"}],"author":"Diario del Sur Digital","twitter_card":"summary_large_image","twitter_misc":{"Escrito por":"Diario del Sur Digital","Tiempo de lectura":"3 minutos"},"schema":{"@context":"https:\/\/schema.org","@graph":[{"@type":"Article","@id":"https:\/\/diariodelsurdigital.com.ar\/?p=2947#article","isPartOf":{"@id":"https:\/\/diariodelsurdigital.com.ar\/?p=2947"},"author":{"name":"Diario del Sur Digital","@id":"https:\/\/diariodelsurdigital.com.ar\/#\/schema\/person\/1a4992532ed62965c968031b49195c81"},"headline":"Hoy Diputados comienza a debatir el proyecto que disuelve el Iosper y crea una nueva obra social","datePublished":"2025-06-02T12:57:46+00:00","dateModified":"2025-06-02T12:57:50+00:00","mainEntityOfPage":{"@id":"https:\/\/diariodelsurdigital.com.ar\/?p=2947"},"wordCount":560,"commentCount":0,"image":{"@id":"https:\/\/diariodelsurdigital.com.ar\/?p=2947#primaryimage"},"thumbnailUrl":"https:\/\/diariodelsurdigital.com.ar\/wp-content\/uploads\/2025\/06\/md-81.webp","articleSection":["Pol\u00edtica","Provinciales"],"inLanguage":"es","potentialAction":[{"@type":"CommentAction","name":"Comment","target":["https:\/\/diariodelsurdigital.com.ar\/?p=2947#respond"]}]},{"@type":"WebPage","@id":"https:\/\/diariodelsurdigital.com.ar\/?p=2947","url":"https:\/\/diariodelsurdigital.com.ar\/?p=2947","name":"Hoy Diputados comienza a debatir el proyecto que disuelve el Iosper y crea una nueva obra social - Diario del Sur","isPartOf":{"@id":"https:\/\/diariodelsurdigital.com.ar\/#website"},"primaryImageOfPage":{"@id":"https:\/\/diariodelsurdigital.com.ar\/?p=2947#primaryimage"},"image":{"@id":"https:\/\/diariodelsurdigital.com.ar\/?p=2947#primaryimage"},"thumbnailUrl":"https:\/\/diariodelsurdigital.com.ar\/wp-content\/uploads\/2025\/06\/md-81.webp","datePublished":"2025-06-02T12:57:46+00:00","dateModified":"2025-06-02T12:57:50+00:00","author":{"@id":"https:\/\/diariodelsurdigital.com.ar\/#\/schema\/person\/1a4992532ed62965c968031b49195c81"},"breadcrumb":{"@id":"https:\/\/diariodelsurdigital.com.ar\/?p=2947#breadcrumb"},"inLanguage":"es","potentialAction":[{"@type":"ReadAction","target":["https:\/\/diariodelsurdigital.com.ar\/?p=2947"]}]},{"@type":"ImageObject","inLanguage":"es","@id":"https:\/\/diariodelsurdigital.com.ar\/?p=2947#primaryimage","url":"https:\/\/diariodelsurdigital.com.ar\/wp-content\/uploads\/2025\/06\/md-81.webp","contentUrl":"https:\/\/diariodelsurdigital.com.ar\/wp-content\/uploads\/2025\/06\/md-81.webp","width":992,"height":661},{"@type":"BreadcrumbList","@id":"https:\/\/diariodelsurdigital.com.ar\/?p=2947#breadcrumb","itemListElement":[{"@type":"ListItem","position":1,"name":"Portada","item":"https:\/\/diariodelsurdigital.com.ar\/"},{"@type":"ListItem","position":2,"name":"Hoy Diputados comienza a debatir el proyecto que disuelve el Iosper y crea una nueva obra social"}]},{"@type":"WebSite","@id":"https:\/\/diariodelsurdigital.com.ar\/#website","url":"https:\/\/diariodelsurdigital.com.ar\/","name":"Diario del Sur","description":"Digital","potentialAction":[{"@type":"SearchAction","target":{"@type":"EntryPoint","urlTemplate":"https:\/\/diariodelsurdigital.com.ar\/?s={search_term_string}"},"query-input":{"@type":"PropertyValueSpecification","valueRequired":true,"valueName":"search_term_string"}}],"inLanguage":"es"},{"@type":"Person","@id":"https:\/\/diariodelsurdigital.com.ar\/#\/schema\/person\/1a4992532ed62965c968031b49195c81","name":"Diario del Sur Digital","image":{"@type":"ImageObject","inLanguage":"es","@id":"https:\/\/secure.gravatar.com\/avatar\/f0c7c47fc7146d19828273b9b8eda651c9c7ab583767e6338d3d3bee825adf76?s=96&d=mm&r=g","url":"https:\/\/secure.gravatar.com\/avatar\/f0c7c47fc7146d19828273b9b8eda651c9c7ab583767e6338d3d3bee825adf76?s=96&d=mm&r=g","contentUrl":"https:\/\/secure.gravatar.com\/avatar\/f0c7c47fc7146d19828273b9b8eda651c9c7ab583767e6338d3d3bee825adf76?s=96&d=mm&r=g","caption":"Diario del Sur Digital"},"url":"https:\/\/diariodelsurdigital.com.ar\/?author=4"}]}},"_links":{"self":[{"href":"https:\/\/diariodelsurdigital.com.ar\/index.php?rest_route=\/wp\/v2\/posts\/2947","targetHints":{"allow":["GET"]}}],"collection":[{"href":"https:\/\/diariodelsurdigital.com.ar\/index.php?rest_route=\/wp\/v2\/posts"}],"about":[{"href":"https:\/\/diariodelsurdigital.com.ar\/index.php?rest_route=\/wp\/v2\/types\/post"}],"author":[{"embeddable":true,"href":"https:\/\/diariodelsurdigital.com.ar\/index.php?rest_route=\/wp\/v2\/users\/4"}],"replies":[{"embeddable":true,"href":"https:\/\/diariodelsurdigital.com.ar\/index.php?rest_route=%2Fwp%2Fv2%2Fcomments&post=2947"}],"version-history":[{"count":1,"href":"https:\/\/diariodelsurdigital.com.ar\/index.php?rest_route=\/wp\/v2\/posts\/2947\/revisions"}],"predecessor-version":[{"id":2949,"href":"https:\/\/diariodelsurdigital.com.ar\/index.php?rest_route=\/wp\/v2\/posts\/2947\/revisions\/2949"}],"wp:featuredmedia":[{"embeddable":true,"href":"https:\/\/diariodelsurdigital.com.ar\/index.php?rest_route=\/wp\/v2\/media\/2948"}],"wp:attachment":[{"href":"https:\/\/diariodelsurdigital.com.ar\/index.php?rest_route=%2Fwp%2Fv2%2Fmedia&parent=2947"}],"wp:term":[{"taxonomy":"category","embeddable":true,"href":"https:\/\/diariodelsurdigital.com.ar\/index.php?rest_route=%2Fwp%2Fv2%2Fcategories&post=2947"},{"taxonomy":"post_tag","embeddable":true,"href":"https:\/\/diariodelsurdigital.com.ar\/index.php?rest_route=%2Fwp%2Fv2%2Ftags&post=2947"}],"curies":[{"name":"wp","href":"https:\/\/api.w.org\/{rel}","templated":true}]}}