{"id":2950,"date":"2025-06-02T21:53:16","date_gmt":"2025-06-03T00:53:16","guid":{"rendered":"https:\/\/diariodelsurdigital.com.ar\/?p=2950"},"modified":"2025-06-02T21:55:00","modified_gmt":"2025-06-03T00:55:00","slug":"michel-y-bahl-pusieron-el-ultimo-clavo-al-cajon-del-peronismo-entrerriano","status":"publish","type":"post","link":"https:\/\/diariodelsurdigital.com.ar\/?p=2950","title":{"rendered":"Michel y Bahl \u00abpusieron el \u00faltimo clavo al caj\u00f3n del peronismo entrerriano\u00bb"},"content":{"rendered":"\n<h1 class=\"wp-block-heading\">Sin consultar a las bases, \u00abel PJ repite el modelo que lo llev\u00f3 a la derrota\u201d<\/h1>\n\n\n\n<p>En un documento difundido tras el encuentro, los firmantes comprometieron su apoyo a la f\u00f3rmula y destacaron a Michel como \u201cla aparici\u00f3n pol\u00edtica m\u00e1s importante del peronismo en los \u00faltimos a\u00f1os\u201d, mientras que calificaron a Bahl como \u201cel dirigente con mejor imagen en la actualidad\u201d. \u00abEn la foto, la expresi\u00f3n adusta de Bahl parece marcarle el discurso a Michel, como si hasta en la imagen se notara la presi\u00f3n del viejo estilo pol\u00edtico. Las formas del pasado no s\u00f3lo siguen vivas, sino que hasta posan para la c\u00e1mara.\u00bb<\/p>\n\n\n\n<p><\/p>\n\n\n\n<figure class=\"wp-block-image\"><img decoding=\"async\" src=\"https:\/\/diauno.ar\/wp-content\/uploads\/2025\/05\/683a2df191739_940_529.jpg\" alt=\"\" class=\"wp-image-41626\"\/><\/figure>\n\n\n\n<p>Este viernes, en la ciudad de Maci\u00e1,&nbsp;<strong>Guillermo Michel<\/strong>&nbsp;y&nbsp;<strong>Ad\u00e1n Bahl<\/strong>&nbsp;encabezaron una cumbre del PJ entrerriano en la que lograron el respaldo de intendentes y jefes comunales para convertirse en los principales candidatos de cara a las pr\u00f3ximas elecciones legislativas.<\/p>\n\n\n\n<p>Desde sectores del PJ celebraron lo que consideran un paso hacia la \u201cunidad\u201d, tras la derrota en las elecciones de 2023 frente a Rogelio Frigerio por 16 mil votos. Sin embargo,&nbsp;<strong>las cr\u00edticas internas no tardaron en llegar<\/strong>.<\/p>\n\n\n\n<p><strong>Desde distintos espacios peronistas la reacci\u00f3n fue otra: bronca, decepci\u00f3n y repudio. \u201cPusieron el \u00faltimo clavo al caj\u00f3n del peronismo entrerriano\u201d<\/strong>, se\u00f1alan con dureza, apuntando que\u00a0<strong>una vez m\u00e1s las decisiones se tomaron a puertas cerradas, entre pocos y con los mismos nombres de siempre<\/strong>, sin consultar a los Consejos Departamentales, Unidades B\u00e1sicas ni a la militancia indican a Diauno.ar.<\/p>\n\n\n\n<p><strong>Militantes y referentes de base expresaron su profundo malestar<\/strong>&nbsp;por la falta de consensos, advirtiendo que&nbsp;<strong>se volvi\u00f3 a dejar de lado el recambio generacional que tantos sectores vienen reclamando<\/strong>. \u201cEst\u00e1n volviendo a regalar una propuesta que ya nadie quiere consumir\u201d, se\u00f1alaron desde agrupaciones juveniles y espacios militantes.<\/p>\n\n\n\n<p>En Concordia, donde el peronismo atraviesa una de sus crisis m\u00e1s profundas,&nbsp;<strong>las bases ven esta jugada como una continuaci\u00f3n de la vieja receta que llev\u00f3 a la debacle<\/strong>: decisiones impuestas desde la costa del Uruguay, esta vez desde Paran\u00e1 y Concepci\u00f3n del Uruguay, sin participaci\u00f3n ni apertura a nuevas voces.<\/p>\n\n\n\n<p>\u201c<strong>Se est\u00e1n sepultando tres generaciones de militantes que tambi\u00e9n merecen una oportunidad. Es la vieja pol\u00edtica reencarnada en un nuevo intento de imposici\u00f3n<\/strong>\u201d, afirmaron con contundencia, reclamando&nbsp;<strong>abrir el partido a la ciudadan\u00eda y oxigenar una dirigencia que parece no haber entendido el mensaje de las urnas<\/strong>.<\/p>\n\n\n\n<p>\u201cEn la foto, la expresi\u00f3n adusta de Bahl parece marcarle el discurso a Michel, como si hasta en la imagen se notara la presi\u00f3n del viejo estilo pol\u00edtico. Las formas del pasado no s\u00f3lo siguen vivas, sino que hasta posan para la c\u00e1mara.\u201d<\/p>\n\n\n\n<p>Diauno.ar<\/p>\n","protected":false},"excerpt":{"rendered":"<p>Sin consultar a las bases, \u00abel PJ repite el modelo que lo llev\u00f3 a la derrota\u201d En un documento difundido tras el encuentro, los firmantes comprometieron su apoyo a la f\u00f3rmula y destacaron a Michel como \u201cla aparici\u00f3n pol\u00edtica m\u00e1s importante del peronismo en los \u00faltimos a\u00f1os\u201d, mientras que calificaron a Bahl como \u201cel dirigente [&hellip;]<\/p>\n","protected":false},"author":2,"featured_media":2951,"comment_status":"open","ping_status":"open","sticky":false,"template":"","format":"standard","meta":{"footnotes":""},"categories":[17],"tags":[],"class_list":{"0":"post-2950","1":"post","2":"type-post","3":"status-publish","4":"format-standard","5":"has-post-thumbnail","7":"category-provinciales"},"yoast_head":"<!-- This site is optimized with the Yoast SEO plugin v27.4 - https:\/\/yoast.com\/product\/yoast-seo-wordpress\/ -->\n<title>Michel y Bahl &quot;pusieron el \u00faltimo clavo al caj\u00f3n del peronismo entrerriano&quot; - Diario del Sur<\/title>\n<meta name=\"robots\" content=\"index, follow, max-snippet:-1, max-image-preview:large, max-video-preview:-1\" \/>\n<link rel=\"canonical\" href=\"https:\/\/diariodelsurdigital.com.ar\/?p=2950\" \/>\n<meta property=\"og:locale\" content=\"es_ES\" \/>\n<meta property=\"og:type\" content=\"article\" \/>\n<meta property=\"og:title\" content=\"Michel y Bahl &quot;pusieron el \u00faltimo clavo al caj\u00f3n del peronismo entrerriano&quot; - Diario del Sur\" \/>\n<meta property=\"og:description\" content=\"Sin consultar a las bases, \u00abel PJ repite el modelo que lo llev\u00f3 a la derrota\u201d En un documento difundido tras el encuentro, los firmantes comprometieron su apoyo a la f\u00f3rmula y destacaron a Michel como \u201cla aparici\u00f3n pol\u00edtica m\u00e1s importante del peronismo en los \u00faltimos a\u00f1os\u201d, mientras que calificaron a Bahl como \u201cel dirigente [&hellip;]\" \/>\n<meta property=\"og:url\" content=\"https:\/\/diariodelsurdigital.com.ar\/?p=2950\" \/>\n<meta property=\"og:site_name\" content=\"Diario del Sur\" \/>\n<meta property=\"article:published_time\" content=\"2025-06-03T00:53:16+00:00\" \/>\n<meta property=\"article:modified_time\" content=\"2025-06-03T00:55:00+00:00\" \/>\n<meta property=\"og:image\" content=\"https:\/\/diariodelsurdigital.com.ar\/wp-content\/uploads\/2025\/06\/71iFqfL0LES._AC_SX569_.jpg\" \/>\n\t<meta property=\"og:image:width\" content=\"398\" \/>\n\t<meta property=\"og:image:height\" content=\"392\" \/>\n\t<meta property=\"og:image:type\" content=\"image\/jpeg\" \/>\n<meta name=\"author\" content=\"Diario del Sur Digital\" \/>\n<meta name=\"twitter:card\" content=\"summary_large_image\" \/>\n<meta name=\"twitter:label1\" content=\"Escrito por\" \/>\n\t<meta name=\"twitter:data1\" content=\"Diario del Sur Digital\" \/>\n\t<meta name=\"twitter:label2\" content=\"Tiempo de lectura\" \/>\n\t<meta name=\"twitter:data2\" content=\"3 minutos\" \/>\n<script type=\"application\/ld+json\" class=\"yoast-schema-graph\">{\"@context\":\"https:\\\/\\\/schema.org\",\"@graph\":[{\"@type\":\"Article\",\"@id\":\"https:\\\/\\\/diariodelsurdigital.com.ar\\\/?p=2950#article\",\"isPartOf\":{\"@id\":\"https:\\\/\\\/diariodelsurdigital.com.ar\\\/?p=2950\"},\"author\":{\"name\":\"Diario del Sur Digital\",\"@id\":\"https:\\\/\\\/diariodelsurdigital.com.ar\\\/#\\\/schema\\\/person\\\/6136a32571657f7dba980b88b04c5465\"},\"headline\":\"Michel y Bahl \u00abpusieron el \u00faltimo clavo al caj\u00f3n del peronismo entrerriano\u00bb\",\"datePublished\":\"2025-06-03T00:53:16+00:00\",\"dateModified\":\"2025-06-03T00:55:00+00:00\",\"mainEntityOfPage\":{\"@id\":\"https:\\\/\\\/diariodelsurdigital.com.ar\\\/?p=2950\"},\"wordCount\":491,\"commentCount\":1,\"image\":{\"@id\":\"https:\\\/\\\/diariodelsurdigital.com.ar\\\/?p=2950#primaryimage\"},\"thumbnailUrl\":\"https:\\\/\\\/diariodelsurdigital.com.ar\\\/wp-content\\\/uploads\\\/2025\\\/06\\\/71iFqfL0LES._AC_SX569_.jpg\",\"articleSection\":[\"Provinciales\"],\"inLanguage\":\"es\",\"potentialAction\":[{\"@type\":\"CommentAction\",\"name\":\"Comment\",\"target\":[\"https:\\\/\\\/diariodelsurdigital.com.ar\\\/?p=2950#respond\"]}]},{\"@type\":\"WebPage\",\"@id\":\"https:\\\/\\\/diariodelsurdigital.com.ar\\\/?p=2950\",\"url\":\"https:\\\/\\\/diariodelsurdigital.com.ar\\\/?p=2950\",\"name\":\"Michel y Bahl \\\"pusieron el \u00faltimo clavo al caj\u00f3n del peronismo entrerriano\\\" - Diario del Sur\",\"isPartOf\":{\"@id\":\"https:\\\/\\\/diariodelsurdigital.com.ar\\\/#website\"},\"primaryImageOfPage\":{\"@id\":\"https:\\\/\\\/diariodelsurdigital.com.ar\\\/?p=2950#primaryimage\"},\"image\":{\"@id\":\"https:\\\/\\\/diariodelsurdigital.com.ar\\\/?p=2950#primaryimage\"},\"thumbnailUrl\":\"https:\\\/\\\/diariodelsurdigital.com.ar\\\/wp-content\\\/uploads\\\/2025\\\/06\\\/71iFqfL0LES._AC_SX569_.jpg\",\"datePublished\":\"2025-06-03T00:53:16+00:00\",\"dateModified\":\"2025-06-03T00:55:00+00:00\",\"author\":{\"@id\":\"https:\\\/\\\/diariodelsurdigital.com.ar\\\/#\\\/schema\\\/person\\\/6136a32571657f7dba980b88b04c5465\"},\"breadcrumb\":{\"@id\":\"https:\\\/\\\/diariodelsurdigital.com.ar\\\/?p=2950#breadcrumb\"},\"inLanguage\":\"es\",\"potentialAction\":[{\"@type\":\"ReadAction\",\"target\":[\"https:\\\/\\\/diariodelsurdigital.com.ar\\\/?p=2950\"]}]},{\"@type\":\"ImageObject\",\"inLanguage\":\"es\",\"@id\":\"https:\\\/\\\/diariodelsurdigital.com.ar\\\/?p=2950#primaryimage\",\"url\":\"https:\\\/\\\/diariodelsurdigital.com.ar\\\/wp-content\\\/uploads\\\/2025\\\/06\\\/71iFqfL0LES._AC_SX569_.jpg\",\"contentUrl\":\"https:\\\/\\\/diariodelsurdigital.com.ar\\\/wp-content\\\/uploads\\\/2025\\\/06\\\/71iFqfL0LES._AC_SX569_.jpg\",\"width\":398,\"height\":392},{\"@type\":\"BreadcrumbList\",\"@id\":\"https:\\\/\\\/diariodelsurdigital.com.ar\\\/?p=2950#breadcrumb\",\"itemListElement\":[{\"@type\":\"ListItem\",\"position\":1,\"name\":\"Portada\",\"item\":\"https:\\\/\\\/diariodelsurdigital.com.ar\\\/\"},{\"@type\":\"ListItem\",\"position\":2,\"name\":\"Michel y Bahl \u00abpusieron el \u00faltimo clavo al caj\u00f3n del peronismo entrerriano\u00bb\"}]},{\"@type\":\"WebSite\",\"@id\":\"https:\\\/\\\/diariodelsurdigital.com.ar\\\/#website\",\"url\":\"https:\\\/\\\/diariodelsurdigital.com.ar\\\/\",\"name\":\"Diario del Sur\",\"description\":\"Digital\",\"potentialAction\":[{\"@type\":\"SearchAction\",\"target\":{\"@type\":\"EntryPoint\",\"urlTemplate\":\"https:\\\/\\\/diariodelsurdigital.com.ar\\\/?s={search_term_string}\"},\"query-input\":{\"@type\":\"PropertyValueSpecification\",\"valueRequired\":true,\"valueName\":\"search_term_string\"}}],\"inLanguage\":\"es\"},{\"@type\":\"Person\",\"@id\":\"https:\\\/\\\/diariodelsurdigital.com.ar\\\/#\\\/schema\\\/person\\\/6136a32571657f7dba980b88b04c5465\",\"name\":\"Diario del Sur Digital\",\"image\":{\"@type\":\"ImageObject\",\"inLanguage\":\"es\",\"@id\":\"https:\\\/\\\/secure.gravatar.com\\\/avatar\\\/4c29ceac98541dd42460b2474aaa5dd37594d6ce6cb3cf2c101d09b48ee287ba?s=96&d=mm&r=g\",\"url\":\"https:\\\/\\\/secure.gravatar.com\\\/avatar\\\/4c29ceac98541dd42460b2474aaa5dd37594d6ce6cb3cf2c101d09b48ee287ba?s=96&d=mm&r=g\",\"contentUrl\":\"https:\\\/\\\/secure.gravatar.com\\\/avatar\\\/4c29ceac98541dd42460b2474aaa5dd37594d6ce6cb3cf2c101d09b48ee287ba?s=96&d=mm&r=g\",\"caption\":\"Diario del Sur Digital\"},\"url\":\"https:\\\/\\\/diariodelsurdigital.com.ar\\\/?author=2\"}]}<\/script>\n<!-- \/ Yoast SEO plugin. -->","yoast_head_json":{"title":"Michel y Bahl \"pusieron el \u00faltimo clavo al caj\u00f3n del peronismo entrerriano\" - Diario del Sur","robots":{"index":"index","follow":"follow","max-snippet":"max-snippet:-1","max-image-preview":"max-image-preview:large","max-video-preview":"max-video-preview:-1"},"canonical":"https:\/\/diariodelsurdigital.com.ar\/?p=2950","og_locale":"es_ES","og_type":"article","og_title":"Michel y Bahl \"pusieron el \u00faltimo clavo al caj\u00f3n del peronismo entrerriano\" - Diario del Sur","og_description":"Sin consultar a las bases, \u00abel PJ repite el modelo que lo llev\u00f3 a la derrota\u201d En un documento difundido tras el encuentro, los firmantes comprometieron su apoyo a la f\u00f3rmula y destacaron a Michel como \u201cla aparici\u00f3n pol\u00edtica m\u00e1s importante del peronismo en los \u00faltimos a\u00f1os\u201d, mientras que calificaron a Bahl como \u201cel dirigente [&hellip;]","og_url":"https:\/\/diariodelsurdigital.com.ar\/?p=2950","og_site_name":"Diario del Sur","article_published_time":"2025-06-03T00:53:16+00:00","article_modified_time":"2025-06-03T00:55:00+00:00","og_image":[{"width":398,"height":392,"url":"https:\/\/diariodelsurdigital.com.ar\/wp-content\/uploads\/2025\/06\/71iFqfL0LES._AC_SX569_.jpg","type":"image\/jpeg"}],"author":"Diario del Sur Digital","twitter_card":"summary_large_image","twitter_misc":{"Escrito por":"Diario del Sur Digital","Tiempo de lectura":"3 minutos"},"schema":{"@context":"https:\/\/schema.org","@graph":[{"@type":"Article","@id":"https:\/\/diariodelsurdigital.com.ar\/?p=2950#article","isPartOf":{"@id":"https:\/\/diariodelsurdigital.com.ar\/?p=2950"},"author":{"name":"Diario del Sur Digital","@id":"https:\/\/diariodelsurdigital.com.ar\/#\/schema\/person\/6136a32571657f7dba980b88b04c5465"},"headline":"Michel y Bahl \u00abpusieron el \u00faltimo clavo al caj\u00f3n del peronismo entrerriano\u00bb","datePublished":"2025-06-03T00:53:16+00:00","dateModified":"2025-06-03T00:55:00+00:00","mainEntityOfPage":{"@id":"https:\/\/diariodelsurdigital.com.ar\/?p=2950"},"wordCount":491,"commentCount":1,"image":{"@id":"https:\/\/diariodelsurdigital.com.ar\/?p=2950#primaryimage"},"thumbnailUrl":"https:\/\/diariodelsurdigital.com.ar\/wp-content\/uploads\/2025\/06\/71iFqfL0LES._AC_SX569_.jpg","articleSection":["Provinciales"],"inLanguage":"es","potentialAction":[{"@type":"CommentAction","name":"Comment","target":["https:\/\/diariodelsurdigital.com.ar\/?p=2950#respond"]}]},{"@type":"WebPage","@id":"https:\/\/diariodelsurdigital.com.ar\/?p=2950","url":"https:\/\/diariodelsurdigital.com.ar\/?p=2950","name":"Michel y Bahl \"pusieron el \u00faltimo clavo al caj\u00f3n del peronismo entrerriano\" - Diario del Sur","isPartOf":{"@id":"https:\/\/diariodelsurdigital.com.ar\/#website"},"primaryImageOfPage":{"@id":"https:\/\/diariodelsurdigital.com.ar\/?p=2950#primaryimage"},"image":{"@id":"https:\/\/diariodelsurdigital.com.ar\/?p=2950#primaryimage"},"thumbnailUrl":"https:\/\/diariodelsurdigital.com.ar\/wp-content\/uploads\/2025\/06\/71iFqfL0LES._AC_SX569_.jpg","datePublished":"2025-06-03T00:53:16+00:00","dateModified":"2025-06-03T00:55:00+00:00","author":{"@id":"https:\/\/diariodelsurdigital.com.ar\/#\/schema\/person\/6136a32571657f7dba980b88b04c5465"},"breadcrumb":{"@id":"https:\/\/diariodelsurdigital.com.ar\/?p=2950#breadcrumb"},"inLanguage":"es","potentialAction":[{"@type":"ReadAction","target":["https:\/\/diariodelsurdigital.com.ar\/?p=2950"]}]},{"@type":"ImageObject","inLanguage":"es","@id":"https:\/\/diariodelsurdigital.com.ar\/?p=2950#primaryimage","url":"https:\/\/diariodelsurdigital.com.ar\/wp-content\/uploads\/2025\/06\/71iFqfL0LES._AC_SX569_.jpg","contentUrl":"https:\/\/diariodelsurdigital.com.ar\/wp-content\/uploads\/2025\/06\/71iFqfL0LES._AC_SX569_.jpg","width":398,"height":392},{"@type":"BreadcrumbList","@id":"https:\/\/diariodelsurdigital.com.ar\/?p=2950#breadcrumb","itemListElement":[{"@type":"ListItem","position":1,"name":"Portada","item":"https:\/\/diariodelsurdigital.com.ar\/"},{"@type":"ListItem","position":2,"name":"Michel y Bahl \u00abpusieron el \u00faltimo clavo al caj\u00f3n del peronismo entrerriano\u00bb"}]},{"@type":"WebSite","@id":"https:\/\/diariodelsurdigital.com.ar\/#website","url":"https:\/\/diariodelsurdigital.com.ar\/","name":"Diario del Sur","description":"Digital","potentialAction":[{"@type":"SearchAction","target":{"@type":"EntryPoint","urlTemplate":"https:\/\/diariodelsurdigital.com.ar\/?s={search_term_string}"},"query-input":{"@type":"PropertyValueSpecification","valueRequired":true,"valueName":"search_term_string"}}],"inLanguage":"es"},{"@type":"Person","@id":"https:\/\/diariodelsurdigital.com.ar\/#\/schema\/person\/6136a32571657f7dba980b88b04c5465","name":"Diario del Sur Digital","image":{"@type":"ImageObject","inLanguage":"es","@id":"https:\/\/secure.gravatar.com\/avatar\/4c29ceac98541dd42460b2474aaa5dd37594d6ce6cb3cf2c101d09b48ee287ba?s=96&d=mm&r=g","url":"https:\/\/secure.gravatar.com\/avatar\/4c29ceac98541dd42460b2474aaa5dd37594d6ce6cb3cf2c101d09b48ee287ba?s=96&d=mm&r=g","contentUrl":"https:\/\/secure.gravatar.com\/avatar\/4c29ceac98541dd42460b2474aaa5dd37594d6ce6cb3cf2c101d09b48ee287ba?s=96&d=mm&r=g","caption":"Diario del Sur Digital"},"url":"https:\/\/diariodelsurdigital.com.ar\/?author=2"}]}},"_links":{"self":[{"href":"https:\/\/diariodelsurdigital.com.ar\/index.php?rest_route=\/wp\/v2\/posts\/2950","targetHints":{"allow":["GET"]}}],"collection":[{"href":"https:\/\/diariodelsurdigital.com.ar\/index.php?rest_route=\/wp\/v2\/posts"}],"about":[{"href":"https:\/\/diariodelsurdigital.com.ar\/index.php?rest_route=\/wp\/v2\/types\/post"}],"author":[{"embeddable":true,"href":"https:\/\/diariodelsurdigital.com.ar\/index.php?rest_route=\/wp\/v2\/users\/2"}],"replies":[{"embeddable":true,"href":"https:\/\/diariodelsurdigital.com.ar\/index.php?rest_route=%2Fwp%2Fv2%2Fcomments&post=2950"}],"version-history":[{"count":2,"href":"https:\/\/diariodelsurdigital.com.ar\/index.php?rest_route=\/wp\/v2\/posts\/2950\/revisions"}],"predecessor-version":[{"id":2953,"href":"https:\/\/diariodelsurdigital.com.ar\/index.php?rest_route=\/wp\/v2\/posts\/2950\/revisions\/2953"}],"wp:featuredmedia":[{"embeddable":true,"href":"https:\/\/diariodelsurdigital.com.ar\/index.php?rest_route=\/wp\/v2\/media\/2951"}],"wp:attachment":[{"href":"https:\/\/diariodelsurdigital.com.ar\/index.php?rest_route=%2Fwp%2Fv2%2Fmedia&parent=2950"}],"wp:term":[{"taxonomy":"category","embeddable":true,"href":"https:\/\/diariodelsurdigital.com.ar\/index.php?rest_route=%2Fwp%2Fv2%2Fcategories&post=2950"},{"taxonomy":"post_tag","embeddable":true,"href":"https:\/\/diariodelsurdigital.com.ar\/index.php?rest_route=%2Fwp%2Fv2%2Ftags&post=2950"}],"curies":[{"name":"wp","href":"https:\/\/api.w.org\/{rel}","templated":true}]}}