{"id":2959,"date":"2025-06-03T11:57:43","date_gmt":"2025-06-03T14:57:43","guid":{"rendered":"https:\/\/diariodelsurdigital.com.ar\/?p=2959"},"modified":"2025-06-03T11:57:44","modified_gmt":"2025-06-03T14:57:44","slug":"macron-senalo-que-europa-deberia-endurecer-su-postura-hacia-israel","status":"publish","type":"post","link":"https:\/\/diariodelsurdigital.com.ar\/?p=2959","title":{"rendered":"Macron se\u00f1al\u00f3 que Europa deber\u00eda \u201cendurecer\u201d su postura hacia Israel"},"content":{"rendered":"\n<p>El presidente de Francia se\u00f1al\u00f3 que la situaci\u00f3n humanitaria en Gaza torna imperioso que la UE tome medidas, como revisar su acuerdo con Israel o \u201caplicar sanciones\u201d.<\/p>\n\n\n\n<p><\/p>\n\n\n\n<p>El presidente de Francia, Emmanuel Macron, de visita en Singapur, dijo este viernes que los pa\u00edses de la Uni\u00f3n Europea deber\u00edan \u00abendurecer\u00bb su postura hacia Israel si no mejora la situaci\u00f3n humanitaria en la Franja de Gaza. Asimismo, sostuvo que la decisi\u00f3n de sancionar o no a Rusia si rechaza un alto al fuego con Ucrania es un \u00abtest de credibilidad\u00bb para los Estados Unidos de Donald Trump.<\/p>\n\n\n\n<p>El mandatario afirm\u00f3 que la UE deber\u00e1 \u00abaplicar\u00bb sus reglas contra Israel \u00absi no hay una respuesta a la altura de la situaci\u00f3n humanitaria en las pr\u00f3ximas horas y d\u00edas\u00bb en el territorio palestino. Macron plante\u00f3 como posibles medidas el fin del acuerdo de asociaci\u00f3n entre la UE e Israel, que el bloque comunitario ya puso en revisi\u00f3n, o \u00abaplicar sanciones\u00bb.<\/p>\n\n\n\n<p>\u00abTenemos que endurecer nuestra posici\u00f3n porque hoy en d\u00eda es una necesidad, pero todav\u00eda tengo la esperanza de que el gobierno de Israel cambiar\u00e1 la suya y tendremos por fin una respuesta humanitaria\u00bb, agreg\u00f3. Macron dijo que reconocer al Estado palestino no es \u00absolo un deber moral, sino una exigencia pol\u00edtica\u00bb, pero tambi\u00e9n enumer\u00f3 algunas condiciones para hacerlo, como la liberaci\u00f3n de los rehenes israel\u00edes.<\/p>\n\n\n\n<p>\u00abEstamos preparados\u201d<br>El presidente franc\u00e9s, quien ha hecho comentarios en la misma l\u00ednea en su viaje por el sudeste asi\u00e1tico, incluyendo en Indonesia, pa\u00eds de mayor\u00eda musulmana muy firme en su defensa del pueblo palestino, fue secundado por el primer ministro de Singapur, Lawrence Wong, quien sostuvo que las acciones de Israel en los territorios palestinos est\u00e1n causando \u00abun desastre humanitario\u00bb que resulta \u00abinaceptable\u00bb.<\/p>\n\n\n\n<p>Macron tambi\u00e9n envi\u00f3 un mensaje a Estados Unidos respecto a su postura frente a Rusia. El mandatario se\u00f1al\u00f3 que si Mosc\u00fa no est\u00e1 listo \u00abpara hacer la paz\u201d, Washington debe confirmar su \u00abcompromiso\u00bb de imponer sanciones. \u00abEs un test de credibilidad para los estadounidenses\u00bb, declar\u00f3. \u00abHabl\u00e9 hace 48 horas con el presidente Trump, que hizo notar su impaciencia. La pregunta ahora es: \u00bfqu\u00e9 hacemos? Nosotros estamos preparados\u00bb, a\u00f1adi\u00f3, public\u00f3 DW.<\/p>\n","protected":false},"excerpt":{"rendered":"<p>El presidente de Francia se\u00f1al\u00f3 que la situaci\u00f3n humanitaria en Gaza torna imperioso que la UE tome medidas, como revisar su acuerdo con Israel o \u201caplicar sanciones\u201d. El presidente de Francia, Emmanuel Macron, de visita en Singapur, dijo este viernes que los pa\u00edses de la Uni\u00f3n Europea deber\u00edan \u00abendurecer\u00bb su postura hacia Israel si no [&hellip;]<\/p>\n","protected":false},"author":4,"featured_media":2960,"comment_status":"open","ping_status":"open","sticky":false,"template":"","format":"standard","meta":{"footnotes":""},"categories":[20],"tags":[],"class_list":{"0":"post-2959","1":"post","2":"type-post","3":"status-publish","4":"format-standard","5":"has-post-thumbnail","7":"category-internacionales"},"yoast_head":"<!-- This site is optimized with the Yoast SEO plugin v27.4 - https:\/\/yoast.com\/product\/yoast-seo-wordpress\/ -->\n<title>Macron se\u00f1al\u00f3 que Europa deber\u00eda \u201cendurecer\u201d su postura hacia Israel - Diario del Sur<\/title>\n<meta name=\"robots\" content=\"index, follow, max-snippet:-1, max-image-preview:large, max-video-preview:-1\" \/>\n<link rel=\"canonical\" href=\"https:\/\/diariodelsurdigital.com.ar\/?p=2959\" \/>\n<meta property=\"og:locale\" content=\"es_ES\" \/>\n<meta property=\"og:type\" content=\"article\" \/>\n<meta property=\"og:title\" content=\"Macron se\u00f1al\u00f3 que Europa deber\u00eda \u201cendurecer\u201d su postura hacia Israel - Diario del Sur\" \/>\n<meta property=\"og:description\" content=\"El presidente de Francia se\u00f1al\u00f3 que la situaci\u00f3n humanitaria en Gaza torna imperioso que la UE tome medidas, como revisar su acuerdo con Israel o \u201caplicar sanciones\u201d. El presidente de Francia, Emmanuel Macron, de visita en Singapur, dijo este viernes que los pa\u00edses de la Uni\u00f3n Europea deber\u00edan \u00abendurecer\u00bb su postura hacia Israel si no [&hellip;]\" \/>\n<meta property=\"og:url\" content=\"https:\/\/diariodelsurdigital.com.ar\/?p=2959\" \/>\n<meta property=\"og:site_name\" content=\"Diario del Sur\" \/>\n<meta property=\"article:published_time\" content=\"2025-06-03T14:57:43+00:00\" \/>\n<meta property=\"article:modified_time\" content=\"2025-06-03T14:57:44+00:00\" \/>\n<meta property=\"og:image\" content=\"https:\/\/diariodelsurdigital.com.ar\/wp-content\/uploads\/2025\/06\/md-1.webp\" \/>\n\t<meta property=\"og:image:width\" content=\"992\" \/>\n\t<meta property=\"og:image:height\" content=\"434\" \/>\n\t<meta property=\"og:image:type\" content=\"image\/webp\" \/>\n<meta name=\"author\" content=\"Diario del Sur Digital\" \/>\n<meta name=\"twitter:card\" content=\"summary_large_image\" \/>\n<meta name=\"twitter:label1\" content=\"Escrito por\" \/>\n\t<meta name=\"twitter:data1\" content=\"Diario del Sur Digital\" \/>\n\t<meta name=\"twitter:label2\" content=\"Tiempo de lectura\" \/>\n\t<meta name=\"twitter:data2\" content=\"2 minutos\" \/>\n<script type=\"application\/ld+json\" class=\"yoast-schema-graph\">{\"@context\":\"https:\\\/\\\/schema.org\",\"@graph\":[{\"@type\":\"Article\",\"@id\":\"https:\\\/\\\/diariodelsurdigital.com.ar\\\/?p=2959#article\",\"isPartOf\":{\"@id\":\"https:\\\/\\\/diariodelsurdigital.com.ar\\\/?p=2959\"},\"author\":{\"name\":\"Diario del Sur Digital\",\"@id\":\"https:\\\/\\\/diariodelsurdigital.com.ar\\\/#\\\/schema\\\/person\\\/1a4992532ed62965c968031b49195c81\"},\"headline\":\"Macron se\u00f1al\u00f3 que Europa deber\u00eda \u201cendurecer\u201d su postura hacia Israel\",\"datePublished\":\"2025-06-03T14:57:43+00:00\",\"dateModified\":\"2025-06-03T14:57:44+00:00\",\"mainEntityOfPage\":{\"@id\":\"https:\\\/\\\/diariodelsurdigital.com.ar\\\/?p=2959\"},\"wordCount\":394,\"commentCount\":0,\"image\":{\"@id\":\"https:\\\/\\\/diariodelsurdigital.com.ar\\\/?p=2959#primaryimage\"},\"thumbnailUrl\":\"https:\\\/\\\/diariodelsurdigital.com.ar\\\/wp-content\\\/uploads\\\/2025\\\/06\\\/md-1.webp\",\"articleSection\":[\"Internacionales\"],\"inLanguage\":\"es\",\"potentialAction\":[{\"@type\":\"CommentAction\",\"name\":\"Comment\",\"target\":[\"https:\\\/\\\/diariodelsurdigital.com.ar\\\/?p=2959#respond\"]}]},{\"@type\":\"WebPage\",\"@id\":\"https:\\\/\\\/diariodelsurdigital.com.ar\\\/?p=2959\",\"url\":\"https:\\\/\\\/diariodelsurdigital.com.ar\\\/?p=2959\",\"name\":\"Macron se\u00f1al\u00f3 que Europa deber\u00eda \u201cendurecer\u201d su postura hacia Israel - Diario del Sur\",\"isPartOf\":{\"@id\":\"https:\\\/\\\/diariodelsurdigital.com.ar\\\/#website\"},\"primaryImageOfPage\":{\"@id\":\"https:\\\/\\\/diariodelsurdigital.com.ar\\\/?p=2959#primaryimage\"},\"image\":{\"@id\":\"https:\\\/\\\/diariodelsurdigital.com.ar\\\/?p=2959#primaryimage\"},\"thumbnailUrl\":\"https:\\\/\\\/diariodelsurdigital.com.ar\\\/wp-content\\\/uploads\\\/2025\\\/06\\\/md-1.webp\",\"datePublished\":\"2025-06-03T14:57:43+00:00\",\"dateModified\":\"2025-06-03T14:57:44+00:00\",\"author\":{\"@id\":\"https:\\\/\\\/diariodelsurdigital.com.ar\\\/#\\\/schema\\\/person\\\/1a4992532ed62965c968031b49195c81\"},\"breadcrumb\":{\"@id\":\"https:\\\/\\\/diariodelsurdigital.com.ar\\\/?p=2959#breadcrumb\"},\"inLanguage\":\"es\",\"potentialAction\":[{\"@type\":\"ReadAction\",\"target\":[\"https:\\\/\\\/diariodelsurdigital.com.ar\\\/?p=2959\"]}]},{\"@type\":\"ImageObject\",\"inLanguage\":\"es\",\"@id\":\"https:\\\/\\\/diariodelsurdigital.com.ar\\\/?p=2959#primaryimage\",\"url\":\"https:\\\/\\\/diariodelsurdigital.com.ar\\\/wp-content\\\/uploads\\\/2025\\\/06\\\/md-1.webp\",\"contentUrl\":\"https:\\\/\\\/diariodelsurdigital.com.ar\\\/wp-content\\\/uploads\\\/2025\\\/06\\\/md-1.webp\",\"width\":992,\"height\":434},{\"@type\":\"BreadcrumbList\",\"@id\":\"https:\\\/\\\/diariodelsurdigital.com.ar\\\/?p=2959#breadcrumb\",\"itemListElement\":[{\"@type\":\"ListItem\",\"position\":1,\"name\":\"Portada\",\"item\":\"https:\\\/\\\/diariodelsurdigital.com.ar\\\/\"},{\"@type\":\"ListItem\",\"position\":2,\"name\":\"Macron se\u00f1al\u00f3 que Europa deber\u00eda \u201cendurecer\u201d su postura hacia Israel\"}]},{\"@type\":\"WebSite\",\"@id\":\"https:\\\/\\\/diariodelsurdigital.com.ar\\\/#website\",\"url\":\"https:\\\/\\\/diariodelsurdigital.com.ar\\\/\",\"name\":\"Diario del Sur\",\"description\":\"Digital\",\"potentialAction\":[{\"@type\":\"SearchAction\",\"target\":{\"@type\":\"EntryPoint\",\"urlTemplate\":\"https:\\\/\\\/diariodelsurdigital.com.ar\\\/?s={search_term_string}\"},\"query-input\":{\"@type\":\"PropertyValueSpecification\",\"valueRequired\":true,\"valueName\":\"search_term_string\"}}],\"inLanguage\":\"es\"},{\"@type\":\"Person\",\"@id\":\"https:\\\/\\\/diariodelsurdigital.com.ar\\\/#\\\/schema\\\/person\\\/1a4992532ed62965c968031b49195c81\",\"name\":\"Diario del Sur Digital\",\"image\":{\"@type\":\"ImageObject\",\"inLanguage\":\"es\",\"@id\":\"https:\\\/\\\/secure.gravatar.com\\\/avatar\\\/f0c7c47fc7146d19828273b9b8eda651c9c7ab583767e6338d3d3bee825adf76?s=96&d=mm&r=g\",\"url\":\"https:\\\/\\\/secure.gravatar.com\\\/avatar\\\/f0c7c47fc7146d19828273b9b8eda651c9c7ab583767e6338d3d3bee825adf76?s=96&d=mm&r=g\",\"contentUrl\":\"https:\\\/\\\/secure.gravatar.com\\\/avatar\\\/f0c7c47fc7146d19828273b9b8eda651c9c7ab583767e6338d3d3bee825adf76?s=96&d=mm&r=g\",\"caption\":\"Diario del Sur Digital\"},\"url\":\"https:\\\/\\\/diariodelsurdigital.com.ar\\\/?author=4\"}]}<\/script>\n<!-- \/ Yoast SEO plugin. -->","yoast_head_json":{"title":"Macron se\u00f1al\u00f3 que Europa deber\u00eda \u201cendurecer\u201d su postura hacia Israel - Diario del Sur","robots":{"index":"index","follow":"follow","max-snippet":"max-snippet:-1","max-image-preview":"max-image-preview:large","max-video-preview":"max-video-preview:-1"},"canonical":"https:\/\/diariodelsurdigital.com.ar\/?p=2959","og_locale":"es_ES","og_type":"article","og_title":"Macron se\u00f1al\u00f3 que Europa deber\u00eda \u201cendurecer\u201d su postura hacia Israel - Diario del Sur","og_description":"El presidente de Francia se\u00f1al\u00f3 que la situaci\u00f3n humanitaria en Gaza torna imperioso que la UE tome medidas, como revisar su acuerdo con Israel o \u201caplicar sanciones\u201d. El presidente de Francia, Emmanuel Macron, de visita en Singapur, dijo este viernes que los pa\u00edses de la Uni\u00f3n Europea deber\u00edan \u00abendurecer\u00bb su postura hacia Israel si no [&hellip;]","og_url":"https:\/\/diariodelsurdigital.com.ar\/?p=2959","og_site_name":"Diario del Sur","article_published_time":"2025-06-03T14:57:43+00:00","article_modified_time":"2025-06-03T14:57:44+00:00","og_image":[{"width":992,"height":434,"url":"https:\/\/diariodelsurdigital.com.ar\/wp-content\/uploads\/2025\/06\/md-1.webp","type":"image\/webp"}],"author":"Diario del Sur Digital","twitter_card":"summary_large_image","twitter_misc":{"Escrito por":"Diario del Sur Digital","Tiempo de lectura":"2 minutos"},"schema":{"@context":"https:\/\/schema.org","@graph":[{"@type":"Article","@id":"https:\/\/diariodelsurdigital.com.ar\/?p=2959#article","isPartOf":{"@id":"https:\/\/diariodelsurdigital.com.ar\/?p=2959"},"author":{"name":"Diario del Sur Digital","@id":"https:\/\/diariodelsurdigital.com.ar\/#\/schema\/person\/1a4992532ed62965c968031b49195c81"},"headline":"Macron se\u00f1al\u00f3 que Europa deber\u00eda \u201cendurecer\u201d su postura hacia Israel","datePublished":"2025-06-03T14:57:43+00:00","dateModified":"2025-06-03T14:57:44+00:00","mainEntityOfPage":{"@id":"https:\/\/diariodelsurdigital.com.ar\/?p=2959"},"wordCount":394,"commentCount":0,"image":{"@id":"https:\/\/diariodelsurdigital.com.ar\/?p=2959#primaryimage"},"thumbnailUrl":"https:\/\/diariodelsurdigital.com.ar\/wp-content\/uploads\/2025\/06\/md-1.webp","articleSection":["Internacionales"],"inLanguage":"es","potentialAction":[{"@type":"CommentAction","name":"Comment","target":["https:\/\/diariodelsurdigital.com.ar\/?p=2959#respond"]}]},{"@type":"WebPage","@id":"https:\/\/diariodelsurdigital.com.ar\/?p=2959","url":"https:\/\/diariodelsurdigital.com.ar\/?p=2959","name":"Macron se\u00f1al\u00f3 que Europa deber\u00eda \u201cendurecer\u201d su postura hacia Israel - Diario del Sur","isPartOf":{"@id":"https:\/\/diariodelsurdigital.com.ar\/#website"},"primaryImageOfPage":{"@id":"https:\/\/diariodelsurdigital.com.ar\/?p=2959#primaryimage"},"image":{"@id":"https:\/\/diariodelsurdigital.com.ar\/?p=2959#primaryimage"},"thumbnailUrl":"https:\/\/diariodelsurdigital.com.ar\/wp-content\/uploads\/2025\/06\/md-1.webp","datePublished":"2025-06-03T14:57:43+00:00","dateModified":"2025-06-03T14:57:44+00:00","author":{"@id":"https:\/\/diariodelsurdigital.com.ar\/#\/schema\/person\/1a4992532ed62965c968031b49195c81"},"breadcrumb":{"@id":"https:\/\/diariodelsurdigital.com.ar\/?p=2959#breadcrumb"},"inLanguage":"es","potentialAction":[{"@type":"ReadAction","target":["https:\/\/diariodelsurdigital.com.ar\/?p=2959"]}]},{"@type":"ImageObject","inLanguage":"es","@id":"https:\/\/diariodelsurdigital.com.ar\/?p=2959#primaryimage","url":"https:\/\/diariodelsurdigital.com.ar\/wp-content\/uploads\/2025\/06\/md-1.webp","contentUrl":"https:\/\/diariodelsurdigital.com.ar\/wp-content\/uploads\/2025\/06\/md-1.webp","width":992,"height":434},{"@type":"BreadcrumbList","@id":"https:\/\/diariodelsurdigital.com.ar\/?p=2959#breadcrumb","itemListElement":[{"@type":"ListItem","position":1,"name":"Portada","item":"https:\/\/diariodelsurdigital.com.ar\/"},{"@type":"ListItem","position":2,"name":"Macron se\u00f1al\u00f3 que Europa deber\u00eda \u201cendurecer\u201d su postura hacia Israel"}]},{"@type":"WebSite","@id":"https:\/\/diariodelsurdigital.com.ar\/#website","url":"https:\/\/diariodelsurdigital.com.ar\/","name":"Diario del Sur","description":"Digital","potentialAction":[{"@type":"SearchAction","target":{"@type":"EntryPoint","urlTemplate":"https:\/\/diariodelsurdigital.com.ar\/?s={search_term_string}"},"query-input":{"@type":"PropertyValueSpecification","valueRequired":true,"valueName":"search_term_string"}}],"inLanguage":"es"},{"@type":"Person","@id":"https:\/\/diariodelsurdigital.com.ar\/#\/schema\/person\/1a4992532ed62965c968031b49195c81","name":"Diario del Sur Digital","image":{"@type":"ImageObject","inLanguage":"es","@id":"https:\/\/secure.gravatar.com\/avatar\/f0c7c47fc7146d19828273b9b8eda651c9c7ab583767e6338d3d3bee825adf76?s=96&d=mm&r=g","url":"https:\/\/secure.gravatar.com\/avatar\/f0c7c47fc7146d19828273b9b8eda651c9c7ab583767e6338d3d3bee825adf76?s=96&d=mm&r=g","contentUrl":"https:\/\/secure.gravatar.com\/avatar\/f0c7c47fc7146d19828273b9b8eda651c9c7ab583767e6338d3d3bee825adf76?s=96&d=mm&r=g","caption":"Diario del Sur Digital"},"url":"https:\/\/diariodelsurdigital.com.ar\/?author=4"}]}},"_links":{"self":[{"href":"https:\/\/diariodelsurdigital.com.ar\/index.php?rest_route=\/wp\/v2\/posts\/2959","targetHints":{"allow":["GET"]}}],"collection":[{"href":"https:\/\/diariodelsurdigital.com.ar\/index.php?rest_route=\/wp\/v2\/posts"}],"about":[{"href":"https:\/\/diariodelsurdigital.com.ar\/index.php?rest_route=\/wp\/v2\/types\/post"}],"author":[{"embeddable":true,"href":"https:\/\/diariodelsurdigital.com.ar\/index.php?rest_route=\/wp\/v2\/users\/4"}],"replies":[{"embeddable":true,"href":"https:\/\/diariodelsurdigital.com.ar\/index.php?rest_route=%2Fwp%2Fv2%2Fcomments&post=2959"}],"version-history":[{"count":1,"href":"https:\/\/diariodelsurdigital.com.ar\/index.php?rest_route=\/wp\/v2\/posts\/2959\/revisions"}],"predecessor-version":[{"id":2961,"href":"https:\/\/diariodelsurdigital.com.ar\/index.php?rest_route=\/wp\/v2\/posts\/2959\/revisions\/2961"}],"wp:featuredmedia":[{"embeddable":true,"href":"https:\/\/diariodelsurdigital.com.ar\/index.php?rest_route=\/wp\/v2\/media\/2960"}],"wp:attachment":[{"href":"https:\/\/diariodelsurdigital.com.ar\/index.php?rest_route=%2Fwp%2Fv2%2Fmedia&parent=2959"}],"wp:term":[{"taxonomy":"category","embeddable":true,"href":"https:\/\/diariodelsurdigital.com.ar\/index.php?rest_route=%2Fwp%2Fv2%2Fcategories&post=2959"},{"taxonomy":"post_tag","embeddable":true,"href":"https:\/\/diariodelsurdigital.com.ar\/index.php?rest_route=%2Fwp%2Fv2%2Ftags&post=2959"}],"curies":[{"name":"wp","href":"https:\/\/api.w.org\/{rel}","templated":true}]}}