{"id":2969,"date":"2025-06-04T00:39:50","date_gmt":"2025-06-04T03:39:50","guid":{"rendered":"https:\/\/diariodelsurdigital.com.ar\/?p=2969"},"modified":"2025-06-04T07:22:53","modified_gmt":"2025-06-04T10:22:53","slug":"la-caja-negra-el-trailer-del-colapso-municipal-version-azcue","status":"publish","type":"post","link":"https:\/\/diariodelsurdigital.com.ar\/?p=2969","title":{"rendered":"LA CAJA NEGRA: el tr\u00e1iler del colapso municipal versi\u00f3n Azcu\u00e9"},"content":{"rendered":"\n<p><\/p>\n\n\n\n<p><br><strong>Por \u00abCorchito\u00bb Gonz\u00e1lez &#8211; Especial para Diario del SUR Digital<\/strong><\/p>\n\n\n\n<p>PARA MUESTRA BASTA UN BOTON: La Caja Mixta es una muestra y claro ejemplo del desmanejo en el gobierno de Azcu\u00e9.<br>Una pregunta que ya parece chiste. Porque la respuesta siempre es la misma: un quilombo. La caja est\u00e1 fundida, no hay m\u00e1s cr\u00e9ditos, y la plata\u2026 bien, gracias. Nadie sabe d\u00f3nde est\u00e1. O bueno, algunos s\u00ed saben, pero no lo van a decir.<br>Hace unos d\u00edas echaron al s\u00edndico, Cr Jorge Albornoz, un tipo con m\u00e1s de 30 a\u00f1os de trayectoria como s\u00edndico en la Caja, docente universitario, y reconocido por su trabajo. \u00bfEl motivo oficial? Que su esposa present\u00f3 un amparo contra la Municipalidad por el temita (insignificante, claro) de la tasa de alumbrado. Una barbaridad, \u00bfc\u00f3mo se le ocurre a la esposa de alguien vinculado al Estado reclamarle algo al Estado? Tremenda falta de etiqueta institucional. Y como la justicia no es suficiente castigo, lo limpiaron a \u00e9l, por portaci\u00f3n de c\u00f3nyuge litigante.<\/p>\n\n\n\n<figure class=\"wp-block-image size-large\"><img loading=\"lazy\" decoding=\"async\" width=\"1024\" height=\"768\" src=\"https:\/\/diariodelsurdigital.com.ar\/wp-content\/uploads\/2025\/06\/Imagen-de-WhatsApp-2025-06-04-a-las-07.10.29_b7902968-1024x768.jpg\" alt=\"\" class=\"wp-image-2976\" srcset=\"https:\/\/diariodelsurdigital.com.ar\/wp-content\/uploads\/2025\/06\/Imagen-de-WhatsApp-2025-06-04-a-las-07.10.29_b7902968-1024x768.jpg 1024w, https:\/\/diariodelsurdigital.com.ar\/wp-content\/uploads\/2025\/06\/Imagen-de-WhatsApp-2025-06-04-a-las-07.10.29_b7902968-300x225.jpg 300w, https:\/\/diariodelsurdigital.com.ar\/wp-content\/uploads\/2025\/06\/Imagen-de-WhatsApp-2025-06-04-a-las-07.10.29_b7902968-768x576.jpg 768w, https:\/\/diariodelsurdigital.com.ar\/wp-content\/uploads\/2025\/06\/Imagen-de-WhatsApp-2025-06-04-a-las-07.10.29_b7902968-560x420.jpg 560w, https:\/\/diariodelsurdigital.com.ar\/wp-content\/uploads\/2025\/06\/Imagen-de-WhatsApp-2025-06-04-a-las-07.10.29_b7902968-80x60.jpg 80w, https:\/\/diariodelsurdigital.com.ar\/wp-content\/uploads\/2025\/06\/Imagen-de-WhatsApp-2025-06-04-a-las-07.10.29_b7902968-696x522.jpg 696w, https:\/\/diariodelsurdigital.com.ar\/wp-content\/uploads\/2025\/06\/Imagen-de-WhatsApp-2025-06-04-a-las-07.10.29_b7902968-265x198.jpg 265w, https:\/\/diariodelsurdigital.com.ar\/wp-content\/uploads\/2025\/06\/Imagen-de-WhatsApp-2025-06-04-a-las-07.10.29_b7902968.jpg 1032w\" sizes=\"auto, (max-width: 1024px) 100vw, 1024px\" \/><\/figure>\n\n\n\n<p><br>Lo que convenientemente olvidaron mencionar es por qu\u00e9 present\u00f3 el amparo la se\u00f1ora: porque la Municipalidad de Concordia y la Cooperativa El\u00e9ctrica est\u00e1n violando abiertamente la Resoluci\u00f3n 267\/24 de la Secretar\u00eda de Industria y Comercio de la Naci\u00f3n, que establece \u2014de forma clar\u00edsima\u2014 que no se pueden cobrar conceptos ajenos en la factura de energ\u00eda. Pero ac\u00e1, como si nada, siguen enchufando la famosa \u00abcontribuci\u00f3n \u00fanica\u00bb y la tasa de alumbrado en la boleta de luz, total\u2026 el que paga es siempre el mismo.<br>El \u00fanico detalle es que todo eso es mentira. Albornoz no es empleado municipal, ni de la Caja, ni funcionario. Estaba ah\u00ed como s\u00edndico, nombrado por decreto, haciendo su laburo. \u00bfY cu\u00e1l fue su verdadero pecado? Hacerlo bien.<\/p>\n\n\n\n<p><br>El a\u00f1o pasado, el s\u00edndico hab\u00eda presentado una nota dirigida al intendente donde denunciaba<strong> irregularidades graves<\/strong> en la gesti\u00f3n del actual presidente de la Caja, y advert\u00eda sobre los problemas futuros que iban a explotar si no se tomaban medidas. Incluso fue m\u00e1s all\u00e1: anticip\u00f3 que, de seguir as\u00ed, la Caja podr\u00eda quebrar a fines de 2025.<\/p>\n\n\n\n<p><br>En esa misma nota, Albornoz se\u00f1alaba que era urgente bajar los gastos, porque la actual gesti\u00f3n los ven\u00eda incrementando de forma irresponsable, llenando la Caja de asesores y profesionales que nadie pidi\u00f3 ni necesita, como si fuera una agencia de colocaci\u00f3n pol\u00edtica. Siempre se manej\u00f3 con los recursos humanos propios, y ahora de repente parec\u00eda que hac\u00eda falta una consultora internacional para cobrar impuestos y dar pr\u00e9stamos.<br>\u00bfQui\u00e9n es el presidente? Un amigote de Azcu\u00e9, un allegado pol\u00edtico, parte del selecto club de los que hacen y deshacen sin dar explicaciones.<\/p>\n\n\n\n<p><br>Desde entonces, Albornoz ven\u00eda pidiendo audiencia al intendente para hablar del tema. Pero claro, el intendente estaba muy ocupado <strong>no gestionando<\/strong> \u2014una de sus actividades favoritas\u2014, as\u00ed que lo ignoraba sistem\u00e1ticamente.<br>Porque vamos a decirlo con todas las letras: el problema no fue el amparo de la esposa. Eso fue solo la excusa decorativa. El verdadero problema fue la denuncia. Las irregularidades. El desmanejo. Y, sobre todo, el peligro inminente de que todo eso tomara estado p\u00fablico.<\/p>\n\n\n\n<p><br>Los empleados, mientras tanto, empezaban a comentar por los pasillos el desmanejo interno, los atrasos, los sueldos bajos, el recorte de horarios, y todo mientras los vecinos se acumulaban en la puerta sin poder pagar los impuestos y servicios ni preguntar nada.<\/p>\n\n\n\n<p><br>En este contexto, lo que parec\u00eda un simple cortocircuito institucional se volvi\u00f3 una bomba con cuenta regresiva. Y entonces, a alguien se le ocurri\u00f3 la soluci\u00f3n m\u00e1gica: echar al s\u00edndico antes de que presente su informe sobre los estados contables del ejercicio 2024. Porque claro, si el informe sale, los papeles hablan. Y si los papeles hablan, se terminan los cuentos.<\/p>\n\n\n\n<figure class=\"wp-block-image size-large\"><img loading=\"lazy\" decoding=\"async\" width=\"1024\" height=\"768\" src=\"https:\/\/diariodelsurdigital.com.ar\/wp-content\/uploads\/2025\/06\/Imagen-de-WhatsApp-2025-06-04-a-las-07.11.01_ea3c51ab-1024x768.jpg\" alt=\"\" class=\"wp-image-2978\" srcset=\"https:\/\/diariodelsurdigital.com.ar\/wp-content\/uploads\/2025\/06\/Imagen-de-WhatsApp-2025-06-04-a-las-07.11.01_ea3c51ab-1024x768.jpg 1024w, https:\/\/diariodelsurdigital.com.ar\/wp-content\/uploads\/2025\/06\/Imagen-de-WhatsApp-2025-06-04-a-las-07.11.01_ea3c51ab-300x225.jpg 300w, https:\/\/diariodelsurdigital.com.ar\/wp-content\/uploads\/2025\/06\/Imagen-de-WhatsApp-2025-06-04-a-las-07.11.01_ea3c51ab-768x576.jpg 768w, https:\/\/diariodelsurdigital.com.ar\/wp-content\/uploads\/2025\/06\/Imagen-de-WhatsApp-2025-06-04-a-las-07.11.01_ea3c51ab-560x420.jpg 560w, https:\/\/diariodelsurdigital.com.ar\/wp-content\/uploads\/2025\/06\/Imagen-de-WhatsApp-2025-06-04-a-las-07.11.01_ea3c51ab-80x60.jpg 80w, https:\/\/diariodelsurdigital.com.ar\/wp-content\/uploads\/2025\/06\/Imagen-de-WhatsApp-2025-06-04-a-las-07.11.01_ea3c51ab-696x522.jpg 696w, https:\/\/diariodelsurdigital.com.ar\/wp-content\/uploads\/2025\/06\/Imagen-de-WhatsApp-2025-06-04-a-las-07.11.01_ea3c51ab-1068x801.jpg 1068w, https:\/\/diariodelsurdigital.com.ar\/wp-content\/uploads\/2025\/06\/Imagen-de-WhatsApp-2025-06-04-a-las-07.11.01_ea3c51ab-265x198.jpg 265w, https:\/\/diariodelsurdigital.com.ar\/wp-content\/uploads\/2025\/06\/Imagen-de-WhatsApp-2025-06-04-a-las-07.11.01_ea3c51ab.jpg 1280w\" sizes=\"auto, (max-width: 1024px) 100vw, 1024px\" \/><\/figure>\n\n\n\n<p><br>Y as\u00ed, a pura tinta y decreto (el 332\/25, para los amantes del detalle), lo reemplazaron por el contador Ignacio Luis Morante. \u00bfQui\u00e9n? Buena pregunta. Ni trayectoria en lo p\u00fablico, ni experiencia conocida en estos temas. Pero bueno, lo importante ac\u00e1 no es saber, sino cerrar la boca y firmar lo que manden.<\/p>\n\n\n\n<p><br>Ser\u00eda interesante \u2014o milagroso\u2014 saber qu\u00e9 inform\u00f3 el nuevo s\u00edndico en los balances de la Caja. \u00bfHabl\u00f3 de la situaci\u00f3n financiera? \u00bfMencion\u00f3 las irregularidades que hab\u00eda se\u00f1alado Albornoz? \u00bfO simplemente firm\u00f3 sin mirar, para que los accionistas \u2014s\u00ed, porque la Caja tiene socios p\u00fablicos y privados\u2014 no se enteren del descalabro?<br>Pero lo m\u00e1s importante era tapar que los 2.400 empleados municipales (socios de la Caja) no descubrieran que no hay m\u00e1s plata para cr\u00e9ditos. Porque si se enteraban de que perd\u00edan su \u00fanica v\u00eda de financiamiento a tasas razonables, se armaba. Y en serio. Para muchos, esos cr\u00e9ditos no son un lujo: son la \u00fanica salida frente a una econom\u00eda que los ahoga.<\/p>\n\n\n\n<p><br>As\u00ed que la orden fue clara: <strong>cerrar la boca, esconder los papeles y, sobre todo, que nadie abra la caja\u2026<\/strong> porque el olor a podrido no se disimula m\u00e1s.<br>Lo ins\u00f3lito del caso es que el propio decreto que echa a Albornoz reconoce que cumpli\u00f3 fehacientemente sus funciones. Es decir, lo rajaron por hacer bien su trabajo. Hermoso. La l\u00f3gica Mile\u00edsta al palo: si algo funciona, hay que destruirlo.<\/p>\n\n\n\n<p><br>Lo que llama la atenci\u00f3n es el mutismo del Concejo Deliberante. Nadie pidi\u00f3 ver el expediente que Albornoz elev\u00f3 al intendente, nadie lo cit\u00f3 para que d\u00e9 explicaciones. \u00bfEsperan que la Caja explote para reci\u00e9n ah\u00ed hacerse los sorprendidos? Vamos, muchachos, aunque sea por verg\u00fcenza,<strong> finjan que controlan algo<\/strong>. Pidan la nota, pregunten algo. O m\u00ednimamente, hagan como que les importa.<br>Mientras tanto, la Caja se sigue hundiendo. Los cr\u00e9ditos est\u00e1n congelados, los empleados desmotivados, los proveedores sin cobrar, y los vecinos sin respuestas. Pero eso s\u00ed, puertas adentro, todo sigue bajo control\u2026 del desgobierno.<\/p>\n\n\n\n<p><br>Para los empleados de la Caja, la \u00fanica \u201csoluci\u00f3n\u201d a la vista es que la Municipalidad ponga \u2014as\u00ed nom\u00e1s\u2014 unos 300 millones de pesos, como quien busca cambio para el colectivo, para que al menos vuelvan a dar cr\u00e9ditos y la Caja genere algo de ingresos. Porque hoy por hoy, el d\u00e9ficit operativo real supera los 300 millones anuales. S\u00ed, una bicoca.<br>Y lo m\u00e1s tragic\u00f3mico del asunto: si la Caja no tiene plata, no puede dar cr\u00e9ditos. Y si no da cr\u00e9ditos, no genera ingresos. Y si no genera ingresos\u2026 \u00bfpara qu\u00e9 existe? B\u00e1sicamente, estamos ante una instituci\u00f3n que ha sido privada de su \u00fanica raz\u00f3n de ser. Es como un cajero autom\u00e1tico sin billetes, pero con muchos asesores adentro.<br>Ahora resta ver qu\u00e9 genialidad se le ocurre a Azcu\u00e9 y a Ferreyra para salir de este berenjenal. Quiz\u00e1s convoquen otra consultora, alg\u00fan primo con Excel, o simplemente prendan una vela a San Cr\u00e9dito.<\/p>\n\n\n\n<p><br>En fin, Azcue y compa\u00f1\u00eda siguen demostrando que no pueden administrar ni una fotocopiadora. La Caja no es la excepci\u00f3n, es el ejemplo perfecto. El modelo de gesti\u00f3n es simple: si alguien dice la verdad, hay que silenciarlo. Total, despu\u00e9s siempre hay otro que firme.<\/p>\n\n\n\n<p><br>Si \u201cla Caja Mixta es una muestra\u201d, no queremos ni pensar lo que va hacer \u201cla pel\u00edcula entera\u00bb.<br>Mientras tanto, no abran la Caja. Porque sigue oliendo\u2026 y cada vez peor.<\/p>\n\n\n\n<p><br>\u00a1En fin, ser\u00e1 hasta la semana que viene! \u00a1Saludos a T\u00edo Rico, s\u00ed ese, el de las cooperativas!<\/p>\n\n\n\n<p>No se pierda la pr\u00f3xima nota: <strong>Por qu\u00e9 los contadores no quieren ir al INVyTAM\u201d, un organismo vaciado por la corrupci\u00f3n&#8230;<\/strong><\/p>\n","protected":false},"excerpt":{"rendered":"<p>Por \u00abCorchito\u00bb Gonz\u00e1lez &#8211; Especial para Diario del SUR Digital PARA MUESTRA BASTA UN BOTON: La Caja Mixta es una muestra y claro ejemplo del desmanejo en el gobierno de Azcu\u00e9.Una pregunta que ya parece chiste. Porque la respuesta siempre es la misma: un quilombo. La caja est\u00e1 fundida, no hay m\u00e1s cr\u00e9ditos, y la [&hellip;]<\/p>\n","protected":false},"author":2,"featured_media":2970,"comment_status":"open","ping_status":"open","sticky":false,"template":"","format":"standard","meta":{"footnotes":""},"categories":[16,1],"tags":[],"class_list":{"0":"post-2969","1":"post","2":"type-post","3":"status-publish","4":"format-standard","5":"has-post-thumbnail","7":"category-locales","8":"category-uncategorized"},"yoast_head":"<!-- This site is optimized with the Yoast SEO plugin v27.4 - https:\/\/yoast.com\/product\/yoast-seo-wordpress\/ -->\n<title>LA CAJA NEGRA: el tr\u00e1iler del colapso municipal versi\u00f3n Azcu\u00e9 - Diario del Sur<\/title>\n<meta name=\"robots\" content=\"index, follow, max-snippet:-1, max-image-preview:large, max-video-preview:-1\" \/>\n<link rel=\"canonical\" href=\"https:\/\/diariodelsurdigital.com.ar\/?p=2969\" \/>\n<meta property=\"og:locale\" content=\"es_ES\" \/>\n<meta property=\"og:type\" content=\"article\" \/>\n<meta property=\"og:title\" content=\"LA CAJA NEGRA: el tr\u00e1iler del colapso municipal versi\u00f3n Azcu\u00e9 - Diario del Sur\" \/>\n<meta property=\"og:description\" content=\"Por \u00abCorchito\u00bb Gonz\u00e1lez &#8211; Especial para Diario del SUR Digital PARA MUESTRA BASTA UN BOTON: La Caja Mixta es una muestra y claro ejemplo del desmanejo en el gobierno de Azcu\u00e9.Una pregunta que ya parece chiste. Porque la respuesta siempre es la misma: un quilombo. La caja est\u00e1 fundida, no hay m\u00e1s cr\u00e9ditos, y la [&hellip;]\" \/>\n<meta property=\"og:url\" content=\"https:\/\/diariodelsurdigital.com.ar\/?p=2969\" \/>\n<meta property=\"og:site_name\" content=\"Diario del Sur\" \/>\n<meta property=\"article:published_time\" content=\"2025-06-04T03:39:50+00:00\" \/>\n<meta property=\"article:modified_time\" content=\"2025-06-04T10:22:53+00:00\" \/>\n<meta property=\"og:image\" content=\"https:\/\/diariodelsurdigital.com.ar\/wp-content\/uploads\/2025\/06\/AZCUE-1.jpg\" \/>\n\t<meta property=\"og:image:width\" content=\"498\" \/>\n\t<meta property=\"og:image:height\" content=\"340\" \/>\n\t<meta property=\"og:image:type\" content=\"image\/jpeg\" \/>\n<meta name=\"author\" content=\"Diario del Sur Digital\" \/>\n<meta name=\"twitter:card\" content=\"summary_large_image\" \/>\n<meta name=\"twitter:label1\" content=\"Escrito por\" \/>\n\t<meta name=\"twitter:data1\" content=\"Diario del Sur Digital\" \/>\n\t<meta name=\"twitter:label2\" content=\"Tiempo de lectura\" \/>\n\t<meta name=\"twitter:data2\" content=\"7 minutos\" \/>\n<script type=\"application\/ld+json\" class=\"yoast-schema-graph\">{\"@context\":\"https:\\\/\\\/schema.org\",\"@graph\":[{\"@type\":\"Article\",\"@id\":\"https:\\\/\\\/diariodelsurdigital.com.ar\\\/?p=2969#article\",\"isPartOf\":{\"@id\":\"https:\\\/\\\/diariodelsurdigital.com.ar\\\/?p=2969\"},\"author\":{\"name\":\"Diario del Sur Digital\",\"@id\":\"https:\\\/\\\/diariodelsurdigital.com.ar\\\/#\\\/schema\\\/person\\\/6136a32571657f7dba980b88b04c5465\"},\"headline\":\"LA CAJA NEGRA: el tr\u00e1iler del colapso municipal versi\u00f3n Azcu\u00e9\",\"datePublished\":\"2025-06-04T03:39:50+00:00\",\"dateModified\":\"2025-06-04T10:22:53+00:00\",\"mainEntityOfPage\":{\"@id\":\"https:\\\/\\\/diariodelsurdigital.com.ar\\\/?p=2969\"},\"wordCount\":1316,\"commentCount\":0,\"image\":{\"@id\":\"https:\\\/\\\/diariodelsurdigital.com.ar\\\/?p=2969#primaryimage\"},\"thumbnailUrl\":\"https:\\\/\\\/diariodelsurdigital.com.ar\\\/wp-content\\\/uploads\\\/2025\\\/06\\\/AZCUE-1.jpg\",\"articleSection\":[\"Locales\",\"Uncategorized\"],\"inLanguage\":\"es\",\"potentialAction\":[{\"@type\":\"CommentAction\",\"name\":\"Comment\",\"target\":[\"https:\\\/\\\/diariodelsurdigital.com.ar\\\/?p=2969#respond\"]}]},{\"@type\":\"WebPage\",\"@id\":\"https:\\\/\\\/diariodelsurdigital.com.ar\\\/?p=2969\",\"url\":\"https:\\\/\\\/diariodelsurdigital.com.ar\\\/?p=2969\",\"name\":\"LA CAJA NEGRA: el tr\u00e1iler del colapso municipal versi\u00f3n Azcu\u00e9 - Diario del Sur\",\"isPartOf\":{\"@id\":\"https:\\\/\\\/diariodelsurdigital.com.ar\\\/#website\"},\"primaryImageOfPage\":{\"@id\":\"https:\\\/\\\/diariodelsurdigital.com.ar\\\/?p=2969#primaryimage\"},\"image\":{\"@id\":\"https:\\\/\\\/diariodelsurdigital.com.ar\\\/?p=2969#primaryimage\"},\"thumbnailUrl\":\"https:\\\/\\\/diariodelsurdigital.com.ar\\\/wp-content\\\/uploads\\\/2025\\\/06\\\/AZCUE-1.jpg\",\"datePublished\":\"2025-06-04T03:39:50+00:00\",\"dateModified\":\"2025-06-04T10:22:53+00:00\",\"author\":{\"@id\":\"https:\\\/\\\/diariodelsurdigital.com.ar\\\/#\\\/schema\\\/person\\\/6136a32571657f7dba980b88b04c5465\"},\"breadcrumb\":{\"@id\":\"https:\\\/\\\/diariodelsurdigital.com.ar\\\/?p=2969#breadcrumb\"},\"inLanguage\":\"es\",\"potentialAction\":[{\"@type\":\"ReadAction\",\"target\":[\"https:\\\/\\\/diariodelsurdigital.com.ar\\\/?p=2969\"]}]},{\"@type\":\"ImageObject\",\"inLanguage\":\"es\",\"@id\":\"https:\\\/\\\/diariodelsurdigital.com.ar\\\/?p=2969#primaryimage\",\"url\":\"https:\\\/\\\/diariodelsurdigital.com.ar\\\/wp-content\\\/uploads\\\/2025\\\/06\\\/AZCUE-1.jpg\",\"contentUrl\":\"https:\\\/\\\/diariodelsurdigital.com.ar\\\/wp-content\\\/uploads\\\/2025\\\/06\\\/AZCUE-1.jpg\",\"width\":498,\"height\":340},{\"@type\":\"BreadcrumbList\",\"@id\":\"https:\\\/\\\/diariodelsurdigital.com.ar\\\/?p=2969#breadcrumb\",\"itemListElement\":[{\"@type\":\"ListItem\",\"position\":1,\"name\":\"Portada\",\"item\":\"https:\\\/\\\/diariodelsurdigital.com.ar\\\/\"},{\"@type\":\"ListItem\",\"position\":2,\"name\":\"LA CAJA NEGRA: el tr\u00e1iler del colapso municipal versi\u00f3n Azcu\u00e9\"}]},{\"@type\":\"WebSite\",\"@id\":\"https:\\\/\\\/diariodelsurdigital.com.ar\\\/#website\",\"url\":\"https:\\\/\\\/diariodelsurdigital.com.ar\\\/\",\"name\":\"Diario del Sur\",\"description\":\"Digital\",\"potentialAction\":[{\"@type\":\"SearchAction\",\"target\":{\"@type\":\"EntryPoint\",\"urlTemplate\":\"https:\\\/\\\/diariodelsurdigital.com.ar\\\/?s={search_term_string}\"},\"query-input\":{\"@type\":\"PropertyValueSpecification\",\"valueRequired\":true,\"valueName\":\"search_term_string\"}}],\"inLanguage\":\"es\"},{\"@type\":\"Person\",\"@id\":\"https:\\\/\\\/diariodelsurdigital.com.ar\\\/#\\\/schema\\\/person\\\/6136a32571657f7dba980b88b04c5465\",\"name\":\"Diario del Sur Digital\",\"image\":{\"@type\":\"ImageObject\",\"inLanguage\":\"es\",\"@id\":\"https:\\\/\\\/secure.gravatar.com\\\/avatar\\\/4c29ceac98541dd42460b2474aaa5dd37594d6ce6cb3cf2c101d09b48ee287ba?s=96&d=mm&r=g\",\"url\":\"https:\\\/\\\/secure.gravatar.com\\\/avatar\\\/4c29ceac98541dd42460b2474aaa5dd37594d6ce6cb3cf2c101d09b48ee287ba?s=96&d=mm&r=g\",\"contentUrl\":\"https:\\\/\\\/secure.gravatar.com\\\/avatar\\\/4c29ceac98541dd42460b2474aaa5dd37594d6ce6cb3cf2c101d09b48ee287ba?s=96&d=mm&r=g\",\"caption\":\"Diario del Sur Digital\"},\"url\":\"https:\\\/\\\/diariodelsurdigital.com.ar\\\/?author=2\"}]}<\/script>\n<!-- \/ Yoast SEO plugin. -->","yoast_head_json":{"title":"LA CAJA NEGRA: el tr\u00e1iler del colapso municipal versi\u00f3n Azcu\u00e9 - Diario del Sur","robots":{"index":"index","follow":"follow","max-snippet":"max-snippet:-1","max-image-preview":"max-image-preview:large","max-video-preview":"max-video-preview:-1"},"canonical":"https:\/\/diariodelsurdigital.com.ar\/?p=2969","og_locale":"es_ES","og_type":"article","og_title":"LA CAJA NEGRA: el tr\u00e1iler del colapso municipal versi\u00f3n Azcu\u00e9 - Diario del Sur","og_description":"Por \u00abCorchito\u00bb Gonz\u00e1lez &#8211; Especial para Diario del SUR Digital PARA MUESTRA BASTA UN BOTON: La Caja Mixta es una muestra y claro ejemplo del desmanejo en el gobierno de Azcu\u00e9.Una pregunta que ya parece chiste. Porque la respuesta siempre es la misma: un quilombo. La caja est\u00e1 fundida, no hay m\u00e1s cr\u00e9ditos, y la [&hellip;]","og_url":"https:\/\/diariodelsurdigital.com.ar\/?p=2969","og_site_name":"Diario del Sur","article_published_time":"2025-06-04T03:39:50+00:00","article_modified_time":"2025-06-04T10:22:53+00:00","og_image":[{"width":498,"height":340,"url":"https:\/\/diariodelsurdigital.com.ar\/wp-content\/uploads\/2025\/06\/AZCUE-1.jpg","type":"image\/jpeg"}],"author":"Diario del Sur Digital","twitter_card":"summary_large_image","twitter_misc":{"Escrito por":"Diario del Sur Digital","Tiempo de lectura":"7 minutos"},"schema":{"@context":"https:\/\/schema.org","@graph":[{"@type":"Article","@id":"https:\/\/diariodelsurdigital.com.ar\/?p=2969#article","isPartOf":{"@id":"https:\/\/diariodelsurdigital.com.ar\/?p=2969"},"author":{"name":"Diario del Sur Digital","@id":"https:\/\/diariodelsurdigital.com.ar\/#\/schema\/person\/6136a32571657f7dba980b88b04c5465"},"headline":"LA CAJA NEGRA: el tr\u00e1iler del colapso municipal versi\u00f3n Azcu\u00e9","datePublished":"2025-06-04T03:39:50+00:00","dateModified":"2025-06-04T10:22:53+00:00","mainEntityOfPage":{"@id":"https:\/\/diariodelsurdigital.com.ar\/?p=2969"},"wordCount":1316,"commentCount":0,"image":{"@id":"https:\/\/diariodelsurdigital.com.ar\/?p=2969#primaryimage"},"thumbnailUrl":"https:\/\/diariodelsurdigital.com.ar\/wp-content\/uploads\/2025\/06\/AZCUE-1.jpg","articleSection":["Locales","Uncategorized"],"inLanguage":"es","potentialAction":[{"@type":"CommentAction","name":"Comment","target":["https:\/\/diariodelsurdigital.com.ar\/?p=2969#respond"]}]},{"@type":"WebPage","@id":"https:\/\/diariodelsurdigital.com.ar\/?p=2969","url":"https:\/\/diariodelsurdigital.com.ar\/?p=2969","name":"LA CAJA NEGRA: el tr\u00e1iler del colapso municipal versi\u00f3n Azcu\u00e9 - Diario del Sur","isPartOf":{"@id":"https:\/\/diariodelsurdigital.com.ar\/#website"},"primaryImageOfPage":{"@id":"https:\/\/diariodelsurdigital.com.ar\/?p=2969#primaryimage"},"image":{"@id":"https:\/\/diariodelsurdigital.com.ar\/?p=2969#primaryimage"},"thumbnailUrl":"https:\/\/diariodelsurdigital.com.ar\/wp-content\/uploads\/2025\/06\/AZCUE-1.jpg","datePublished":"2025-06-04T03:39:50+00:00","dateModified":"2025-06-04T10:22:53+00:00","author":{"@id":"https:\/\/diariodelsurdigital.com.ar\/#\/schema\/person\/6136a32571657f7dba980b88b04c5465"},"breadcrumb":{"@id":"https:\/\/diariodelsurdigital.com.ar\/?p=2969#breadcrumb"},"inLanguage":"es","potentialAction":[{"@type":"ReadAction","target":["https:\/\/diariodelsurdigital.com.ar\/?p=2969"]}]},{"@type":"ImageObject","inLanguage":"es","@id":"https:\/\/diariodelsurdigital.com.ar\/?p=2969#primaryimage","url":"https:\/\/diariodelsurdigital.com.ar\/wp-content\/uploads\/2025\/06\/AZCUE-1.jpg","contentUrl":"https:\/\/diariodelsurdigital.com.ar\/wp-content\/uploads\/2025\/06\/AZCUE-1.jpg","width":498,"height":340},{"@type":"BreadcrumbList","@id":"https:\/\/diariodelsurdigital.com.ar\/?p=2969#breadcrumb","itemListElement":[{"@type":"ListItem","position":1,"name":"Portada","item":"https:\/\/diariodelsurdigital.com.ar\/"},{"@type":"ListItem","position":2,"name":"LA CAJA NEGRA: el tr\u00e1iler del colapso municipal versi\u00f3n Azcu\u00e9"}]},{"@type":"WebSite","@id":"https:\/\/diariodelsurdigital.com.ar\/#website","url":"https:\/\/diariodelsurdigital.com.ar\/","name":"Diario del Sur","description":"Digital","potentialAction":[{"@type":"SearchAction","target":{"@type":"EntryPoint","urlTemplate":"https:\/\/diariodelsurdigital.com.ar\/?s={search_term_string}"},"query-input":{"@type":"PropertyValueSpecification","valueRequired":true,"valueName":"search_term_string"}}],"inLanguage":"es"},{"@type":"Person","@id":"https:\/\/diariodelsurdigital.com.ar\/#\/schema\/person\/6136a32571657f7dba980b88b04c5465","name":"Diario del Sur Digital","image":{"@type":"ImageObject","inLanguage":"es","@id":"https:\/\/secure.gravatar.com\/avatar\/4c29ceac98541dd42460b2474aaa5dd37594d6ce6cb3cf2c101d09b48ee287ba?s=96&d=mm&r=g","url":"https:\/\/secure.gravatar.com\/avatar\/4c29ceac98541dd42460b2474aaa5dd37594d6ce6cb3cf2c101d09b48ee287ba?s=96&d=mm&r=g","contentUrl":"https:\/\/secure.gravatar.com\/avatar\/4c29ceac98541dd42460b2474aaa5dd37594d6ce6cb3cf2c101d09b48ee287ba?s=96&d=mm&r=g","caption":"Diario del Sur Digital"},"url":"https:\/\/diariodelsurdigital.com.ar\/?author=2"}]}},"_links":{"self":[{"href":"https:\/\/diariodelsurdigital.com.ar\/index.php?rest_route=\/wp\/v2\/posts\/2969","targetHints":{"allow":["GET"]}}],"collection":[{"href":"https:\/\/diariodelsurdigital.com.ar\/index.php?rest_route=\/wp\/v2\/posts"}],"about":[{"href":"https:\/\/diariodelsurdigital.com.ar\/index.php?rest_route=\/wp\/v2\/types\/post"}],"author":[{"embeddable":true,"href":"https:\/\/diariodelsurdigital.com.ar\/index.php?rest_route=\/wp\/v2\/users\/2"}],"replies":[{"embeddable":true,"href":"https:\/\/diariodelsurdigital.com.ar\/index.php?rest_route=%2Fwp%2Fv2%2Fcomments&post=2969"}],"version-history":[{"count":2,"href":"https:\/\/diariodelsurdigital.com.ar\/index.php?rest_route=\/wp\/v2\/posts\/2969\/revisions"}],"predecessor-version":[{"id":2979,"href":"https:\/\/diariodelsurdigital.com.ar\/index.php?rest_route=\/wp\/v2\/posts\/2969\/revisions\/2979"}],"wp:featuredmedia":[{"embeddable":true,"href":"https:\/\/diariodelsurdigital.com.ar\/index.php?rest_route=\/wp\/v2\/media\/2970"}],"wp:attachment":[{"href":"https:\/\/diariodelsurdigital.com.ar\/index.php?rest_route=%2Fwp%2Fv2%2Fmedia&parent=2969"}],"wp:term":[{"taxonomy":"category","embeddable":true,"href":"https:\/\/diariodelsurdigital.com.ar\/index.php?rest_route=%2Fwp%2Fv2%2Fcategories&post=2969"},{"taxonomy":"post_tag","embeddable":true,"href":"https:\/\/diariodelsurdigital.com.ar\/index.php?rest_route=%2Fwp%2Fv2%2Ftags&post=2969"}],"curies":[{"name":"wp","href":"https:\/\/api.w.org\/{rel}","templated":true}]}}