{"id":2972,"date":"2025-06-03T23:47:56","date_gmt":"2025-06-04T02:47:56","guid":{"rendered":"https:\/\/diariodelsurdigital.com.ar\/?p=2972"},"modified":"2025-06-03T23:49:42","modified_gmt":"2025-06-04T02:49:42","slug":"seria-inminente-la-suspension-de-las-internas-del-peronismo-entrerriano","status":"publish","type":"post","link":"https:\/\/diariodelsurdigital.com.ar\/?p=2972","title":{"rendered":"Ser\u00eda inminente la suspensi\u00f3n de las internas del peronismo entrerriano"},"content":{"rendered":"\n<h1 class=\"wp-block-heading\">El Congreso decidir\u00eda los candidatos<\/h1>\n\n\n\n<p> <\/p>\n\n\n\n<ul class=\"wp-block-list\">\n<li><a href=\"https:\/\/www.facebook.com\/sharer\/sharer.php?u=https%3A%2F%2Fwww.davidricardo.com.ar%2F2025%2F06%2F03%2Fseria-inminente-la-suspension-de-las-internas-del-peronismo-entrerriano-y-el-congreso-decidiria-los-candidatos%2F&amp;t=Ser%C3%ADa+inminente+la+suspensi%C3%B3n+de+las+internas+del+peronismo+entrerriano%2C+y+el+Congreso+decidir%C3%ADa+los+candidatos\" target=\"_blank\" rel=\"noreferrer noopener\"><\/a><\/li>\n<\/ul>\n\n\n\n<p>Los distintos sectores estaban a&nbsp;\u201cla caza\u201d de los avales&nbsp;necesarios para presentar las listas este viernes, unas&nbsp;6 mil firmas&nbsp;en total distribuidas de manera proporcional en cada departamento. Seguramente se esperar\u00e1 hasta esa fecha, y&nbsp;si no se presentan otras listas&nbsp;para competir, se proclamar\u00e1 la lista&nbsp;Michel\u2013&nbsp;Bahl;&nbsp;pero si se presentan,&nbsp;se convocar\u00e1 al&nbsp;Congreso Provincial&nbsp;para evitar la internas por el tema econ\u00f3mico y este deber\u00e1 definir la lista definitiva, descart\u00e1ndose que el&nbsp;oficialismo&nbsp;ser\u00eda ampliamente&nbsp;favorecido.<\/p>\n\n\n\n<p>La controversia se hizo p\u00fablica tras un&nbsp;comunicado&nbsp;emitido por la&nbsp;Junta Electoral del PJ provincial, en el que se detallan una serie de obst\u00e1culos que, seg\u00fan el \u00f3rgano partidario, complican de sobremanera la organizaci\u00f3n de las elecciones internas. Entre los argumentos esgrimidos se encuentran la&nbsp;falta de financiamiento&nbsp;adecuado para afrontar los costos del proceso, problemas log\u00edsticos para la distribuci\u00f3n de urnas y material electoral en toda la provincia, y una \u00abcomplejidad operativa\u00bb que dificultar\u00eda garantizar la&nbsp;transparencia&nbsp; y normalidad del acto. Se estima que el costo total rondar\u00eda los&nbsp;350 mil d\u00f3lares, y que, de presentarse tres listas, como estaba previsto, cada una deber\u00eda aportar aproximadamente 120 mil d\u00f3lares.<\/p>\n\n\n\n<p>El documento de la Junta, que lleva la firma de su presidente y vocales,&nbsp;no habla de una suspensi\u00f3n definitiva, pero deja entrever que la viabilidad de los comicios est\u00e1 seriamente comprometida. \u00abAdvertimos sobre las diversas dificultades para realizar internas partidarias\u00bb, se\u00f1ala el texto, que fue elevado al Consejo Provincial del partido para su evaluaci\u00f3n. Esta situaci\u00f3n ha sido interpretada por muchos como la antesala de una&nbsp;cancelaci\u00f3n, una medida que evitar\u00eda una confrontaci\u00f3n en las urnas pero que a su vez podr\u00eda&nbsp;profundizar las divisiones internas.<\/p>\n\n\n\n<p>La reacci\u00f3n de los sectores que impulsan la contienda electoral no se hizo esperar. Desde la novel agrupaci\u00f3n&nbsp;PAR, aunque la integren dirigentes con largo recorrido, uno de los espacios que ya tiene la listas preparadas encabezadas por el intendente de Feliciano,&nbsp;Dami\u00e1n Ar\u00e9valo, y el dirigente paranaense&nbsp;Gustavo Guzm\u00e1n, respectivamente, calificaron la advertencia de la Junta Electoral como una&nbsp;\u00abexcusa\u00bb&nbsp;y denunciaron una maniobra para evitar la voluntad de los afiliados. \u00abEs una muestra de ineptitud y una&nbsp;falta de respeto&nbsp;a los miles de compa\u00f1eros que quieren expresarse\u00bb, manifestaron a trav\u00e9s de un duro comunicado.<\/p>\n\n\n\n<p>Este sector, que se referencia a nivel nacional con el&nbsp;peronismo disidente, acus\u00f3 a la conducci\u00f3n actual del partido de no querer someterse al escrutinio de las bases. Afirman que \u00abtemen a la renovaci\u00f3n y a la participaci\u00f3n\u00bb, aunque la mayor\u00eda de sus integrantes&nbsp;fueron parte de las gestiones anteriores&nbsp;de Urribarri y Bordet, como legisladores, funcionarios, intendentes, autoridades partidarias,&nbsp;y no abrieron la boca.<\/p>\n\n\n\n<p>Un&nbsp;dato de color&nbsp;se conoci\u00f3 que en las \u00faltimas horas: el kichnerismo provincial, encabezado por el diputado camporista&nbsp;Tom\u00e1s Ledesma, al ser&nbsp;rechazada&nbsp;su aspiraci\u00f3n de ir por una&nbsp;reelecci\u00f3n&nbsp;&nbsp;en la lista oficial,&nbsp;comenz\u00f3 a llamar&nbsp;a intendentes y referentes de la provincia&nbsp;del sector opositor PAR, ofreci\u00e9ndose&nbsp;para un lugar en las listas,&nbsp;&nbsp;chapeando&nbsp;con el con el&nbsp;aval&nbsp;de Maximo y Cristina&nbsp;Kirchner. Es m\u00e1s, dicen que Ledesma se compromet\u00eda a&nbsp;denunciar p\u00fablicamente&nbsp;como tesorero del PJ que el partido ten\u00eda&nbsp;la plata&nbsp;para llevar adelante las internas y no la quer\u00eda poner, pero parece que sus propuestas y ruegos no fueron escuchados.<\/p>\n\n\n\n<p>Fuentes cercanas a la conducci\u00f3n&nbsp;partidaria argumentan que la&nbsp;situaci\u00f3n econ\u00f3mica&nbsp;general y la falta de recursos genuinos del partido hacen \u00abirresponsable\u00bb llevar adelante un proceso electoral costoso en este momento. Sostienen que los esfuerzos deber\u00edan centrarse en la reorganizaci\u00f3n interna y en la construcci\u00f3n de una oposici\u00f3n s\u00f3lida al gobierno provincial de Rogelio Frigerio.<\/p>\n\n\n\n<p>Por otro lado, los sectores que exigen la realizaci\u00f3n de las internas replican que la falta de fondos&nbsp;no puede ser un impedimento&nbsp;para el ejercicio de la democracia partidaria y que existen mecanismos para llevar adelante una&nbsp;elecci\u00f3n austera. Para ellos, la suspensi\u00f3n no es m\u00e1s que una demostraci\u00f3n de debilidad de la actual dirigencia y&nbsp;un intento por mantener el control del aparato partidario sin legitimidad democr\u00e1tica.<\/p>\n\n\n\n<p>En los&nbsp;pr\u00f3ximos d\u00edas, se espera&nbsp;una definici\u00f3n&nbsp;por parte del&nbsp;Consejo Provincial del PJ, que deber\u00e1 tomar una decisi\u00f3n sobre la base del informe de la Junta Electoral y de las presiones de los distintos sectores internos. Con este traspi\u00e9 electoral,&nbsp;se desti\u00f1e la democratizaci\u00f3n&nbsp;de la elecci\u00f3n de candidatos, ya que&nbsp;el oficialismo impondr\u00eda los nombres&nbsp;que ya resuenan, y se abrir\u00eda la puerta para que alg\u00fan sector del peronismo \u201cvaya por afuera\u201d.<\/p>\n\n\n\n<p>Fuente: Ricardo David<\/p>\n","protected":false},"excerpt":{"rendered":"<p>El Congreso decidir\u00eda los candidatos Los distintos sectores estaban a&nbsp;\u201cla caza\u201d de los avales&nbsp;necesarios para presentar las listas este viernes, unas&nbsp;6 mil firmas&nbsp;en total distribuidas de manera proporcional en cada departamento. Seguramente se esperar\u00e1 hasta esa fecha, y&nbsp;si no se presentan otras listas&nbsp;para competir, se proclamar\u00e1 la lista&nbsp;Michel\u2013&nbsp;Bahl;&nbsp;pero si se presentan,&nbsp;se convocar\u00e1 al&nbsp;Congreso Provincial&nbsp;para evitar [&hellip;]<\/p>\n","protected":false},"author":2,"featured_media":2973,"comment_status":"open","ping_status":"open","sticky":false,"template":"","format":"standard","meta":{"footnotes":""},"categories":[17],"tags":[],"class_list":{"0":"post-2972","1":"post","2":"type-post","3":"status-publish","4":"format-standard","5":"has-post-thumbnail","7":"category-provinciales"},"yoast_head":"<!-- This site is optimized with the Yoast SEO plugin v27.4 - https:\/\/yoast.com\/product\/yoast-seo-wordpress\/ -->\n<title>Ser\u00eda inminente la suspensi\u00f3n de las internas del peronismo entrerriano - Diario del Sur<\/title>\n<meta name=\"robots\" content=\"index, follow, max-snippet:-1, max-image-preview:large, max-video-preview:-1\" \/>\n<link rel=\"canonical\" href=\"https:\/\/diariodelsurdigital.com.ar\/?p=2972\" \/>\n<meta property=\"og:locale\" content=\"es_ES\" \/>\n<meta property=\"og:type\" content=\"article\" \/>\n<meta property=\"og:title\" content=\"Ser\u00eda inminente la suspensi\u00f3n de las internas del peronismo entrerriano - Diario del Sur\" \/>\n<meta property=\"og:description\" content=\"El Congreso decidir\u00eda los candidatos Los distintos sectores estaban a&nbsp;\u201cla caza\u201d de los avales&nbsp;necesarios para presentar las listas este viernes, unas&nbsp;6 mil firmas&nbsp;en total distribuidas de manera proporcional en cada departamento. Seguramente se esperar\u00e1 hasta esa fecha, y&nbsp;si no se presentan otras listas&nbsp;para competir, se proclamar\u00e1 la lista&nbsp;Michel\u2013&nbsp;Bahl;&nbsp;pero si se presentan,&nbsp;se convocar\u00e1 al&nbsp;Congreso Provincial&nbsp;para evitar [&hellip;]\" \/>\n<meta property=\"og:url\" content=\"https:\/\/diariodelsurdigital.com.ar\/?p=2972\" \/>\n<meta property=\"og:site_name\" content=\"Diario del Sur\" \/>\n<meta property=\"article:published_time\" content=\"2025-06-04T02:47:56+00:00\" \/>\n<meta property=\"article:modified_time\" content=\"2025-06-04T02:49:42+00:00\" \/>\n<meta property=\"og:image\" content=\"https:\/\/diariodelsurdigital.com.ar\/wp-content\/uploads\/2025\/06\/l_1724509246.jpg\" \/>\n\t<meta property=\"og:image:width\" content=\"507\" \/>\n\t<meta property=\"og:image:height\" content=\"329\" \/>\n\t<meta property=\"og:image:type\" content=\"image\/jpeg\" \/>\n<meta name=\"author\" content=\"Diario del Sur Digital\" \/>\n<meta name=\"twitter:card\" content=\"summary_large_image\" \/>\n<meta name=\"twitter:label1\" content=\"Escrito por\" \/>\n\t<meta name=\"twitter:data1\" content=\"Diario del Sur Digital\" \/>\n\t<meta name=\"twitter:label2\" content=\"Tiempo de lectura\" \/>\n\t<meta name=\"twitter:data2\" content=\"4 minutos\" \/>\n<script type=\"application\/ld+json\" class=\"yoast-schema-graph\">{\"@context\":\"https:\\\/\\\/schema.org\",\"@graph\":[{\"@type\":\"Article\",\"@id\":\"https:\\\/\\\/diariodelsurdigital.com.ar\\\/?p=2972#article\",\"isPartOf\":{\"@id\":\"https:\\\/\\\/diariodelsurdigital.com.ar\\\/?p=2972\"},\"author\":{\"name\":\"Diario del Sur Digital\",\"@id\":\"https:\\\/\\\/diariodelsurdigital.com.ar\\\/#\\\/schema\\\/person\\\/6136a32571657f7dba980b88b04c5465\"},\"headline\":\"Ser\u00eda inminente la suspensi\u00f3n de las internas del peronismo entrerriano\",\"datePublished\":\"2025-06-04T02:47:56+00:00\",\"dateModified\":\"2025-06-04T02:49:42+00:00\",\"mainEntityOfPage\":{\"@id\":\"https:\\\/\\\/diariodelsurdigital.com.ar\\\/?p=2972\"},\"wordCount\":906,\"commentCount\":0,\"image\":{\"@id\":\"https:\\\/\\\/diariodelsurdigital.com.ar\\\/?p=2972#primaryimage\"},\"thumbnailUrl\":\"https:\\\/\\\/diariodelsurdigital.com.ar\\\/wp-content\\\/uploads\\\/2025\\\/06\\\/l_1724509246.jpg\",\"articleSection\":[\"Provinciales\"],\"inLanguage\":\"es\",\"potentialAction\":[{\"@type\":\"CommentAction\",\"name\":\"Comment\",\"target\":[\"https:\\\/\\\/diariodelsurdigital.com.ar\\\/?p=2972#respond\"]}]},{\"@type\":\"WebPage\",\"@id\":\"https:\\\/\\\/diariodelsurdigital.com.ar\\\/?p=2972\",\"url\":\"https:\\\/\\\/diariodelsurdigital.com.ar\\\/?p=2972\",\"name\":\"Ser\u00eda inminente la suspensi\u00f3n de las internas del peronismo entrerriano - Diario del Sur\",\"isPartOf\":{\"@id\":\"https:\\\/\\\/diariodelsurdigital.com.ar\\\/#website\"},\"primaryImageOfPage\":{\"@id\":\"https:\\\/\\\/diariodelsurdigital.com.ar\\\/?p=2972#primaryimage\"},\"image\":{\"@id\":\"https:\\\/\\\/diariodelsurdigital.com.ar\\\/?p=2972#primaryimage\"},\"thumbnailUrl\":\"https:\\\/\\\/diariodelsurdigital.com.ar\\\/wp-content\\\/uploads\\\/2025\\\/06\\\/l_1724509246.jpg\",\"datePublished\":\"2025-06-04T02:47:56+00:00\",\"dateModified\":\"2025-06-04T02:49:42+00:00\",\"author\":{\"@id\":\"https:\\\/\\\/diariodelsurdigital.com.ar\\\/#\\\/schema\\\/person\\\/6136a32571657f7dba980b88b04c5465\"},\"breadcrumb\":{\"@id\":\"https:\\\/\\\/diariodelsurdigital.com.ar\\\/?p=2972#breadcrumb\"},\"inLanguage\":\"es\",\"potentialAction\":[{\"@type\":\"ReadAction\",\"target\":[\"https:\\\/\\\/diariodelsurdigital.com.ar\\\/?p=2972\"]}]},{\"@type\":\"ImageObject\",\"inLanguage\":\"es\",\"@id\":\"https:\\\/\\\/diariodelsurdigital.com.ar\\\/?p=2972#primaryimage\",\"url\":\"https:\\\/\\\/diariodelsurdigital.com.ar\\\/wp-content\\\/uploads\\\/2025\\\/06\\\/l_1724509246.jpg\",\"contentUrl\":\"https:\\\/\\\/diariodelsurdigital.com.ar\\\/wp-content\\\/uploads\\\/2025\\\/06\\\/l_1724509246.jpg\",\"width\":507,\"height\":329},{\"@type\":\"BreadcrumbList\",\"@id\":\"https:\\\/\\\/diariodelsurdigital.com.ar\\\/?p=2972#breadcrumb\",\"itemListElement\":[{\"@type\":\"ListItem\",\"position\":1,\"name\":\"Portada\",\"item\":\"https:\\\/\\\/diariodelsurdigital.com.ar\\\/\"},{\"@type\":\"ListItem\",\"position\":2,\"name\":\"Ser\u00eda inminente la suspensi\u00f3n de las internas del peronismo entrerriano\"}]},{\"@type\":\"WebSite\",\"@id\":\"https:\\\/\\\/diariodelsurdigital.com.ar\\\/#website\",\"url\":\"https:\\\/\\\/diariodelsurdigital.com.ar\\\/\",\"name\":\"Diario del Sur\",\"description\":\"Digital\",\"potentialAction\":[{\"@type\":\"SearchAction\",\"target\":{\"@type\":\"EntryPoint\",\"urlTemplate\":\"https:\\\/\\\/diariodelsurdigital.com.ar\\\/?s={search_term_string}\"},\"query-input\":{\"@type\":\"PropertyValueSpecification\",\"valueRequired\":true,\"valueName\":\"search_term_string\"}}],\"inLanguage\":\"es\"},{\"@type\":\"Person\",\"@id\":\"https:\\\/\\\/diariodelsurdigital.com.ar\\\/#\\\/schema\\\/person\\\/6136a32571657f7dba980b88b04c5465\",\"name\":\"Diario del Sur Digital\",\"image\":{\"@type\":\"ImageObject\",\"inLanguage\":\"es\",\"@id\":\"https:\\\/\\\/secure.gravatar.com\\\/avatar\\\/4c29ceac98541dd42460b2474aaa5dd37594d6ce6cb3cf2c101d09b48ee287ba?s=96&d=mm&r=g\",\"url\":\"https:\\\/\\\/secure.gravatar.com\\\/avatar\\\/4c29ceac98541dd42460b2474aaa5dd37594d6ce6cb3cf2c101d09b48ee287ba?s=96&d=mm&r=g\",\"contentUrl\":\"https:\\\/\\\/secure.gravatar.com\\\/avatar\\\/4c29ceac98541dd42460b2474aaa5dd37594d6ce6cb3cf2c101d09b48ee287ba?s=96&d=mm&r=g\",\"caption\":\"Diario del Sur Digital\"},\"url\":\"https:\\\/\\\/diariodelsurdigital.com.ar\\\/?author=2\"}]}<\/script>\n<!-- \/ Yoast SEO plugin. -->","yoast_head_json":{"title":"Ser\u00eda inminente la suspensi\u00f3n de las internas del peronismo entrerriano - Diario del Sur","robots":{"index":"index","follow":"follow","max-snippet":"max-snippet:-1","max-image-preview":"max-image-preview:large","max-video-preview":"max-video-preview:-1"},"canonical":"https:\/\/diariodelsurdigital.com.ar\/?p=2972","og_locale":"es_ES","og_type":"article","og_title":"Ser\u00eda inminente la suspensi\u00f3n de las internas del peronismo entrerriano - Diario del Sur","og_description":"El Congreso decidir\u00eda los candidatos Los distintos sectores estaban a&nbsp;\u201cla caza\u201d de los avales&nbsp;necesarios para presentar las listas este viernes, unas&nbsp;6 mil firmas&nbsp;en total distribuidas de manera proporcional en cada departamento. Seguramente se esperar\u00e1 hasta esa fecha, y&nbsp;si no se presentan otras listas&nbsp;para competir, se proclamar\u00e1 la lista&nbsp;Michel\u2013&nbsp;Bahl;&nbsp;pero si se presentan,&nbsp;se convocar\u00e1 al&nbsp;Congreso Provincial&nbsp;para evitar [&hellip;]","og_url":"https:\/\/diariodelsurdigital.com.ar\/?p=2972","og_site_name":"Diario del Sur","article_published_time":"2025-06-04T02:47:56+00:00","article_modified_time":"2025-06-04T02:49:42+00:00","og_image":[{"width":507,"height":329,"url":"https:\/\/diariodelsurdigital.com.ar\/wp-content\/uploads\/2025\/06\/l_1724509246.jpg","type":"image\/jpeg"}],"author":"Diario del Sur Digital","twitter_card":"summary_large_image","twitter_misc":{"Escrito por":"Diario del Sur Digital","Tiempo de lectura":"4 minutos"},"schema":{"@context":"https:\/\/schema.org","@graph":[{"@type":"Article","@id":"https:\/\/diariodelsurdigital.com.ar\/?p=2972#article","isPartOf":{"@id":"https:\/\/diariodelsurdigital.com.ar\/?p=2972"},"author":{"name":"Diario del Sur Digital","@id":"https:\/\/diariodelsurdigital.com.ar\/#\/schema\/person\/6136a32571657f7dba980b88b04c5465"},"headline":"Ser\u00eda inminente la suspensi\u00f3n de las internas del peronismo entrerriano","datePublished":"2025-06-04T02:47:56+00:00","dateModified":"2025-06-04T02:49:42+00:00","mainEntityOfPage":{"@id":"https:\/\/diariodelsurdigital.com.ar\/?p=2972"},"wordCount":906,"commentCount":0,"image":{"@id":"https:\/\/diariodelsurdigital.com.ar\/?p=2972#primaryimage"},"thumbnailUrl":"https:\/\/diariodelsurdigital.com.ar\/wp-content\/uploads\/2025\/06\/l_1724509246.jpg","articleSection":["Provinciales"],"inLanguage":"es","potentialAction":[{"@type":"CommentAction","name":"Comment","target":["https:\/\/diariodelsurdigital.com.ar\/?p=2972#respond"]}]},{"@type":"WebPage","@id":"https:\/\/diariodelsurdigital.com.ar\/?p=2972","url":"https:\/\/diariodelsurdigital.com.ar\/?p=2972","name":"Ser\u00eda inminente la suspensi\u00f3n de las internas del peronismo entrerriano - Diario del Sur","isPartOf":{"@id":"https:\/\/diariodelsurdigital.com.ar\/#website"},"primaryImageOfPage":{"@id":"https:\/\/diariodelsurdigital.com.ar\/?p=2972#primaryimage"},"image":{"@id":"https:\/\/diariodelsurdigital.com.ar\/?p=2972#primaryimage"},"thumbnailUrl":"https:\/\/diariodelsurdigital.com.ar\/wp-content\/uploads\/2025\/06\/l_1724509246.jpg","datePublished":"2025-06-04T02:47:56+00:00","dateModified":"2025-06-04T02:49:42+00:00","author":{"@id":"https:\/\/diariodelsurdigital.com.ar\/#\/schema\/person\/6136a32571657f7dba980b88b04c5465"},"breadcrumb":{"@id":"https:\/\/diariodelsurdigital.com.ar\/?p=2972#breadcrumb"},"inLanguage":"es","potentialAction":[{"@type":"ReadAction","target":["https:\/\/diariodelsurdigital.com.ar\/?p=2972"]}]},{"@type":"ImageObject","inLanguage":"es","@id":"https:\/\/diariodelsurdigital.com.ar\/?p=2972#primaryimage","url":"https:\/\/diariodelsurdigital.com.ar\/wp-content\/uploads\/2025\/06\/l_1724509246.jpg","contentUrl":"https:\/\/diariodelsurdigital.com.ar\/wp-content\/uploads\/2025\/06\/l_1724509246.jpg","width":507,"height":329},{"@type":"BreadcrumbList","@id":"https:\/\/diariodelsurdigital.com.ar\/?p=2972#breadcrumb","itemListElement":[{"@type":"ListItem","position":1,"name":"Portada","item":"https:\/\/diariodelsurdigital.com.ar\/"},{"@type":"ListItem","position":2,"name":"Ser\u00eda inminente la suspensi\u00f3n de las internas del peronismo entrerriano"}]},{"@type":"WebSite","@id":"https:\/\/diariodelsurdigital.com.ar\/#website","url":"https:\/\/diariodelsurdigital.com.ar\/","name":"Diario del Sur","description":"Digital","potentialAction":[{"@type":"SearchAction","target":{"@type":"EntryPoint","urlTemplate":"https:\/\/diariodelsurdigital.com.ar\/?s={search_term_string}"},"query-input":{"@type":"PropertyValueSpecification","valueRequired":true,"valueName":"search_term_string"}}],"inLanguage":"es"},{"@type":"Person","@id":"https:\/\/diariodelsurdigital.com.ar\/#\/schema\/person\/6136a32571657f7dba980b88b04c5465","name":"Diario del Sur Digital","image":{"@type":"ImageObject","inLanguage":"es","@id":"https:\/\/secure.gravatar.com\/avatar\/4c29ceac98541dd42460b2474aaa5dd37594d6ce6cb3cf2c101d09b48ee287ba?s=96&d=mm&r=g","url":"https:\/\/secure.gravatar.com\/avatar\/4c29ceac98541dd42460b2474aaa5dd37594d6ce6cb3cf2c101d09b48ee287ba?s=96&d=mm&r=g","contentUrl":"https:\/\/secure.gravatar.com\/avatar\/4c29ceac98541dd42460b2474aaa5dd37594d6ce6cb3cf2c101d09b48ee287ba?s=96&d=mm&r=g","caption":"Diario del Sur Digital"},"url":"https:\/\/diariodelsurdigital.com.ar\/?author=2"}]}},"_links":{"self":[{"href":"https:\/\/diariodelsurdigital.com.ar\/index.php?rest_route=\/wp\/v2\/posts\/2972","targetHints":{"allow":["GET"]}}],"collection":[{"href":"https:\/\/diariodelsurdigital.com.ar\/index.php?rest_route=\/wp\/v2\/posts"}],"about":[{"href":"https:\/\/diariodelsurdigital.com.ar\/index.php?rest_route=\/wp\/v2\/types\/post"}],"author":[{"embeddable":true,"href":"https:\/\/diariodelsurdigital.com.ar\/index.php?rest_route=\/wp\/v2\/users\/2"}],"replies":[{"embeddable":true,"href":"https:\/\/diariodelsurdigital.com.ar\/index.php?rest_route=%2Fwp%2Fv2%2Fcomments&post=2972"}],"version-history":[{"count":2,"href":"https:\/\/diariodelsurdigital.com.ar\/index.php?rest_route=\/wp\/v2\/posts\/2972\/revisions"}],"predecessor-version":[{"id":2975,"href":"https:\/\/diariodelsurdigital.com.ar\/index.php?rest_route=\/wp\/v2\/posts\/2972\/revisions\/2975"}],"wp:featuredmedia":[{"embeddable":true,"href":"https:\/\/diariodelsurdigital.com.ar\/index.php?rest_route=\/wp\/v2\/media\/2973"}],"wp:attachment":[{"href":"https:\/\/diariodelsurdigital.com.ar\/index.php?rest_route=%2Fwp%2Fv2%2Fmedia&parent=2972"}],"wp:term":[{"taxonomy":"category","embeddable":true,"href":"https:\/\/diariodelsurdigital.com.ar\/index.php?rest_route=%2Fwp%2Fv2%2Fcategories&post=2972"},{"taxonomy":"post_tag","embeddable":true,"href":"https:\/\/diariodelsurdigital.com.ar\/index.php?rest_route=%2Fwp%2Fv2%2Ftags&post=2972"}],"curies":[{"name":"wp","href":"https:\/\/api.w.org\/{rel}","templated":true}]}}