{"id":2981,"date":"2025-06-04T15:14:17","date_gmt":"2025-06-04T18:14:17","guid":{"rendered":"https:\/\/diariodelsurdigital.com.ar\/?p=2981"},"modified":"2025-06-04T15:14:19","modified_gmt":"2025-06-04T18:14:19","slug":"tomas-ledesma-abogo-para-que-el-pj-tenga-internas-abiertas-y-democraticas","status":"publish","type":"post","link":"https:\/\/diariodelsurdigital.com.ar\/?p=2981","title":{"rendered":"Tom\u00e1s Ledesma abog\u00f3 para que el PJ tenga internas abiertas y democr\u00e1ticas"},"content":{"rendered":"\n<p>El diputado nacional por el justicialismo public\u00f3 en sus redes sociales un pedido a su partido: \u201cEs fundamental garantizar que los legisladores propuestos por nuestro partido a la ciudadan\u00eda cumplan con el contrato electoral\u201d. Adem\u00e1s el legislador se refiri\u00f3 a la situaci\u00f3n actual del pa\u00eds y la baja participaci\u00f3n electoral.<\/p>\n\n\n\n<p>Ledesma public\u00f3 en X (ex Twitter) lo siguiente:<\/p>\n\n\n\n<p>\u201cSe viven tiempos muy dif\u00edciles en la Argentina y en nuestra provincia de Entre R\u00edos. Esto amerita que las estructuras encargadas de proponerles un futuro y un horizonte a la sociedad se debatan internamente y encuentren soluciones superadoras a los problemas del presente y del futuro\u201d.<\/p>\n\n\n\n<p>\u201cEl poder adquisitivo de los trabajadores, el desarrollo de una industria con valor agregado, obras p\u00fablicas estrat\u00e9gicas para el desarrollo de nuestras ciudades, legislaciones modernas pero protectoras de derechos, una salud y una educaci\u00f3n p\u00fablica robustas, son algunas de las aristas que hay que abordar con urgencia\u201d.<\/p>\n\n\n\n<p>\u201cPor esto, es importante fortalecer la democracia y los \u00e1mbitos de participaci\u00f3n de la sociedad y, al no lograrse un proceso de unidad en el peronismo entrerriano, es un deber del Partido Justicialista garantizar internas abiertas y democr\u00e1ticas\u201d.<\/p>\n\n\n\n<p>\u201cLa baja participaci\u00f3n de la sociedad en los procesos electorales recientes tiene que ser un llamado de atenci\u00f3n enorme para quienes creemos en la pol\u00edtica como herramienta de transformaci\u00f3n. Y la \u00fanica manera de revertirlo es abriendo la discusi\u00f3n y no obturando la participaci\u00f3n pol\u00edtica de ninguna vertiente del peronismo\u201d.<\/p>\n\n\n\n<p>\u201cPor eso, en sinton\u00eda con intendentes, legisladores nacionales, legisladores provinciales, presidentes departamentales y de b\u00e1sicas de toda la provincia, organizaciones nacionales, provinciales y locales, sindicatos y militantes de a pie, es que expresamos la necesidad de una interna abierta que permita la participaci\u00f3n y expresi\u00f3n de la sociedad en la selecci\u00f3n de candidatos del Partido Justicialista\u201d.<\/p>\n\n\n\n<p>\u201cEs fundamental garantizar que los legisladores propuestos por nuestro partido a la ciudadan\u00eda cumplan con el contrato electoral, respetando su representaci\u00f3n, a\u00fan m\u00e1s teniendo en cuenta las dolorosas y recientes experiencias\u201d.<\/p>\n","protected":false},"excerpt":{"rendered":"<p>El diputado nacional por el justicialismo public\u00f3 en sus redes sociales un pedido a su partido: \u201cEs fundamental garantizar que los legisladores propuestos por nuestro partido a la ciudadan\u00eda cumplan con el contrato electoral\u201d. Adem\u00e1s el legislador se refiri\u00f3 a la situaci\u00f3n actual del pa\u00eds y la baja participaci\u00f3n electoral. Ledesma public\u00f3 en X (ex [&hellip;]<\/p>\n","protected":false},"author":4,"featured_media":2982,"comment_status":"open","ping_status":"open","sticky":false,"template":"","format":"standard","meta":{"footnotes":""},"categories":[22,17],"tags":[],"class_list":{"0":"post-2981","1":"post","2":"type-post","3":"status-publish","4":"format-standard","5":"has-post-thumbnail","7":"category-politica","8":"category-provinciales"},"yoast_head":"<!-- This site is optimized with the Yoast SEO plugin v27.4 - https:\/\/yoast.com\/product\/yoast-seo-wordpress\/ -->\n<title>Tom\u00e1s Ledesma abog\u00f3 para que el PJ tenga internas abiertas y democr\u00e1ticas - Diario del Sur<\/title>\n<meta name=\"robots\" content=\"index, follow, max-snippet:-1, max-image-preview:large, max-video-preview:-1\" \/>\n<link rel=\"canonical\" href=\"https:\/\/diariodelsurdigital.com.ar\/?p=2981\" \/>\n<meta property=\"og:locale\" content=\"es_ES\" \/>\n<meta property=\"og:type\" content=\"article\" \/>\n<meta property=\"og:title\" content=\"Tom\u00e1s Ledesma abog\u00f3 para que el PJ tenga internas abiertas y democr\u00e1ticas - Diario del Sur\" \/>\n<meta property=\"og:description\" content=\"El diputado nacional por el justicialismo public\u00f3 en sus redes sociales un pedido a su partido: \u201cEs fundamental garantizar que los legisladores propuestos por nuestro partido a la ciudadan\u00eda cumplan con el contrato electoral\u201d. Adem\u00e1s el legislador se refiri\u00f3 a la situaci\u00f3n actual del pa\u00eds y la baja participaci\u00f3n electoral. Ledesma public\u00f3 en X (ex [&hellip;]\" \/>\n<meta property=\"og:url\" content=\"https:\/\/diariodelsurdigital.com.ar\/?p=2981\" \/>\n<meta property=\"og:site_name\" content=\"Diario del Sur\" \/>\n<meta property=\"article:published_time\" content=\"2025-06-04T18:14:17+00:00\" \/>\n<meta property=\"article:modified_time\" content=\"2025-06-04T18:14:19+00:00\" \/>\n<meta property=\"og:image\" content=\"https:\/\/diariodelsurdigital.com.ar\/wp-content\/uploads\/2025\/06\/md-4.webp\" \/>\n\t<meta property=\"og:image:width\" content=\"992\" \/>\n\t<meta property=\"og:image:height\" content=\"550\" \/>\n\t<meta property=\"og:image:type\" content=\"image\/webp\" \/>\n<meta name=\"author\" content=\"Diario del Sur Digital\" \/>\n<meta name=\"twitter:card\" content=\"summary_large_image\" \/>\n<meta name=\"twitter:label1\" content=\"Escrito por\" \/>\n\t<meta name=\"twitter:data1\" content=\"Diario del Sur Digital\" \/>\n\t<meta name=\"twitter:label2\" content=\"Tiempo de lectura\" \/>\n\t<meta name=\"twitter:data2\" content=\"2 minutos\" \/>\n<script type=\"application\/ld+json\" class=\"yoast-schema-graph\">{\"@context\":\"https:\\\/\\\/schema.org\",\"@graph\":[{\"@type\":\"Article\",\"@id\":\"https:\\\/\\\/diariodelsurdigital.com.ar\\\/?p=2981#article\",\"isPartOf\":{\"@id\":\"https:\\\/\\\/diariodelsurdigital.com.ar\\\/?p=2981\"},\"author\":{\"name\":\"Diario del Sur Digital\",\"@id\":\"https:\\\/\\\/diariodelsurdigital.com.ar\\\/#\\\/schema\\\/person\\\/1a4992532ed62965c968031b49195c81\"},\"headline\":\"Tom\u00e1s Ledesma abog\u00f3 para que el PJ tenga internas abiertas y democr\u00e1ticas\",\"datePublished\":\"2025-06-04T18:14:17+00:00\",\"dateModified\":\"2025-06-04T18:14:19+00:00\",\"mainEntityOfPage\":{\"@id\":\"https:\\\/\\\/diariodelsurdigital.com.ar\\\/?p=2981\"},\"wordCount\":369,\"commentCount\":0,\"image\":{\"@id\":\"https:\\\/\\\/diariodelsurdigital.com.ar\\\/?p=2981#primaryimage\"},\"thumbnailUrl\":\"https:\\\/\\\/diariodelsurdigital.com.ar\\\/wp-content\\\/uploads\\\/2025\\\/06\\\/md-4.webp\",\"articleSection\":[\"Pol\u00edtica\",\"Provinciales\"],\"inLanguage\":\"es\",\"potentialAction\":[{\"@type\":\"CommentAction\",\"name\":\"Comment\",\"target\":[\"https:\\\/\\\/diariodelsurdigital.com.ar\\\/?p=2981#respond\"]}]},{\"@type\":\"WebPage\",\"@id\":\"https:\\\/\\\/diariodelsurdigital.com.ar\\\/?p=2981\",\"url\":\"https:\\\/\\\/diariodelsurdigital.com.ar\\\/?p=2981\",\"name\":\"Tom\u00e1s Ledesma abog\u00f3 para que el PJ tenga internas abiertas y democr\u00e1ticas - Diario del Sur\",\"isPartOf\":{\"@id\":\"https:\\\/\\\/diariodelsurdigital.com.ar\\\/#website\"},\"primaryImageOfPage\":{\"@id\":\"https:\\\/\\\/diariodelsurdigital.com.ar\\\/?p=2981#primaryimage\"},\"image\":{\"@id\":\"https:\\\/\\\/diariodelsurdigital.com.ar\\\/?p=2981#primaryimage\"},\"thumbnailUrl\":\"https:\\\/\\\/diariodelsurdigital.com.ar\\\/wp-content\\\/uploads\\\/2025\\\/06\\\/md-4.webp\",\"datePublished\":\"2025-06-04T18:14:17+00:00\",\"dateModified\":\"2025-06-04T18:14:19+00:00\",\"author\":{\"@id\":\"https:\\\/\\\/diariodelsurdigital.com.ar\\\/#\\\/schema\\\/person\\\/1a4992532ed62965c968031b49195c81\"},\"breadcrumb\":{\"@id\":\"https:\\\/\\\/diariodelsurdigital.com.ar\\\/?p=2981#breadcrumb\"},\"inLanguage\":\"es\",\"potentialAction\":[{\"@type\":\"ReadAction\",\"target\":[\"https:\\\/\\\/diariodelsurdigital.com.ar\\\/?p=2981\"]}]},{\"@type\":\"ImageObject\",\"inLanguage\":\"es\",\"@id\":\"https:\\\/\\\/diariodelsurdigital.com.ar\\\/?p=2981#primaryimage\",\"url\":\"https:\\\/\\\/diariodelsurdigital.com.ar\\\/wp-content\\\/uploads\\\/2025\\\/06\\\/md-4.webp\",\"contentUrl\":\"https:\\\/\\\/diariodelsurdigital.com.ar\\\/wp-content\\\/uploads\\\/2025\\\/06\\\/md-4.webp\",\"width\":992,\"height\":550},{\"@type\":\"BreadcrumbList\",\"@id\":\"https:\\\/\\\/diariodelsurdigital.com.ar\\\/?p=2981#breadcrumb\",\"itemListElement\":[{\"@type\":\"ListItem\",\"position\":1,\"name\":\"Portada\",\"item\":\"https:\\\/\\\/diariodelsurdigital.com.ar\\\/\"},{\"@type\":\"ListItem\",\"position\":2,\"name\":\"Tom\u00e1s Ledesma abog\u00f3 para que el PJ tenga internas abiertas y democr\u00e1ticas\"}]},{\"@type\":\"WebSite\",\"@id\":\"https:\\\/\\\/diariodelsurdigital.com.ar\\\/#website\",\"url\":\"https:\\\/\\\/diariodelsurdigital.com.ar\\\/\",\"name\":\"Diario del Sur\",\"description\":\"Digital\",\"potentialAction\":[{\"@type\":\"SearchAction\",\"target\":{\"@type\":\"EntryPoint\",\"urlTemplate\":\"https:\\\/\\\/diariodelsurdigital.com.ar\\\/?s={search_term_string}\"},\"query-input\":{\"@type\":\"PropertyValueSpecification\",\"valueRequired\":true,\"valueName\":\"search_term_string\"}}],\"inLanguage\":\"es\"},{\"@type\":\"Person\",\"@id\":\"https:\\\/\\\/diariodelsurdigital.com.ar\\\/#\\\/schema\\\/person\\\/1a4992532ed62965c968031b49195c81\",\"name\":\"Diario del Sur Digital\",\"image\":{\"@type\":\"ImageObject\",\"inLanguage\":\"es\",\"@id\":\"https:\\\/\\\/secure.gravatar.com\\\/avatar\\\/f0c7c47fc7146d19828273b9b8eda651c9c7ab583767e6338d3d3bee825adf76?s=96&d=mm&r=g\",\"url\":\"https:\\\/\\\/secure.gravatar.com\\\/avatar\\\/f0c7c47fc7146d19828273b9b8eda651c9c7ab583767e6338d3d3bee825adf76?s=96&d=mm&r=g\",\"contentUrl\":\"https:\\\/\\\/secure.gravatar.com\\\/avatar\\\/f0c7c47fc7146d19828273b9b8eda651c9c7ab583767e6338d3d3bee825adf76?s=96&d=mm&r=g\",\"caption\":\"Diario del Sur Digital\"},\"url\":\"https:\\\/\\\/diariodelsurdigital.com.ar\\\/?author=4\"}]}<\/script>\n<!-- \/ Yoast SEO plugin. -->","yoast_head_json":{"title":"Tom\u00e1s Ledesma abog\u00f3 para que el PJ tenga internas abiertas y democr\u00e1ticas - Diario del Sur","robots":{"index":"index","follow":"follow","max-snippet":"max-snippet:-1","max-image-preview":"max-image-preview:large","max-video-preview":"max-video-preview:-1"},"canonical":"https:\/\/diariodelsurdigital.com.ar\/?p=2981","og_locale":"es_ES","og_type":"article","og_title":"Tom\u00e1s Ledesma abog\u00f3 para que el PJ tenga internas abiertas y democr\u00e1ticas - Diario del Sur","og_description":"El diputado nacional por el justicialismo public\u00f3 en sus redes sociales un pedido a su partido: \u201cEs fundamental garantizar que los legisladores propuestos por nuestro partido a la ciudadan\u00eda cumplan con el contrato electoral\u201d. Adem\u00e1s el legislador se refiri\u00f3 a la situaci\u00f3n actual del pa\u00eds y la baja participaci\u00f3n electoral. Ledesma public\u00f3 en X (ex [&hellip;]","og_url":"https:\/\/diariodelsurdigital.com.ar\/?p=2981","og_site_name":"Diario del Sur","article_published_time":"2025-06-04T18:14:17+00:00","article_modified_time":"2025-06-04T18:14:19+00:00","og_image":[{"width":992,"height":550,"url":"https:\/\/diariodelsurdigital.com.ar\/wp-content\/uploads\/2025\/06\/md-4.webp","type":"image\/webp"}],"author":"Diario del Sur Digital","twitter_card":"summary_large_image","twitter_misc":{"Escrito por":"Diario del Sur Digital","Tiempo de lectura":"2 minutos"},"schema":{"@context":"https:\/\/schema.org","@graph":[{"@type":"Article","@id":"https:\/\/diariodelsurdigital.com.ar\/?p=2981#article","isPartOf":{"@id":"https:\/\/diariodelsurdigital.com.ar\/?p=2981"},"author":{"name":"Diario del Sur Digital","@id":"https:\/\/diariodelsurdigital.com.ar\/#\/schema\/person\/1a4992532ed62965c968031b49195c81"},"headline":"Tom\u00e1s Ledesma abog\u00f3 para que el PJ tenga internas abiertas y democr\u00e1ticas","datePublished":"2025-06-04T18:14:17+00:00","dateModified":"2025-06-04T18:14:19+00:00","mainEntityOfPage":{"@id":"https:\/\/diariodelsurdigital.com.ar\/?p=2981"},"wordCount":369,"commentCount":0,"image":{"@id":"https:\/\/diariodelsurdigital.com.ar\/?p=2981#primaryimage"},"thumbnailUrl":"https:\/\/diariodelsurdigital.com.ar\/wp-content\/uploads\/2025\/06\/md-4.webp","articleSection":["Pol\u00edtica","Provinciales"],"inLanguage":"es","potentialAction":[{"@type":"CommentAction","name":"Comment","target":["https:\/\/diariodelsurdigital.com.ar\/?p=2981#respond"]}]},{"@type":"WebPage","@id":"https:\/\/diariodelsurdigital.com.ar\/?p=2981","url":"https:\/\/diariodelsurdigital.com.ar\/?p=2981","name":"Tom\u00e1s Ledesma abog\u00f3 para que el PJ tenga internas abiertas y democr\u00e1ticas - Diario del Sur","isPartOf":{"@id":"https:\/\/diariodelsurdigital.com.ar\/#website"},"primaryImageOfPage":{"@id":"https:\/\/diariodelsurdigital.com.ar\/?p=2981#primaryimage"},"image":{"@id":"https:\/\/diariodelsurdigital.com.ar\/?p=2981#primaryimage"},"thumbnailUrl":"https:\/\/diariodelsurdigital.com.ar\/wp-content\/uploads\/2025\/06\/md-4.webp","datePublished":"2025-06-04T18:14:17+00:00","dateModified":"2025-06-04T18:14:19+00:00","author":{"@id":"https:\/\/diariodelsurdigital.com.ar\/#\/schema\/person\/1a4992532ed62965c968031b49195c81"},"breadcrumb":{"@id":"https:\/\/diariodelsurdigital.com.ar\/?p=2981#breadcrumb"},"inLanguage":"es","potentialAction":[{"@type":"ReadAction","target":["https:\/\/diariodelsurdigital.com.ar\/?p=2981"]}]},{"@type":"ImageObject","inLanguage":"es","@id":"https:\/\/diariodelsurdigital.com.ar\/?p=2981#primaryimage","url":"https:\/\/diariodelsurdigital.com.ar\/wp-content\/uploads\/2025\/06\/md-4.webp","contentUrl":"https:\/\/diariodelsurdigital.com.ar\/wp-content\/uploads\/2025\/06\/md-4.webp","width":992,"height":550},{"@type":"BreadcrumbList","@id":"https:\/\/diariodelsurdigital.com.ar\/?p=2981#breadcrumb","itemListElement":[{"@type":"ListItem","position":1,"name":"Portada","item":"https:\/\/diariodelsurdigital.com.ar\/"},{"@type":"ListItem","position":2,"name":"Tom\u00e1s Ledesma abog\u00f3 para que el PJ tenga internas abiertas y democr\u00e1ticas"}]},{"@type":"WebSite","@id":"https:\/\/diariodelsurdigital.com.ar\/#website","url":"https:\/\/diariodelsurdigital.com.ar\/","name":"Diario del Sur","description":"Digital","potentialAction":[{"@type":"SearchAction","target":{"@type":"EntryPoint","urlTemplate":"https:\/\/diariodelsurdigital.com.ar\/?s={search_term_string}"},"query-input":{"@type":"PropertyValueSpecification","valueRequired":true,"valueName":"search_term_string"}}],"inLanguage":"es"},{"@type":"Person","@id":"https:\/\/diariodelsurdigital.com.ar\/#\/schema\/person\/1a4992532ed62965c968031b49195c81","name":"Diario del Sur Digital","image":{"@type":"ImageObject","inLanguage":"es","@id":"https:\/\/secure.gravatar.com\/avatar\/f0c7c47fc7146d19828273b9b8eda651c9c7ab583767e6338d3d3bee825adf76?s=96&d=mm&r=g","url":"https:\/\/secure.gravatar.com\/avatar\/f0c7c47fc7146d19828273b9b8eda651c9c7ab583767e6338d3d3bee825adf76?s=96&d=mm&r=g","contentUrl":"https:\/\/secure.gravatar.com\/avatar\/f0c7c47fc7146d19828273b9b8eda651c9c7ab583767e6338d3d3bee825adf76?s=96&d=mm&r=g","caption":"Diario del Sur Digital"},"url":"https:\/\/diariodelsurdigital.com.ar\/?author=4"}]}},"_links":{"self":[{"href":"https:\/\/diariodelsurdigital.com.ar\/index.php?rest_route=\/wp\/v2\/posts\/2981","targetHints":{"allow":["GET"]}}],"collection":[{"href":"https:\/\/diariodelsurdigital.com.ar\/index.php?rest_route=\/wp\/v2\/posts"}],"about":[{"href":"https:\/\/diariodelsurdigital.com.ar\/index.php?rest_route=\/wp\/v2\/types\/post"}],"author":[{"embeddable":true,"href":"https:\/\/diariodelsurdigital.com.ar\/index.php?rest_route=\/wp\/v2\/users\/4"}],"replies":[{"embeddable":true,"href":"https:\/\/diariodelsurdigital.com.ar\/index.php?rest_route=%2Fwp%2Fv2%2Fcomments&post=2981"}],"version-history":[{"count":1,"href":"https:\/\/diariodelsurdigital.com.ar\/index.php?rest_route=\/wp\/v2\/posts\/2981\/revisions"}],"predecessor-version":[{"id":2983,"href":"https:\/\/diariodelsurdigital.com.ar\/index.php?rest_route=\/wp\/v2\/posts\/2981\/revisions\/2983"}],"wp:featuredmedia":[{"embeddable":true,"href":"https:\/\/diariodelsurdigital.com.ar\/index.php?rest_route=\/wp\/v2\/media\/2982"}],"wp:attachment":[{"href":"https:\/\/diariodelsurdigital.com.ar\/index.php?rest_route=%2Fwp%2Fv2%2Fmedia&parent=2981"}],"wp:term":[{"taxonomy":"category","embeddable":true,"href":"https:\/\/diariodelsurdigital.com.ar\/index.php?rest_route=%2Fwp%2Fv2%2Fcategories&post=2981"},{"taxonomy":"post_tag","embeddable":true,"href":"https:\/\/diariodelsurdigital.com.ar\/index.php?rest_route=%2Fwp%2Fv2%2Ftags&post=2981"}],"curies":[{"name":"wp","href":"https:\/\/api.w.org\/{rel}","templated":true}]}}