{"id":2984,"date":"2025-06-04T15:17:53","date_gmt":"2025-06-04T18:17:53","guid":{"rendered":"https:\/\/diariodelsurdigital.com.ar\/?p=2984"},"modified":"2025-06-04T15:17:55","modified_gmt":"2025-06-04T18:17:55","slug":"el-sindicato-de-los-empleados-del-iosper-cuestiono-que-si-se-busca-transparencia-se-podia-haber-reformado-la-ley-actual-y-no-su-eliminacion-completa","status":"publish","type":"post","link":"https:\/\/diariodelsurdigital.com.ar\/?p=2984","title":{"rendered":"El sindicato de los empleados del Iosper cuestion\u00f3 que si se busca \u201ctransparencia\u201d se \u201cpod\u00eda haber reformado la ley actual\u201d y no su \u00abeliminaci\u00f3n completa\u00bb"},"content":{"rendered":"\n<p>El Sindicato de Empleados de la Obra Social de Entre R\u00edos (Seosper) ratific\u00f3 su rechazo al proyecto de creaci\u00f3n de la Obra Social de Entre R\u00edos (OSER) y reafirm\u00f3 su compromiso con la defensa del Instituto de la Obra Social de la Provincia de Entre R\u00edos (Iosper) y de los derechos de sus trabajadores. En la intervenci\u00f3n en comisi\u00f3n en Diputados, el secretario general, Horacio Rodr\u00edguez, dej\u00f3 en claro que Seosper siempre estuvo abierta a discutir mejoras, pero dentro del marco de la ley vigente.<\/p>\n\n\n\n<p><\/p>\n\n\n\n<p>El lunes, en el debate en comisi\u00f3n en la C\u00e1mara de Diputados, tras la media sanci\u00f3n que obtuvo en Senadores el proyecto de ley del Poder Ejecutivo que propuso la creaci\u00f3n de la Obra Social de Entre R\u00edos (OSER) en reemplazo de la que cre\u00f3 el Instituto de la Obra Social de la Provincia de Entre R\u00edos (Iosper) y antes de que la comisi\u00f3n en Diputados le diera despacho favorable al tratamiento, el Sindicato de Empleados de la Obra Social de Entre R\u00edos (Seosper) volvi\u00f3 \u201ca expresar de forma clara y contundente su rechazo al proyecto de creaci\u00f3n de la OSER, en dos espacios de la C\u00e1mara de Diputados: una reuni\u00f3n con integrantes del bloque opositor y una exposici\u00f3n formal ante la Comisi\u00f3n legislativa\u201d.<\/p>\n\n\n\n<p>Completo<\/p>\n\n\n\n<p>El dirigente resalt\u00f3 que \u201cel reemplazo completo del Iosper por un nuevo ente supone la eliminaci\u00f3n de una instituci\u00f3n con m\u00e1s de 50 a\u00f1os de historia y arraigo en la sociedad entrerriana\u201d.<\/p>\n\n\n\n<p>En su exposici\u00f3n en la C\u00e1mara Baja, Rodr\u00edguez destac\u00f3 que \u201cla preocupaci\u00f3n de Seosper ha estado siempre centrada en los trabajadores del Instituto y en la necesidad de garantizar condiciones claras para el funcionamiento del organismo, como la preservaci\u00f3n de las delegaciones, el respeto a los topes de gastos operativos y la inclusi\u00f3n del grupo familiar y de los trabajadores transitorios en la cobertura\u201d.<\/p>\n\n\n\n<p>\u201cNosotros somos las caras visibles del Iosper en toda la provincia, y necesitamos claridad para trabajar: reglamentos, capacitaci\u00f3n, y respuestas\u201d, enfatiz\u00f3 el dirigente, quien tambi\u00e9n record\u00f3 que desde el primer d\u00eda de la intervenci\u00f3n el sindicato se puso a disposici\u00f3n de las autoridades para colaborar\u201d destac\u00f3 el referente sindical.<\/p>\n\n\n\n<p>Exposici\u00f3n<\/p>\n\n\n\n<p>Durante su intervenci\u00f3n, el secretario general del Seosper, Horacio Rodr\u00edguez, dej\u00f3 \u201cen claro que la organizaci\u00f3n siempre estuvo abierta a discutir mejoras, pero dentro del marco de la ley vigente\u201d. En este sentido, sostuvo que \u201csi se quer\u00eda transparencia activa y cambiar la conducci\u00f3n, se pod\u00eda haber reformado la ley actual\u201d.<\/p>\n\n\n\n<p>En un comunicado, Seosper valor\u00f3 que \u201calgunas de sus observaciones hayan sido receptadas en el texto del proyecto, pero sostiene que las mejoras necesarias podr\u00edan haberse alcanzado sin disolver la instituci\u00f3n\u201d.<\/p>\n\n\n\n<p>Desde el sindicato se reiter\u00f3 que \u201cel rechazo no es una postura aislada, sino una expresi\u00f3n colectiva de las trabajadoras y trabajadores del Iosper, y que el compromiso gremial continuar\u00e1 en todas las instancias que sigan abiertas para defender los derechos laborales, la salud de los afiliados y la identidad institucional construida a lo largo de m\u00e1s de cinco d\u00e9cadas\u201d.<\/p>\n","protected":false},"excerpt":{"rendered":"<p>El Sindicato de Empleados de la Obra Social de Entre R\u00edos (Seosper) ratific\u00f3 su rechazo al proyecto de creaci\u00f3n de la Obra Social de Entre R\u00edos (OSER) y reafirm\u00f3 su compromiso con la defensa del Instituto de la Obra Social de la Provincia de Entre R\u00edos (Iosper) y de los derechos de sus trabajadores. En [&hellip;]<\/p>\n","protected":false},"author":4,"featured_media":2985,"comment_status":"open","ping_status":"open","sticky":false,"template":"","format":"standard","meta":{"footnotes":""},"categories":[19,17],"tags":[],"class_list":{"0":"post-2984","1":"post","2":"type-post","3":"status-publish","4":"format-standard","5":"has-post-thumbnail","7":"category-interes-general","8":"category-provinciales"},"yoast_head":"<!-- This site is optimized with the Yoast SEO plugin v27.4 - https:\/\/yoast.com\/product\/yoast-seo-wordpress\/ -->\n<title>El sindicato de los empleados del Iosper cuestion\u00f3 que si se busca \u201ctransparencia\u201d se \u201cpod\u00eda haber reformado la ley actual\u201d y no su &quot;eliminaci\u00f3n completa&quot; - Diario del Sur<\/title>\n<meta name=\"robots\" content=\"index, follow, max-snippet:-1, max-image-preview:large, max-video-preview:-1\" \/>\n<link rel=\"canonical\" href=\"https:\/\/diariodelsurdigital.com.ar\/?p=2984\" \/>\n<meta property=\"og:locale\" content=\"es_ES\" \/>\n<meta property=\"og:type\" content=\"article\" \/>\n<meta property=\"og:title\" content=\"El sindicato de los empleados del Iosper cuestion\u00f3 que si se busca \u201ctransparencia\u201d se \u201cpod\u00eda haber reformado la ley actual\u201d y no su &quot;eliminaci\u00f3n completa&quot; - Diario del Sur\" \/>\n<meta property=\"og:description\" content=\"El Sindicato de Empleados de la Obra Social de Entre R\u00edos (Seosper) ratific\u00f3 su rechazo al proyecto de creaci\u00f3n de la Obra Social de Entre R\u00edos (OSER) y reafirm\u00f3 su compromiso con la defensa del Instituto de la Obra Social de la Provincia de Entre R\u00edos (Iosper) y de los derechos de sus trabajadores. En [&hellip;]\" \/>\n<meta property=\"og:url\" content=\"https:\/\/diariodelsurdigital.com.ar\/?p=2984\" \/>\n<meta property=\"og:site_name\" content=\"Diario del Sur\" \/>\n<meta property=\"article:published_time\" content=\"2025-06-04T18:17:53+00:00\" \/>\n<meta property=\"article:modified_time\" content=\"2025-06-04T18:17:55+00:00\" \/>\n<meta property=\"og:image\" content=\"https:\/\/diariodelsurdigital.com.ar\/wp-content\/uploads\/2025\/06\/md-1-1.webp\" \/>\n\t<meta property=\"og:image:width\" content=\"992\" \/>\n\t<meta property=\"og:image:height\" content=\"658\" \/>\n\t<meta property=\"og:image:type\" content=\"image\/webp\" \/>\n<meta name=\"author\" content=\"Diario del Sur Digital\" \/>\n<meta name=\"twitter:card\" content=\"summary_large_image\" \/>\n<meta name=\"twitter:label1\" content=\"Escrito por\" \/>\n\t<meta name=\"twitter:data1\" content=\"Diario del Sur Digital\" \/>\n\t<meta name=\"twitter:label2\" content=\"Tiempo de lectura\" \/>\n\t<meta name=\"twitter:data2\" content=\"3 minutos\" \/>\n<script type=\"application\/ld+json\" class=\"yoast-schema-graph\">{\"@context\":\"https:\\\/\\\/schema.org\",\"@graph\":[{\"@type\":\"Article\",\"@id\":\"https:\\\/\\\/diariodelsurdigital.com.ar\\\/?p=2984#article\",\"isPartOf\":{\"@id\":\"https:\\\/\\\/diariodelsurdigital.com.ar\\\/?p=2984\"},\"author\":{\"name\":\"Diario del Sur Digital\",\"@id\":\"https:\\\/\\\/diariodelsurdigital.com.ar\\\/#\\\/schema\\\/person\\\/1a4992532ed62965c968031b49195c81\"},\"headline\":\"El sindicato de los empleados del Iosper cuestion\u00f3 que si se busca \u201ctransparencia\u201d se \u201cpod\u00eda haber reformado la ley actual\u201d y no su \u00abeliminaci\u00f3n completa\u00bb\",\"datePublished\":\"2025-06-04T18:17:53+00:00\",\"dateModified\":\"2025-06-04T18:17:55+00:00\",\"mainEntityOfPage\":{\"@id\":\"https:\\\/\\\/diariodelsurdigital.com.ar\\\/?p=2984\"},\"wordCount\":571,\"commentCount\":0,\"image\":{\"@id\":\"https:\\\/\\\/diariodelsurdigital.com.ar\\\/?p=2984#primaryimage\"},\"thumbnailUrl\":\"https:\\\/\\\/diariodelsurdigital.com.ar\\\/wp-content\\\/uploads\\\/2025\\\/06\\\/md-1-1.webp\",\"articleSection\":[\"Inter\u00e9s General\",\"Provinciales\"],\"inLanguage\":\"es\",\"potentialAction\":[{\"@type\":\"CommentAction\",\"name\":\"Comment\",\"target\":[\"https:\\\/\\\/diariodelsurdigital.com.ar\\\/?p=2984#respond\"]}]},{\"@type\":\"WebPage\",\"@id\":\"https:\\\/\\\/diariodelsurdigital.com.ar\\\/?p=2984\",\"url\":\"https:\\\/\\\/diariodelsurdigital.com.ar\\\/?p=2984\",\"name\":\"El sindicato de los empleados del Iosper cuestion\u00f3 que si se busca \u201ctransparencia\u201d se \u201cpod\u00eda haber reformado la ley actual\u201d y no su \\\"eliminaci\u00f3n completa\\\" - Diario del Sur\",\"isPartOf\":{\"@id\":\"https:\\\/\\\/diariodelsurdigital.com.ar\\\/#website\"},\"primaryImageOfPage\":{\"@id\":\"https:\\\/\\\/diariodelsurdigital.com.ar\\\/?p=2984#primaryimage\"},\"image\":{\"@id\":\"https:\\\/\\\/diariodelsurdigital.com.ar\\\/?p=2984#primaryimage\"},\"thumbnailUrl\":\"https:\\\/\\\/diariodelsurdigital.com.ar\\\/wp-content\\\/uploads\\\/2025\\\/06\\\/md-1-1.webp\",\"datePublished\":\"2025-06-04T18:17:53+00:00\",\"dateModified\":\"2025-06-04T18:17:55+00:00\",\"author\":{\"@id\":\"https:\\\/\\\/diariodelsurdigital.com.ar\\\/#\\\/schema\\\/person\\\/1a4992532ed62965c968031b49195c81\"},\"breadcrumb\":{\"@id\":\"https:\\\/\\\/diariodelsurdigital.com.ar\\\/?p=2984#breadcrumb\"},\"inLanguage\":\"es\",\"potentialAction\":[{\"@type\":\"ReadAction\",\"target\":[\"https:\\\/\\\/diariodelsurdigital.com.ar\\\/?p=2984\"]}]},{\"@type\":\"ImageObject\",\"inLanguage\":\"es\",\"@id\":\"https:\\\/\\\/diariodelsurdigital.com.ar\\\/?p=2984#primaryimage\",\"url\":\"https:\\\/\\\/diariodelsurdigital.com.ar\\\/wp-content\\\/uploads\\\/2025\\\/06\\\/md-1-1.webp\",\"contentUrl\":\"https:\\\/\\\/diariodelsurdigital.com.ar\\\/wp-content\\\/uploads\\\/2025\\\/06\\\/md-1-1.webp\",\"width\":992,\"height\":658},{\"@type\":\"BreadcrumbList\",\"@id\":\"https:\\\/\\\/diariodelsurdigital.com.ar\\\/?p=2984#breadcrumb\",\"itemListElement\":[{\"@type\":\"ListItem\",\"position\":1,\"name\":\"Portada\",\"item\":\"https:\\\/\\\/diariodelsurdigital.com.ar\\\/\"},{\"@type\":\"ListItem\",\"position\":2,\"name\":\"El sindicato de los empleados del Iosper cuestion\u00f3 que si se busca \u201ctransparencia\u201d se \u201cpod\u00eda haber reformado la ley actual\u201d y no su \u00abeliminaci\u00f3n completa\u00bb\"}]},{\"@type\":\"WebSite\",\"@id\":\"https:\\\/\\\/diariodelsurdigital.com.ar\\\/#website\",\"url\":\"https:\\\/\\\/diariodelsurdigital.com.ar\\\/\",\"name\":\"Diario del Sur\",\"description\":\"Digital\",\"potentialAction\":[{\"@type\":\"SearchAction\",\"target\":{\"@type\":\"EntryPoint\",\"urlTemplate\":\"https:\\\/\\\/diariodelsurdigital.com.ar\\\/?s={search_term_string}\"},\"query-input\":{\"@type\":\"PropertyValueSpecification\",\"valueRequired\":true,\"valueName\":\"search_term_string\"}}],\"inLanguage\":\"es\"},{\"@type\":\"Person\",\"@id\":\"https:\\\/\\\/diariodelsurdigital.com.ar\\\/#\\\/schema\\\/person\\\/1a4992532ed62965c968031b49195c81\",\"name\":\"Diario del Sur Digital\",\"image\":{\"@type\":\"ImageObject\",\"inLanguage\":\"es\",\"@id\":\"https:\\\/\\\/secure.gravatar.com\\\/avatar\\\/f0c7c47fc7146d19828273b9b8eda651c9c7ab583767e6338d3d3bee825adf76?s=96&d=mm&r=g\",\"url\":\"https:\\\/\\\/secure.gravatar.com\\\/avatar\\\/f0c7c47fc7146d19828273b9b8eda651c9c7ab583767e6338d3d3bee825adf76?s=96&d=mm&r=g\",\"contentUrl\":\"https:\\\/\\\/secure.gravatar.com\\\/avatar\\\/f0c7c47fc7146d19828273b9b8eda651c9c7ab583767e6338d3d3bee825adf76?s=96&d=mm&r=g\",\"caption\":\"Diario del Sur Digital\"},\"url\":\"https:\\\/\\\/diariodelsurdigital.com.ar\\\/?author=4\"}]}<\/script>\n<!-- \/ Yoast SEO plugin. -->","yoast_head_json":{"title":"El sindicato de los empleados del Iosper cuestion\u00f3 que si se busca \u201ctransparencia\u201d se \u201cpod\u00eda haber reformado la ley actual\u201d y no su \"eliminaci\u00f3n completa\" - Diario del Sur","robots":{"index":"index","follow":"follow","max-snippet":"max-snippet:-1","max-image-preview":"max-image-preview:large","max-video-preview":"max-video-preview:-1"},"canonical":"https:\/\/diariodelsurdigital.com.ar\/?p=2984","og_locale":"es_ES","og_type":"article","og_title":"El sindicato de los empleados del Iosper cuestion\u00f3 que si se busca \u201ctransparencia\u201d se \u201cpod\u00eda haber reformado la ley actual\u201d y no su \"eliminaci\u00f3n completa\" - Diario del Sur","og_description":"El Sindicato de Empleados de la Obra Social de Entre R\u00edos (Seosper) ratific\u00f3 su rechazo al proyecto de creaci\u00f3n de la Obra Social de Entre R\u00edos (OSER) y reafirm\u00f3 su compromiso con la defensa del Instituto de la Obra Social de la Provincia de Entre R\u00edos (Iosper) y de los derechos de sus trabajadores. En [&hellip;]","og_url":"https:\/\/diariodelsurdigital.com.ar\/?p=2984","og_site_name":"Diario del Sur","article_published_time":"2025-06-04T18:17:53+00:00","article_modified_time":"2025-06-04T18:17:55+00:00","og_image":[{"width":992,"height":658,"url":"https:\/\/diariodelsurdigital.com.ar\/wp-content\/uploads\/2025\/06\/md-1-1.webp","type":"image\/webp"}],"author":"Diario del Sur Digital","twitter_card":"summary_large_image","twitter_misc":{"Escrito por":"Diario del Sur Digital","Tiempo de lectura":"3 minutos"},"schema":{"@context":"https:\/\/schema.org","@graph":[{"@type":"Article","@id":"https:\/\/diariodelsurdigital.com.ar\/?p=2984#article","isPartOf":{"@id":"https:\/\/diariodelsurdigital.com.ar\/?p=2984"},"author":{"name":"Diario del Sur Digital","@id":"https:\/\/diariodelsurdigital.com.ar\/#\/schema\/person\/1a4992532ed62965c968031b49195c81"},"headline":"El sindicato de los empleados del Iosper cuestion\u00f3 que si se busca \u201ctransparencia\u201d se \u201cpod\u00eda haber reformado la ley actual\u201d y no su \u00abeliminaci\u00f3n completa\u00bb","datePublished":"2025-06-04T18:17:53+00:00","dateModified":"2025-06-04T18:17:55+00:00","mainEntityOfPage":{"@id":"https:\/\/diariodelsurdigital.com.ar\/?p=2984"},"wordCount":571,"commentCount":0,"image":{"@id":"https:\/\/diariodelsurdigital.com.ar\/?p=2984#primaryimage"},"thumbnailUrl":"https:\/\/diariodelsurdigital.com.ar\/wp-content\/uploads\/2025\/06\/md-1-1.webp","articleSection":["Inter\u00e9s General","Provinciales"],"inLanguage":"es","potentialAction":[{"@type":"CommentAction","name":"Comment","target":["https:\/\/diariodelsurdigital.com.ar\/?p=2984#respond"]}]},{"@type":"WebPage","@id":"https:\/\/diariodelsurdigital.com.ar\/?p=2984","url":"https:\/\/diariodelsurdigital.com.ar\/?p=2984","name":"El sindicato de los empleados del Iosper cuestion\u00f3 que si se busca \u201ctransparencia\u201d se \u201cpod\u00eda haber reformado la ley actual\u201d y no su \"eliminaci\u00f3n completa\" - Diario del Sur","isPartOf":{"@id":"https:\/\/diariodelsurdigital.com.ar\/#website"},"primaryImageOfPage":{"@id":"https:\/\/diariodelsurdigital.com.ar\/?p=2984#primaryimage"},"image":{"@id":"https:\/\/diariodelsurdigital.com.ar\/?p=2984#primaryimage"},"thumbnailUrl":"https:\/\/diariodelsurdigital.com.ar\/wp-content\/uploads\/2025\/06\/md-1-1.webp","datePublished":"2025-06-04T18:17:53+00:00","dateModified":"2025-06-04T18:17:55+00:00","author":{"@id":"https:\/\/diariodelsurdigital.com.ar\/#\/schema\/person\/1a4992532ed62965c968031b49195c81"},"breadcrumb":{"@id":"https:\/\/diariodelsurdigital.com.ar\/?p=2984#breadcrumb"},"inLanguage":"es","potentialAction":[{"@type":"ReadAction","target":["https:\/\/diariodelsurdigital.com.ar\/?p=2984"]}]},{"@type":"ImageObject","inLanguage":"es","@id":"https:\/\/diariodelsurdigital.com.ar\/?p=2984#primaryimage","url":"https:\/\/diariodelsurdigital.com.ar\/wp-content\/uploads\/2025\/06\/md-1-1.webp","contentUrl":"https:\/\/diariodelsurdigital.com.ar\/wp-content\/uploads\/2025\/06\/md-1-1.webp","width":992,"height":658},{"@type":"BreadcrumbList","@id":"https:\/\/diariodelsurdigital.com.ar\/?p=2984#breadcrumb","itemListElement":[{"@type":"ListItem","position":1,"name":"Portada","item":"https:\/\/diariodelsurdigital.com.ar\/"},{"@type":"ListItem","position":2,"name":"El sindicato de los empleados del Iosper cuestion\u00f3 que si se busca \u201ctransparencia\u201d se \u201cpod\u00eda haber reformado la ley actual\u201d y no su \u00abeliminaci\u00f3n completa\u00bb"}]},{"@type":"WebSite","@id":"https:\/\/diariodelsurdigital.com.ar\/#website","url":"https:\/\/diariodelsurdigital.com.ar\/","name":"Diario del Sur","description":"Digital","potentialAction":[{"@type":"SearchAction","target":{"@type":"EntryPoint","urlTemplate":"https:\/\/diariodelsurdigital.com.ar\/?s={search_term_string}"},"query-input":{"@type":"PropertyValueSpecification","valueRequired":true,"valueName":"search_term_string"}}],"inLanguage":"es"},{"@type":"Person","@id":"https:\/\/diariodelsurdigital.com.ar\/#\/schema\/person\/1a4992532ed62965c968031b49195c81","name":"Diario del Sur Digital","image":{"@type":"ImageObject","inLanguage":"es","@id":"https:\/\/secure.gravatar.com\/avatar\/f0c7c47fc7146d19828273b9b8eda651c9c7ab583767e6338d3d3bee825adf76?s=96&d=mm&r=g","url":"https:\/\/secure.gravatar.com\/avatar\/f0c7c47fc7146d19828273b9b8eda651c9c7ab583767e6338d3d3bee825adf76?s=96&d=mm&r=g","contentUrl":"https:\/\/secure.gravatar.com\/avatar\/f0c7c47fc7146d19828273b9b8eda651c9c7ab583767e6338d3d3bee825adf76?s=96&d=mm&r=g","caption":"Diario del Sur Digital"},"url":"https:\/\/diariodelsurdigital.com.ar\/?author=4"}]}},"_links":{"self":[{"href":"https:\/\/diariodelsurdigital.com.ar\/index.php?rest_route=\/wp\/v2\/posts\/2984","targetHints":{"allow":["GET"]}}],"collection":[{"href":"https:\/\/diariodelsurdigital.com.ar\/index.php?rest_route=\/wp\/v2\/posts"}],"about":[{"href":"https:\/\/diariodelsurdigital.com.ar\/index.php?rest_route=\/wp\/v2\/types\/post"}],"author":[{"embeddable":true,"href":"https:\/\/diariodelsurdigital.com.ar\/index.php?rest_route=\/wp\/v2\/users\/4"}],"replies":[{"embeddable":true,"href":"https:\/\/diariodelsurdigital.com.ar\/index.php?rest_route=%2Fwp%2Fv2%2Fcomments&post=2984"}],"version-history":[{"count":1,"href":"https:\/\/diariodelsurdigital.com.ar\/index.php?rest_route=\/wp\/v2\/posts\/2984\/revisions"}],"predecessor-version":[{"id":2986,"href":"https:\/\/diariodelsurdigital.com.ar\/index.php?rest_route=\/wp\/v2\/posts\/2984\/revisions\/2986"}],"wp:featuredmedia":[{"embeddable":true,"href":"https:\/\/diariodelsurdigital.com.ar\/index.php?rest_route=\/wp\/v2\/media\/2985"}],"wp:attachment":[{"href":"https:\/\/diariodelsurdigital.com.ar\/index.php?rest_route=%2Fwp%2Fv2%2Fmedia&parent=2984"}],"wp:term":[{"taxonomy":"category","embeddable":true,"href":"https:\/\/diariodelsurdigital.com.ar\/index.php?rest_route=%2Fwp%2Fv2%2Fcategories&post=2984"},{"taxonomy":"post_tag","embeddable":true,"href":"https:\/\/diariodelsurdigital.com.ar\/index.php?rest_route=%2Fwp%2Fv2%2Ftags&post=2984"}],"curies":[{"name":"wp","href":"https:\/\/api.w.org\/{rel}","templated":true}]}}