{"id":2987,"date":"2025-06-04T15:21:18","date_gmt":"2025-06-04T18:21:18","guid":{"rendered":"https:\/\/diariodelsurdigital.com.ar\/?p=2987"},"modified":"2025-06-04T15:21:21","modified_gmt":"2025-06-04T18:21:21","slug":"denuncian-penalmente-a-la-intervencion-del-iosper-posible-fraude-malversacion-de-fondos-y-la-muerte-de-un-afiliado","status":"publish","type":"post","link":"https:\/\/diariodelsurdigital.com.ar\/?p=2987","title":{"rendered":"Denuncian penalmente a la Intervenci\u00f3n del Iosper: posible fraude, malversaci\u00f3n de fondos y la muerte de un afiliado"},"content":{"rendered":"\n<p>Afiliados del Iosper presentaron una denuncia penal contra el Interventor, el Subinterventor y el Director General de la obra social por presuntas irregularidades en contrataciones de pr\u00f3tesis y servicios, que habr\u00edan causado un perjuicio econ\u00f3mico a la obra social y demoras en prestaciones vitales, incluyendo el fallecimiento de un afiliado por falta de un marcapasos. Acusan \u00abadministraci\u00f3n fraudulenta\u00bb y \u00abmalversaci\u00f3n de caudales p\u00fablicos\u00bb, seg\u00fan la indicaci\u00f3n a la que accedi\u00f3 APFDigital.<\/p>\n\n\n\n<p><\/p>\n\n\n\n<p>En la denuncia -que cuenta con el patrocinio de Rafael Mariano Giampaolo y Rub\u00e9n Pagliotto- se solicita al Ministerio P\u00fablico Fiscal que determine la existencia de posibles delitos en funci\u00f3n de una serie de hechos que est\u00e1n detallados en la presentaci\u00f3n judicial.<\/p>\n\n\n\n<p>En este marco, se mencionan algunas de las figuras en las que podr\u00edan encuadrarse los hechos descriptos: Administraci\u00f3n fraudulenta; Malversaci\u00f3n de caudales p\u00fablicos; Peculado; Negociaciones incompatibles con la funci\u00f3n p\u00fablica; Abuso de autoridad; Violaci\u00f3n de los deberes de funcionario p\u00fablico; y Abandono de Persona.<\/p>\n\n\n\n<p>Sobre este \u00faltimo punto, en la denuncia se hace referencia al \u201cluctuoso caso del Sr. Gustavo<\/p>\n\n\n\n<p>Godoy, afiliado a la saz\u00f3n del Iosper , quien necesitando de urgencia un marcapasos para superar su problema cardiop\u00e1tico, debido a las demoras inexcusables de 12 d\u00edas internado sin<\/p>\n\n\n\n<p>que llegara el aparato, perdi\u00f3 su vida. El marcapasos nunca lleg\u00f3, trasladando el INTERVENTOR la culpa a una empresa que nunca lo envi\u00f3, incluso, expresando con desfachatez y falta total de empat\u00eda que la causa del fallecimiento no se debi\u00f3 a la espera sino a otros motivos\u201d.<\/p>\n\n\n\n<p>\u201cEn general, la negligencia de una obra social en proporcionar el tratamiento adecuado<\/p>\n\n\n\n<p>que lleva a la muerte de un afiliado podr\u00eda ser considerada como un delito de abandono de persona o incluso como un homicidio culposo, dependiendo de las circunstancias espec\u00edficas\u201d, se advierte en el escrito, al que accedi\u00f3 esta Agencia.<\/p>\n\n\n\n<p>Convenios con empresas de CABA<\/p>\n\n\n\n<p>En otro tramo de la denuncia se hace referencia a contrataciones realizadas con empresas de CABA: \u201cDurante el a\u00f1o 2024 y en el marco de la intervenci\u00f3n del IOSPER dispuesta por Decreto<\/p>\n\n\n\n<p>N\u00b0 3675 del P.E. provincial, se reemplaz\u00f3 un esquema previamente vigente de provisi\u00f3n eficiente y econ\u00f3micamente sustentable de pr\u00f3tesis ortop\u00e9dicas, desarrollado con prestadores de la provincia de Entre R\u00edos, por nuevos convenios directos con empresas radicadas en la Ciudad Aut\u00f3noma de Buenos Aires, sin licitaci\u00f3n p\u00fablica, sin acto fundado de necesidad y sin cumplir con los principios de legalidad, transparencia, control y eficiencia exigidos por las normas provinciales de contrataci\u00f3n\u201d.<\/p>\n\n\n\n<p>En la denuncia se indica que \u201cse ha verificado \u2014con base en documentos p\u00fablicos y observaciones t\u00e9cnicas calificadas\u2014 que estos convenios presentan graves y patentes irregularidades\u201d y, entre ellas, se menciona \u201cla ausencia de licitaci\u00f3n p\u00fablica como modo de selecci\u00f3n de contratistas, pese a que los montos involucrados superan ampliamente los umbrales previstos en el Decreto 795\/96 MEOSP\u201d y la \u201ccontrataci\u00f3n en d\u00f3lares estadounidenses sin justificaci\u00f3n legal ni base reglamentaria, a pesar de tratarse de insumos en su mayor\u00eda nacionales\u201d.<\/p>\n\n\n\n<p>Adem\u00e1s, da cuenta de la existencia de \u201cproveedores no inscriptos en el padr\u00f3n oficial provincial, sin domicilio legal en Entre R\u00edos ni cumplimiento de la Ley 9353 de Compre Provincial\u201d y de pagos efectuados a dos de las cuatro empresas proveedoras de pr\u00f3tesis (MTG GROUP S.R.L \u2013 CUIT: 30- 71130163-8 e IPMAG S.A. \u2013 CUIT: 30-70802391-0), SIN AUDITORIA POSTERIOR\u201d. (ampliaremos)<\/p>\n","protected":false},"excerpt":{"rendered":"<p>Afiliados del Iosper presentaron una denuncia penal contra el Interventor, el Subinterventor y el Director General de la obra social por presuntas irregularidades en contrataciones de pr\u00f3tesis y servicios, que habr\u00edan causado un perjuicio econ\u00f3mico a la obra social y demoras en prestaciones vitales, incluyendo el fallecimiento de un afiliado por falta de un marcapasos. [&hellip;]<\/p>\n","protected":false},"author":4,"featured_media":2988,"comment_status":"open","ping_status":"open","sticky":false,"template":"","format":"standard","meta":{"footnotes":""},"categories":[26,22,17],"tags":[],"class_list":{"0":"post-2987","1":"post","2":"type-post","3":"status-publish","4":"format-standard","5":"has-post-thumbnail","7":"category-judiciales","8":"category-politica","9":"category-provinciales"},"yoast_head":"<!-- This site is optimized with the Yoast SEO plugin v27.4 - https:\/\/yoast.com\/product\/yoast-seo-wordpress\/ -->\n<title>Denuncian penalmente a la Intervenci\u00f3n del Iosper: posible fraude, malversaci\u00f3n de fondos y la muerte de un afiliado - Diario del Sur<\/title>\n<meta name=\"robots\" content=\"index, follow, max-snippet:-1, max-image-preview:large, max-video-preview:-1\" \/>\n<link rel=\"canonical\" href=\"https:\/\/diariodelsurdigital.com.ar\/?p=2987\" \/>\n<meta property=\"og:locale\" content=\"es_ES\" \/>\n<meta property=\"og:type\" content=\"article\" \/>\n<meta property=\"og:title\" content=\"Denuncian penalmente a la Intervenci\u00f3n del Iosper: posible fraude, malversaci\u00f3n de fondos y la muerte de un afiliado - Diario del Sur\" \/>\n<meta property=\"og:description\" content=\"Afiliados del Iosper presentaron una denuncia penal contra el Interventor, el Subinterventor y el Director General de la obra social por presuntas irregularidades en contrataciones de pr\u00f3tesis y servicios, que habr\u00edan causado un perjuicio econ\u00f3mico a la obra social y demoras en prestaciones vitales, incluyendo el fallecimiento de un afiliado por falta de un marcapasos. [&hellip;]\" \/>\n<meta property=\"og:url\" content=\"https:\/\/diariodelsurdigital.com.ar\/?p=2987\" \/>\n<meta property=\"og:site_name\" content=\"Diario del Sur\" \/>\n<meta property=\"article:published_time\" content=\"2025-06-04T18:21:18+00:00\" \/>\n<meta property=\"article:modified_time\" content=\"2025-06-04T18:21:21+00:00\" \/>\n<meta property=\"og:image\" content=\"https:\/\/diariodelsurdigital.com.ar\/wp-content\/uploads\/2025\/06\/md-2-1.webp\" \/>\n\t<meta property=\"og:image:width\" content=\"992\" \/>\n\t<meta property=\"og:image:height\" content=\"661\" \/>\n\t<meta property=\"og:image:type\" content=\"image\/webp\" \/>\n<meta name=\"author\" content=\"Diario del Sur Digital\" \/>\n<meta name=\"twitter:card\" content=\"summary_large_image\" \/>\n<meta name=\"twitter:label1\" content=\"Escrito por\" \/>\n\t<meta name=\"twitter:data1\" content=\"Diario del Sur Digital\" \/>\n\t<meta name=\"twitter:label2\" content=\"Tiempo de lectura\" \/>\n\t<meta name=\"twitter:data2\" content=\"3 minutos\" \/>\n<script type=\"application\/ld+json\" class=\"yoast-schema-graph\">{\"@context\":\"https:\\\/\\\/schema.org\",\"@graph\":[{\"@type\":\"Article\",\"@id\":\"https:\\\/\\\/diariodelsurdigital.com.ar\\\/?p=2987#article\",\"isPartOf\":{\"@id\":\"https:\\\/\\\/diariodelsurdigital.com.ar\\\/?p=2987\"},\"author\":{\"name\":\"Diario del Sur Digital\",\"@id\":\"https:\\\/\\\/diariodelsurdigital.com.ar\\\/#\\\/schema\\\/person\\\/1a4992532ed62965c968031b49195c81\"},\"headline\":\"Denuncian penalmente a la Intervenci\u00f3n del Iosper: posible fraude, malversaci\u00f3n de fondos y la muerte de un afiliado\",\"datePublished\":\"2025-06-04T18:21:18+00:00\",\"dateModified\":\"2025-06-04T18:21:21+00:00\",\"mainEntityOfPage\":{\"@id\":\"https:\\\/\\\/diariodelsurdigital.com.ar\\\/?p=2987\"},\"wordCount\":616,\"commentCount\":0,\"image\":{\"@id\":\"https:\\\/\\\/diariodelsurdigital.com.ar\\\/?p=2987#primaryimage\"},\"thumbnailUrl\":\"https:\\\/\\\/diariodelsurdigital.com.ar\\\/wp-content\\\/uploads\\\/2025\\\/06\\\/md-2-1.webp\",\"articleSection\":[\"Judiciales\",\"Pol\u00edtica\",\"Provinciales\"],\"inLanguage\":\"es\",\"potentialAction\":[{\"@type\":\"CommentAction\",\"name\":\"Comment\",\"target\":[\"https:\\\/\\\/diariodelsurdigital.com.ar\\\/?p=2987#respond\"]}]},{\"@type\":\"WebPage\",\"@id\":\"https:\\\/\\\/diariodelsurdigital.com.ar\\\/?p=2987\",\"url\":\"https:\\\/\\\/diariodelsurdigital.com.ar\\\/?p=2987\",\"name\":\"Denuncian penalmente a la Intervenci\u00f3n del Iosper: posible fraude, malversaci\u00f3n de fondos y la muerte de un afiliado - Diario del Sur\",\"isPartOf\":{\"@id\":\"https:\\\/\\\/diariodelsurdigital.com.ar\\\/#website\"},\"primaryImageOfPage\":{\"@id\":\"https:\\\/\\\/diariodelsurdigital.com.ar\\\/?p=2987#primaryimage\"},\"image\":{\"@id\":\"https:\\\/\\\/diariodelsurdigital.com.ar\\\/?p=2987#primaryimage\"},\"thumbnailUrl\":\"https:\\\/\\\/diariodelsurdigital.com.ar\\\/wp-content\\\/uploads\\\/2025\\\/06\\\/md-2-1.webp\",\"datePublished\":\"2025-06-04T18:21:18+00:00\",\"dateModified\":\"2025-06-04T18:21:21+00:00\",\"author\":{\"@id\":\"https:\\\/\\\/diariodelsurdigital.com.ar\\\/#\\\/schema\\\/person\\\/1a4992532ed62965c968031b49195c81\"},\"breadcrumb\":{\"@id\":\"https:\\\/\\\/diariodelsurdigital.com.ar\\\/?p=2987#breadcrumb\"},\"inLanguage\":\"es\",\"potentialAction\":[{\"@type\":\"ReadAction\",\"target\":[\"https:\\\/\\\/diariodelsurdigital.com.ar\\\/?p=2987\"]}]},{\"@type\":\"ImageObject\",\"inLanguage\":\"es\",\"@id\":\"https:\\\/\\\/diariodelsurdigital.com.ar\\\/?p=2987#primaryimage\",\"url\":\"https:\\\/\\\/diariodelsurdigital.com.ar\\\/wp-content\\\/uploads\\\/2025\\\/06\\\/md-2-1.webp\",\"contentUrl\":\"https:\\\/\\\/diariodelsurdigital.com.ar\\\/wp-content\\\/uploads\\\/2025\\\/06\\\/md-2-1.webp\",\"width\":992,\"height\":661},{\"@type\":\"BreadcrumbList\",\"@id\":\"https:\\\/\\\/diariodelsurdigital.com.ar\\\/?p=2987#breadcrumb\",\"itemListElement\":[{\"@type\":\"ListItem\",\"position\":1,\"name\":\"Portada\",\"item\":\"https:\\\/\\\/diariodelsurdigital.com.ar\\\/\"},{\"@type\":\"ListItem\",\"position\":2,\"name\":\"Denuncian penalmente a la Intervenci\u00f3n del Iosper: posible fraude, malversaci\u00f3n de fondos y la muerte de un afiliado\"}]},{\"@type\":\"WebSite\",\"@id\":\"https:\\\/\\\/diariodelsurdigital.com.ar\\\/#website\",\"url\":\"https:\\\/\\\/diariodelsurdigital.com.ar\\\/\",\"name\":\"Diario del Sur\",\"description\":\"Digital\",\"potentialAction\":[{\"@type\":\"SearchAction\",\"target\":{\"@type\":\"EntryPoint\",\"urlTemplate\":\"https:\\\/\\\/diariodelsurdigital.com.ar\\\/?s={search_term_string}\"},\"query-input\":{\"@type\":\"PropertyValueSpecification\",\"valueRequired\":true,\"valueName\":\"search_term_string\"}}],\"inLanguage\":\"es\"},{\"@type\":\"Person\",\"@id\":\"https:\\\/\\\/diariodelsurdigital.com.ar\\\/#\\\/schema\\\/person\\\/1a4992532ed62965c968031b49195c81\",\"name\":\"Diario del Sur Digital\",\"image\":{\"@type\":\"ImageObject\",\"inLanguage\":\"es\",\"@id\":\"https:\\\/\\\/secure.gravatar.com\\\/avatar\\\/f0c7c47fc7146d19828273b9b8eda651c9c7ab583767e6338d3d3bee825adf76?s=96&d=mm&r=g\",\"url\":\"https:\\\/\\\/secure.gravatar.com\\\/avatar\\\/f0c7c47fc7146d19828273b9b8eda651c9c7ab583767e6338d3d3bee825adf76?s=96&d=mm&r=g\",\"contentUrl\":\"https:\\\/\\\/secure.gravatar.com\\\/avatar\\\/f0c7c47fc7146d19828273b9b8eda651c9c7ab583767e6338d3d3bee825adf76?s=96&d=mm&r=g\",\"caption\":\"Diario del Sur Digital\"},\"url\":\"https:\\\/\\\/diariodelsurdigital.com.ar\\\/?author=4\"}]}<\/script>\n<!-- \/ Yoast SEO plugin. -->","yoast_head_json":{"title":"Denuncian penalmente a la Intervenci\u00f3n del Iosper: posible fraude, malversaci\u00f3n de fondos y la muerte de un afiliado - Diario del Sur","robots":{"index":"index","follow":"follow","max-snippet":"max-snippet:-1","max-image-preview":"max-image-preview:large","max-video-preview":"max-video-preview:-1"},"canonical":"https:\/\/diariodelsurdigital.com.ar\/?p=2987","og_locale":"es_ES","og_type":"article","og_title":"Denuncian penalmente a la Intervenci\u00f3n del Iosper: posible fraude, malversaci\u00f3n de fondos y la muerte de un afiliado - Diario del Sur","og_description":"Afiliados del Iosper presentaron una denuncia penal contra el Interventor, el Subinterventor y el Director General de la obra social por presuntas irregularidades en contrataciones de pr\u00f3tesis y servicios, que habr\u00edan causado un perjuicio econ\u00f3mico a la obra social y demoras en prestaciones vitales, incluyendo el fallecimiento de un afiliado por falta de un marcapasos. [&hellip;]","og_url":"https:\/\/diariodelsurdigital.com.ar\/?p=2987","og_site_name":"Diario del Sur","article_published_time":"2025-06-04T18:21:18+00:00","article_modified_time":"2025-06-04T18:21:21+00:00","og_image":[{"width":992,"height":661,"url":"https:\/\/diariodelsurdigital.com.ar\/wp-content\/uploads\/2025\/06\/md-2-1.webp","type":"image\/webp"}],"author":"Diario del Sur Digital","twitter_card":"summary_large_image","twitter_misc":{"Escrito por":"Diario del Sur Digital","Tiempo de lectura":"3 minutos"},"schema":{"@context":"https:\/\/schema.org","@graph":[{"@type":"Article","@id":"https:\/\/diariodelsurdigital.com.ar\/?p=2987#article","isPartOf":{"@id":"https:\/\/diariodelsurdigital.com.ar\/?p=2987"},"author":{"name":"Diario del Sur Digital","@id":"https:\/\/diariodelsurdigital.com.ar\/#\/schema\/person\/1a4992532ed62965c968031b49195c81"},"headline":"Denuncian penalmente a la Intervenci\u00f3n del Iosper: posible fraude, malversaci\u00f3n de fondos y la muerte de un afiliado","datePublished":"2025-06-04T18:21:18+00:00","dateModified":"2025-06-04T18:21:21+00:00","mainEntityOfPage":{"@id":"https:\/\/diariodelsurdigital.com.ar\/?p=2987"},"wordCount":616,"commentCount":0,"image":{"@id":"https:\/\/diariodelsurdigital.com.ar\/?p=2987#primaryimage"},"thumbnailUrl":"https:\/\/diariodelsurdigital.com.ar\/wp-content\/uploads\/2025\/06\/md-2-1.webp","articleSection":["Judiciales","Pol\u00edtica","Provinciales"],"inLanguage":"es","potentialAction":[{"@type":"CommentAction","name":"Comment","target":["https:\/\/diariodelsurdigital.com.ar\/?p=2987#respond"]}]},{"@type":"WebPage","@id":"https:\/\/diariodelsurdigital.com.ar\/?p=2987","url":"https:\/\/diariodelsurdigital.com.ar\/?p=2987","name":"Denuncian penalmente a la Intervenci\u00f3n del Iosper: posible fraude, malversaci\u00f3n de fondos y la muerte de un afiliado - Diario del Sur","isPartOf":{"@id":"https:\/\/diariodelsurdigital.com.ar\/#website"},"primaryImageOfPage":{"@id":"https:\/\/diariodelsurdigital.com.ar\/?p=2987#primaryimage"},"image":{"@id":"https:\/\/diariodelsurdigital.com.ar\/?p=2987#primaryimage"},"thumbnailUrl":"https:\/\/diariodelsurdigital.com.ar\/wp-content\/uploads\/2025\/06\/md-2-1.webp","datePublished":"2025-06-04T18:21:18+00:00","dateModified":"2025-06-04T18:21:21+00:00","author":{"@id":"https:\/\/diariodelsurdigital.com.ar\/#\/schema\/person\/1a4992532ed62965c968031b49195c81"},"breadcrumb":{"@id":"https:\/\/diariodelsurdigital.com.ar\/?p=2987#breadcrumb"},"inLanguage":"es","potentialAction":[{"@type":"ReadAction","target":["https:\/\/diariodelsurdigital.com.ar\/?p=2987"]}]},{"@type":"ImageObject","inLanguage":"es","@id":"https:\/\/diariodelsurdigital.com.ar\/?p=2987#primaryimage","url":"https:\/\/diariodelsurdigital.com.ar\/wp-content\/uploads\/2025\/06\/md-2-1.webp","contentUrl":"https:\/\/diariodelsurdigital.com.ar\/wp-content\/uploads\/2025\/06\/md-2-1.webp","width":992,"height":661},{"@type":"BreadcrumbList","@id":"https:\/\/diariodelsurdigital.com.ar\/?p=2987#breadcrumb","itemListElement":[{"@type":"ListItem","position":1,"name":"Portada","item":"https:\/\/diariodelsurdigital.com.ar\/"},{"@type":"ListItem","position":2,"name":"Denuncian penalmente a la Intervenci\u00f3n del Iosper: posible fraude, malversaci\u00f3n de fondos y la muerte de un afiliado"}]},{"@type":"WebSite","@id":"https:\/\/diariodelsurdigital.com.ar\/#website","url":"https:\/\/diariodelsurdigital.com.ar\/","name":"Diario del Sur","description":"Digital","potentialAction":[{"@type":"SearchAction","target":{"@type":"EntryPoint","urlTemplate":"https:\/\/diariodelsurdigital.com.ar\/?s={search_term_string}"},"query-input":{"@type":"PropertyValueSpecification","valueRequired":true,"valueName":"search_term_string"}}],"inLanguage":"es"},{"@type":"Person","@id":"https:\/\/diariodelsurdigital.com.ar\/#\/schema\/person\/1a4992532ed62965c968031b49195c81","name":"Diario del Sur Digital","image":{"@type":"ImageObject","inLanguage":"es","@id":"https:\/\/secure.gravatar.com\/avatar\/f0c7c47fc7146d19828273b9b8eda651c9c7ab583767e6338d3d3bee825adf76?s=96&d=mm&r=g","url":"https:\/\/secure.gravatar.com\/avatar\/f0c7c47fc7146d19828273b9b8eda651c9c7ab583767e6338d3d3bee825adf76?s=96&d=mm&r=g","contentUrl":"https:\/\/secure.gravatar.com\/avatar\/f0c7c47fc7146d19828273b9b8eda651c9c7ab583767e6338d3d3bee825adf76?s=96&d=mm&r=g","caption":"Diario del Sur Digital"},"url":"https:\/\/diariodelsurdigital.com.ar\/?author=4"}]}},"_links":{"self":[{"href":"https:\/\/diariodelsurdigital.com.ar\/index.php?rest_route=\/wp\/v2\/posts\/2987","targetHints":{"allow":["GET"]}}],"collection":[{"href":"https:\/\/diariodelsurdigital.com.ar\/index.php?rest_route=\/wp\/v2\/posts"}],"about":[{"href":"https:\/\/diariodelsurdigital.com.ar\/index.php?rest_route=\/wp\/v2\/types\/post"}],"author":[{"embeddable":true,"href":"https:\/\/diariodelsurdigital.com.ar\/index.php?rest_route=\/wp\/v2\/users\/4"}],"replies":[{"embeddable":true,"href":"https:\/\/diariodelsurdigital.com.ar\/index.php?rest_route=%2Fwp%2Fv2%2Fcomments&post=2987"}],"version-history":[{"count":1,"href":"https:\/\/diariodelsurdigital.com.ar\/index.php?rest_route=\/wp\/v2\/posts\/2987\/revisions"}],"predecessor-version":[{"id":2989,"href":"https:\/\/diariodelsurdigital.com.ar\/index.php?rest_route=\/wp\/v2\/posts\/2987\/revisions\/2989"}],"wp:featuredmedia":[{"embeddable":true,"href":"https:\/\/diariodelsurdigital.com.ar\/index.php?rest_route=\/wp\/v2\/media\/2988"}],"wp:attachment":[{"href":"https:\/\/diariodelsurdigital.com.ar\/index.php?rest_route=%2Fwp%2Fv2%2Fmedia&parent=2987"}],"wp:term":[{"taxonomy":"category","embeddable":true,"href":"https:\/\/diariodelsurdigital.com.ar\/index.php?rest_route=%2Fwp%2Fv2%2Fcategories&post=2987"},{"taxonomy":"post_tag","embeddable":true,"href":"https:\/\/diariodelsurdigital.com.ar\/index.php?rest_route=%2Fwp%2Fv2%2Ftags&post=2987"}],"curies":[{"name":"wp","href":"https:\/\/api.w.org\/{rel}","templated":true}]}}