{"id":2993,"date":"2025-06-05T11:33:14","date_gmt":"2025-06-05T14:33:14","guid":{"rendered":"https:\/\/diariodelsurdigital.com.ar\/?p=2993"},"modified":"2025-06-05T11:33:15","modified_gmt":"2025-06-05T14:33:15","slug":"avanza-la-privatizacion-de-rutas-convocan-a-audiencias-para-tramos-en-entre-rios","status":"publish","type":"post","link":"https:\/\/diariodelsurdigital.com.ar\/?p=2993","title":{"rendered":"Avanza la privatizaci\u00f3n de rutas: convocan a audiencias para tramos en Entre R\u00edos"},"content":{"rendered":"\n<p>El Gobierno puso en marcha la etapa 3 del proceso de privatizaci\u00f3n de las rutas nacionales que maneja Corredores Viales. Lo hizo mediante la resoluci\u00f3n 924 de Vialidad Nacional, publicada en el Bolet\u00edn Oficial, por la que convoc\u00f3 a audiencias p\u00fablicas hacia la licitaci\u00f3n de otros ocho tramos en todo el pa\u00eds, que comprenden m\u00e1s de 2800 kil\u00f3metros.<\/p>\n\n\n\n<p><\/p>\n\n\n\n<p>Las audiencias p\u00fablicas son un paso indispensable, aunque no vinculante, en los procesos de concesiones. Para la etapa lanzada este jueves, Vialidad Nacional llam\u00f3 a realizarlas entre el 30 de junio y el 7 de julio.<\/p>\n\n\n\n<p>El lanzamiento de la etapa 3 de privatizaci\u00f3n de rutas nacionales se produce dos d\u00edas despu\u00e9s de lanzada la licitaci\u00f3n p\u00fablica nacional e internacional para la ruta del Mercosur, que est\u00e1 en manos Corredores Viales desde principios de abril tras la finalizaci\u00f3n del contrato con el anterior operador. Y se da en momentos en que los gobernadores salieron en conjunto a reclamar por obras paralizadas y sin cuidado.<\/p>\n\n\n\n<p>Los llamados lanzados este jueves incluyen los tramos Centro (Ruta 9; Ruta Nacional 19 y la Ruta Nacional 34, todas entre Rosario y C\u00f3rdoba); Centro Norte (Ruta Nacional 34 entre Santa Fe y Santiago del Estero); Noroeste (Ruta Nacional 9 desde Santiago del Estero hasta Salta y desde San Salvador de Jujuy hasta Yala, junto con segmentos de las rutas 34, 66, 1V66 y A-016).<\/p>\n\n\n\n<p>Llamaron a una licitaci\u00f3n p\u00fablica para la concesi\u00f3n de la \u201cRuta del Mercosur\u201d<br>Tambi\u00e9n est\u00e1n las trazas Chaco-Santa Fe (Ruta 11, entre Nelson, Santa Fe y Resistencia, Chaco); Litoral (Ruta 12 en Corrientes y Ruta 16 desde el viaducto del Puente General Belgrano hasta Avia Terai en Chaco); Noroeste (Ruta Nacional 12 desde el empalme con la ruta 118 hasta el acceso al Puente Internacional Tancredo Neves, junto con la Ruta Nacional 105 desde Posadas hasta su empalme con la ruta 14 en Pindapoy); Mesopot\u00e1mico (Ruta 18 entre Paran\u00e1 y Puerto Yeru\u00e1; Ruta Nacional 12 entre Crespo y Paran\u00e1, y la Ruta Nacional A-012 en el anillo perimetral de Rosario) y Cuyo (la Ruta 7, entre el l\u00edmite de San Luis con Mendoza hasta Palmira, y desde el empalme con la ruta 40 en Mendoza capital hasta el paso internacional con Chile)<\/p>\n\n\n\n<p>Privatizaci\u00f3n de rutas nacionales: c\u00f3mo son las etapas definidas por el Gobierno<\/p>\n\n\n\n<p>TN inform\u00f3 que la licitaci\u00f3n de las rutas del Mercosur es el puntapi\u00e9 inicial para el proceso privatizador de las rutas nacionales. A mediados de mayo se lanz\u00f3 la etapa 2 y ahora la etapa 3 de la Red Federal de Concesiones. Suman en total casi 8000 kil\u00f3metros que el Gobierno se puso como meta desmantelar Corredores Viales y concesionar con esquema de peajes las rutas y autopistas.<\/p>\n\n\n\n<p>Para la ruta del Mercosur, que incluye tramos de las rutas 12 y 14, as\u00ed como el Puente Rosario-Victoria, la licitaci\u00f3n p\u00fablica estar\u00e1 abierta hasta el 5 de agosto, cuando se conocer\u00e1n las propuestas de los oferentes.<\/p>\n\n\n\n<p>En tanto, se realizar\u00e1n la semana pr\u00f3xima audiencias p\u00fablicas hacia la licitaci\u00f3n de ocho tramos en todo el pa\u00eds, que comprenden m\u00e1s de 4400 kil\u00f3metros hoy operados por Corredores Viales.<\/p>\n\n\n\n<p>La etapa 2 incluye las autopistas Riccheri, Ezeiza-Ca\u00f1uelas, y Newbery; las rutas nacionales 3, 5 y 7; as\u00ed como los trazados que dan acceso a los puertos del Paran\u00e1 (Rosario y alrededores)<\/p>\n\n\n\n<p>Las audiencias p\u00fablicas para la etapa 2 se har\u00e1n entre el mi\u00e9rcoles 11 de junio y el viernes 13 de junio, de manera presencial en San Miguel del Monte; Jun\u00edn y San Nicol\u00e1s, public\u00f3 An\u00e1lisis.<\/p>\n\n\n\n<p>Posteriormente, a esas instancias, el Gobierno estar\u00e1 en condiciones de ultimar los detalles de los pliegos y lanzar las licitaciones para los 16 tramos de la etapa 2 y 3.<\/p>\n","protected":false},"excerpt":{"rendered":"<p>El Gobierno puso en marcha la etapa 3 del proceso de privatizaci\u00f3n de las rutas nacionales que maneja Corredores Viales. Lo hizo mediante la resoluci\u00f3n 924 de Vialidad Nacional, publicada en el Bolet\u00edn Oficial, por la que convoc\u00f3 a audiencias p\u00fablicas hacia la licitaci\u00f3n de otros ocho tramos en todo el pa\u00eds, que comprenden m\u00e1s [&hellip;]<\/p>\n","protected":false},"author":4,"featured_media":2994,"comment_status":"open","ping_status":"open","sticky":false,"template":"","format":"standard","meta":{"footnotes":""},"categories":[17],"tags":[],"class_list":{"0":"post-2993","1":"post","2":"type-post","3":"status-publish","4":"format-standard","5":"has-post-thumbnail","7":"category-provinciales"},"yoast_head":"<!-- This site is optimized with the Yoast SEO plugin v27.4 - https:\/\/yoast.com\/product\/yoast-seo-wordpress\/ -->\n<title>Avanza la privatizaci\u00f3n de rutas: convocan a audiencias para tramos en Entre R\u00edos - Diario del Sur<\/title>\n<meta name=\"robots\" content=\"index, follow, max-snippet:-1, max-image-preview:large, max-video-preview:-1\" \/>\n<link rel=\"canonical\" href=\"https:\/\/diariodelsurdigital.com.ar\/?p=2993\" \/>\n<meta property=\"og:locale\" content=\"es_ES\" \/>\n<meta property=\"og:type\" content=\"article\" \/>\n<meta property=\"og:title\" content=\"Avanza la privatizaci\u00f3n de rutas: convocan a audiencias para tramos en Entre R\u00edos - Diario del Sur\" \/>\n<meta property=\"og:description\" content=\"El Gobierno puso en marcha la etapa 3 del proceso de privatizaci\u00f3n de las rutas nacionales que maneja Corredores Viales. Lo hizo mediante la resoluci\u00f3n 924 de Vialidad Nacional, publicada en el Bolet\u00edn Oficial, por la que convoc\u00f3 a audiencias p\u00fablicas hacia la licitaci\u00f3n de otros ocho tramos en todo el pa\u00eds, que comprenden m\u00e1s [&hellip;]\" \/>\n<meta property=\"og:url\" content=\"https:\/\/diariodelsurdigital.com.ar\/?p=2993\" \/>\n<meta property=\"og:site_name\" content=\"Diario del Sur\" \/>\n<meta property=\"article:published_time\" content=\"2025-06-05T14:33:14+00:00\" \/>\n<meta property=\"article:modified_time\" content=\"2025-06-05T14:33:15+00:00\" \/>\n<meta property=\"og:image\" content=\"https:\/\/diariodelsurdigital.com.ar\/wp-content\/uploads\/2025\/06\/md-4-1.webp\" \/>\n\t<meta property=\"og:image:width\" content=\"992\" \/>\n\t<meta property=\"og:image:height\" content=\"655\" \/>\n\t<meta property=\"og:image:type\" content=\"image\/webp\" \/>\n<meta name=\"author\" content=\"Diario del Sur Digital\" \/>\n<meta name=\"twitter:card\" content=\"summary_large_image\" \/>\n<meta name=\"twitter:label1\" content=\"Escrito por\" \/>\n\t<meta name=\"twitter:data1\" content=\"Diario del Sur Digital\" \/>\n\t<meta name=\"twitter:label2\" content=\"Tiempo de lectura\" \/>\n\t<meta name=\"twitter:data2\" content=\"4 minutos\" \/>\n<script type=\"application\/ld+json\" class=\"yoast-schema-graph\">{\"@context\":\"https:\\\/\\\/schema.org\",\"@graph\":[{\"@type\":\"Article\",\"@id\":\"https:\\\/\\\/diariodelsurdigital.com.ar\\\/?p=2993#article\",\"isPartOf\":{\"@id\":\"https:\\\/\\\/diariodelsurdigital.com.ar\\\/?p=2993\"},\"author\":{\"name\":\"Diario del Sur Digital\",\"@id\":\"https:\\\/\\\/diariodelsurdigital.com.ar\\\/#\\\/schema\\\/person\\\/1a4992532ed62965c968031b49195c81\"},\"headline\":\"Avanza la privatizaci\u00f3n de rutas: convocan a audiencias para tramos en Entre R\u00edos\",\"datePublished\":\"2025-06-05T14:33:14+00:00\",\"dateModified\":\"2025-06-05T14:33:15+00:00\",\"mainEntityOfPage\":{\"@id\":\"https:\\\/\\\/diariodelsurdigital.com.ar\\\/?p=2993\"},\"wordCount\":631,\"commentCount\":0,\"image\":{\"@id\":\"https:\\\/\\\/diariodelsurdigital.com.ar\\\/?p=2993#primaryimage\"},\"thumbnailUrl\":\"https:\\\/\\\/diariodelsurdigital.com.ar\\\/wp-content\\\/uploads\\\/2025\\\/06\\\/md-4-1.webp\",\"articleSection\":[\"Provinciales\"],\"inLanguage\":\"es\",\"potentialAction\":[{\"@type\":\"CommentAction\",\"name\":\"Comment\",\"target\":[\"https:\\\/\\\/diariodelsurdigital.com.ar\\\/?p=2993#respond\"]}]},{\"@type\":\"WebPage\",\"@id\":\"https:\\\/\\\/diariodelsurdigital.com.ar\\\/?p=2993\",\"url\":\"https:\\\/\\\/diariodelsurdigital.com.ar\\\/?p=2993\",\"name\":\"Avanza la privatizaci\u00f3n de rutas: convocan a audiencias para tramos en Entre R\u00edos - Diario del Sur\",\"isPartOf\":{\"@id\":\"https:\\\/\\\/diariodelsurdigital.com.ar\\\/#website\"},\"primaryImageOfPage\":{\"@id\":\"https:\\\/\\\/diariodelsurdigital.com.ar\\\/?p=2993#primaryimage\"},\"image\":{\"@id\":\"https:\\\/\\\/diariodelsurdigital.com.ar\\\/?p=2993#primaryimage\"},\"thumbnailUrl\":\"https:\\\/\\\/diariodelsurdigital.com.ar\\\/wp-content\\\/uploads\\\/2025\\\/06\\\/md-4-1.webp\",\"datePublished\":\"2025-06-05T14:33:14+00:00\",\"dateModified\":\"2025-06-05T14:33:15+00:00\",\"author\":{\"@id\":\"https:\\\/\\\/diariodelsurdigital.com.ar\\\/#\\\/schema\\\/person\\\/1a4992532ed62965c968031b49195c81\"},\"breadcrumb\":{\"@id\":\"https:\\\/\\\/diariodelsurdigital.com.ar\\\/?p=2993#breadcrumb\"},\"inLanguage\":\"es\",\"potentialAction\":[{\"@type\":\"ReadAction\",\"target\":[\"https:\\\/\\\/diariodelsurdigital.com.ar\\\/?p=2993\"]}]},{\"@type\":\"ImageObject\",\"inLanguage\":\"es\",\"@id\":\"https:\\\/\\\/diariodelsurdigital.com.ar\\\/?p=2993#primaryimage\",\"url\":\"https:\\\/\\\/diariodelsurdigital.com.ar\\\/wp-content\\\/uploads\\\/2025\\\/06\\\/md-4-1.webp\",\"contentUrl\":\"https:\\\/\\\/diariodelsurdigital.com.ar\\\/wp-content\\\/uploads\\\/2025\\\/06\\\/md-4-1.webp\",\"width\":992,\"height\":655},{\"@type\":\"BreadcrumbList\",\"@id\":\"https:\\\/\\\/diariodelsurdigital.com.ar\\\/?p=2993#breadcrumb\",\"itemListElement\":[{\"@type\":\"ListItem\",\"position\":1,\"name\":\"Portada\",\"item\":\"https:\\\/\\\/diariodelsurdigital.com.ar\\\/\"},{\"@type\":\"ListItem\",\"position\":2,\"name\":\"Avanza la privatizaci\u00f3n de rutas: convocan a audiencias para tramos en Entre R\u00edos\"}]},{\"@type\":\"WebSite\",\"@id\":\"https:\\\/\\\/diariodelsurdigital.com.ar\\\/#website\",\"url\":\"https:\\\/\\\/diariodelsurdigital.com.ar\\\/\",\"name\":\"Diario del Sur\",\"description\":\"Digital\",\"potentialAction\":[{\"@type\":\"SearchAction\",\"target\":{\"@type\":\"EntryPoint\",\"urlTemplate\":\"https:\\\/\\\/diariodelsurdigital.com.ar\\\/?s={search_term_string}\"},\"query-input\":{\"@type\":\"PropertyValueSpecification\",\"valueRequired\":true,\"valueName\":\"search_term_string\"}}],\"inLanguage\":\"es\"},{\"@type\":\"Person\",\"@id\":\"https:\\\/\\\/diariodelsurdigital.com.ar\\\/#\\\/schema\\\/person\\\/1a4992532ed62965c968031b49195c81\",\"name\":\"Diario del Sur Digital\",\"image\":{\"@type\":\"ImageObject\",\"inLanguage\":\"es\",\"@id\":\"https:\\\/\\\/secure.gravatar.com\\\/avatar\\\/f0c7c47fc7146d19828273b9b8eda651c9c7ab583767e6338d3d3bee825adf76?s=96&d=mm&r=g\",\"url\":\"https:\\\/\\\/secure.gravatar.com\\\/avatar\\\/f0c7c47fc7146d19828273b9b8eda651c9c7ab583767e6338d3d3bee825adf76?s=96&d=mm&r=g\",\"contentUrl\":\"https:\\\/\\\/secure.gravatar.com\\\/avatar\\\/f0c7c47fc7146d19828273b9b8eda651c9c7ab583767e6338d3d3bee825adf76?s=96&d=mm&r=g\",\"caption\":\"Diario del Sur Digital\"},\"url\":\"https:\\\/\\\/diariodelsurdigital.com.ar\\\/?author=4\"}]}<\/script>\n<!-- \/ Yoast SEO plugin. -->","yoast_head_json":{"title":"Avanza la privatizaci\u00f3n de rutas: convocan a audiencias para tramos en Entre R\u00edos - Diario del Sur","robots":{"index":"index","follow":"follow","max-snippet":"max-snippet:-1","max-image-preview":"max-image-preview:large","max-video-preview":"max-video-preview:-1"},"canonical":"https:\/\/diariodelsurdigital.com.ar\/?p=2993","og_locale":"es_ES","og_type":"article","og_title":"Avanza la privatizaci\u00f3n de rutas: convocan a audiencias para tramos en Entre R\u00edos - Diario del Sur","og_description":"El Gobierno puso en marcha la etapa 3 del proceso de privatizaci\u00f3n de las rutas nacionales que maneja Corredores Viales. Lo hizo mediante la resoluci\u00f3n 924 de Vialidad Nacional, publicada en el Bolet\u00edn Oficial, por la que convoc\u00f3 a audiencias p\u00fablicas hacia la licitaci\u00f3n de otros ocho tramos en todo el pa\u00eds, que comprenden m\u00e1s [&hellip;]","og_url":"https:\/\/diariodelsurdigital.com.ar\/?p=2993","og_site_name":"Diario del Sur","article_published_time":"2025-06-05T14:33:14+00:00","article_modified_time":"2025-06-05T14:33:15+00:00","og_image":[{"width":992,"height":655,"url":"https:\/\/diariodelsurdigital.com.ar\/wp-content\/uploads\/2025\/06\/md-4-1.webp","type":"image\/webp"}],"author":"Diario del Sur Digital","twitter_card":"summary_large_image","twitter_misc":{"Escrito por":"Diario del Sur Digital","Tiempo de lectura":"4 minutos"},"schema":{"@context":"https:\/\/schema.org","@graph":[{"@type":"Article","@id":"https:\/\/diariodelsurdigital.com.ar\/?p=2993#article","isPartOf":{"@id":"https:\/\/diariodelsurdigital.com.ar\/?p=2993"},"author":{"name":"Diario del Sur Digital","@id":"https:\/\/diariodelsurdigital.com.ar\/#\/schema\/person\/1a4992532ed62965c968031b49195c81"},"headline":"Avanza la privatizaci\u00f3n de rutas: convocan a audiencias para tramos en Entre R\u00edos","datePublished":"2025-06-05T14:33:14+00:00","dateModified":"2025-06-05T14:33:15+00:00","mainEntityOfPage":{"@id":"https:\/\/diariodelsurdigital.com.ar\/?p=2993"},"wordCount":631,"commentCount":0,"image":{"@id":"https:\/\/diariodelsurdigital.com.ar\/?p=2993#primaryimage"},"thumbnailUrl":"https:\/\/diariodelsurdigital.com.ar\/wp-content\/uploads\/2025\/06\/md-4-1.webp","articleSection":["Provinciales"],"inLanguage":"es","potentialAction":[{"@type":"CommentAction","name":"Comment","target":["https:\/\/diariodelsurdigital.com.ar\/?p=2993#respond"]}]},{"@type":"WebPage","@id":"https:\/\/diariodelsurdigital.com.ar\/?p=2993","url":"https:\/\/diariodelsurdigital.com.ar\/?p=2993","name":"Avanza la privatizaci\u00f3n de rutas: convocan a audiencias para tramos en Entre R\u00edos - Diario del Sur","isPartOf":{"@id":"https:\/\/diariodelsurdigital.com.ar\/#website"},"primaryImageOfPage":{"@id":"https:\/\/diariodelsurdigital.com.ar\/?p=2993#primaryimage"},"image":{"@id":"https:\/\/diariodelsurdigital.com.ar\/?p=2993#primaryimage"},"thumbnailUrl":"https:\/\/diariodelsurdigital.com.ar\/wp-content\/uploads\/2025\/06\/md-4-1.webp","datePublished":"2025-06-05T14:33:14+00:00","dateModified":"2025-06-05T14:33:15+00:00","author":{"@id":"https:\/\/diariodelsurdigital.com.ar\/#\/schema\/person\/1a4992532ed62965c968031b49195c81"},"breadcrumb":{"@id":"https:\/\/diariodelsurdigital.com.ar\/?p=2993#breadcrumb"},"inLanguage":"es","potentialAction":[{"@type":"ReadAction","target":["https:\/\/diariodelsurdigital.com.ar\/?p=2993"]}]},{"@type":"ImageObject","inLanguage":"es","@id":"https:\/\/diariodelsurdigital.com.ar\/?p=2993#primaryimage","url":"https:\/\/diariodelsurdigital.com.ar\/wp-content\/uploads\/2025\/06\/md-4-1.webp","contentUrl":"https:\/\/diariodelsurdigital.com.ar\/wp-content\/uploads\/2025\/06\/md-4-1.webp","width":992,"height":655},{"@type":"BreadcrumbList","@id":"https:\/\/diariodelsurdigital.com.ar\/?p=2993#breadcrumb","itemListElement":[{"@type":"ListItem","position":1,"name":"Portada","item":"https:\/\/diariodelsurdigital.com.ar\/"},{"@type":"ListItem","position":2,"name":"Avanza la privatizaci\u00f3n de rutas: convocan a audiencias para tramos en Entre R\u00edos"}]},{"@type":"WebSite","@id":"https:\/\/diariodelsurdigital.com.ar\/#website","url":"https:\/\/diariodelsurdigital.com.ar\/","name":"Diario del Sur","description":"Digital","potentialAction":[{"@type":"SearchAction","target":{"@type":"EntryPoint","urlTemplate":"https:\/\/diariodelsurdigital.com.ar\/?s={search_term_string}"},"query-input":{"@type":"PropertyValueSpecification","valueRequired":true,"valueName":"search_term_string"}}],"inLanguage":"es"},{"@type":"Person","@id":"https:\/\/diariodelsurdigital.com.ar\/#\/schema\/person\/1a4992532ed62965c968031b49195c81","name":"Diario del Sur Digital","image":{"@type":"ImageObject","inLanguage":"es","@id":"https:\/\/secure.gravatar.com\/avatar\/f0c7c47fc7146d19828273b9b8eda651c9c7ab583767e6338d3d3bee825adf76?s=96&d=mm&r=g","url":"https:\/\/secure.gravatar.com\/avatar\/f0c7c47fc7146d19828273b9b8eda651c9c7ab583767e6338d3d3bee825adf76?s=96&d=mm&r=g","contentUrl":"https:\/\/secure.gravatar.com\/avatar\/f0c7c47fc7146d19828273b9b8eda651c9c7ab583767e6338d3d3bee825adf76?s=96&d=mm&r=g","caption":"Diario del Sur Digital"},"url":"https:\/\/diariodelsurdigital.com.ar\/?author=4"}]}},"_links":{"self":[{"href":"https:\/\/diariodelsurdigital.com.ar\/index.php?rest_route=\/wp\/v2\/posts\/2993","targetHints":{"allow":["GET"]}}],"collection":[{"href":"https:\/\/diariodelsurdigital.com.ar\/index.php?rest_route=\/wp\/v2\/posts"}],"about":[{"href":"https:\/\/diariodelsurdigital.com.ar\/index.php?rest_route=\/wp\/v2\/types\/post"}],"author":[{"embeddable":true,"href":"https:\/\/diariodelsurdigital.com.ar\/index.php?rest_route=\/wp\/v2\/users\/4"}],"replies":[{"embeddable":true,"href":"https:\/\/diariodelsurdigital.com.ar\/index.php?rest_route=%2Fwp%2Fv2%2Fcomments&post=2993"}],"version-history":[{"count":1,"href":"https:\/\/diariodelsurdigital.com.ar\/index.php?rest_route=\/wp\/v2\/posts\/2993\/revisions"}],"predecessor-version":[{"id":2995,"href":"https:\/\/diariodelsurdigital.com.ar\/index.php?rest_route=\/wp\/v2\/posts\/2993\/revisions\/2995"}],"wp:featuredmedia":[{"embeddable":true,"href":"https:\/\/diariodelsurdigital.com.ar\/index.php?rest_route=\/wp\/v2\/media\/2994"}],"wp:attachment":[{"href":"https:\/\/diariodelsurdigital.com.ar\/index.php?rest_route=%2Fwp%2Fv2%2Fmedia&parent=2993"}],"wp:term":[{"taxonomy":"category","embeddable":true,"href":"https:\/\/diariodelsurdigital.com.ar\/index.php?rest_route=%2Fwp%2Fv2%2Fcategories&post=2993"},{"taxonomy":"post_tag","embeddable":true,"href":"https:\/\/diariodelsurdigital.com.ar\/index.php?rest_route=%2Fwp%2Fv2%2Ftags&post=2993"}],"curies":[{"name":"wp","href":"https:\/\/api.w.org\/{rel}","templated":true}]}}