{"id":2996,"date":"2025-06-05T11:36:42","date_gmt":"2025-06-05T14:36:42","guid":{"rendered":"https:\/\/diariodelsurdigital.com.ar\/?p=2996"},"modified":"2025-06-05T11:36:43","modified_gmt":"2025-06-05T14:36:43","slug":"como-votaron-los-entrerrianos-el-aumento-a-jubilados-y-la-emergencia-en-discapacidad","status":"publish","type":"post","link":"https:\/\/diariodelsurdigital.com.ar\/?p=2996","title":{"rendered":"C\u00f3mo votaron los entrerrianos el aumento a jubilados y la emergencia en discapacidad"},"content":{"rendered":"\n<p>A favor del aumento a los jubilados votaron Gustavo Bordet, Carolina Gaillard, Tom\u00e1s Ledesma y Blanca Osuna (Uni\u00f3n por la Patria) y Marcela \u00c1ntola (Democracia). En contra lo hicieron Beltr\u00e1n Benedit (La Libertad Avanza), Nancy Ballejos (PRO) y Francisco Morchio (Encuentro Federal). Atilio Benedetti (UCR) se abstuvo. Sobre emergencia en discapacidad votaron a favor Bordet, Osuna, Ledesma , Gaillard, \u00c1ntola y Benedetti. Morchio se abstuvo y votaron en contra Ballejos y Benedit.<\/p>\n\n\n\n<p><\/p>\n\n\n\n<p>La oposici\u00f3n en la C\u00e1mara de Diputados logr\u00f3 alzarse con la media sanci\u00f3n de un proyecto que incrementa las jubilaciones, a ra\u00edz de un consenso entre los bloques que impulsaron la sesi\u00f3n: Uni\u00f3n por la Patria, Encuentro Federal, Democracia para Siempre, Coalici\u00f3n C\u00edvica y el Frente de Izquierda.<\/p>\n\n\n\n<p>De este modo, Diputados aprob\u00f3 y gir\u00f3 al Senado la suba de 7,2% y el bono de $110.000 para jubilaciones y mejoras para personas con discapacidad. El voto de los representantes de Entre R\u00edos.<\/p>\n\n\n\n<p>La iniciativa, girada al Senado, recibi\u00f3 142 votos a favor, 67 en contra y 19 abstenciones. \u00bfC\u00f3mo votaron los nueve diputados nacionales de Entre R\u00edos? A favor lo hicieron Gustavo Bordet, Carolina Gaillard, Tom\u00e1s Ledesma y Blanca Osuna (Uni\u00f3n por la Patria) y Marcela \u00c1ntola (Democracia). En contra votaron Beltr\u00e1n Benedit (La Libertad Avanza), Nancy Ballejos (PRO) y Francisco Morchio (Encuentro Federal). Atilio Benedetti (UCR) se abstuvo.<\/p>\n\n\n\n<p>Diputados aprob\u00f3 un aumento del 7,2% de las jubilaciones, una suba del bono a $110 mil y la restituci\u00f3n de la moratoria<\/p>\n\n\n\n<p>Milei anticip\u00f3 que vetar\u00e1 cambios en jubilaciones: \u00abEsperemos que los senadores no apoyen esta demagogia\u00bb<br>El texto prev\u00e9 un incremento de todos los haberes previsionales del 7,2%, un aumento del bono extraordinario -congelado hace m\u00e1s de un a\u00f1o en 70.000 pesos- a 110.000 pesos y su actualizaci\u00f3n mensual por \u00edndice de movilidad, y la transferencia de fondos por parte de la ANSeS a las provincias con cajas previsionales no transferidas.<\/p>\n\n\n\n<p>Adem\u00e1s, se incorpora por ley la f\u00f3rmula de movilidad que instaur\u00f3 el gobierno de Javier Milei en 2024. En respuesta al Gobierno, que cuestiona de d\u00f3nde saldr\u00e1n los recursos, el proyecto incluye medidas de financiamiento como la eliminaci\u00f3n de la exenci\u00f3n del IVA para los directores de empresas, la eliminaci\u00f3n de la exenci\u00f3n de Ganancias a las sociedades de garant\u00eda rec\u00edproca, el ahorro generado por la quita de sobrecargos a los intereses que se logr\u00f3 con el FMI y un redireccionamiento de las partidas destinadas a la SIDE, entre otras.<\/p>\n\n\n\n<p>Antes de la aprobaci\u00f3n del proyecto, el jefe de Gabinete, Guillermo Francos, ratific\u00f3 que, al igual que el a\u00f1o pasado, cualquier ley que en consideraci\u00f3n del Gobierno apunte a \u201cromper el equilibrio fiscal\u201d ser\u00e1 vetada.<\/p>\n\n\n\n<p>Adem\u00e1s, Uni\u00f3n por la Patria logr\u00f3 aprobar la pr\u00f3rroga por dos a\u00f1os de la moratoria y el Plan de Pago de Deuda Previsional. La votaci\u00f3n result\u00f3 con 111 votos afirmativos, 100 en contra y 15 abstenciones, public\u00f3 Ahora.<\/p>\n\n\n\n<p>El voto entrerriano a favor de la moratoria fue todo peronista (Bordet, Osuna, Ledesma y Gaillard). Benedetti (UCR), Ballejos (PRO), Morchio (Encuentro Federal) y Benedit (LLA) se opusieron y \u00c1ntola (Democracia) se abstuvo.<\/p>\n\n\n\n<p>Emergencia en discapacidad<\/p>\n\n\n\n<p>La C\u00e1mara de Diputados dio tambi\u00e9n media sanci\u00f3n al proyecto de ley que busca declarar la emergencia en discapacidad hasta diciembre de 2027, por 149 votos a favor, 71 en contra y 3 abstenciones.<\/p>\n\n\n\n<p>Los entrerrianos que votaron a favor fueron Bordet, Osuna, Ledesma y Gaillard (Uni\u00f3n por la Patria), \u00c1ntola (Democracia) y Benedetti (UCR). Morchio (Encuentro Federal) se abstuvo y votaron en contra Ballejos (PRO) y Benedit (LLA).<\/p>\n\n\n\n<p>El proyecto de ley incluye regularizaci\u00f3n de pagos y actualizaci\u00f3n de aranceles por las deudas con los prestadores del sistema de salud y actualizar mensualmente los aranceles del Sistema de Prestaciones B\u00e1sicas de Atenci\u00f3n Integral. Tambi\u00e9n reforma el sistema de pensiones no contributivas, revisando las condiciones de acceso y permanencia en el beneficio.<\/p>\n\n\n\n<p>Plantea mejorar la base de datos de la Agencia Nacional de Discapacidad (ANDIS), realizar auditor\u00edas para identificar y resolver problemas en la gesti\u00f3n de prestaciones y una actualizaci\u00f3n del Certificado \u00danico de Discapacidad (CUD), considerando las condiciones f\u00edsicas, mentales, intelectuales, sensoriales y sociales de la persona.<\/p>\n\n\n\n<p>Por otro lado, incluye una compensaci\u00f3n de emergencia para prestadores y asignaciones para talleres de producci\u00f3n, con un impacto fiscal estimado por la Oficina de Presupuesto del Congreso de entre el 0,22% y 0,42% del PBI. Asimismo,<\/p>\n\n\n\n<p>se asignan recursos espec\u00edficos y compensaciones para los talleres protegidos y centros de d\u00eda y reafirma la obligaci\u00f3n del Estado de cumplir con el cupo laboral del 4% para personas con discapacidad en el sector p\u00fablico.<\/p>\n","protected":false},"excerpt":{"rendered":"<p>A favor del aumento a los jubilados votaron Gustavo Bordet, Carolina Gaillard, Tom\u00e1s Ledesma y Blanca Osuna (Uni\u00f3n por la Patria) y Marcela \u00c1ntola (Democracia). En contra lo hicieron Beltr\u00e1n Benedit (La Libertad Avanza), Nancy Ballejos (PRO) y Francisco Morchio (Encuentro Federal). Atilio Benedetti (UCR) se abstuvo. Sobre emergencia en discapacidad votaron a favor Bordet, [&hellip;]<\/p>\n","protected":false},"author":4,"featured_media":2997,"comment_status":"open","ping_status":"open","sticky":false,"template":"","format":"standard","meta":{"footnotes":""},"categories":[22,17],"tags":[],"class_list":{"0":"post-2996","1":"post","2":"type-post","3":"status-publish","4":"format-standard","5":"has-post-thumbnail","7":"category-politica","8":"category-provinciales"},"yoast_head":"<!-- This site is optimized with the Yoast SEO plugin v27.4 - https:\/\/yoast.com\/product\/yoast-seo-wordpress\/ -->\n<title>C\u00f3mo votaron los entrerrianos el aumento a jubilados y la emergencia en discapacidad - Diario del Sur<\/title>\n<meta name=\"robots\" content=\"index, follow, max-snippet:-1, max-image-preview:large, max-video-preview:-1\" \/>\n<link rel=\"canonical\" href=\"https:\/\/diariodelsurdigital.com.ar\/?p=2996\" \/>\n<meta property=\"og:locale\" content=\"es_ES\" \/>\n<meta property=\"og:type\" content=\"article\" \/>\n<meta property=\"og:title\" content=\"C\u00f3mo votaron los entrerrianos el aumento a jubilados y la emergencia en discapacidad - Diario del Sur\" \/>\n<meta property=\"og:description\" content=\"A favor del aumento a los jubilados votaron Gustavo Bordet, Carolina Gaillard, Tom\u00e1s Ledesma y Blanca Osuna (Uni\u00f3n por la Patria) y Marcela \u00c1ntola (Democracia). En contra lo hicieron Beltr\u00e1n Benedit (La Libertad Avanza), Nancy Ballejos (PRO) y Francisco Morchio (Encuentro Federal). Atilio Benedetti (UCR) se abstuvo. Sobre emergencia en discapacidad votaron a favor Bordet, [&hellip;]\" \/>\n<meta property=\"og:url\" content=\"https:\/\/diariodelsurdigital.com.ar\/?p=2996\" \/>\n<meta property=\"og:site_name\" content=\"Diario del Sur\" \/>\n<meta property=\"article:published_time\" content=\"2025-06-05T14:36:42+00:00\" \/>\n<meta property=\"article:modified_time\" content=\"2025-06-05T14:36:43+00:00\" \/>\n<meta property=\"og:image\" content=\"https:\/\/diariodelsurdigital.com.ar\/wp-content\/uploads\/2025\/06\/md-5.webp\" \/>\n\t<meta property=\"og:image:width\" content=\"992\" \/>\n\t<meta property=\"og:image:height\" content=\"742\" \/>\n\t<meta property=\"og:image:type\" content=\"image\/webp\" \/>\n<meta name=\"author\" content=\"Diario del Sur Digital\" \/>\n<meta name=\"twitter:card\" content=\"summary_large_image\" \/>\n<meta name=\"twitter:label1\" content=\"Escrito por\" \/>\n\t<meta name=\"twitter:data1\" content=\"Diario del Sur Digital\" \/>\n\t<meta name=\"twitter:label2\" content=\"Tiempo de lectura\" \/>\n\t<meta name=\"twitter:data2\" content=\"4 minutos\" \/>\n<script type=\"application\/ld+json\" class=\"yoast-schema-graph\">{\"@context\":\"https:\\\/\\\/schema.org\",\"@graph\":[{\"@type\":\"Article\",\"@id\":\"https:\\\/\\\/diariodelsurdigital.com.ar\\\/?p=2996#article\",\"isPartOf\":{\"@id\":\"https:\\\/\\\/diariodelsurdigital.com.ar\\\/?p=2996\"},\"author\":{\"name\":\"Diario del Sur Digital\",\"@id\":\"https:\\\/\\\/diariodelsurdigital.com.ar\\\/#\\\/schema\\\/person\\\/1a4992532ed62965c968031b49195c81\"},\"headline\":\"C\u00f3mo votaron los entrerrianos el aumento a jubilados y la emergencia en discapacidad\",\"datePublished\":\"2025-06-05T14:36:42+00:00\",\"dateModified\":\"2025-06-05T14:36:43+00:00\",\"mainEntityOfPage\":{\"@id\":\"https:\\\/\\\/diariodelsurdigital.com.ar\\\/?p=2996\"},\"wordCount\":803,\"commentCount\":0,\"image\":{\"@id\":\"https:\\\/\\\/diariodelsurdigital.com.ar\\\/?p=2996#primaryimage\"},\"thumbnailUrl\":\"https:\\\/\\\/diariodelsurdigital.com.ar\\\/wp-content\\\/uploads\\\/2025\\\/06\\\/md-5.webp\",\"articleSection\":[\"Pol\u00edtica\",\"Provinciales\"],\"inLanguage\":\"es\",\"potentialAction\":[{\"@type\":\"CommentAction\",\"name\":\"Comment\",\"target\":[\"https:\\\/\\\/diariodelsurdigital.com.ar\\\/?p=2996#respond\"]}]},{\"@type\":\"WebPage\",\"@id\":\"https:\\\/\\\/diariodelsurdigital.com.ar\\\/?p=2996\",\"url\":\"https:\\\/\\\/diariodelsurdigital.com.ar\\\/?p=2996\",\"name\":\"C\u00f3mo votaron los entrerrianos el aumento a jubilados y la emergencia en discapacidad - Diario del Sur\",\"isPartOf\":{\"@id\":\"https:\\\/\\\/diariodelsurdigital.com.ar\\\/#website\"},\"primaryImageOfPage\":{\"@id\":\"https:\\\/\\\/diariodelsurdigital.com.ar\\\/?p=2996#primaryimage\"},\"image\":{\"@id\":\"https:\\\/\\\/diariodelsurdigital.com.ar\\\/?p=2996#primaryimage\"},\"thumbnailUrl\":\"https:\\\/\\\/diariodelsurdigital.com.ar\\\/wp-content\\\/uploads\\\/2025\\\/06\\\/md-5.webp\",\"datePublished\":\"2025-06-05T14:36:42+00:00\",\"dateModified\":\"2025-06-05T14:36:43+00:00\",\"author\":{\"@id\":\"https:\\\/\\\/diariodelsurdigital.com.ar\\\/#\\\/schema\\\/person\\\/1a4992532ed62965c968031b49195c81\"},\"breadcrumb\":{\"@id\":\"https:\\\/\\\/diariodelsurdigital.com.ar\\\/?p=2996#breadcrumb\"},\"inLanguage\":\"es\",\"potentialAction\":[{\"@type\":\"ReadAction\",\"target\":[\"https:\\\/\\\/diariodelsurdigital.com.ar\\\/?p=2996\"]}]},{\"@type\":\"ImageObject\",\"inLanguage\":\"es\",\"@id\":\"https:\\\/\\\/diariodelsurdigital.com.ar\\\/?p=2996#primaryimage\",\"url\":\"https:\\\/\\\/diariodelsurdigital.com.ar\\\/wp-content\\\/uploads\\\/2025\\\/06\\\/md-5.webp\",\"contentUrl\":\"https:\\\/\\\/diariodelsurdigital.com.ar\\\/wp-content\\\/uploads\\\/2025\\\/06\\\/md-5.webp\",\"width\":992,\"height\":742},{\"@type\":\"BreadcrumbList\",\"@id\":\"https:\\\/\\\/diariodelsurdigital.com.ar\\\/?p=2996#breadcrumb\",\"itemListElement\":[{\"@type\":\"ListItem\",\"position\":1,\"name\":\"Portada\",\"item\":\"https:\\\/\\\/diariodelsurdigital.com.ar\\\/\"},{\"@type\":\"ListItem\",\"position\":2,\"name\":\"C\u00f3mo votaron los entrerrianos el aumento a jubilados y la emergencia en discapacidad\"}]},{\"@type\":\"WebSite\",\"@id\":\"https:\\\/\\\/diariodelsurdigital.com.ar\\\/#website\",\"url\":\"https:\\\/\\\/diariodelsurdigital.com.ar\\\/\",\"name\":\"Diario del Sur\",\"description\":\"Digital\",\"potentialAction\":[{\"@type\":\"SearchAction\",\"target\":{\"@type\":\"EntryPoint\",\"urlTemplate\":\"https:\\\/\\\/diariodelsurdigital.com.ar\\\/?s={search_term_string}\"},\"query-input\":{\"@type\":\"PropertyValueSpecification\",\"valueRequired\":true,\"valueName\":\"search_term_string\"}}],\"inLanguage\":\"es\"},{\"@type\":\"Person\",\"@id\":\"https:\\\/\\\/diariodelsurdigital.com.ar\\\/#\\\/schema\\\/person\\\/1a4992532ed62965c968031b49195c81\",\"name\":\"Diario del Sur Digital\",\"image\":{\"@type\":\"ImageObject\",\"inLanguage\":\"es\",\"@id\":\"https:\\\/\\\/secure.gravatar.com\\\/avatar\\\/f0c7c47fc7146d19828273b9b8eda651c9c7ab583767e6338d3d3bee825adf76?s=96&d=mm&r=g\",\"url\":\"https:\\\/\\\/secure.gravatar.com\\\/avatar\\\/f0c7c47fc7146d19828273b9b8eda651c9c7ab583767e6338d3d3bee825adf76?s=96&d=mm&r=g\",\"contentUrl\":\"https:\\\/\\\/secure.gravatar.com\\\/avatar\\\/f0c7c47fc7146d19828273b9b8eda651c9c7ab583767e6338d3d3bee825adf76?s=96&d=mm&r=g\",\"caption\":\"Diario del Sur Digital\"},\"url\":\"https:\\\/\\\/diariodelsurdigital.com.ar\\\/?author=4\"}]}<\/script>\n<!-- \/ Yoast SEO plugin. -->","yoast_head_json":{"title":"C\u00f3mo votaron los entrerrianos el aumento a jubilados y la emergencia en discapacidad - Diario del Sur","robots":{"index":"index","follow":"follow","max-snippet":"max-snippet:-1","max-image-preview":"max-image-preview:large","max-video-preview":"max-video-preview:-1"},"canonical":"https:\/\/diariodelsurdigital.com.ar\/?p=2996","og_locale":"es_ES","og_type":"article","og_title":"C\u00f3mo votaron los entrerrianos el aumento a jubilados y la emergencia en discapacidad - Diario del Sur","og_description":"A favor del aumento a los jubilados votaron Gustavo Bordet, Carolina Gaillard, Tom\u00e1s Ledesma y Blanca Osuna (Uni\u00f3n por la Patria) y Marcela \u00c1ntola (Democracia). En contra lo hicieron Beltr\u00e1n Benedit (La Libertad Avanza), Nancy Ballejos (PRO) y Francisco Morchio (Encuentro Federal). Atilio Benedetti (UCR) se abstuvo. Sobre emergencia en discapacidad votaron a favor Bordet, [&hellip;]","og_url":"https:\/\/diariodelsurdigital.com.ar\/?p=2996","og_site_name":"Diario del Sur","article_published_time":"2025-06-05T14:36:42+00:00","article_modified_time":"2025-06-05T14:36:43+00:00","og_image":[{"width":992,"height":742,"url":"https:\/\/diariodelsurdigital.com.ar\/wp-content\/uploads\/2025\/06\/md-5.webp","type":"image\/webp"}],"author":"Diario del Sur Digital","twitter_card":"summary_large_image","twitter_misc":{"Escrito por":"Diario del Sur Digital","Tiempo de lectura":"4 minutos"},"schema":{"@context":"https:\/\/schema.org","@graph":[{"@type":"Article","@id":"https:\/\/diariodelsurdigital.com.ar\/?p=2996#article","isPartOf":{"@id":"https:\/\/diariodelsurdigital.com.ar\/?p=2996"},"author":{"name":"Diario del Sur Digital","@id":"https:\/\/diariodelsurdigital.com.ar\/#\/schema\/person\/1a4992532ed62965c968031b49195c81"},"headline":"C\u00f3mo votaron los entrerrianos el aumento a jubilados y la emergencia en discapacidad","datePublished":"2025-06-05T14:36:42+00:00","dateModified":"2025-06-05T14:36:43+00:00","mainEntityOfPage":{"@id":"https:\/\/diariodelsurdigital.com.ar\/?p=2996"},"wordCount":803,"commentCount":0,"image":{"@id":"https:\/\/diariodelsurdigital.com.ar\/?p=2996#primaryimage"},"thumbnailUrl":"https:\/\/diariodelsurdigital.com.ar\/wp-content\/uploads\/2025\/06\/md-5.webp","articleSection":["Pol\u00edtica","Provinciales"],"inLanguage":"es","potentialAction":[{"@type":"CommentAction","name":"Comment","target":["https:\/\/diariodelsurdigital.com.ar\/?p=2996#respond"]}]},{"@type":"WebPage","@id":"https:\/\/diariodelsurdigital.com.ar\/?p=2996","url":"https:\/\/diariodelsurdigital.com.ar\/?p=2996","name":"C\u00f3mo votaron los entrerrianos el aumento a jubilados y la emergencia en discapacidad - Diario del Sur","isPartOf":{"@id":"https:\/\/diariodelsurdigital.com.ar\/#website"},"primaryImageOfPage":{"@id":"https:\/\/diariodelsurdigital.com.ar\/?p=2996#primaryimage"},"image":{"@id":"https:\/\/diariodelsurdigital.com.ar\/?p=2996#primaryimage"},"thumbnailUrl":"https:\/\/diariodelsurdigital.com.ar\/wp-content\/uploads\/2025\/06\/md-5.webp","datePublished":"2025-06-05T14:36:42+00:00","dateModified":"2025-06-05T14:36:43+00:00","author":{"@id":"https:\/\/diariodelsurdigital.com.ar\/#\/schema\/person\/1a4992532ed62965c968031b49195c81"},"breadcrumb":{"@id":"https:\/\/diariodelsurdigital.com.ar\/?p=2996#breadcrumb"},"inLanguage":"es","potentialAction":[{"@type":"ReadAction","target":["https:\/\/diariodelsurdigital.com.ar\/?p=2996"]}]},{"@type":"ImageObject","inLanguage":"es","@id":"https:\/\/diariodelsurdigital.com.ar\/?p=2996#primaryimage","url":"https:\/\/diariodelsurdigital.com.ar\/wp-content\/uploads\/2025\/06\/md-5.webp","contentUrl":"https:\/\/diariodelsurdigital.com.ar\/wp-content\/uploads\/2025\/06\/md-5.webp","width":992,"height":742},{"@type":"BreadcrumbList","@id":"https:\/\/diariodelsurdigital.com.ar\/?p=2996#breadcrumb","itemListElement":[{"@type":"ListItem","position":1,"name":"Portada","item":"https:\/\/diariodelsurdigital.com.ar\/"},{"@type":"ListItem","position":2,"name":"C\u00f3mo votaron los entrerrianos el aumento a jubilados y la emergencia en discapacidad"}]},{"@type":"WebSite","@id":"https:\/\/diariodelsurdigital.com.ar\/#website","url":"https:\/\/diariodelsurdigital.com.ar\/","name":"Diario del Sur","description":"Digital","potentialAction":[{"@type":"SearchAction","target":{"@type":"EntryPoint","urlTemplate":"https:\/\/diariodelsurdigital.com.ar\/?s={search_term_string}"},"query-input":{"@type":"PropertyValueSpecification","valueRequired":true,"valueName":"search_term_string"}}],"inLanguage":"es"},{"@type":"Person","@id":"https:\/\/diariodelsurdigital.com.ar\/#\/schema\/person\/1a4992532ed62965c968031b49195c81","name":"Diario del Sur Digital","image":{"@type":"ImageObject","inLanguage":"es","@id":"https:\/\/secure.gravatar.com\/avatar\/f0c7c47fc7146d19828273b9b8eda651c9c7ab583767e6338d3d3bee825adf76?s=96&d=mm&r=g","url":"https:\/\/secure.gravatar.com\/avatar\/f0c7c47fc7146d19828273b9b8eda651c9c7ab583767e6338d3d3bee825adf76?s=96&d=mm&r=g","contentUrl":"https:\/\/secure.gravatar.com\/avatar\/f0c7c47fc7146d19828273b9b8eda651c9c7ab583767e6338d3d3bee825adf76?s=96&d=mm&r=g","caption":"Diario del Sur Digital"},"url":"https:\/\/diariodelsurdigital.com.ar\/?author=4"}]}},"_links":{"self":[{"href":"https:\/\/diariodelsurdigital.com.ar\/index.php?rest_route=\/wp\/v2\/posts\/2996","targetHints":{"allow":["GET"]}}],"collection":[{"href":"https:\/\/diariodelsurdigital.com.ar\/index.php?rest_route=\/wp\/v2\/posts"}],"about":[{"href":"https:\/\/diariodelsurdigital.com.ar\/index.php?rest_route=\/wp\/v2\/types\/post"}],"author":[{"embeddable":true,"href":"https:\/\/diariodelsurdigital.com.ar\/index.php?rest_route=\/wp\/v2\/users\/4"}],"replies":[{"embeddable":true,"href":"https:\/\/diariodelsurdigital.com.ar\/index.php?rest_route=%2Fwp%2Fv2%2Fcomments&post=2996"}],"version-history":[{"count":1,"href":"https:\/\/diariodelsurdigital.com.ar\/index.php?rest_route=\/wp\/v2\/posts\/2996\/revisions"}],"predecessor-version":[{"id":2998,"href":"https:\/\/diariodelsurdigital.com.ar\/index.php?rest_route=\/wp\/v2\/posts\/2996\/revisions\/2998"}],"wp:featuredmedia":[{"embeddable":true,"href":"https:\/\/diariodelsurdigital.com.ar\/index.php?rest_route=\/wp\/v2\/media\/2997"}],"wp:attachment":[{"href":"https:\/\/diariodelsurdigital.com.ar\/index.php?rest_route=%2Fwp%2Fv2%2Fmedia&parent=2996"}],"wp:term":[{"taxonomy":"category","embeddable":true,"href":"https:\/\/diariodelsurdigital.com.ar\/index.php?rest_route=%2Fwp%2Fv2%2Fcategories&post=2996"},{"taxonomy":"post_tag","embeddable":true,"href":"https:\/\/diariodelsurdigital.com.ar\/index.php?rest_route=%2Fwp%2Fv2%2Ftags&post=2996"}],"curies":[{"name":"wp","href":"https:\/\/api.w.org\/{rel}","templated":true}]}}