{"id":2999,"date":"2025-06-05T11:40:57","date_gmt":"2025-06-05T14:40:57","guid":{"rendered":"https:\/\/diariodelsurdigital.com.ar\/?p=2999"},"modified":"2025-06-05T11:40:58","modified_gmt":"2025-06-05T14:40:58","slug":"concordia-la-protesta-colectiva-no-pudo-concretar-la-radio-abierta-porque-el-municipio-no-habilito-la-energia-electrica","status":"publish","type":"post","link":"https:\/\/diariodelsurdigital.com.ar\/?p=2999","title":{"rendered":"Concordia: La protesta colectiva no pudo concretar la radio abierta porque el municipio no habilit\u00f3 la energ\u00eda el\u00e9ctrica"},"content":{"rendered":"\n<p>Durante la tarde de este mi\u00e9rcoles se realiz\u00f3 una protesta colectiva en el centro de Concordia, al igual que en Buenos Aires, aunando los reclamos por los jubilados, el IOSPER, los terciarios, los cartoneros, por discapacidad y el Ni Una Menos.<\/p>\n\n\n\n<p>La movida fue a nivel nacional, bajo el lema \u00abuniendo todas las luchas\u00bb. Desde la organizaci\u00f3n se explic\u00f3 que el eje fue demostrar que \u00abel ajuste y la crueldad no se enfrentan solos\u00bb.<\/p>\n\n\n\n<p>Al respecto, Mar\u00eda Jos\u00e9 Chapitel, desde AGMER y presente en la jornada de lucha realizada en pleno centro de Concordia, expres\u00f3 que \u00abjunto con las feministas, los sindicatos, nos pusimos de acuerdo para unir todas las luchas, dado que el 3J, sabemos que es el d\u00eda de Ni Una Menos, donde reclamamos que paren de matarnos pero que lo trasladamos para el d\u00eda mi\u00e9rcoles 4\u00bb.<\/p>\n\n\n\n<p>En ese sentido, mencion\u00f3 que \u00abnos unimos a la lucha de los jubilados y las jubiladas, que todos los mi\u00e9rcoles vienen a esta plaza que es p\u00fablica, que es de todos y nos unimos tambi\u00e9n a la lucha de los trabajadores de la cultura, de los cartoneros que fueron echados de la planta de reciclaje de la zona sur, de los compa\u00f1eros docentes y estudiantes terciarios que est\u00e1n amenazados de no reapertura o continuidad de las carreras, a favor del IOSPER, por nuestra obra social, que la quieren cambiar y vender por esta ley trucha que est\u00e1n aprobando todos los senadores y diputados a mano alzada\u00bb.<\/p>\n\n\n\n<p>Ajuste<br>Seg\u00fan Chapitel, \u00abcada vez tenemos que estar m\u00e1s unidos porque no est\u00e1 tocando a todos el ajuste feroz del gobierno nacional, del gobierno provincial y del gobierno local\u00bb.<\/p>\n\n\n\n<p>En ese punto, cit\u00f3 que \u00abhay m\u00e1s de 20 compa\u00f1eros cocineros de los comedores escolares que fueron cesanteados y que las compa\u00f1eras de los CDIs, que dependen del municipio tambi\u00e9n recibieron su notificaci\u00f3n que el 31 de junio quedan cesantes\u00bb.<\/p>\n\n\n\n<p>Para la gremialista \u00abel ajuste es de las tres l\u00edneas, la l\u00ednea nacional, la l\u00ednea provincial y la l\u00ednea municipal\u00bb.<\/p>\n\n\n\n<p>Protesta y espacio p\u00fablico<br>Uno de los ejes de la protesta de este mi\u00e9rcoles en Concordia era la realizaci\u00f3n de una radio abierta. Sin embargo, no se pudo llevar a cabo. Chapitel apunt\u00f3 al intendente Francisco Azcu\u00e9, afirmando que \u00abeste intendente, a quien hace m\u00e1s de cinco d\u00edas le presentamos una nota inform\u00e1ndole que \u00edbamos a hacer uso del espacio p\u00fablico que es la plaza, hoy decidi\u00f3 no dar las bajadas de luz para que podamos hacer la actividad\u00bb.<\/p>\n\n\n\n<p>En ese contexto, cont\u00f3 que \u00abenchufamos ac\u00e1 en un toma del (edificio del) municipio, que si ten\u00eda luz\u00bb. Pero dijo que \u00aba las 16:30 horas el se\u00f1or Villalba, que es el jefe de Electrotecnia, mand\u00f3 a trabajadores tercerizados, que son monotributistas, a cortar la luz\u00bb.<\/p>\n\n\n\n<p>Para la referente de AGMER Concordia, \u00abevidentemente este gobierno municipal se alinea con el gobierno provincial de Frigerio y con Milei para que los reclamos no sean escuchados\u00bb.<\/p>\n\n\n\n<p>Seg\u00fan argument\u00f3, \u00abla plaza es p\u00fablica, la plaza es de todos, de todas los ciudadanos y ciudadanas de Concordia y la vamos a seguir usando\u00bb, public\u00f3 Diario R\u00edo Uruguay.<\/p>\n","protected":false},"excerpt":{"rendered":"<p>Durante la tarde de este mi\u00e9rcoles se realiz\u00f3 una protesta colectiva en el centro de Concordia, al igual que en Buenos Aires, aunando los reclamos por los jubilados, el IOSPER, los terciarios, los cartoneros, por discapacidad y el Ni Una Menos. La movida fue a nivel nacional, bajo el lema \u00abuniendo todas las luchas\u00bb. Desde [&hellip;]<\/p>\n","protected":false},"author":4,"featured_media":3000,"comment_status":"open","ping_status":"open","sticky":false,"template":"","format":"standard","meta":{"footnotes":""},"categories":[16],"tags":[],"class_list":{"0":"post-2999","1":"post","2":"type-post","3":"status-publish","4":"format-standard","5":"has-post-thumbnail","7":"category-locales"},"yoast_head":"<!-- This site is optimized with the Yoast SEO plugin v27.4 - https:\/\/yoast.com\/product\/yoast-seo-wordpress\/ -->\n<title>Concordia: La protesta colectiva no pudo concretar la radio abierta porque el municipio no habilit\u00f3 la energ\u00eda el\u00e9ctrica - Diario del Sur<\/title>\n<meta name=\"robots\" content=\"index, follow, max-snippet:-1, max-image-preview:large, max-video-preview:-1\" \/>\n<link rel=\"canonical\" href=\"https:\/\/diariodelsurdigital.com.ar\/?p=2999\" \/>\n<meta property=\"og:locale\" content=\"es_ES\" \/>\n<meta property=\"og:type\" content=\"article\" \/>\n<meta property=\"og:title\" content=\"Concordia: La protesta colectiva no pudo concretar la radio abierta porque el municipio no habilit\u00f3 la energ\u00eda el\u00e9ctrica - Diario del Sur\" \/>\n<meta property=\"og:description\" content=\"Durante la tarde de este mi\u00e9rcoles se realiz\u00f3 una protesta colectiva en el centro de Concordia, al igual que en Buenos Aires, aunando los reclamos por los jubilados, el IOSPER, los terciarios, los cartoneros, por discapacidad y el Ni Una Menos. La movida fue a nivel nacional, bajo el lema \u00abuniendo todas las luchas\u00bb. Desde [&hellip;]\" \/>\n<meta property=\"og:url\" content=\"https:\/\/diariodelsurdigital.com.ar\/?p=2999\" \/>\n<meta property=\"og:site_name\" content=\"Diario del Sur\" \/>\n<meta property=\"article:published_time\" content=\"2025-06-05T14:40:57+00:00\" \/>\n<meta property=\"article:modified_time\" content=\"2025-06-05T14:40:58+00:00\" \/>\n<meta property=\"og:image\" content=\"https:\/\/diariodelsurdigital.com.ar\/wp-content\/uploads\/2025\/06\/md-6.webp\" \/>\n\t<meta property=\"og:image:width\" content=\"992\" \/>\n\t<meta property=\"og:image:height\" content=\"661\" \/>\n\t<meta property=\"og:image:type\" content=\"image\/webp\" \/>\n<meta name=\"author\" content=\"Diario del Sur Digital\" \/>\n<meta name=\"twitter:card\" content=\"summary_large_image\" \/>\n<meta name=\"twitter:label1\" content=\"Escrito por\" \/>\n\t<meta name=\"twitter:data1\" content=\"Diario del Sur Digital\" \/>\n\t<meta name=\"twitter:label2\" content=\"Tiempo de lectura\" \/>\n\t<meta name=\"twitter:data2\" content=\"3 minutos\" \/>\n<script type=\"application\/ld+json\" class=\"yoast-schema-graph\">{\"@context\":\"https:\\\/\\\/schema.org\",\"@graph\":[{\"@type\":\"Article\",\"@id\":\"https:\\\/\\\/diariodelsurdigital.com.ar\\\/?p=2999#article\",\"isPartOf\":{\"@id\":\"https:\\\/\\\/diariodelsurdigital.com.ar\\\/?p=2999\"},\"author\":{\"name\":\"Diario del Sur Digital\",\"@id\":\"https:\\\/\\\/diariodelsurdigital.com.ar\\\/#\\\/schema\\\/person\\\/1a4992532ed62965c968031b49195c81\"},\"headline\":\"Concordia: La protesta colectiva no pudo concretar la radio abierta porque el municipio no habilit\u00f3 la energ\u00eda el\u00e9ctrica\",\"datePublished\":\"2025-06-05T14:40:57+00:00\",\"dateModified\":\"2025-06-05T14:40:58+00:00\",\"mainEntityOfPage\":{\"@id\":\"https:\\\/\\\/diariodelsurdigital.com.ar\\\/?p=2999\"},\"wordCount\":564,\"commentCount\":0,\"image\":{\"@id\":\"https:\\\/\\\/diariodelsurdigital.com.ar\\\/?p=2999#primaryimage\"},\"thumbnailUrl\":\"https:\\\/\\\/diariodelsurdigital.com.ar\\\/wp-content\\\/uploads\\\/2025\\\/06\\\/md-6.webp\",\"articleSection\":[\"Locales\"],\"inLanguage\":\"es\",\"potentialAction\":[{\"@type\":\"CommentAction\",\"name\":\"Comment\",\"target\":[\"https:\\\/\\\/diariodelsurdigital.com.ar\\\/?p=2999#respond\"]}]},{\"@type\":\"WebPage\",\"@id\":\"https:\\\/\\\/diariodelsurdigital.com.ar\\\/?p=2999\",\"url\":\"https:\\\/\\\/diariodelsurdigital.com.ar\\\/?p=2999\",\"name\":\"Concordia: La protesta colectiva no pudo concretar la radio abierta porque el municipio no habilit\u00f3 la energ\u00eda el\u00e9ctrica - Diario del Sur\",\"isPartOf\":{\"@id\":\"https:\\\/\\\/diariodelsurdigital.com.ar\\\/#website\"},\"primaryImageOfPage\":{\"@id\":\"https:\\\/\\\/diariodelsurdigital.com.ar\\\/?p=2999#primaryimage\"},\"image\":{\"@id\":\"https:\\\/\\\/diariodelsurdigital.com.ar\\\/?p=2999#primaryimage\"},\"thumbnailUrl\":\"https:\\\/\\\/diariodelsurdigital.com.ar\\\/wp-content\\\/uploads\\\/2025\\\/06\\\/md-6.webp\",\"datePublished\":\"2025-06-05T14:40:57+00:00\",\"dateModified\":\"2025-06-05T14:40:58+00:00\",\"author\":{\"@id\":\"https:\\\/\\\/diariodelsurdigital.com.ar\\\/#\\\/schema\\\/person\\\/1a4992532ed62965c968031b49195c81\"},\"breadcrumb\":{\"@id\":\"https:\\\/\\\/diariodelsurdigital.com.ar\\\/?p=2999#breadcrumb\"},\"inLanguage\":\"es\",\"potentialAction\":[{\"@type\":\"ReadAction\",\"target\":[\"https:\\\/\\\/diariodelsurdigital.com.ar\\\/?p=2999\"]}]},{\"@type\":\"ImageObject\",\"inLanguage\":\"es\",\"@id\":\"https:\\\/\\\/diariodelsurdigital.com.ar\\\/?p=2999#primaryimage\",\"url\":\"https:\\\/\\\/diariodelsurdigital.com.ar\\\/wp-content\\\/uploads\\\/2025\\\/06\\\/md-6.webp\",\"contentUrl\":\"https:\\\/\\\/diariodelsurdigital.com.ar\\\/wp-content\\\/uploads\\\/2025\\\/06\\\/md-6.webp\",\"width\":992,\"height\":661},{\"@type\":\"BreadcrumbList\",\"@id\":\"https:\\\/\\\/diariodelsurdigital.com.ar\\\/?p=2999#breadcrumb\",\"itemListElement\":[{\"@type\":\"ListItem\",\"position\":1,\"name\":\"Portada\",\"item\":\"https:\\\/\\\/diariodelsurdigital.com.ar\\\/\"},{\"@type\":\"ListItem\",\"position\":2,\"name\":\"Concordia: La protesta colectiva no pudo concretar la radio abierta porque el municipio no habilit\u00f3 la energ\u00eda el\u00e9ctrica\"}]},{\"@type\":\"WebSite\",\"@id\":\"https:\\\/\\\/diariodelsurdigital.com.ar\\\/#website\",\"url\":\"https:\\\/\\\/diariodelsurdigital.com.ar\\\/\",\"name\":\"Diario del Sur\",\"description\":\"Digital\",\"potentialAction\":[{\"@type\":\"SearchAction\",\"target\":{\"@type\":\"EntryPoint\",\"urlTemplate\":\"https:\\\/\\\/diariodelsurdigital.com.ar\\\/?s={search_term_string}\"},\"query-input\":{\"@type\":\"PropertyValueSpecification\",\"valueRequired\":true,\"valueName\":\"search_term_string\"}}],\"inLanguage\":\"es\"},{\"@type\":\"Person\",\"@id\":\"https:\\\/\\\/diariodelsurdigital.com.ar\\\/#\\\/schema\\\/person\\\/1a4992532ed62965c968031b49195c81\",\"name\":\"Diario del Sur Digital\",\"image\":{\"@type\":\"ImageObject\",\"inLanguage\":\"es\",\"@id\":\"https:\\\/\\\/secure.gravatar.com\\\/avatar\\\/f0c7c47fc7146d19828273b9b8eda651c9c7ab583767e6338d3d3bee825adf76?s=96&d=mm&r=g\",\"url\":\"https:\\\/\\\/secure.gravatar.com\\\/avatar\\\/f0c7c47fc7146d19828273b9b8eda651c9c7ab583767e6338d3d3bee825adf76?s=96&d=mm&r=g\",\"contentUrl\":\"https:\\\/\\\/secure.gravatar.com\\\/avatar\\\/f0c7c47fc7146d19828273b9b8eda651c9c7ab583767e6338d3d3bee825adf76?s=96&d=mm&r=g\",\"caption\":\"Diario del Sur Digital\"},\"url\":\"https:\\\/\\\/diariodelsurdigital.com.ar\\\/?author=4\"}]}<\/script>\n<!-- \/ Yoast SEO plugin. -->","yoast_head_json":{"title":"Concordia: La protesta colectiva no pudo concretar la radio abierta porque el municipio no habilit\u00f3 la energ\u00eda el\u00e9ctrica - Diario del Sur","robots":{"index":"index","follow":"follow","max-snippet":"max-snippet:-1","max-image-preview":"max-image-preview:large","max-video-preview":"max-video-preview:-1"},"canonical":"https:\/\/diariodelsurdigital.com.ar\/?p=2999","og_locale":"es_ES","og_type":"article","og_title":"Concordia: La protesta colectiva no pudo concretar la radio abierta porque el municipio no habilit\u00f3 la energ\u00eda el\u00e9ctrica - Diario del Sur","og_description":"Durante la tarde de este mi\u00e9rcoles se realiz\u00f3 una protesta colectiva en el centro de Concordia, al igual que en Buenos Aires, aunando los reclamos por los jubilados, el IOSPER, los terciarios, los cartoneros, por discapacidad y el Ni Una Menos. La movida fue a nivel nacional, bajo el lema \u00abuniendo todas las luchas\u00bb. Desde [&hellip;]","og_url":"https:\/\/diariodelsurdigital.com.ar\/?p=2999","og_site_name":"Diario del Sur","article_published_time":"2025-06-05T14:40:57+00:00","article_modified_time":"2025-06-05T14:40:58+00:00","og_image":[{"width":992,"height":661,"url":"https:\/\/diariodelsurdigital.com.ar\/wp-content\/uploads\/2025\/06\/md-6.webp","type":"image\/webp"}],"author":"Diario del Sur Digital","twitter_card":"summary_large_image","twitter_misc":{"Escrito por":"Diario del Sur Digital","Tiempo de lectura":"3 minutos"},"schema":{"@context":"https:\/\/schema.org","@graph":[{"@type":"Article","@id":"https:\/\/diariodelsurdigital.com.ar\/?p=2999#article","isPartOf":{"@id":"https:\/\/diariodelsurdigital.com.ar\/?p=2999"},"author":{"name":"Diario del Sur Digital","@id":"https:\/\/diariodelsurdigital.com.ar\/#\/schema\/person\/1a4992532ed62965c968031b49195c81"},"headline":"Concordia: La protesta colectiva no pudo concretar la radio abierta porque el municipio no habilit\u00f3 la energ\u00eda el\u00e9ctrica","datePublished":"2025-06-05T14:40:57+00:00","dateModified":"2025-06-05T14:40:58+00:00","mainEntityOfPage":{"@id":"https:\/\/diariodelsurdigital.com.ar\/?p=2999"},"wordCount":564,"commentCount":0,"image":{"@id":"https:\/\/diariodelsurdigital.com.ar\/?p=2999#primaryimage"},"thumbnailUrl":"https:\/\/diariodelsurdigital.com.ar\/wp-content\/uploads\/2025\/06\/md-6.webp","articleSection":["Locales"],"inLanguage":"es","potentialAction":[{"@type":"CommentAction","name":"Comment","target":["https:\/\/diariodelsurdigital.com.ar\/?p=2999#respond"]}]},{"@type":"WebPage","@id":"https:\/\/diariodelsurdigital.com.ar\/?p=2999","url":"https:\/\/diariodelsurdigital.com.ar\/?p=2999","name":"Concordia: La protesta colectiva no pudo concretar la radio abierta porque el municipio no habilit\u00f3 la energ\u00eda el\u00e9ctrica - Diario del Sur","isPartOf":{"@id":"https:\/\/diariodelsurdigital.com.ar\/#website"},"primaryImageOfPage":{"@id":"https:\/\/diariodelsurdigital.com.ar\/?p=2999#primaryimage"},"image":{"@id":"https:\/\/diariodelsurdigital.com.ar\/?p=2999#primaryimage"},"thumbnailUrl":"https:\/\/diariodelsurdigital.com.ar\/wp-content\/uploads\/2025\/06\/md-6.webp","datePublished":"2025-06-05T14:40:57+00:00","dateModified":"2025-06-05T14:40:58+00:00","author":{"@id":"https:\/\/diariodelsurdigital.com.ar\/#\/schema\/person\/1a4992532ed62965c968031b49195c81"},"breadcrumb":{"@id":"https:\/\/diariodelsurdigital.com.ar\/?p=2999#breadcrumb"},"inLanguage":"es","potentialAction":[{"@type":"ReadAction","target":["https:\/\/diariodelsurdigital.com.ar\/?p=2999"]}]},{"@type":"ImageObject","inLanguage":"es","@id":"https:\/\/diariodelsurdigital.com.ar\/?p=2999#primaryimage","url":"https:\/\/diariodelsurdigital.com.ar\/wp-content\/uploads\/2025\/06\/md-6.webp","contentUrl":"https:\/\/diariodelsurdigital.com.ar\/wp-content\/uploads\/2025\/06\/md-6.webp","width":992,"height":661},{"@type":"BreadcrumbList","@id":"https:\/\/diariodelsurdigital.com.ar\/?p=2999#breadcrumb","itemListElement":[{"@type":"ListItem","position":1,"name":"Portada","item":"https:\/\/diariodelsurdigital.com.ar\/"},{"@type":"ListItem","position":2,"name":"Concordia: La protesta colectiva no pudo concretar la radio abierta porque el municipio no habilit\u00f3 la energ\u00eda el\u00e9ctrica"}]},{"@type":"WebSite","@id":"https:\/\/diariodelsurdigital.com.ar\/#website","url":"https:\/\/diariodelsurdigital.com.ar\/","name":"Diario del Sur","description":"Digital","potentialAction":[{"@type":"SearchAction","target":{"@type":"EntryPoint","urlTemplate":"https:\/\/diariodelsurdigital.com.ar\/?s={search_term_string}"},"query-input":{"@type":"PropertyValueSpecification","valueRequired":true,"valueName":"search_term_string"}}],"inLanguage":"es"},{"@type":"Person","@id":"https:\/\/diariodelsurdigital.com.ar\/#\/schema\/person\/1a4992532ed62965c968031b49195c81","name":"Diario del Sur Digital","image":{"@type":"ImageObject","inLanguage":"es","@id":"https:\/\/secure.gravatar.com\/avatar\/f0c7c47fc7146d19828273b9b8eda651c9c7ab583767e6338d3d3bee825adf76?s=96&d=mm&r=g","url":"https:\/\/secure.gravatar.com\/avatar\/f0c7c47fc7146d19828273b9b8eda651c9c7ab583767e6338d3d3bee825adf76?s=96&d=mm&r=g","contentUrl":"https:\/\/secure.gravatar.com\/avatar\/f0c7c47fc7146d19828273b9b8eda651c9c7ab583767e6338d3d3bee825adf76?s=96&d=mm&r=g","caption":"Diario del Sur Digital"},"url":"https:\/\/diariodelsurdigital.com.ar\/?author=4"}]}},"_links":{"self":[{"href":"https:\/\/diariodelsurdigital.com.ar\/index.php?rest_route=\/wp\/v2\/posts\/2999","targetHints":{"allow":["GET"]}}],"collection":[{"href":"https:\/\/diariodelsurdigital.com.ar\/index.php?rest_route=\/wp\/v2\/posts"}],"about":[{"href":"https:\/\/diariodelsurdigital.com.ar\/index.php?rest_route=\/wp\/v2\/types\/post"}],"author":[{"embeddable":true,"href":"https:\/\/diariodelsurdigital.com.ar\/index.php?rest_route=\/wp\/v2\/users\/4"}],"replies":[{"embeddable":true,"href":"https:\/\/diariodelsurdigital.com.ar\/index.php?rest_route=%2Fwp%2Fv2%2Fcomments&post=2999"}],"version-history":[{"count":1,"href":"https:\/\/diariodelsurdigital.com.ar\/index.php?rest_route=\/wp\/v2\/posts\/2999\/revisions"}],"predecessor-version":[{"id":3001,"href":"https:\/\/diariodelsurdigital.com.ar\/index.php?rest_route=\/wp\/v2\/posts\/2999\/revisions\/3001"}],"wp:featuredmedia":[{"embeddable":true,"href":"https:\/\/diariodelsurdigital.com.ar\/index.php?rest_route=\/wp\/v2\/media\/3000"}],"wp:attachment":[{"href":"https:\/\/diariodelsurdigital.com.ar\/index.php?rest_route=%2Fwp%2Fv2%2Fmedia&parent=2999"}],"wp:term":[{"taxonomy":"category","embeddable":true,"href":"https:\/\/diariodelsurdigital.com.ar\/index.php?rest_route=%2Fwp%2Fv2%2Fcategories&post=2999"},{"taxonomy":"post_tag","embeddable":true,"href":"https:\/\/diariodelsurdigital.com.ar\/index.php?rest_route=%2Fwp%2Fv2%2Ftags&post=2999"}],"curies":[{"name":"wp","href":"https:\/\/api.w.org\/{rel}","templated":true}]}}