{"id":3002,"date":"2025-06-05T11:43:18","date_gmt":"2025-06-05T14:43:18","guid":{"rendered":"https:\/\/diariodelsurdigital.com.ar\/?p=3002"},"modified":"2025-06-05T11:43:19","modified_gmt":"2025-06-05T14:43:19","slug":"milei-anticipo-que-vetara-aumentos-en-jubilaciones","status":"publish","type":"post","link":"https:\/\/diariodelsurdigital.com.ar\/?p=3002","title":{"rendered":"Milei anticip\u00f3 que vetar\u00e1 aumentos en jubilaciones"},"content":{"rendered":"\n<p>El Presidente se pronunci\u00f3 sobre la aprobaci\u00f3n en Diputados del proyecto que dispone un incremento de 7,2% en los haberes y restituye la moratoria previsional.<\/p>\n\n\n\n<p>Luego de la media sanci\u00f3n en Diputados del proyecto opositor que dispone un aumento de 7,2% en las jubilaciones y ordena la restituci\u00f3n de la moratoria por dos a\u00f1os, el presidente Javier Milei anticip\u00f3 que volver\u00e1 a vetar cualquier iniciativa que \u00abatente\u00bb contra el equilibrio fiscal.<\/p>\n\n\n\n<p>Con 142 votos a favor, 67 en contra y 19 abstenciones, la C\u00e1mara baja aprob\u00f3 una mejora excepcional (por \u00fanica vez) del 7,2% acumulativo para todos los niveles jubilatorios y fij\u00f3 por ley el sistema de actualizaci\u00f3n previsional previsto por el DNU 274\/2024, que incrementa los haberes seg\u00fan el \u00edndice de inflaci\u00f3n registrado dos meses antes.<\/p>\n\n\n\n<p>La votaci\u00f3n favorable de la iniciativa gener\u00f3 el rechazo del mandatario nacional, quien r\u00e1pidamente anticip\u00f3 que si avanza en el Senado, no ser\u00e1 promulgada. \u00abEsperemos que los senadores no apoyen esta demagogia populista pero de cualquier forma nuestro compromiso es vetar cualquier cosa que atente contra el D\u00c9FICIT CERO. Fin\u00bb, expres\u00f3.<\/p>\n\n\n\n<p>El vocero presidencial y legislador porte\u00f1o electo, Manuel Adorni, tambi\u00e9n se pronunci\u00f3 en contra del proyecto y reafirm\u00f3 la postura del Ejecutivo. \u00abEl Presidente de la Naci\u00f3n vetar\u00e1 todos y cada uno de los proyectos de ley que impliquen quebrantar el equilibrio fiscal. El populismo ya no es parte del camino. Fin\u00bb, remarc\u00f3.<\/p>\n\n\n\n<p>La propuesta tambi\u00e9n contempla la actualizaci\u00f3n del bono de $70.000 para los jubilados de menor escala (valor congelado desde el gobierno de Alberto Fern\u00e1ndez) para llevarlo a $110.000. Este valor comenzar\u00e1 a actualizarse mensualmente, de forma independiente y acumulativa, seg\u00fan lo dispuesto por el \u00edndice de movilidad jubilatoria.<\/p>\n\n\n\n<p>Los votos positivos fueron aportados por Uni\u00f3n por la Patria, Encuentro Federal, Democracia para Siempre, la Coalici\u00f3n C\u00edvica, el Frente de Izquierda y Por Santa Cruz, adem\u00e1s de contar con el apoyo de aliados tradicionales del Gobierno como el Movimiento Popular Neuquino, Producci\u00f3n y Trabajo, algunos radicales, los sanjuaninos de Producci\u00f3n y Trabajo, y los tucumanos de Osvaldo Jaldo, public\u00f3 \u00c1mbito.<\/p>\n\n\n\n<p>C\u00f3mo se financiar\u00e1n los cambios en las jubilaciones<br>A propuesta del diputado de Encuentro Federal, Nicol\u00e1s Massot, se incorporaron art\u00edculos para financiar el aumento de las jubilaciones y del bono. En ese sentido se propone incorporar un art\u00edculo para establecer la derogaci\u00f3n de la exenci\u00f3n del impuesto del IVA a los directores de empresas, de ganancias a las sociedades de garant\u00edas reciprocas, y establece que se deben readecuar las partidas para utilizar los 32.616 millones de pesos que le corresponden a la SIDE.<\/p>\n\n\n\n<p>Tambi\u00e9n propone usar el ahorro de la baja de tasa del FMI y la nacionalizaci\u00f3n de los recursos que se recaudan por los registros del automotor.<\/p>\n\n\n\n<p>Otro punto del proyecto se refiere a las cajas jubilatorias y en ese sentido dispone que la Anses transferir\u00e1 antes del 20 de cada mes a las Provincias que no cedieron sus cajas previsionales a la Naci\u00f3n un anticipo mensual equivalente a una doceava parte del \u00faltimo a\u00f1o.<\/p>\n","protected":false},"excerpt":{"rendered":"<p>El Presidente se pronunci\u00f3 sobre la aprobaci\u00f3n en Diputados del proyecto que dispone un incremento de 7,2% en los haberes y restituye la moratoria previsional. Luego de la media sanci\u00f3n en Diputados del proyecto opositor que dispone un aumento de 7,2% en las jubilaciones y ordena la restituci\u00f3n de la moratoria por dos a\u00f1os, el [&hellip;]<\/p>\n","protected":false},"author":4,"featured_media":3003,"comment_status":"open","ping_status":"open","sticky":false,"template":"","format":"standard","meta":{"footnotes":""},"categories":[19,18],"tags":[],"class_list":{"0":"post-3002","1":"post","2":"type-post","3":"status-publish","4":"format-standard","5":"has-post-thumbnail","7":"category-interes-general","8":"category-nacionales"},"yoast_head":"<!-- This site is optimized with the Yoast SEO plugin v27.4 - https:\/\/yoast.com\/product\/yoast-seo-wordpress\/ -->\n<title>Milei anticip\u00f3 que vetar\u00e1 aumentos en jubilaciones - Diario del Sur<\/title>\n<meta name=\"robots\" content=\"index, follow, max-snippet:-1, max-image-preview:large, max-video-preview:-1\" \/>\n<link rel=\"canonical\" href=\"https:\/\/diariodelsurdigital.com.ar\/?p=3002\" \/>\n<meta property=\"og:locale\" content=\"es_ES\" \/>\n<meta property=\"og:type\" content=\"article\" \/>\n<meta property=\"og:title\" content=\"Milei anticip\u00f3 que vetar\u00e1 aumentos en jubilaciones - Diario del Sur\" \/>\n<meta property=\"og:description\" content=\"El Presidente se pronunci\u00f3 sobre la aprobaci\u00f3n en Diputados del proyecto que dispone un incremento de 7,2% en los haberes y restituye la moratoria previsional. Luego de la media sanci\u00f3n en Diputados del proyecto opositor que dispone un aumento de 7,2% en las jubilaciones y ordena la restituci\u00f3n de la moratoria por dos a\u00f1os, el [&hellip;]\" \/>\n<meta property=\"og:url\" content=\"https:\/\/diariodelsurdigital.com.ar\/?p=3002\" \/>\n<meta property=\"og:site_name\" content=\"Diario del Sur\" \/>\n<meta property=\"article:published_time\" content=\"2025-06-05T14:43:18+00:00\" \/>\n<meta property=\"article:modified_time\" content=\"2025-06-05T14:43:19+00:00\" \/>\n<meta property=\"og:image\" content=\"https:\/\/diariodelsurdigital.com.ar\/wp-content\/uploads\/2025\/06\/md-7.webp\" \/>\n\t<meta property=\"og:image:width\" content=\"992\" \/>\n\t<meta property=\"og:image:height\" content=\"553\" \/>\n\t<meta property=\"og:image:type\" content=\"image\/webp\" \/>\n<meta name=\"author\" content=\"Diario del Sur Digital\" \/>\n<meta name=\"twitter:card\" content=\"summary_large_image\" \/>\n<meta name=\"twitter:label1\" content=\"Escrito por\" \/>\n\t<meta name=\"twitter:data1\" content=\"Diario del Sur Digital\" \/>\n\t<meta name=\"twitter:label2\" content=\"Tiempo de lectura\" \/>\n\t<meta name=\"twitter:data2\" content=\"3 minutos\" \/>\n<script type=\"application\/ld+json\" class=\"yoast-schema-graph\">{\"@context\":\"https:\\\/\\\/schema.org\",\"@graph\":[{\"@type\":\"Article\",\"@id\":\"https:\\\/\\\/diariodelsurdigital.com.ar\\\/?p=3002#article\",\"isPartOf\":{\"@id\":\"https:\\\/\\\/diariodelsurdigital.com.ar\\\/?p=3002\"},\"author\":{\"name\":\"Diario del Sur Digital\",\"@id\":\"https:\\\/\\\/diariodelsurdigital.com.ar\\\/#\\\/schema\\\/person\\\/1a4992532ed62965c968031b49195c81\"},\"headline\":\"Milei anticip\u00f3 que vetar\u00e1 aumentos en jubilaciones\",\"datePublished\":\"2025-06-05T14:43:18+00:00\",\"dateModified\":\"2025-06-05T14:43:19+00:00\",\"mainEntityOfPage\":{\"@id\":\"https:\\\/\\\/diariodelsurdigital.com.ar\\\/?p=3002\"},\"wordCount\":528,\"commentCount\":0,\"image\":{\"@id\":\"https:\\\/\\\/diariodelsurdigital.com.ar\\\/?p=3002#primaryimage\"},\"thumbnailUrl\":\"https:\\\/\\\/diariodelsurdigital.com.ar\\\/wp-content\\\/uploads\\\/2025\\\/06\\\/md-7.webp\",\"articleSection\":[\"Inter\u00e9s General\",\"Nacionales\"],\"inLanguage\":\"es\",\"potentialAction\":[{\"@type\":\"CommentAction\",\"name\":\"Comment\",\"target\":[\"https:\\\/\\\/diariodelsurdigital.com.ar\\\/?p=3002#respond\"]}]},{\"@type\":\"WebPage\",\"@id\":\"https:\\\/\\\/diariodelsurdigital.com.ar\\\/?p=3002\",\"url\":\"https:\\\/\\\/diariodelsurdigital.com.ar\\\/?p=3002\",\"name\":\"Milei anticip\u00f3 que vetar\u00e1 aumentos en jubilaciones - Diario del Sur\",\"isPartOf\":{\"@id\":\"https:\\\/\\\/diariodelsurdigital.com.ar\\\/#website\"},\"primaryImageOfPage\":{\"@id\":\"https:\\\/\\\/diariodelsurdigital.com.ar\\\/?p=3002#primaryimage\"},\"image\":{\"@id\":\"https:\\\/\\\/diariodelsurdigital.com.ar\\\/?p=3002#primaryimage\"},\"thumbnailUrl\":\"https:\\\/\\\/diariodelsurdigital.com.ar\\\/wp-content\\\/uploads\\\/2025\\\/06\\\/md-7.webp\",\"datePublished\":\"2025-06-05T14:43:18+00:00\",\"dateModified\":\"2025-06-05T14:43:19+00:00\",\"author\":{\"@id\":\"https:\\\/\\\/diariodelsurdigital.com.ar\\\/#\\\/schema\\\/person\\\/1a4992532ed62965c968031b49195c81\"},\"breadcrumb\":{\"@id\":\"https:\\\/\\\/diariodelsurdigital.com.ar\\\/?p=3002#breadcrumb\"},\"inLanguage\":\"es\",\"potentialAction\":[{\"@type\":\"ReadAction\",\"target\":[\"https:\\\/\\\/diariodelsurdigital.com.ar\\\/?p=3002\"]}]},{\"@type\":\"ImageObject\",\"inLanguage\":\"es\",\"@id\":\"https:\\\/\\\/diariodelsurdigital.com.ar\\\/?p=3002#primaryimage\",\"url\":\"https:\\\/\\\/diariodelsurdigital.com.ar\\\/wp-content\\\/uploads\\\/2025\\\/06\\\/md-7.webp\",\"contentUrl\":\"https:\\\/\\\/diariodelsurdigital.com.ar\\\/wp-content\\\/uploads\\\/2025\\\/06\\\/md-7.webp\",\"width\":992,\"height\":553},{\"@type\":\"BreadcrumbList\",\"@id\":\"https:\\\/\\\/diariodelsurdigital.com.ar\\\/?p=3002#breadcrumb\",\"itemListElement\":[{\"@type\":\"ListItem\",\"position\":1,\"name\":\"Portada\",\"item\":\"https:\\\/\\\/diariodelsurdigital.com.ar\\\/\"},{\"@type\":\"ListItem\",\"position\":2,\"name\":\"Milei anticip\u00f3 que vetar\u00e1 aumentos en jubilaciones\"}]},{\"@type\":\"WebSite\",\"@id\":\"https:\\\/\\\/diariodelsurdigital.com.ar\\\/#website\",\"url\":\"https:\\\/\\\/diariodelsurdigital.com.ar\\\/\",\"name\":\"Diario del Sur\",\"description\":\"Digital\",\"potentialAction\":[{\"@type\":\"SearchAction\",\"target\":{\"@type\":\"EntryPoint\",\"urlTemplate\":\"https:\\\/\\\/diariodelsurdigital.com.ar\\\/?s={search_term_string}\"},\"query-input\":{\"@type\":\"PropertyValueSpecification\",\"valueRequired\":true,\"valueName\":\"search_term_string\"}}],\"inLanguage\":\"es\"},{\"@type\":\"Person\",\"@id\":\"https:\\\/\\\/diariodelsurdigital.com.ar\\\/#\\\/schema\\\/person\\\/1a4992532ed62965c968031b49195c81\",\"name\":\"Diario del Sur Digital\",\"image\":{\"@type\":\"ImageObject\",\"inLanguage\":\"es\",\"@id\":\"https:\\\/\\\/secure.gravatar.com\\\/avatar\\\/f0c7c47fc7146d19828273b9b8eda651c9c7ab583767e6338d3d3bee825adf76?s=96&d=mm&r=g\",\"url\":\"https:\\\/\\\/secure.gravatar.com\\\/avatar\\\/f0c7c47fc7146d19828273b9b8eda651c9c7ab583767e6338d3d3bee825adf76?s=96&d=mm&r=g\",\"contentUrl\":\"https:\\\/\\\/secure.gravatar.com\\\/avatar\\\/f0c7c47fc7146d19828273b9b8eda651c9c7ab583767e6338d3d3bee825adf76?s=96&d=mm&r=g\",\"caption\":\"Diario del Sur Digital\"},\"url\":\"https:\\\/\\\/diariodelsurdigital.com.ar\\\/?author=4\"}]}<\/script>\n<!-- \/ Yoast SEO plugin. -->","yoast_head_json":{"title":"Milei anticip\u00f3 que vetar\u00e1 aumentos en jubilaciones - Diario del Sur","robots":{"index":"index","follow":"follow","max-snippet":"max-snippet:-1","max-image-preview":"max-image-preview:large","max-video-preview":"max-video-preview:-1"},"canonical":"https:\/\/diariodelsurdigital.com.ar\/?p=3002","og_locale":"es_ES","og_type":"article","og_title":"Milei anticip\u00f3 que vetar\u00e1 aumentos en jubilaciones - Diario del Sur","og_description":"El Presidente se pronunci\u00f3 sobre la aprobaci\u00f3n en Diputados del proyecto que dispone un incremento de 7,2% en los haberes y restituye la moratoria previsional. Luego de la media sanci\u00f3n en Diputados del proyecto opositor que dispone un aumento de 7,2% en las jubilaciones y ordena la restituci\u00f3n de la moratoria por dos a\u00f1os, el [&hellip;]","og_url":"https:\/\/diariodelsurdigital.com.ar\/?p=3002","og_site_name":"Diario del Sur","article_published_time":"2025-06-05T14:43:18+00:00","article_modified_time":"2025-06-05T14:43:19+00:00","og_image":[{"width":992,"height":553,"url":"https:\/\/diariodelsurdigital.com.ar\/wp-content\/uploads\/2025\/06\/md-7.webp","type":"image\/webp"}],"author":"Diario del Sur Digital","twitter_card":"summary_large_image","twitter_misc":{"Escrito por":"Diario del Sur Digital","Tiempo de lectura":"3 minutos"},"schema":{"@context":"https:\/\/schema.org","@graph":[{"@type":"Article","@id":"https:\/\/diariodelsurdigital.com.ar\/?p=3002#article","isPartOf":{"@id":"https:\/\/diariodelsurdigital.com.ar\/?p=3002"},"author":{"name":"Diario del Sur Digital","@id":"https:\/\/diariodelsurdigital.com.ar\/#\/schema\/person\/1a4992532ed62965c968031b49195c81"},"headline":"Milei anticip\u00f3 que vetar\u00e1 aumentos en jubilaciones","datePublished":"2025-06-05T14:43:18+00:00","dateModified":"2025-06-05T14:43:19+00:00","mainEntityOfPage":{"@id":"https:\/\/diariodelsurdigital.com.ar\/?p=3002"},"wordCount":528,"commentCount":0,"image":{"@id":"https:\/\/diariodelsurdigital.com.ar\/?p=3002#primaryimage"},"thumbnailUrl":"https:\/\/diariodelsurdigital.com.ar\/wp-content\/uploads\/2025\/06\/md-7.webp","articleSection":["Inter\u00e9s General","Nacionales"],"inLanguage":"es","potentialAction":[{"@type":"CommentAction","name":"Comment","target":["https:\/\/diariodelsurdigital.com.ar\/?p=3002#respond"]}]},{"@type":"WebPage","@id":"https:\/\/diariodelsurdigital.com.ar\/?p=3002","url":"https:\/\/diariodelsurdigital.com.ar\/?p=3002","name":"Milei anticip\u00f3 que vetar\u00e1 aumentos en jubilaciones - Diario del Sur","isPartOf":{"@id":"https:\/\/diariodelsurdigital.com.ar\/#website"},"primaryImageOfPage":{"@id":"https:\/\/diariodelsurdigital.com.ar\/?p=3002#primaryimage"},"image":{"@id":"https:\/\/diariodelsurdigital.com.ar\/?p=3002#primaryimage"},"thumbnailUrl":"https:\/\/diariodelsurdigital.com.ar\/wp-content\/uploads\/2025\/06\/md-7.webp","datePublished":"2025-06-05T14:43:18+00:00","dateModified":"2025-06-05T14:43:19+00:00","author":{"@id":"https:\/\/diariodelsurdigital.com.ar\/#\/schema\/person\/1a4992532ed62965c968031b49195c81"},"breadcrumb":{"@id":"https:\/\/diariodelsurdigital.com.ar\/?p=3002#breadcrumb"},"inLanguage":"es","potentialAction":[{"@type":"ReadAction","target":["https:\/\/diariodelsurdigital.com.ar\/?p=3002"]}]},{"@type":"ImageObject","inLanguage":"es","@id":"https:\/\/diariodelsurdigital.com.ar\/?p=3002#primaryimage","url":"https:\/\/diariodelsurdigital.com.ar\/wp-content\/uploads\/2025\/06\/md-7.webp","contentUrl":"https:\/\/diariodelsurdigital.com.ar\/wp-content\/uploads\/2025\/06\/md-7.webp","width":992,"height":553},{"@type":"BreadcrumbList","@id":"https:\/\/diariodelsurdigital.com.ar\/?p=3002#breadcrumb","itemListElement":[{"@type":"ListItem","position":1,"name":"Portada","item":"https:\/\/diariodelsurdigital.com.ar\/"},{"@type":"ListItem","position":2,"name":"Milei anticip\u00f3 que vetar\u00e1 aumentos en jubilaciones"}]},{"@type":"WebSite","@id":"https:\/\/diariodelsurdigital.com.ar\/#website","url":"https:\/\/diariodelsurdigital.com.ar\/","name":"Diario del Sur","description":"Digital","potentialAction":[{"@type":"SearchAction","target":{"@type":"EntryPoint","urlTemplate":"https:\/\/diariodelsurdigital.com.ar\/?s={search_term_string}"},"query-input":{"@type":"PropertyValueSpecification","valueRequired":true,"valueName":"search_term_string"}}],"inLanguage":"es"},{"@type":"Person","@id":"https:\/\/diariodelsurdigital.com.ar\/#\/schema\/person\/1a4992532ed62965c968031b49195c81","name":"Diario del Sur Digital","image":{"@type":"ImageObject","inLanguage":"es","@id":"https:\/\/secure.gravatar.com\/avatar\/f0c7c47fc7146d19828273b9b8eda651c9c7ab583767e6338d3d3bee825adf76?s=96&d=mm&r=g","url":"https:\/\/secure.gravatar.com\/avatar\/f0c7c47fc7146d19828273b9b8eda651c9c7ab583767e6338d3d3bee825adf76?s=96&d=mm&r=g","contentUrl":"https:\/\/secure.gravatar.com\/avatar\/f0c7c47fc7146d19828273b9b8eda651c9c7ab583767e6338d3d3bee825adf76?s=96&d=mm&r=g","caption":"Diario del Sur Digital"},"url":"https:\/\/diariodelsurdigital.com.ar\/?author=4"}]}},"_links":{"self":[{"href":"https:\/\/diariodelsurdigital.com.ar\/index.php?rest_route=\/wp\/v2\/posts\/3002","targetHints":{"allow":["GET"]}}],"collection":[{"href":"https:\/\/diariodelsurdigital.com.ar\/index.php?rest_route=\/wp\/v2\/posts"}],"about":[{"href":"https:\/\/diariodelsurdigital.com.ar\/index.php?rest_route=\/wp\/v2\/types\/post"}],"author":[{"embeddable":true,"href":"https:\/\/diariodelsurdigital.com.ar\/index.php?rest_route=\/wp\/v2\/users\/4"}],"replies":[{"embeddable":true,"href":"https:\/\/diariodelsurdigital.com.ar\/index.php?rest_route=%2Fwp%2Fv2%2Fcomments&post=3002"}],"version-history":[{"count":1,"href":"https:\/\/diariodelsurdigital.com.ar\/index.php?rest_route=\/wp\/v2\/posts\/3002\/revisions"}],"predecessor-version":[{"id":3004,"href":"https:\/\/diariodelsurdigital.com.ar\/index.php?rest_route=\/wp\/v2\/posts\/3002\/revisions\/3004"}],"wp:featuredmedia":[{"embeddable":true,"href":"https:\/\/diariodelsurdigital.com.ar\/index.php?rest_route=\/wp\/v2\/media\/3003"}],"wp:attachment":[{"href":"https:\/\/diariodelsurdigital.com.ar\/index.php?rest_route=%2Fwp%2Fv2%2Fmedia&parent=3002"}],"wp:term":[{"taxonomy":"category","embeddable":true,"href":"https:\/\/diariodelsurdigital.com.ar\/index.php?rest_route=%2Fwp%2Fv2%2Fcategories&post=3002"},{"taxonomy":"post_tag","embeddable":true,"href":"https:\/\/diariodelsurdigital.com.ar\/index.php?rest_route=%2Fwp%2Fv2%2Ftags&post=3002"}],"curies":[{"name":"wp","href":"https:\/\/api.w.org\/{rel}","templated":true}]}}