{"id":3009,"date":"2025-06-06T10:47:43","date_gmt":"2025-06-06T13:47:43","guid":{"rendered":"https:\/\/diariodelsurdigital.com.ar\/?p=3009"},"modified":"2025-06-06T10:47:44","modified_gmt":"2025-06-06T13:47:44","slug":"ajer-denuncio-que-el-gobierno-busca-apropiarse-del-iosper-para-cubrir-su-deficit-economico","status":"publish","type":"post","link":"https:\/\/diariodelsurdigital.com.ar\/?p=3009","title":{"rendered":"AJER denunci\u00f3 que el Gobierno busca apropiarse del Iosper para cubrir su d\u00e9ficit econ\u00f3mico"},"content":{"rendered":"\n<p>Desde la Asociaci\u00f3n Judicial de Entre R\u00edos (AJER) instaron a los diputados a rechazar el proyecto que busca disolver el Iosper. Denunciaron que la iniciativa -que copia modelos de tercerizaci\u00f3n- transforma el derecho a la salud en un negocio y busca utilizar los fondos de la obra social para cubrir el d\u00e9ficit provincial. Aseguraron que el Iosper es de los afiliados y no del Estado, y advierten sobre el ya visible deterioro de las prestaciones.<\/p>\n\n\n\n<p>\u201cUna vez m\u00e1s decimos que el Iosper no es del estado ni de los gobiernos, es de los afiliados, de los trabajadores activos y pasivos de la provincia, porque se sostiene con nuestros aportes y con las contribuciones patronales, y su correcto funcionamiento puede resolverse mejorando la ley actual\u201d, afirmaron desde Agmer a horas de una votaci\u00f3n clave en Diputados que puede terminar en la disoluci\u00f3n del Iosper.<\/p>\n\n\n\n<p>\u201cA pesar de esto el gobierno avanza en la apropiaci\u00f3n de nuestra obra social con un proyecto de ley plagado de falencias, copia de un modelo basado en la tercerizaci\u00f3n a gerenciadoras, que transforma el derecho a la salud en un negocio\u201d, advirtieron.<\/p>\n\n\n\n<p>\u201cEl deterioro de las prestaciones no es una especulaci\u00f3n sobre el futuro, es la realidad que padecemos los afiliados con la actual intervenci\u00f3n. Coseguros al triple de lo que pag\u00e1bamos, coberturas a enfermos con afecciones cr\u00f3nicas postergadas o suspendidas, medicamentos m\u00e1s caros por la reducci\u00f3n de coberturas, pacientes oncol\u00f3gicos que no reciben en tiempo y forma los tratamientos con los que pelean por sus vidas, largas filas de afiliados reclamando todos los d\u00edas muchas veces sin respuestas, la Intervenci\u00f3n comprando a empresas porte\u00f1as a m\u00e1s del doble del precio que pagaba las pr\u00f3tesis a casas de ortopedia locales\u201d, describieron luego.<\/p>\n\n\n\n<p>\u201cA pesar de que este lunes AJER estuvo junto a la Intersindical en la reuni\u00f3n de Comisiones en<\/p>\n\n\n\n<p>Diputados, nos quedamos con la sensaci\u00f3n que fuimos invitados solo para cubrir las apariencias\u201d, se\u00f1alaron.<\/p>\n\n\n\n<p>\u201cCon un par de horas m\u00e1s de \u2018debate\u2019 sacaron despacho y este viernes se aprestan a aprobarla para que los recursos de nuestra obra social pasen a servir de parche para cubrir el d\u00e9ficit econ\u00f3mico y financiero del gobierno\u201d, manifestaron.<\/p>\n\n\n\n<p>\u201cFrente a esto desde AJER hacemos un llamado a los Diputados para rechazar el proyecto de apropiaci\u00f3n de nuestra obra social\u201d, finalizaron.<\/p>\n","protected":false},"excerpt":{"rendered":"<p>Desde la Asociaci\u00f3n Judicial de Entre R\u00edos (AJER) instaron a los diputados a rechazar el proyecto que busca disolver el Iosper. Denunciaron que la iniciativa -que copia modelos de tercerizaci\u00f3n- transforma el derecho a la salud en un negocio y busca utilizar los fondos de la obra social para cubrir el d\u00e9ficit provincial. Aseguraron que [&hellip;]<\/p>\n","protected":false},"author":4,"featured_media":3010,"comment_status":"open","ping_status":"open","sticky":false,"template":"","format":"standard","meta":{"footnotes":""},"categories":[19,17],"tags":[],"class_list":{"0":"post-3009","1":"post","2":"type-post","3":"status-publish","4":"format-standard","5":"has-post-thumbnail","7":"category-interes-general","8":"category-provinciales"},"yoast_head":"<!-- This site is optimized with the Yoast SEO plugin v27.4 - https:\/\/yoast.com\/product\/yoast-seo-wordpress\/ -->\n<title>AJER denunci\u00f3 que el Gobierno busca apropiarse del Iosper para cubrir su d\u00e9ficit econ\u00f3mico - Diario del Sur<\/title>\n<meta name=\"robots\" content=\"index, follow, max-snippet:-1, max-image-preview:large, max-video-preview:-1\" \/>\n<link rel=\"canonical\" href=\"https:\/\/diariodelsurdigital.com.ar\/?p=3009\" \/>\n<meta property=\"og:locale\" content=\"es_ES\" \/>\n<meta property=\"og:type\" content=\"article\" \/>\n<meta property=\"og:title\" content=\"AJER denunci\u00f3 que el Gobierno busca apropiarse del Iosper para cubrir su d\u00e9ficit econ\u00f3mico - Diario del Sur\" \/>\n<meta property=\"og:description\" content=\"Desde la Asociaci\u00f3n Judicial de Entre R\u00edos (AJER) instaron a los diputados a rechazar el proyecto que busca disolver el Iosper. Denunciaron que la iniciativa -que copia modelos de tercerizaci\u00f3n- transforma el derecho a la salud en un negocio y busca utilizar los fondos de la obra social para cubrir el d\u00e9ficit provincial. Aseguraron que [&hellip;]\" \/>\n<meta property=\"og:url\" content=\"https:\/\/diariodelsurdigital.com.ar\/?p=3009\" \/>\n<meta property=\"og:site_name\" content=\"Diario del Sur\" \/>\n<meta property=\"article:published_time\" content=\"2025-06-06T13:47:43+00:00\" \/>\n<meta property=\"article:modified_time\" content=\"2025-06-06T13:47:44+00:00\" \/>\n<meta property=\"og:image\" content=\"https:\/\/diariodelsurdigital.com.ar\/wp-content\/uploads\/2025\/06\/md-1-2.webp\" \/>\n\t<meta property=\"og:image:width\" content=\"992\" \/>\n\t<meta property=\"og:image:height\" content=\"970\" \/>\n\t<meta property=\"og:image:type\" content=\"image\/webp\" \/>\n<meta name=\"author\" content=\"Diario del Sur Digital\" \/>\n<meta name=\"twitter:card\" content=\"summary_large_image\" \/>\n<meta name=\"twitter:label1\" content=\"Escrito por\" \/>\n\t<meta name=\"twitter:data1\" content=\"Diario del Sur Digital\" \/>\n\t<meta name=\"twitter:label2\" content=\"Tiempo de lectura\" \/>\n\t<meta name=\"twitter:data2\" content=\"2 minutos\" \/>\n<script type=\"application\/ld+json\" class=\"yoast-schema-graph\">{\"@context\":\"https:\\\/\\\/schema.org\",\"@graph\":[{\"@type\":\"Article\",\"@id\":\"https:\\\/\\\/diariodelsurdigital.com.ar\\\/?p=3009#article\",\"isPartOf\":{\"@id\":\"https:\\\/\\\/diariodelsurdigital.com.ar\\\/?p=3009\"},\"author\":{\"name\":\"Diario del Sur Digital\",\"@id\":\"https:\\\/\\\/diariodelsurdigital.com.ar\\\/#\\\/schema\\\/person\\\/1a4992532ed62965c968031b49195c81\"},\"headline\":\"AJER denunci\u00f3 que el Gobierno busca apropiarse del Iosper para cubrir su d\u00e9ficit econ\u00f3mico\",\"datePublished\":\"2025-06-06T13:47:43+00:00\",\"dateModified\":\"2025-06-06T13:47:44+00:00\",\"mainEntityOfPage\":{\"@id\":\"https:\\\/\\\/diariodelsurdigital.com.ar\\\/?p=3009\"},\"wordCount\":425,\"commentCount\":0,\"image\":{\"@id\":\"https:\\\/\\\/diariodelsurdigital.com.ar\\\/?p=3009#primaryimage\"},\"thumbnailUrl\":\"https:\\\/\\\/diariodelsurdigital.com.ar\\\/wp-content\\\/uploads\\\/2025\\\/06\\\/md-1-2.webp\",\"articleSection\":[\"Inter\u00e9s General\",\"Provinciales\"],\"inLanguage\":\"es\",\"potentialAction\":[{\"@type\":\"CommentAction\",\"name\":\"Comment\",\"target\":[\"https:\\\/\\\/diariodelsurdigital.com.ar\\\/?p=3009#respond\"]}]},{\"@type\":\"WebPage\",\"@id\":\"https:\\\/\\\/diariodelsurdigital.com.ar\\\/?p=3009\",\"url\":\"https:\\\/\\\/diariodelsurdigital.com.ar\\\/?p=3009\",\"name\":\"AJER denunci\u00f3 que el Gobierno busca apropiarse del Iosper para cubrir su d\u00e9ficit econ\u00f3mico - Diario del Sur\",\"isPartOf\":{\"@id\":\"https:\\\/\\\/diariodelsurdigital.com.ar\\\/#website\"},\"primaryImageOfPage\":{\"@id\":\"https:\\\/\\\/diariodelsurdigital.com.ar\\\/?p=3009#primaryimage\"},\"image\":{\"@id\":\"https:\\\/\\\/diariodelsurdigital.com.ar\\\/?p=3009#primaryimage\"},\"thumbnailUrl\":\"https:\\\/\\\/diariodelsurdigital.com.ar\\\/wp-content\\\/uploads\\\/2025\\\/06\\\/md-1-2.webp\",\"datePublished\":\"2025-06-06T13:47:43+00:00\",\"dateModified\":\"2025-06-06T13:47:44+00:00\",\"author\":{\"@id\":\"https:\\\/\\\/diariodelsurdigital.com.ar\\\/#\\\/schema\\\/person\\\/1a4992532ed62965c968031b49195c81\"},\"breadcrumb\":{\"@id\":\"https:\\\/\\\/diariodelsurdigital.com.ar\\\/?p=3009#breadcrumb\"},\"inLanguage\":\"es\",\"potentialAction\":[{\"@type\":\"ReadAction\",\"target\":[\"https:\\\/\\\/diariodelsurdigital.com.ar\\\/?p=3009\"]}]},{\"@type\":\"ImageObject\",\"inLanguage\":\"es\",\"@id\":\"https:\\\/\\\/diariodelsurdigital.com.ar\\\/?p=3009#primaryimage\",\"url\":\"https:\\\/\\\/diariodelsurdigital.com.ar\\\/wp-content\\\/uploads\\\/2025\\\/06\\\/md-1-2.webp\",\"contentUrl\":\"https:\\\/\\\/diariodelsurdigital.com.ar\\\/wp-content\\\/uploads\\\/2025\\\/06\\\/md-1-2.webp\",\"width\":992,\"height\":970},{\"@type\":\"BreadcrumbList\",\"@id\":\"https:\\\/\\\/diariodelsurdigital.com.ar\\\/?p=3009#breadcrumb\",\"itemListElement\":[{\"@type\":\"ListItem\",\"position\":1,\"name\":\"Portada\",\"item\":\"https:\\\/\\\/diariodelsurdigital.com.ar\\\/\"},{\"@type\":\"ListItem\",\"position\":2,\"name\":\"AJER denunci\u00f3 que el Gobierno busca apropiarse del Iosper para cubrir su d\u00e9ficit econ\u00f3mico\"}]},{\"@type\":\"WebSite\",\"@id\":\"https:\\\/\\\/diariodelsurdigital.com.ar\\\/#website\",\"url\":\"https:\\\/\\\/diariodelsurdigital.com.ar\\\/\",\"name\":\"Diario del Sur\",\"description\":\"Digital\",\"potentialAction\":[{\"@type\":\"SearchAction\",\"target\":{\"@type\":\"EntryPoint\",\"urlTemplate\":\"https:\\\/\\\/diariodelsurdigital.com.ar\\\/?s={search_term_string}\"},\"query-input\":{\"@type\":\"PropertyValueSpecification\",\"valueRequired\":true,\"valueName\":\"search_term_string\"}}],\"inLanguage\":\"es\"},{\"@type\":\"Person\",\"@id\":\"https:\\\/\\\/diariodelsurdigital.com.ar\\\/#\\\/schema\\\/person\\\/1a4992532ed62965c968031b49195c81\",\"name\":\"Diario del Sur Digital\",\"image\":{\"@type\":\"ImageObject\",\"inLanguage\":\"es\",\"@id\":\"https:\\\/\\\/secure.gravatar.com\\\/avatar\\\/f0c7c47fc7146d19828273b9b8eda651c9c7ab583767e6338d3d3bee825adf76?s=96&d=mm&r=g\",\"url\":\"https:\\\/\\\/secure.gravatar.com\\\/avatar\\\/f0c7c47fc7146d19828273b9b8eda651c9c7ab583767e6338d3d3bee825adf76?s=96&d=mm&r=g\",\"contentUrl\":\"https:\\\/\\\/secure.gravatar.com\\\/avatar\\\/f0c7c47fc7146d19828273b9b8eda651c9c7ab583767e6338d3d3bee825adf76?s=96&d=mm&r=g\",\"caption\":\"Diario del Sur Digital\"},\"url\":\"https:\\\/\\\/diariodelsurdigital.com.ar\\\/?author=4\"}]}<\/script>\n<!-- \/ Yoast SEO plugin. -->","yoast_head_json":{"title":"AJER denunci\u00f3 que el Gobierno busca apropiarse del Iosper para cubrir su d\u00e9ficit econ\u00f3mico - Diario del Sur","robots":{"index":"index","follow":"follow","max-snippet":"max-snippet:-1","max-image-preview":"max-image-preview:large","max-video-preview":"max-video-preview:-1"},"canonical":"https:\/\/diariodelsurdigital.com.ar\/?p=3009","og_locale":"es_ES","og_type":"article","og_title":"AJER denunci\u00f3 que el Gobierno busca apropiarse del Iosper para cubrir su d\u00e9ficit econ\u00f3mico - Diario del Sur","og_description":"Desde la Asociaci\u00f3n Judicial de Entre R\u00edos (AJER) instaron a los diputados a rechazar el proyecto que busca disolver el Iosper. Denunciaron que la iniciativa -que copia modelos de tercerizaci\u00f3n- transforma el derecho a la salud en un negocio y busca utilizar los fondos de la obra social para cubrir el d\u00e9ficit provincial. Aseguraron que [&hellip;]","og_url":"https:\/\/diariodelsurdigital.com.ar\/?p=3009","og_site_name":"Diario del Sur","article_published_time":"2025-06-06T13:47:43+00:00","article_modified_time":"2025-06-06T13:47:44+00:00","og_image":[{"width":992,"height":970,"url":"https:\/\/diariodelsurdigital.com.ar\/wp-content\/uploads\/2025\/06\/md-1-2.webp","type":"image\/webp"}],"author":"Diario del Sur Digital","twitter_card":"summary_large_image","twitter_misc":{"Escrito por":"Diario del Sur Digital","Tiempo de lectura":"2 minutos"},"schema":{"@context":"https:\/\/schema.org","@graph":[{"@type":"Article","@id":"https:\/\/diariodelsurdigital.com.ar\/?p=3009#article","isPartOf":{"@id":"https:\/\/diariodelsurdigital.com.ar\/?p=3009"},"author":{"name":"Diario del Sur Digital","@id":"https:\/\/diariodelsurdigital.com.ar\/#\/schema\/person\/1a4992532ed62965c968031b49195c81"},"headline":"AJER denunci\u00f3 que el Gobierno busca apropiarse del Iosper para cubrir su d\u00e9ficit econ\u00f3mico","datePublished":"2025-06-06T13:47:43+00:00","dateModified":"2025-06-06T13:47:44+00:00","mainEntityOfPage":{"@id":"https:\/\/diariodelsurdigital.com.ar\/?p=3009"},"wordCount":425,"commentCount":0,"image":{"@id":"https:\/\/diariodelsurdigital.com.ar\/?p=3009#primaryimage"},"thumbnailUrl":"https:\/\/diariodelsurdigital.com.ar\/wp-content\/uploads\/2025\/06\/md-1-2.webp","articleSection":["Inter\u00e9s General","Provinciales"],"inLanguage":"es","potentialAction":[{"@type":"CommentAction","name":"Comment","target":["https:\/\/diariodelsurdigital.com.ar\/?p=3009#respond"]}]},{"@type":"WebPage","@id":"https:\/\/diariodelsurdigital.com.ar\/?p=3009","url":"https:\/\/diariodelsurdigital.com.ar\/?p=3009","name":"AJER denunci\u00f3 que el Gobierno busca apropiarse del Iosper para cubrir su d\u00e9ficit econ\u00f3mico - Diario del Sur","isPartOf":{"@id":"https:\/\/diariodelsurdigital.com.ar\/#website"},"primaryImageOfPage":{"@id":"https:\/\/diariodelsurdigital.com.ar\/?p=3009#primaryimage"},"image":{"@id":"https:\/\/diariodelsurdigital.com.ar\/?p=3009#primaryimage"},"thumbnailUrl":"https:\/\/diariodelsurdigital.com.ar\/wp-content\/uploads\/2025\/06\/md-1-2.webp","datePublished":"2025-06-06T13:47:43+00:00","dateModified":"2025-06-06T13:47:44+00:00","author":{"@id":"https:\/\/diariodelsurdigital.com.ar\/#\/schema\/person\/1a4992532ed62965c968031b49195c81"},"breadcrumb":{"@id":"https:\/\/diariodelsurdigital.com.ar\/?p=3009#breadcrumb"},"inLanguage":"es","potentialAction":[{"@type":"ReadAction","target":["https:\/\/diariodelsurdigital.com.ar\/?p=3009"]}]},{"@type":"ImageObject","inLanguage":"es","@id":"https:\/\/diariodelsurdigital.com.ar\/?p=3009#primaryimage","url":"https:\/\/diariodelsurdigital.com.ar\/wp-content\/uploads\/2025\/06\/md-1-2.webp","contentUrl":"https:\/\/diariodelsurdigital.com.ar\/wp-content\/uploads\/2025\/06\/md-1-2.webp","width":992,"height":970},{"@type":"BreadcrumbList","@id":"https:\/\/diariodelsurdigital.com.ar\/?p=3009#breadcrumb","itemListElement":[{"@type":"ListItem","position":1,"name":"Portada","item":"https:\/\/diariodelsurdigital.com.ar\/"},{"@type":"ListItem","position":2,"name":"AJER denunci\u00f3 que el Gobierno busca apropiarse del Iosper para cubrir su d\u00e9ficit econ\u00f3mico"}]},{"@type":"WebSite","@id":"https:\/\/diariodelsurdigital.com.ar\/#website","url":"https:\/\/diariodelsurdigital.com.ar\/","name":"Diario del Sur","description":"Digital","potentialAction":[{"@type":"SearchAction","target":{"@type":"EntryPoint","urlTemplate":"https:\/\/diariodelsurdigital.com.ar\/?s={search_term_string}"},"query-input":{"@type":"PropertyValueSpecification","valueRequired":true,"valueName":"search_term_string"}}],"inLanguage":"es"},{"@type":"Person","@id":"https:\/\/diariodelsurdigital.com.ar\/#\/schema\/person\/1a4992532ed62965c968031b49195c81","name":"Diario del Sur Digital","image":{"@type":"ImageObject","inLanguage":"es","@id":"https:\/\/secure.gravatar.com\/avatar\/f0c7c47fc7146d19828273b9b8eda651c9c7ab583767e6338d3d3bee825adf76?s=96&d=mm&r=g","url":"https:\/\/secure.gravatar.com\/avatar\/f0c7c47fc7146d19828273b9b8eda651c9c7ab583767e6338d3d3bee825adf76?s=96&d=mm&r=g","contentUrl":"https:\/\/secure.gravatar.com\/avatar\/f0c7c47fc7146d19828273b9b8eda651c9c7ab583767e6338d3d3bee825adf76?s=96&d=mm&r=g","caption":"Diario del Sur Digital"},"url":"https:\/\/diariodelsurdigital.com.ar\/?author=4"}]}},"_links":{"self":[{"href":"https:\/\/diariodelsurdigital.com.ar\/index.php?rest_route=\/wp\/v2\/posts\/3009","targetHints":{"allow":["GET"]}}],"collection":[{"href":"https:\/\/diariodelsurdigital.com.ar\/index.php?rest_route=\/wp\/v2\/posts"}],"about":[{"href":"https:\/\/diariodelsurdigital.com.ar\/index.php?rest_route=\/wp\/v2\/types\/post"}],"author":[{"embeddable":true,"href":"https:\/\/diariodelsurdigital.com.ar\/index.php?rest_route=\/wp\/v2\/users\/4"}],"replies":[{"embeddable":true,"href":"https:\/\/diariodelsurdigital.com.ar\/index.php?rest_route=%2Fwp%2Fv2%2Fcomments&post=3009"}],"version-history":[{"count":1,"href":"https:\/\/diariodelsurdigital.com.ar\/index.php?rest_route=\/wp\/v2\/posts\/3009\/revisions"}],"predecessor-version":[{"id":3011,"href":"https:\/\/diariodelsurdigital.com.ar\/index.php?rest_route=\/wp\/v2\/posts\/3009\/revisions\/3011"}],"wp:featuredmedia":[{"embeddable":true,"href":"https:\/\/diariodelsurdigital.com.ar\/index.php?rest_route=\/wp\/v2\/media\/3010"}],"wp:attachment":[{"href":"https:\/\/diariodelsurdigital.com.ar\/index.php?rest_route=%2Fwp%2Fv2%2Fmedia&parent=3009"}],"wp:term":[{"taxonomy":"category","embeddable":true,"href":"https:\/\/diariodelsurdigital.com.ar\/index.php?rest_route=%2Fwp%2Fv2%2Fcategories&post=3009"},{"taxonomy":"post_tag","embeddable":true,"href":"https:\/\/diariodelsurdigital.com.ar\/index.php?rest_route=%2Fwp%2Fv2%2Ftags&post=3009"}],"curies":[{"name":"wp","href":"https:\/\/api.w.org\/{rel}","templated":true}]}}