{"id":3012,"date":"2025-06-06T10:50:09","date_gmt":"2025-06-06T13:50:09","guid":{"rendered":"https:\/\/diariodelsurdigital.com.ar\/?p=3012"},"modified":"2025-06-06T10:50:10","modified_gmt":"2025-06-06T13:50:10","slug":"ate-concordia-denuncia-que-un-gremio-complice-del-gobierno-esta-senalando-a-trabajadores-y-armando-listas-negras","status":"publish","type":"post","link":"https:\/\/diariodelsurdigital.com.ar\/?p=3012","title":{"rendered":"ATE Concordia denuncia que \u00abun gremio c\u00f3mplice\u00bb del gobierno est\u00e1 se\u00f1alando a trabajadores y armando \u00ablistas negras\u00bb"},"content":{"rendered":"\n<p>municipio de Concordia, la Asociaci\u00f3n Trabajadores del Estado (ATE) logr\u00f3 revertir algunos casos, pero advierte sobre la complicidad de otro sindicato en la situaci\u00f3n, al que acusan de \u00abse\u00f1alar compa\u00f1eros y hacer una lista negra\u00bb.<\/p>\n\n\n\n<p><\/p>\n\n\n\n<p>El secretario de Organizaci\u00f3n de ATE Concordia, Cristian Selva, relat\u00f3 que la semana pasada se gener\u00f3 un listado de despidos en el \u00e1rea de comedores de la provincia. Sin embargo, gracias a la movilizaci\u00f3n de ATE y la intervenci\u00f3n de su conducci\u00f3n, se lograron revertir algunos de estos casos.<\/p>\n\n\n\n<p>\u00abSe hicieron virales algunos videos de trabajadores que, de forma autom\u00e1tica, fueron llamados y se les dijo que fue un error\u00bb, coment\u00f3 Selva. A pesar de este logro, el dirigente denunci\u00f3 la \u00abcomplicidad de un gremio que est\u00e1 se\u00f1alando a compa\u00f1eros y haciendo lista negra\u00bb.<\/p>\n\n\n\n<p>Despidos en Concordia<br>En el \u00e1mbito municipal de Concordia, la situaci\u00f3n se agrava. Selva precis\u00f3 que el lunes pasado, \u00abalrededor de 15 compa\u00f1eros pertenecientes a distintos CDI (Centros de Desarrollo Infantil) recibieron la notificaci\u00f3n de que a partir del 1\u00b0 de julio no se les renovar\u00edan los contratos\u00bb.<\/p>\n\n\n\n<p>Estos trabajadores, algunos con hasta 20 a\u00f1os de antig\u00fcedad bajo subsidios o programas sociales, hab\u00edan logrado un contrato con aportes en la gesti\u00f3n anterior, con la esperanza de pasar a planta permanente. \u00abSe les vino el mundo abajo. Estamos hablando de 15 familias que estar\u00edan quedando en la calle\u00bb, lament\u00f3 Selva.<\/p>\n\n\n\n<p>Adem\u00e1s, los rumores de m\u00e1s notificaciones en \u00e1reas como salud y deportes tomaron fuerza el jueves. Desde ATE, se ha intentado dialogar con el ejecutivo municipal para conocer las causas de estos despidos. \u00abLo que s\u00ed sabemos es que no tienen justificaci\u00f3n de despido los compa\u00f1eros que prestan servicio en los CDI\u00bb, afirm\u00f3 Selva, mencionando que un responsable municipal, Sebasti\u00e1n Ar\u00edstides, habr\u00eda expresado informalmente que los CDI \u00abno serv\u00edan para nada y que no prestaban una funci\u00f3n que hoy le redit\u00fae al municipio\u00bb, una postura que ATE considera \u00ablamentable y contradictoria\u00bb.<\/p>\n\n\n\n<p>Medidas gremiales<br>Ante la gravedad de la situaci\u00f3n, ATE actu\u00f3 de inmediato. \u00abNos reunimos autom\u00e1ticamente y nuestro secretario general nos instruy\u00f3 que actuemos de inmediato\u00bb, se\u00f1al\u00f3 Selva.<\/p>\n\n\n\n<p>El lunes, el equipo jur\u00eddico de ATE se reuni\u00f3 con los afectados, y la organizaci\u00f3n se encuentra desarrollando \u00abla tarea gremial de dialogar con el ejecutivo, de visualizar esta situaci\u00f3n\u00bb. Como parte de estas acciones, participaron de la jornada de reclamos en la Plaza 25 de Mayo.<\/p>\n\n\n\n<p>El gremio se\u00f1alado<br>Consultado sobre el gremio aludido, Selva no dud\u00f3 en identificarlo: \u00abun gremio c\u00f3mplice del gobierno de Rogelio Frigerio, que est\u00e1 encabezado por Jos\u00e9 Allende\u00bb, en clara referencia a la Uni\u00f3n Personal Civil de la Naci\u00f3n (UPCN).<\/p>\n\n\n\n<p>Selva acus\u00f3 a UPCN de haber \u00abpermitido que se avance sobre el tema IOSPER\u00bb y de haber \u00abnegociado con el gobierno\u00bb, con \u00abmucha gente diseminada a lo largo y a lo ancho del gobierno que est\u00e1 llevando estas pr\u00e1cticas ilegales\u00bb.<\/p>\n\n\n\n<p>Reincorporaciones y preocupaci\u00f3n<br>Hasta la fecha, cerca de 20 trabajadores han sido afectados por las cesant\u00edas, aunque Selva reconoci\u00f3 que \u00abse han reincorporado un poco m\u00e1s de la mitad\u00bb.<\/p>\n\n\n\n<p>No obstante, el resto de los trabajadores sigue en la incertidumbre. Selva enfatiz\u00f3 la preocupaci\u00f3n por un \u00abalineamiento muy fuerte del gobierno provincial y municipal con el nacional\u00bb, recordando que \u00abno hace muchos d\u00edas el intendente Azcu\u00e9 recorri\u00f3 los CDI y habl\u00f3 de apostar al sector m\u00e1s postergado\u00bb, lo que contrasta con la actual ola de despidos, public\u00f3 Diario R\u00edo Uruguay.<\/p>\n","protected":false},"excerpt":{"rendered":"<p>municipio de Concordia, la Asociaci\u00f3n Trabajadores del Estado (ATE) logr\u00f3 revertir algunos casos, pero advierte sobre la complicidad de otro sindicato en la situaci\u00f3n, al que acusan de \u00abse\u00f1alar compa\u00f1eros y hacer una lista negra\u00bb. El secretario de Organizaci\u00f3n de ATE Concordia, Cristian Selva, relat\u00f3 que la semana pasada se gener\u00f3 un listado de despidos [&hellip;]<\/p>\n","protected":false},"author":4,"featured_media":3013,"comment_status":"open","ping_status":"open","sticky":false,"template":"","format":"standard","meta":{"footnotes":""},"categories":[16,22],"tags":[],"class_list":{"0":"post-3012","1":"post","2":"type-post","3":"status-publish","4":"format-standard","5":"has-post-thumbnail","7":"category-locales","8":"category-politica"},"yoast_head":"<!-- This site is optimized with the Yoast SEO plugin v27.4 - https:\/\/yoast.com\/product\/yoast-seo-wordpress\/ -->\n<title>ATE Concordia denuncia que &quot;un gremio c\u00f3mplice&quot; del gobierno est\u00e1 se\u00f1alando a trabajadores y armando &quot;listas negras&quot; - Diario del Sur<\/title>\n<meta name=\"robots\" content=\"index, follow, max-snippet:-1, max-image-preview:large, max-video-preview:-1\" \/>\n<link rel=\"canonical\" href=\"https:\/\/diariodelsurdigital.com.ar\/?p=3012\" \/>\n<meta property=\"og:locale\" content=\"es_ES\" \/>\n<meta property=\"og:type\" content=\"article\" \/>\n<meta property=\"og:title\" content=\"ATE Concordia denuncia que &quot;un gremio c\u00f3mplice&quot; del gobierno est\u00e1 se\u00f1alando a trabajadores y armando &quot;listas negras&quot; - Diario del Sur\" \/>\n<meta property=\"og:description\" content=\"municipio de Concordia, la Asociaci\u00f3n Trabajadores del Estado (ATE) logr\u00f3 revertir algunos casos, pero advierte sobre la complicidad de otro sindicato en la situaci\u00f3n, al que acusan de \u00abse\u00f1alar compa\u00f1eros y hacer una lista negra\u00bb. El secretario de Organizaci\u00f3n de ATE Concordia, Cristian Selva, relat\u00f3 que la semana pasada se gener\u00f3 un listado de despidos [&hellip;]\" \/>\n<meta property=\"og:url\" content=\"https:\/\/diariodelsurdigital.com.ar\/?p=3012\" \/>\n<meta property=\"og:site_name\" content=\"Diario del Sur\" \/>\n<meta property=\"article:published_time\" content=\"2025-06-06T13:50:09+00:00\" \/>\n<meta property=\"article:modified_time\" content=\"2025-06-06T13:50:10+00:00\" \/>\n<meta property=\"og:image\" content=\"https:\/\/diariodelsurdigital.com.ar\/wp-content\/uploads\/2025\/06\/md-2-2.webp\" \/>\n\t<meta property=\"og:image:width\" content=\"992\" \/>\n\t<meta property=\"og:image:height\" content=\"680\" \/>\n\t<meta property=\"og:image:type\" content=\"image\/webp\" \/>\n<meta name=\"author\" content=\"Diario del Sur Digital\" \/>\n<meta name=\"twitter:card\" content=\"summary_large_image\" \/>\n<meta name=\"twitter:label1\" content=\"Escrito por\" \/>\n\t<meta name=\"twitter:data1\" content=\"Diario del Sur Digital\" \/>\n\t<meta name=\"twitter:label2\" content=\"Tiempo de lectura\" \/>\n\t<meta name=\"twitter:data2\" content=\"3 minutos\" \/>\n<script type=\"application\/ld+json\" class=\"yoast-schema-graph\">{\"@context\":\"https:\\\/\\\/schema.org\",\"@graph\":[{\"@type\":\"Article\",\"@id\":\"https:\\\/\\\/diariodelsurdigital.com.ar\\\/?p=3012#article\",\"isPartOf\":{\"@id\":\"https:\\\/\\\/diariodelsurdigital.com.ar\\\/?p=3012\"},\"author\":{\"name\":\"Diario del Sur Digital\",\"@id\":\"https:\\\/\\\/diariodelsurdigital.com.ar\\\/#\\\/schema\\\/person\\\/1a4992532ed62965c968031b49195c81\"},\"headline\":\"ATE Concordia denuncia que \u00abun gremio c\u00f3mplice\u00bb del gobierno est\u00e1 se\u00f1alando a trabajadores y armando \u00ablistas negras\u00bb\",\"datePublished\":\"2025-06-06T13:50:09+00:00\",\"dateModified\":\"2025-06-06T13:50:10+00:00\",\"mainEntityOfPage\":{\"@id\":\"https:\\\/\\\/diariodelsurdigital.com.ar\\\/?p=3012\"},\"wordCount\":619,\"commentCount\":0,\"image\":{\"@id\":\"https:\\\/\\\/diariodelsurdigital.com.ar\\\/?p=3012#primaryimage\"},\"thumbnailUrl\":\"https:\\\/\\\/diariodelsurdigital.com.ar\\\/wp-content\\\/uploads\\\/2025\\\/06\\\/md-2-2.webp\",\"articleSection\":[\"Locales\",\"Pol\u00edtica\"],\"inLanguage\":\"es\",\"potentialAction\":[{\"@type\":\"CommentAction\",\"name\":\"Comment\",\"target\":[\"https:\\\/\\\/diariodelsurdigital.com.ar\\\/?p=3012#respond\"]}]},{\"@type\":\"WebPage\",\"@id\":\"https:\\\/\\\/diariodelsurdigital.com.ar\\\/?p=3012\",\"url\":\"https:\\\/\\\/diariodelsurdigital.com.ar\\\/?p=3012\",\"name\":\"ATE Concordia denuncia que \\\"un gremio c\u00f3mplice\\\" del gobierno est\u00e1 se\u00f1alando a trabajadores y armando \\\"listas negras\\\" - Diario del Sur\",\"isPartOf\":{\"@id\":\"https:\\\/\\\/diariodelsurdigital.com.ar\\\/#website\"},\"primaryImageOfPage\":{\"@id\":\"https:\\\/\\\/diariodelsurdigital.com.ar\\\/?p=3012#primaryimage\"},\"image\":{\"@id\":\"https:\\\/\\\/diariodelsurdigital.com.ar\\\/?p=3012#primaryimage\"},\"thumbnailUrl\":\"https:\\\/\\\/diariodelsurdigital.com.ar\\\/wp-content\\\/uploads\\\/2025\\\/06\\\/md-2-2.webp\",\"datePublished\":\"2025-06-06T13:50:09+00:00\",\"dateModified\":\"2025-06-06T13:50:10+00:00\",\"author\":{\"@id\":\"https:\\\/\\\/diariodelsurdigital.com.ar\\\/#\\\/schema\\\/person\\\/1a4992532ed62965c968031b49195c81\"},\"breadcrumb\":{\"@id\":\"https:\\\/\\\/diariodelsurdigital.com.ar\\\/?p=3012#breadcrumb\"},\"inLanguage\":\"es\",\"potentialAction\":[{\"@type\":\"ReadAction\",\"target\":[\"https:\\\/\\\/diariodelsurdigital.com.ar\\\/?p=3012\"]}]},{\"@type\":\"ImageObject\",\"inLanguage\":\"es\",\"@id\":\"https:\\\/\\\/diariodelsurdigital.com.ar\\\/?p=3012#primaryimage\",\"url\":\"https:\\\/\\\/diariodelsurdigital.com.ar\\\/wp-content\\\/uploads\\\/2025\\\/06\\\/md-2-2.webp\",\"contentUrl\":\"https:\\\/\\\/diariodelsurdigital.com.ar\\\/wp-content\\\/uploads\\\/2025\\\/06\\\/md-2-2.webp\",\"width\":992,\"height\":680},{\"@type\":\"BreadcrumbList\",\"@id\":\"https:\\\/\\\/diariodelsurdigital.com.ar\\\/?p=3012#breadcrumb\",\"itemListElement\":[{\"@type\":\"ListItem\",\"position\":1,\"name\":\"Portada\",\"item\":\"https:\\\/\\\/diariodelsurdigital.com.ar\\\/\"},{\"@type\":\"ListItem\",\"position\":2,\"name\":\"ATE Concordia denuncia que \u00abun gremio c\u00f3mplice\u00bb del gobierno est\u00e1 se\u00f1alando a trabajadores y armando \u00ablistas negras\u00bb\"}]},{\"@type\":\"WebSite\",\"@id\":\"https:\\\/\\\/diariodelsurdigital.com.ar\\\/#website\",\"url\":\"https:\\\/\\\/diariodelsurdigital.com.ar\\\/\",\"name\":\"Diario del Sur\",\"description\":\"Digital\",\"potentialAction\":[{\"@type\":\"SearchAction\",\"target\":{\"@type\":\"EntryPoint\",\"urlTemplate\":\"https:\\\/\\\/diariodelsurdigital.com.ar\\\/?s={search_term_string}\"},\"query-input\":{\"@type\":\"PropertyValueSpecification\",\"valueRequired\":true,\"valueName\":\"search_term_string\"}}],\"inLanguage\":\"es\"},{\"@type\":\"Person\",\"@id\":\"https:\\\/\\\/diariodelsurdigital.com.ar\\\/#\\\/schema\\\/person\\\/1a4992532ed62965c968031b49195c81\",\"name\":\"Diario del Sur Digital\",\"image\":{\"@type\":\"ImageObject\",\"inLanguage\":\"es\",\"@id\":\"https:\\\/\\\/secure.gravatar.com\\\/avatar\\\/f0c7c47fc7146d19828273b9b8eda651c9c7ab583767e6338d3d3bee825adf76?s=96&d=mm&r=g\",\"url\":\"https:\\\/\\\/secure.gravatar.com\\\/avatar\\\/f0c7c47fc7146d19828273b9b8eda651c9c7ab583767e6338d3d3bee825adf76?s=96&d=mm&r=g\",\"contentUrl\":\"https:\\\/\\\/secure.gravatar.com\\\/avatar\\\/f0c7c47fc7146d19828273b9b8eda651c9c7ab583767e6338d3d3bee825adf76?s=96&d=mm&r=g\",\"caption\":\"Diario del Sur Digital\"},\"url\":\"https:\\\/\\\/diariodelsurdigital.com.ar\\\/?author=4\"}]}<\/script>\n<!-- \/ Yoast SEO plugin. -->","yoast_head_json":{"title":"ATE Concordia denuncia que \"un gremio c\u00f3mplice\" del gobierno est\u00e1 se\u00f1alando a trabajadores y armando \"listas negras\" - Diario del Sur","robots":{"index":"index","follow":"follow","max-snippet":"max-snippet:-1","max-image-preview":"max-image-preview:large","max-video-preview":"max-video-preview:-1"},"canonical":"https:\/\/diariodelsurdigital.com.ar\/?p=3012","og_locale":"es_ES","og_type":"article","og_title":"ATE Concordia denuncia que \"un gremio c\u00f3mplice\" del gobierno est\u00e1 se\u00f1alando a trabajadores y armando \"listas negras\" - Diario del Sur","og_description":"municipio de Concordia, la Asociaci\u00f3n Trabajadores del Estado (ATE) logr\u00f3 revertir algunos casos, pero advierte sobre la complicidad de otro sindicato en la situaci\u00f3n, al que acusan de \u00abse\u00f1alar compa\u00f1eros y hacer una lista negra\u00bb. El secretario de Organizaci\u00f3n de ATE Concordia, Cristian Selva, relat\u00f3 que la semana pasada se gener\u00f3 un listado de despidos [&hellip;]","og_url":"https:\/\/diariodelsurdigital.com.ar\/?p=3012","og_site_name":"Diario del Sur","article_published_time":"2025-06-06T13:50:09+00:00","article_modified_time":"2025-06-06T13:50:10+00:00","og_image":[{"width":992,"height":680,"url":"https:\/\/diariodelsurdigital.com.ar\/wp-content\/uploads\/2025\/06\/md-2-2.webp","type":"image\/webp"}],"author":"Diario del Sur Digital","twitter_card":"summary_large_image","twitter_misc":{"Escrito por":"Diario del Sur Digital","Tiempo de lectura":"3 minutos"},"schema":{"@context":"https:\/\/schema.org","@graph":[{"@type":"Article","@id":"https:\/\/diariodelsurdigital.com.ar\/?p=3012#article","isPartOf":{"@id":"https:\/\/diariodelsurdigital.com.ar\/?p=3012"},"author":{"name":"Diario del Sur Digital","@id":"https:\/\/diariodelsurdigital.com.ar\/#\/schema\/person\/1a4992532ed62965c968031b49195c81"},"headline":"ATE Concordia denuncia que \u00abun gremio c\u00f3mplice\u00bb del gobierno est\u00e1 se\u00f1alando a trabajadores y armando \u00ablistas negras\u00bb","datePublished":"2025-06-06T13:50:09+00:00","dateModified":"2025-06-06T13:50:10+00:00","mainEntityOfPage":{"@id":"https:\/\/diariodelsurdigital.com.ar\/?p=3012"},"wordCount":619,"commentCount":0,"image":{"@id":"https:\/\/diariodelsurdigital.com.ar\/?p=3012#primaryimage"},"thumbnailUrl":"https:\/\/diariodelsurdigital.com.ar\/wp-content\/uploads\/2025\/06\/md-2-2.webp","articleSection":["Locales","Pol\u00edtica"],"inLanguage":"es","potentialAction":[{"@type":"CommentAction","name":"Comment","target":["https:\/\/diariodelsurdigital.com.ar\/?p=3012#respond"]}]},{"@type":"WebPage","@id":"https:\/\/diariodelsurdigital.com.ar\/?p=3012","url":"https:\/\/diariodelsurdigital.com.ar\/?p=3012","name":"ATE Concordia denuncia que \"un gremio c\u00f3mplice\" del gobierno est\u00e1 se\u00f1alando a trabajadores y armando \"listas negras\" - Diario del Sur","isPartOf":{"@id":"https:\/\/diariodelsurdigital.com.ar\/#website"},"primaryImageOfPage":{"@id":"https:\/\/diariodelsurdigital.com.ar\/?p=3012#primaryimage"},"image":{"@id":"https:\/\/diariodelsurdigital.com.ar\/?p=3012#primaryimage"},"thumbnailUrl":"https:\/\/diariodelsurdigital.com.ar\/wp-content\/uploads\/2025\/06\/md-2-2.webp","datePublished":"2025-06-06T13:50:09+00:00","dateModified":"2025-06-06T13:50:10+00:00","author":{"@id":"https:\/\/diariodelsurdigital.com.ar\/#\/schema\/person\/1a4992532ed62965c968031b49195c81"},"breadcrumb":{"@id":"https:\/\/diariodelsurdigital.com.ar\/?p=3012#breadcrumb"},"inLanguage":"es","potentialAction":[{"@type":"ReadAction","target":["https:\/\/diariodelsurdigital.com.ar\/?p=3012"]}]},{"@type":"ImageObject","inLanguage":"es","@id":"https:\/\/diariodelsurdigital.com.ar\/?p=3012#primaryimage","url":"https:\/\/diariodelsurdigital.com.ar\/wp-content\/uploads\/2025\/06\/md-2-2.webp","contentUrl":"https:\/\/diariodelsurdigital.com.ar\/wp-content\/uploads\/2025\/06\/md-2-2.webp","width":992,"height":680},{"@type":"BreadcrumbList","@id":"https:\/\/diariodelsurdigital.com.ar\/?p=3012#breadcrumb","itemListElement":[{"@type":"ListItem","position":1,"name":"Portada","item":"https:\/\/diariodelsurdigital.com.ar\/"},{"@type":"ListItem","position":2,"name":"ATE Concordia denuncia que \u00abun gremio c\u00f3mplice\u00bb del gobierno est\u00e1 se\u00f1alando a trabajadores y armando \u00ablistas negras\u00bb"}]},{"@type":"WebSite","@id":"https:\/\/diariodelsurdigital.com.ar\/#website","url":"https:\/\/diariodelsurdigital.com.ar\/","name":"Diario del Sur","description":"Digital","potentialAction":[{"@type":"SearchAction","target":{"@type":"EntryPoint","urlTemplate":"https:\/\/diariodelsurdigital.com.ar\/?s={search_term_string}"},"query-input":{"@type":"PropertyValueSpecification","valueRequired":true,"valueName":"search_term_string"}}],"inLanguage":"es"},{"@type":"Person","@id":"https:\/\/diariodelsurdigital.com.ar\/#\/schema\/person\/1a4992532ed62965c968031b49195c81","name":"Diario del Sur Digital","image":{"@type":"ImageObject","inLanguage":"es","@id":"https:\/\/secure.gravatar.com\/avatar\/f0c7c47fc7146d19828273b9b8eda651c9c7ab583767e6338d3d3bee825adf76?s=96&d=mm&r=g","url":"https:\/\/secure.gravatar.com\/avatar\/f0c7c47fc7146d19828273b9b8eda651c9c7ab583767e6338d3d3bee825adf76?s=96&d=mm&r=g","contentUrl":"https:\/\/secure.gravatar.com\/avatar\/f0c7c47fc7146d19828273b9b8eda651c9c7ab583767e6338d3d3bee825adf76?s=96&d=mm&r=g","caption":"Diario del Sur Digital"},"url":"https:\/\/diariodelsurdigital.com.ar\/?author=4"}]}},"_links":{"self":[{"href":"https:\/\/diariodelsurdigital.com.ar\/index.php?rest_route=\/wp\/v2\/posts\/3012","targetHints":{"allow":["GET"]}}],"collection":[{"href":"https:\/\/diariodelsurdigital.com.ar\/index.php?rest_route=\/wp\/v2\/posts"}],"about":[{"href":"https:\/\/diariodelsurdigital.com.ar\/index.php?rest_route=\/wp\/v2\/types\/post"}],"author":[{"embeddable":true,"href":"https:\/\/diariodelsurdigital.com.ar\/index.php?rest_route=\/wp\/v2\/users\/4"}],"replies":[{"embeddable":true,"href":"https:\/\/diariodelsurdigital.com.ar\/index.php?rest_route=%2Fwp%2Fv2%2Fcomments&post=3012"}],"version-history":[{"count":1,"href":"https:\/\/diariodelsurdigital.com.ar\/index.php?rest_route=\/wp\/v2\/posts\/3012\/revisions"}],"predecessor-version":[{"id":3014,"href":"https:\/\/diariodelsurdigital.com.ar\/index.php?rest_route=\/wp\/v2\/posts\/3012\/revisions\/3014"}],"wp:featuredmedia":[{"embeddable":true,"href":"https:\/\/diariodelsurdigital.com.ar\/index.php?rest_route=\/wp\/v2\/media\/3013"}],"wp:attachment":[{"href":"https:\/\/diariodelsurdigital.com.ar\/index.php?rest_route=%2Fwp%2Fv2%2Fmedia&parent=3012"}],"wp:term":[{"taxonomy":"category","embeddable":true,"href":"https:\/\/diariodelsurdigital.com.ar\/index.php?rest_route=%2Fwp%2Fv2%2Fcategories&post=3012"},{"taxonomy":"post_tag","embeddable":true,"href":"https:\/\/diariodelsurdigital.com.ar\/index.php?rest_route=%2Fwp%2Fv2%2Ftags&post=3012"}],"curies":[{"name":"wp","href":"https:\/\/api.w.org\/{rel}","templated":true}]}}