{"id":3019,"date":"2025-06-06T14:29:34","date_gmt":"2025-06-06T17:29:34","guid":{"rendered":"https:\/\/diariodelsurdigital.com.ar\/?p=3019"},"modified":"2025-06-06T14:29:35","modified_gmt":"2025-06-06T17:29:35","slug":"el-bustismo-acordo-con-la-runfla-del-nepote-bahl-y-mitchel","status":"publish","type":"post","link":"https:\/\/diariodelsurdigital.com.ar\/?p=3019","title":{"rendered":"El bustismo acord\u00f3 con la \u00abrunfla\u00bb del \u00abnepote\u00bb Bahl y Mitchel"},"content":{"rendered":"\n<h2 class=\"wp-block-heading\"> <\/h2>\n\n\n\n<p>\u201cEs hoy, para nosotros, una pieza importante en esta idea de la reconstrucci\u00f3n peronista, de asumir un nuevo compromiso \u00e9tico, de tener una agenda con centro en la gente\u201d, dijo el precandidato a senador Ad\u00e1n \u00abNepote\u00bb Bahl.<\/p>\n\n\n\n<p> \u201cEstamos muy satisfechos con el acuerdo que hemos alcanzado y el apoyo recibido del partido que fundara nuestro tres veces gobernador (sin reelecci\u00f3n) el doctor Jorge Pedro Busti, el Frente Entrerriano Federal (FEF)\u201d, se\u00f1al\u00f3 el precandidato a senador nacional.<\/p>\n\n\n\n<p>La lista 2 Desaf\u00edo Peronista y el partido provincial que fundara en vida el ex gobernador Jorge Busti, cuando en 2010 se retir\u00f3 del mismo disconforme con el alineamiento del PJ en ese momento, llegaron a un acuerdo para integrar un frente, el que estar\u00e1 operativo desde ma\u00f1ana mismo.<\/p>\n\n\n\n<p>\u201cCompartimos el respeto y el afecto que todav\u00eda despierta en muchos de nosotros la personalidad y la obra de gobierno de Jorge y su postulado de mantenerse fiel al peronismo evitando caer en la grieta\u201d, destac\u00f3 Bahl, escoltado por Florencia Busti.&nbsp;<\/p>\n\n\n\n<p>Y agreg\u00f3: \u201cEl bustismo es hoy, para nosotros, una pieza importante en esta idea de la reconstrucci\u00f3n peronista, de asumir un nuevo compromiso \u00e9tico, de tener una agenda con centro en la gente, una conducci\u00f3n estrat\u00e9gica independiente de los modelos nacionales y un partido provincial que nos contenga a todos moderno, democr\u00e1tico y eficaz\u201d.<\/p>\n\n\n\n<p>Por su parte, el presidente del FEF, Nicol\u00e1s Parera Deniz, se\u00f1al\u00f3: \u201cAceptamos de buen grado integrar la Lista 2 Desaf\u00edo Peronista en el entendimiento de que la amenaza liberal avanza no s\u00f3lo ajustando a los que menos tienen, sino que lo hacen con una crueldad, cinismo y falta de respeto intolerables. Ante esa situaci\u00f3n el FEF, aunque podr\u00eda ir de manera independiente a las elecciones y aun admitiendo, tal como lo dec\u00eda nuestro fundador Jorge Busti, que hay mucho por corregir en el peronismo, no puede sino acompa\u00f1ar el esfuerzo de la Lista 2 Desaf\u00edo Peronista en su iniciativa de construir una alternativa competitiva que establezca desde Entre R\u00edos la oposici\u00f3n clara a este modelo liberal cruel y alocado\u201d.<\/p>\n","protected":false},"excerpt":{"rendered":"<p>\u201cEs hoy, para nosotros, una pieza importante en esta idea de la reconstrucci\u00f3n peronista, de asumir un nuevo compromiso \u00e9tico, de tener una agenda con centro en la gente\u201d, dijo el precandidato a senador Ad\u00e1n \u00abNepote\u00bb Bahl. \u201cEstamos muy satisfechos con el acuerdo que hemos alcanzado y el apoyo recibido del partido que fundara nuestro [&hellip;]<\/p>\n","protected":false},"author":2,"featured_media":3020,"comment_status":"open","ping_status":"open","sticky":false,"template":"","format":"standard","meta":{"footnotes":""},"categories":[17],"tags":[],"class_list":{"0":"post-3019","1":"post","2":"type-post","3":"status-publish","4":"format-standard","5":"has-post-thumbnail","7":"category-provinciales"},"yoast_head":"<!-- This site is optimized with the Yoast SEO plugin v27.4 - https:\/\/yoast.com\/product\/yoast-seo-wordpress\/ -->\n<title>El bustismo acord\u00f3 con la &quot;runfla&quot; del &quot;nepote&quot; Bahl y Mitchel - Diario del Sur<\/title>\n<meta name=\"robots\" content=\"index, follow, max-snippet:-1, max-image-preview:large, max-video-preview:-1\" \/>\n<link rel=\"canonical\" href=\"https:\/\/diariodelsurdigital.com.ar\/?p=3019\" \/>\n<meta property=\"og:locale\" content=\"es_ES\" \/>\n<meta property=\"og:type\" content=\"article\" \/>\n<meta property=\"og:title\" content=\"El bustismo acord\u00f3 con la &quot;runfla&quot; del &quot;nepote&quot; Bahl y Mitchel - Diario del Sur\" \/>\n<meta property=\"og:description\" content=\"\u201cEs hoy, para nosotros, una pieza importante en esta idea de la reconstrucci\u00f3n peronista, de asumir un nuevo compromiso \u00e9tico, de tener una agenda con centro en la gente\u201d, dijo el precandidato a senador Ad\u00e1n \u00abNepote\u00bb Bahl. \u201cEstamos muy satisfechos con el acuerdo que hemos alcanzado y el apoyo recibido del partido que fundara nuestro [&hellip;]\" \/>\n<meta property=\"og:url\" content=\"https:\/\/diariodelsurdigital.com.ar\/?p=3019\" \/>\n<meta property=\"og:site_name\" content=\"Diario del Sur\" \/>\n<meta property=\"article:published_time\" content=\"2025-06-06T17:29:34+00:00\" \/>\n<meta property=\"article:modified_time\" content=\"2025-06-06T17:29:35+00:00\" \/>\n<meta property=\"og:image\" content=\"https:\/\/diariodelsurdigital.com.ar\/wp-content\/uploads\/2025\/06\/Michel-Bahl-Flor-Busti-1536x1152-1.jpg\" \/>\n\t<meta property=\"og:image:width\" content=\"568\" \/>\n\t<meta property=\"og:image:height\" content=\"355\" \/>\n\t<meta property=\"og:image:type\" content=\"image\/jpeg\" \/>\n<meta name=\"author\" content=\"Diario del Sur Digital\" \/>\n<meta name=\"twitter:card\" content=\"summary_large_image\" \/>\n<meta name=\"twitter:label1\" content=\"Escrito por\" \/>\n\t<meta name=\"twitter:data1\" content=\"Diario del Sur Digital\" \/>\n\t<meta name=\"twitter:label2\" content=\"Tiempo de lectura\" \/>\n\t<meta name=\"twitter:data2\" content=\"2 minutos\" \/>\n<script type=\"application\/ld+json\" class=\"yoast-schema-graph\">{\"@context\":\"https:\\\/\\\/schema.org\",\"@graph\":[{\"@type\":\"Article\",\"@id\":\"https:\\\/\\\/diariodelsurdigital.com.ar\\\/?p=3019#article\",\"isPartOf\":{\"@id\":\"https:\\\/\\\/diariodelsurdigital.com.ar\\\/?p=3019\"},\"author\":{\"name\":\"Diario del Sur Digital\",\"@id\":\"https:\\\/\\\/diariodelsurdigital.com.ar\\\/#\\\/schema\\\/person\\\/6136a32571657f7dba980b88b04c5465\"},\"headline\":\"El bustismo acord\u00f3 con la \u00abrunfla\u00bb del \u00abnepote\u00bb Bahl y Mitchel\",\"datePublished\":\"2025-06-06T17:29:34+00:00\",\"dateModified\":\"2025-06-06T17:29:35+00:00\",\"mainEntityOfPage\":{\"@id\":\"https:\\\/\\\/diariodelsurdigital.com.ar\\\/?p=3019\"},\"wordCount\":369,\"commentCount\":0,\"image\":{\"@id\":\"https:\\\/\\\/diariodelsurdigital.com.ar\\\/?p=3019#primaryimage\"},\"thumbnailUrl\":\"https:\\\/\\\/diariodelsurdigital.com.ar\\\/wp-content\\\/uploads\\\/2025\\\/06\\\/Michel-Bahl-Flor-Busti-1536x1152-1.jpg\",\"articleSection\":[\"Provinciales\"],\"inLanguage\":\"es\",\"potentialAction\":[{\"@type\":\"CommentAction\",\"name\":\"Comment\",\"target\":[\"https:\\\/\\\/diariodelsurdigital.com.ar\\\/?p=3019#respond\"]}]},{\"@type\":\"WebPage\",\"@id\":\"https:\\\/\\\/diariodelsurdigital.com.ar\\\/?p=3019\",\"url\":\"https:\\\/\\\/diariodelsurdigital.com.ar\\\/?p=3019\",\"name\":\"El bustismo acord\u00f3 con la \\\"runfla\\\" del \\\"nepote\\\" Bahl y Mitchel - Diario del Sur\",\"isPartOf\":{\"@id\":\"https:\\\/\\\/diariodelsurdigital.com.ar\\\/#website\"},\"primaryImageOfPage\":{\"@id\":\"https:\\\/\\\/diariodelsurdigital.com.ar\\\/?p=3019#primaryimage\"},\"image\":{\"@id\":\"https:\\\/\\\/diariodelsurdigital.com.ar\\\/?p=3019#primaryimage\"},\"thumbnailUrl\":\"https:\\\/\\\/diariodelsurdigital.com.ar\\\/wp-content\\\/uploads\\\/2025\\\/06\\\/Michel-Bahl-Flor-Busti-1536x1152-1.jpg\",\"datePublished\":\"2025-06-06T17:29:34+00:00\",\"dateModified\":\"2025-06-06T17:29:35+00:00\",\"author\":{\"@id\":\"https:\\\/\\\/diariodelsurdigital.com.ar\\\/#\\\/schema\\\/person\\\/6136a32571657f7dba980b88b04c5465\"},\"breadcrumb\":{\"@id\":\"https:\\\/\\\/diariodelsurdigital.com.ar\\\/?p=3019#breadcrumb\"},\"inLanguage\":\"es\",\"potentialAction\":[{\"@type\":\"ReadAction\",\"target\":[\"https:\\\/\\\/diariodelsurdigital.com.ar\\\/?p=3019\"]}]},{\"@type\":\"ImageObject\",\"inLanguage\":\"es\",\"@id\":\"https:\\\/\\\/diariodelsurdigital.com.ar\\\/?p=3019#primaryimage\",\"url\":\"https:\\\/\\\/diariodelsurdigital.com.ar\\\/wp-content\\\/uploads\\\/2025\\\/06\\\/Michel-Bahl-Flor-Busti-1536x1152-1.jpg\",\"contentUrl\":\"https:\\\/\\\/diariodelsurdigital.com.ar\\\/wp-content\\\/uploads\\\/2025\\\/06\\\/Michel-Bahl-Flor-Busti-1536x1152-1.jpg\",\"width\":568,\"height\":355},{\"@type\":\"BreadcrumbList\",\"@id\":\"https:\\\/\\\/diariodelsurdigital.com.ar\\\/?p=3019#breadcrumb\",\"itemListElement\":[{\"@type\":\"ListItem\",\"position\":1,\"name\":\"Portada\",\"item\":\"https:\\\/\\\/diariodelsurdigital.com.ar\\\/\"},{\"@type\":\"ListItem\",\"position\":2,\"name\":\"El bustismo acord\u00f3 con la \u00abrunfla\u00bb del \u00abnepote\u00bb Bahl y Mitchel\"}]},{\"@type\":\"WebSite\",\"@id\":\"https:\\\/\\\/diariodelsurdigital.com.ar\\\/#website\",\"url\":\"https:\\\/\\\/diariodelsurdigital.com.ar\\\/\",\"name\":\"Diario del Sur\",\"description\":\"Digital\",\"potentialAction\":[{\"@type\":\"SearchAction\",\"target\":{\"@type\":\"EntryPoint\",\"urlTemplate\":\"https:\\\/\\\/diariodelsurdigital.com.ar\\\/?s={search_term_string}\"},\"query-input\":{\"@type\":\"PropertyValueSpecification\",\"valueRequired\":true,\"valueName\":\"search_term_string\"}}],\"inLanguage\":\"es\"},{\"@type\":\"Person\",\"@id\":\"https:\\\/\\\/diariodelsurdigital.com.ar\\\/#\\\/schema\\\/person\\\/6136a32571657f7dba980b88b04c5465\",\"name\":\"Diario del Sur Digital\",\"image\":{\"@type\":\"ImageObject\",\"inLanguage\":\"es\",\"@id\":\"https:\\\/\\\/secure.gravatar.com\\\/avatar\\\/4c29ceac98541dd42460b2474aaa5dd37594d6ce6cb3cf2c101d09b48ee287ba?s=96&d=mm&r=g\",\"url\":\"https:\\\/\\\/secure.gravatar.com\\\/avatar\\\/4c29ceac98541dd42460b2474aaa5dd37594d6ce6cb3cf2c101d09b48ee287ba?s=96&d=mm&r=g\",\"contentUrl\":\"https:\\\/\\\/secure.gravatar.com\\\/avatar\\\/4c29ceac98541dd42460b2474aaa5dd37594d6ce6cb3cf2c101d09b48ee287ba?s=96&d=mm&r=g\",\"caption\":\"Diario del Sur Digital\"},\"url\":\"https:\\\/\\\/diariodelsurdigital.com.ar\\\/?author=2\"}]}<\/script>\n<!-- \/ Yoast SEO plugin. -->","yoast_head_json":{"title":"El bustismo acord\u00f3 con la \"runfla\" del \"nepote\" Bahl y Mitchel - Diario del Sur","robots":{"index":"index","follow":"follow","max-snippet":"max-snippet:-1","max-image-preview":"max-image-preview:large","max-video-preview":"max-video-preview:-1"},"canonical":"https:\/\/diariodelsurdigital.com.ar\/?p=3019","og_locale":"es_ES","og_type":"article","og_title":"El bustismo acord\u00f3 con la \"runfla\" del \"nepote\" Bahl y Mitchel - Diario del Sur","og_description":"\u201cEs hoy, para nosotros, una pieza importante en esta idea de la reconstrucci\u00f3n peronista, de asumir un nuevo compromiso \u00e9tico, de tener una agenda con centro en la gente\u201d, dijo el precandidato a senador Ad\u00e1n \u00abNepote\u00bb Bahl. \u201cEstamos muy satisfechos con el acuerdo que hemos alcanzado y el apoyo recibido del partido que fundara nuestro [&hellip;]","og_url":"https:\/\/diariodelsurdigital.com.ar\/?p=3019","og_site_name":"Diario del Sur","article_published_time":"2025-06-06T17:29:34+00:00","article_modified_time":"2025-06-06T17:29:35+00:00","og_image":[{"width":568,"height":355,"url":"https:\/\/diariodelsurdigital.com.ar\/wp-content\/uploads\/2025\/06\/Michel-Bahl-Flor-Busti-1536x1152-1.jpg","type":"image\/jpeg"}],"author":"Diario del Sur Digital","twitter_card":"summary_large_image","twitter_misc":{"Escrito por":"Diario del Sur Digital","Tiempo de lectura":"2 minutos"},"schema":{"@context":"https:\/\/schema.org","@graph":[{"@type":"Article","@id":"https:\/\/diariodelsurdigital.com.ar\/?p=3019#article","isPartOf":{"@id":"https:\/\/diariodelsurdigital.com.ar\/?p=3019"},"author":{"name":"Diario del Sur Digital","@id":"https:\/\/diariodelsurdigital.com.ar\/#\/schema\/person\/6136a32571657f7dba980b88b04c5465"},"headline":"El bustismo acord\u00f3 con la \u00abrunfla\u00bb del \u00abnepote\u00bb Bahl y Mitchel","datePublished":"2025-06-06T17:29:34+00:00","dateModified":"2025-06-06T17:29:35+00:00","mainEntityOfPage":{"@id":"https:\/\/diariodelsurdigital.com.ar\/?p=3019"},"wordCount":369,"commentCount":0,"image":{"@id":"https:\/\/diariodelsurdigital.com.ar\/?p=3019#primaryimage"},"thumbnailUrl":"https:\/\/diariodelsurdigital.com.ar\/wp-content\/uploads\/2025\/06\/Michel-Bahl-Flor-Busti-1536x1152-1.jpg","articleSection":["Provinciales"],"inLanguage":"es","potentialAction":[{"@type":"CommentAction","name":"Comment","target":["https:\/\/diariodelsurdigital.com.ar\/?p=3019#respond"]}]},{"@type":"WebPage","@id":"https:\/\/diariodelsurdigital.com.ar\/?p=3019","url":"https:\/\/diariodelsurdigital.com.ar\/?p=3019","name":"El bustismo acord\u00f3 con la \"runfla\" del \"nepote\" Bahl y Mitchel - Diario del Sur","isPartOf":{"@id":"https:\/\/diariodelsurdigital.com.ar\/#website"},"primaryImageOfPage":{"@id":"https:\/\/diariodelsurdigital.com.ar\/?p=3019#primaryimage"},"image":{"@id":"https:\/\/diariodelsurdigital.com.ar\/?p=3019#primaryimage"},"thumbnailUrl":"https:\/\/diariodelsurdigital.com.ar\/wp-content\/uploads\/2025\/06\/Michel-Bahl-Flor-Busti-1536x1152-1.jpg","datePublished":"2025-06-06T17:29:34+00:00","dateModified":"2025-06-06T17:29:35+00:00","author":{"@id":"https:\/\/diariodelsurdigital.com.ar\/#\/schema\/person\/6136a32571657f7dba980b88b04c5465"},"breadcrumb":{"@id":"https:\/\/diariodelsurdigital.com.ar\/?p=3019#breadcrumb"},"inLanguage":"es","potentialAction":[{"@type":"ReadAction","target":["https:\/\/diariodelsurdigital.com.ar\/?p=3019"]}]},{"@type":"ImageObject","inLanguage":"es","@id":"https:\/\/diariodelsurdigital.com.ar\/?p=3019#primaryimage","url":"https:\/\/diariodelsurdigital.com.ar\/wp-content\/uploads\/2025\/06\/Michel-Bahl-Flor-Busti-1536x1152-1.jpg","contentUrl":"https:\/\/diariodelsurdigital.com.ar\/wp-content\/uploads\/2025\/06\/Michel-Bahl-Flor-Busti-1536x1152-1.jpg","width":568,"height":355},{"@type":"BreadcrumbList","@id":"https:\/\/diariodelsurdigital.com.ar\/?p=3019#breadcrumb","itemListElement":[{"@type":"ListItem","position":1,"name":"Portada","item":"https:\/\/diariodelsurdigital.com.ar\/"},{"@type":"ListItem","position":2,"name":"El bustismo acord\u00f3 con la \u00abrunfla\u00bb del \u00abnepote\u00bb Bahl y Mitchel"}]},{"@type":"WebSite","@id":"https:\/\/diariodelsurdigital.com.ar\/#website","url":"https:\/\/diariodelsurdigital.com.ar\/","name":"Diario del Sur","description":"Digital","potentialAction":[{"@type":"SearchAction","target":{"@type":"EntryPoint","urlTemplate":"https:\/\/diariodelsurdigital.com.ar\/?s={search_term_string}"},"query-input":{"@type":"PropertyValueSpecification","valueRequired":true,"valueName":"search_term_string"}}],"inLanguage":"es"},{"@type":"Person","@id":"https:\/\/diariodelsurdigital.com.ar\/#\/schema\/person\/6136a32571657f7dba980b88b04c5465","name":"Diario del Sur Digital","image":{"@type":"ImageObject","inLanguage":"es","@id":"https:\/\/secure.gravatar.com\/avatar\/4c29ceac98541dd42460b2474aaa5dd37594d6ce6cb3cf2c101d09b48ee287ba?s=96&d=mm&r=g","url":"https:\/\/secure.gravatar.com\/avatar\/4c29ceac98541dd42460b2474aaa5dd37594d6ce6cb3cf2c101d09b48ee287ba?s=96&d=mm&r=g","contentUrl":"https:\/\/secure.gravatar.com\/avatar\/4c29ceac98541dd42460b2474aaa5dd37594d6ce6cb3cf2c101d09b48ee287ba?s=96&d=mm&r=g","caption":"Diario del Sur Digital"},"url":"https:\/\/diariodelsurdigital.com.ar\/?author=2"}]}},"_links":{"self":[{"href":"https:\/\/diariodelsurdigital.com.ar\/index.php?rest_route=\/wp\/v2\/posts\/3019","targetHints":{"allow":["GET"]}}],"collection":[{"href":"https:\/\/diariodelsurdigital.com.ar\/index.php?rest_route=\/wp\/v2\/posts"}],"about":[{"href":"https:\/\/diariodelsurdigital.com.ar\/index.php?rest_route=\/wp\/v2\/types\/post"}],"author":[{"embeddable":true,"href":"https:\/\/diariodelsurdigital.com.ar\/index.php?rest_route=\/wp\/v2\/users\/2"}],"replies":[{"embeddable":true,"href":"https:\/\/diariodelsurdigital.com.ar\/index.php?rest_route=%2Fwp%2Fv2%2Fcomments&post=3019"}],"version-history":[{"count":1,"href":"https:\/\/diariodelsurdigital.com.ar\/index.php?rest_route=\/wp\/v2\/posts\/3019\/revisions"}],"predecessor-version":[{"id":3021,"href":"https:\/\/diariodelsurdigital.com.ar\/index.php?rest_route=\/wp\/v2\/posts\/3019\/revisions\/3021"}],"wp:featuredmedia":[{"embeddable":true,"href":"https:\/\/diariodelsurdigital.com.ar\/index.php?rest_route=\/wp\/v2\/media\/3020"}],"wp:attachment":[{"href":"https:\/\/diariodelsurdigital.com.ar\/index.php?rest_route=%2Fwp%2Fv2%2Fmedia&parent=3019"}],"wp:term":[{"taxonomy":"category","embeddable":true,"href":"https:\/\/diariodelsurdigital.com.ar\/index.php?rest_route=%2Fwp%2Fv2%2Fcategories&post=3019"},{"taxonomy":"post_tag","embeddable":true,"href":"https:\/\/diariodelsurdigital.com.ar\/index.php?rest_route=%2Fwp%2Fv2%2Ftags&post=3019"}],"curies":[{"name":"wp","href":"https:\/\/api.w.org\/{rel}","templated":true}]}}