{"id":3044,"date":"2025-06-09T01:23:50","date_gmt":"2025-06-09T04:23:50","guid":{"rendered":"https:\/\/diariodelsurdigital.com.ar\/?p=3044"},"modified":"2025-06-09T01:39:05","modified_gmt":"2025-06-09T04:39:05","slug":"la-motosierra-zen-de-ferreyra-y-azcue","status":"publish","type":"post","link":"https:\/\/diariodelsurdigital.com.ar\/?p=3044","title":{"rendered":"La motosierra zen de Ferreyra y Azcu\u00e9"},"content":{"rendered":"\n<p><strong>Por \u00abCorchito\u00bb Gonz\u00e1lez desde el Palacio Municipal para Diario del SUR Digital<\/strong><\/p>\n\n\n\n<p>La municipalidad de Concordia atraviesa uno de los momentos m\u00e1s cr\u00edticos de los \u00faltimos tiempos. La situaci\u00f3n econ\u00f3mica es alarmante, los recursos escasean y el presupuesto hace agua por todos lados. En medio de este naufragio, el coordinador de Gabinete y Secretario de Hacienda, <strong>Pablo Ferreyra<\/strong>, junto a su s\u00e9quito de diez expertos en \u00abno se sabe qu\u00e9\u00bb y una consultora porte\u00f1a que cobra en d\u00f3lares, parecen no encontrarle la vuelta a nada.<\/p>\n\n\n\n<p>Despu\u00e9s de aplicar un brutal aumento del 180% en las tasas municipales \u2014eso s\u00ed, acompa\u00f1ado de generosas rebajas impositivas para los que m\u00e1s tienen (l\u00e9ase los m\u00e1s ricos de Concordia)\u2014, ocurri\u00f3 lo que todo vecino con sentido com\u00fan anticipaba: la recaudaci\u00f3n municipal se desplom\u00f3. Pero ellos, los iluminados del Excel, parec\u00edan no verlo venir. Como resultado, el \u201cgobierno del Gringo\u201d se encamina, a paso firme, hacia la inviabilidad total.<\/p>\n\n\n\n<p>Ante este panorama, Ferreyra, con la lucidez que lo caracteriza, le propuso al intendente Azcu\u00e9 profundizar el<strong> \u00abplan motosierra\u00bb<\/strong> a nivel local. Total, si ya se admira tanto a Milei, \u00bfpor qu\u00e9 no copiarle la motosierra tambi\u00e9n? As\u00ed fue como naci\u00f3 la <strong>Fase 2 del ajuste<\/strong>: recortar un 40% de las cooperativas tercerizadas \u2014esas que supuestamente m\u00e1s que servicios prestan<strong> favores pol\u00edticos<\/strong>\u2014 y darle de baja al 50% de los contratos. Todo esto con la promesa de <strong>\u00abrecuperar el equilibrio fiscal\u00bb<\/strong>. S\u00ed, como si de verdad tuvieran alg\u00fan tipo de plan.<\/p>\n\n\n\n<figure class=\"wp-block-image size-full\"><img loading=\"lazy\" decoding=\"async\" width=\"540\" height=\"540\" src=\"https:\/\/diariodelsurdigital.com.ar\/wp-content\/uploads\/2025\/06\/468813127_8515205118528529_9095506937113456295_n.jpg\" alt=\"\" class=\"wp-image-3060\" srcset=\"https:\/\/diariodelsurdigital.com.ar\/wp-content\/uploads\/2025\/06\/468813127_8515205118528529_9095506937113456295_n.jpg 540w, https:\/\/diariodelsurdigital.com.ar\/wp-content\/uploads\/2025\/06\/468813127_8515205118528529_9095506937113456295_n-300x300.jpg 300w, https:\/\/diariodelsurdigital.com.ar\/wp-content\/uploads\/2025\/06\/468813127_8515205118528529_9095506937113456295_n-150x150.jpg 150w, https:\/\/diariodelsurdigital.com.ar\/wp-content\/uploads\/2025\/06\/468813127_8515205118528529_9095506937113456295_n-420x420.jpg 420w\" sizes=\"auto, (max-width: 540px) 100vw, 540px\" \/><\/figure>\n\n\n\n<p>Aprobado el operativo tijera, Ferreyra convoc\u00f3 a su \u00abgrupo de expertos financieros\u00bb (esa especie de Comit\u00e9 Invisible) y arm\u00f3 el listado de v\u00edctimas. Luego, como si el trabajo sucio fuera un desgaste espiritual profundo, el secretario decidi\u00f3 que era hora de <strong>retirarse literalmente.<\/strong><\/p>\n\n\n\n<p>As\u00ed fue como Ferreyra parti\u00f3 raudo hacia el Valle de Calingasta, en San Juan, a orillas del R\u00edo de los Patos, para participar de un exclusivo<strong> retiro espiritual para \u201cl\u00edderes con presupuesto\u201d<\/strong>, organizado nada menos que por&nbsp;Marcos Pe\u00f1a Braun, ex jefe de Gabinete de Macri. S\u00ed; Dios los cr\u00eda y ellos se juntan, como dec\u00eda la abuela.<\/p>\n\n\n\n<p>El retiro se llama<strong> \u201cProyecto Campamento Base\u201d<\/strong> y, seg\u00fan la promo oficial, est\u00e1 pensado para <strong>\u00abpersonas en situaci\u00f3n de liderazgo\u00bb<\/strong> (y con capacidad para fugarse de la miseria que administran). Aunque la organizaci\u00f3n no publica los precios (quiz\u00e1s para no arruinar la m\u00edstica), se estima que la aventura cuesta entre <strong>USD 1.000 y USD 1.500<\/strong> (entre un mill\u00f3n y dos millones de pesos) El turf comprende: tres noches en la hoster\u00eda boutique Paso de los Patos, m\u00e1s comidas gourmet, traslados en 4&#215;4, gur\u00faes de cart\u00f3n y sesiones de introspecci\u00f3n. Nada mal para un funcionario p\u00fablico que, hasta donde se sabe, no tiene otra fuente de ingresos que la municipalidad.<\/p>\n\n\n\n<figure class=\"wp-block-image size-full\"><img loading=\"lazy\" decoding=\"async\" width=\"720\" height=\"277\" src=\"https:\/\/diariodelsurdigital.com.ar\/wp-content\/uploads\/2025\/06\/489943446_1123403456471745_6455769151791992940_n.jpg\" alt=\"\" class=\"wp-image-3046\" srcset=\"https:\/\/diariodelsurdigital.com.ar\/wp-content\/uploads\/2025\/06\/489943446_1123403456471745_6455769151791992940_n.jpg 720w, https:\/\/diariodelsurdigital.com.ar\/wp-content\/uploads\/2025\/06\/489943446_1123403456471745_6455769151791992940_n-300x115.jpg 300w, https:\/\/diariodelsurdigital.com.ar\/wp-content\/uploads\/2025\/06\/489943446_1123403456471745_6455769151791992940_n-696x268.jpg 696w\" sizes=\"auto, (max-width: 720px) 100vw, 720px\" \/><\/figure>\n\n\n\n<p>Eso s\u00ed, antes de partir, Ferreyra habr\u00eda confesado por los pasillos que estaba <strong>\u201cmuy estresado\u201d<\/strong> y que necesitaba recargar energ\u00edas para el segundo semestre, porque se vienen las elecciones. Claro, lo que no dijo es que planeaba <strong>meditar en los Andes<\/strong> mientras la ciudad arde y los trabajadores pierden el empleo. Una decisi\u00f3n muy espiritual.<\/p>\n\n\n\n<figure class=\"wp-block-image size-full\"><img loading=\"lazy\" decoding=\"async\" width=\"540\" height=\"507\" src=\"https:\/\/diariodelsurdigital.com.ar\/wp-content\/uploads\/2025\/06\/50724687_10217925538390998_7920279457464582144_n.jpg\" alt=\"\" class=\"wp-image-3047\" srcset=\"https:\/\/diariodelsurdigital.com.ar\/wp-content\/uploads\/2025\/06\/50724687_10217925538390998_7920279457464582144_n.jpg 540w, https:\/\/diariodelsurdigital.com.ar\/wp-content\/uploads\/2025\/06\/50724687_10217925538390998_7920279457464582144_n-300x282.jpg 300w, https:\/\/diariodelsurdigital.com.ar\/wp-content\/uploads\/2025\/06\/50724687_10217925538390998_7920279457464582144_n-447x420.jpg 447w\" sizes=\"auto, (max-width: 540px) 100vw, 540px\" \/><\/figure>\n\n\n\n<p>Pero como todo esto ya parec\u00eda demasiado bizarro, me acerqu\u00e9 al<strong> Digesto Municipal a buscar el decreto de su licencia<\/strong>. Y, \u00a1oh sorpresa!, descubrimos que el viaje de retiro espiritual fue justificado administrativamente como <strong>\u201clicencia por tareas vinculadas a la administraci\u00f3n p\u00fablica\u201d (Decreto N\u00ba 556\/25)<\/strong>. (Foto).<\/p>\n\n\n\n<figure class=\"wp-block-image size-large\"><img loading=\"lazy\" decoding=\"async\" width=\"569\" height=\"1024\" src=\"https:\/\/diariodelsurdigital.com.ar\/wp-content\/uploads\/2025\/06\/Imagen-de-WhatsApp-2025-06-08-a-las-21.23.04_c4e6c270-569x1024.jpg\" alt=\"\" class=\"wp-image-3048\" srcset=\"https:\/\/diariodelsurdigital.com.ar\/wp-content\/uploads\/2025\/06\/Imagen-de-WhatsApp-2025-06-08-a-las-21.23.04_c4e6c270-569x1024.jpg 569w, https:\/\/diariodelsurdigital.com.ar\/wp-content\/uploads\/2025\/06\/Imagen-de-WhatsApp-2025-06-08-a-las-21.23.04_c4e6c270-167x300.jpg 167w, https:\/\/diariodelsurdigital.com.ar\/wp-content\/uploads\/2025\/06\/Imagen-de-WhatsApp-2025-06-08-a-las-21.23.04_c4e6c270-233x420.jpg 233w, https:\/\/diariodelsurdigital.com.ar\/wp-content\/uploads\/2025\/06\/Imagen-de-WhatsApp-2025-06-08-a-las-21.23.04_c4e6c270-696x1253.jpg 696w, https:\/\/diariodelsurdigital.com.ar\/wp-content\/uploads\/2025\/06\/Imagen-de-WhatsApp-2025-06-08-a-las-21.23.04_c4e6c270.jpg 711w\" sizes=\"auto, (max-width: 569px) 100vw, 569px\" \/><\/figure>\n\n\n\n<p>O sea, la municipalidad podr\u00eda estar pagando con la tuya,<strong> la joda m\u00edstica del funcionario m\u00e1s importante del gabinete.<\/strong> Todo muy normal.<\/p>\n\n\n\n<p>\u00bfY qui\u00e9n queda a cargo del barco mientras el capit\u00e1n se ilumina en la monta\u00f1a? Un tal<strong> contador Claudio Bastida<\/strong>, quien asumir\u00e1 interinamente la Secretar\u00eda de Coordinaci\u00f3n (que no coordina nada). \u00bfQui\u00e9n es Bastida? Buena pregunta. En Concordia nadie lo conoce. Ni antecedentes pol\u00edticos, ni experiencia en gesti\u00f3n p\u00fablica. De hecho, un funcionario importante \u2014entre sorprendido y caliente\u2014 pregunt\u00f3 sin vueltas:<strong> \u201c\u00bfQui\u00e9n puta es Bastida?\u201d.<\/strong> Pero bueno, parece que en esta gesti\u00f3n cualquiera puede ocupar cualquier cargo. Total, todo vale.<\/p>\n\n\n\n<p>Y ac\u00e1 va la frutilla del postre: atenci\u00f3n a los amigos de la Contadur\u00eda y del Tribunal de Cuentas, porque si en los pr\u00f3ximos d\u00edas aparecen gastos de la<strong> \u00abmeditaci\u00f3n espiritual\u00bb de Ferreyra<\/strong>, no digan que no estaban avisados. Estos muchachos ya est\u00e1n acostumbrados a hacer cualquier cosa con la caja municipal. No ser\u00eda la primera vez que la muni garpa vacaciones disfrazadas de \u201ctareas oficiales\u201d.<\/p>\n\n\n\n<figure class=\"wp-block-image size-full\"><img loading=\"lazy\" decoding=\"async\" width=\"598\" height=\"854\" src=\"https:\/\/diariodelsurdigital.com.ar\/wp-content\/uploads\/2025\/06\/Imagen-de-WhatsApp-2025-06-08-a-las-17.41.47_401855be.jpg\" alt=\"\" class=\"wp-image-3049\" srcset=\"https:\/\/diariodelsurdigital.com.ar\/wp-content\/uploads\/2025\/06\/Imagen-de-WhatsApp-2025-06-08-a-las-17.41.47_401855be.jpg 598w, https:\/\/diariodelsurdigital.com.ar\/wp-content\/uploads\/2025\/06\/Imagen-de-WhatsApp-2025-06-08-a-las-17.41.47_401855be-210x300.jpg 210w, https:\/\/diariodelsurdigital.com.ar\/wp-content\/uploads\/2025\/06\/Imagen-de-WhatsApp-2025-06-08-a-las-17.41.47_401855be-294x420.jpg 294w\" sizes=\"auto, (max-width: 598px) 100vw, 598px\" \/><\/figure>\n\n\n\n<p>Una maniobra m\u00e1s del experto en n\u00fameros, como le gusta auto presentarse en el gabinete. Un verdadero Caputo de entrecasa, aunque sin mercado que lo respalde y con m\u00e1s humo que Excel.<\/p>\n\n\n\n<p>Mientras tanto, Ferreyra est\u00e1 en la monta\u00f1a rasc\u00e1ndose los huevos, y en Concordia la Direcci\u00f3n de Recursos Humanos sigue notificando despidos d\u00eda por medio. Eso s\u00ed, las cooperativas siguen todas firmes, protegidas por la espalda pol\u00edtica del \u201cT\u00edo Rico\u201d local. El ajuste, como siempre, es para los de abajo.<\/p>\n\n\n\n<p>\u00a1\u00a1\u00a1\u00a1\u00a1Una gesti\u00f3n donde la austeridad es para los otros\u2026 y la espiritualidad, para ellos!!!!!<\/p>\n\n\n\n<p><strong>Ar\u00edstides, otro funcionario m\u00e1s en problemas (\u00a1y van&#8230;!)<\/strong><\/p>\n\n\n\n<p>Mientras en Concordia todav\u00eda resuena el gong del retiro espiritual de Ferreyra, otro integrante del dream team municipal se suma al ranking de funcionarios en guerra con los gremios:<strong> Sebasti\u00e1n Ar\u00edstides, el secretario de Desarrollo Humano<\/strong> que parece haber confundido su rol con el de Recursos Inhumanos.<\/p>\n\n\n\n<p>Seg\u00fan denunci\u00f3 p\u00fablicamente la Uni\u00f3n de Obreros y Empleados Municipales de Concordia (UOEMC), Ar\u00edstides lleva adelante una pol\u00edtica que combina persecuci\u00f3n laboral, despidos sin justificaci\u00f3n y una creatividad asombrosa para el maltrato institucional.<\/p>\n\n\n\n<p>Lo acusan de haber convertido la secretar\u00eda en un campo de batalla, donde los \u00fanicos que caen son los trabajadores municipales.<\/p>\n\n\n\n<p>El gremio no se anduvo con vueltas: \u00abrepudiamos en\u00e9rgicamente\u00bb, dice el comunicado, como para que no queden dudas. Seg\u00fan explican, desde que el funcionario aterriz\u00f3 en la gesti\u00f3n, la situaci\u00f3n se volvi\u00f3 insostenible. Los CDI \u2014que deber\u00edan ser espacios de contenci\u00f3n\u2014 ahora parecen puestos fronterizos en zona de guerra laboral.<\/p>\n\n\n\n<figure class=\"wp-block-image size-full\"><img loading=\"lazy\" decoding=\"async\" width=\"712\" height=\"896\" src=\"https:\/\/diariodelsurdigital.com.ar\/wp-content\/uploads\/2025\/06\/Imagen-de-WhatsApp-2025-06-08-a-las-21.28.22_a60f1951.jpg\" alt=\"\" class=\"wp-image-3050\" srcset=\"https:\/\/diariodelsurdigital.com.ar\/wp-content\/uploads\/2025\/06\/Imagen-de-WhatsApp-2025-06-08-a-las-21.28.22_a60f1951.jpg 712w, https:\/\/diariodelsurdigital.com.ar\/wp-content\/uploads\/2025\/06\/Imagen-de-WhatsApp-2025-06-08-a-las-21.28.22_a60f1951-238x300.jpg 238w, https:\/\/diariodelsurdigital.com.ar\/wp-content\/uploads\/2025\/06\/Imagen-de-WhatsApp-2025-06-08-a-las-21.28.22_a60f1951-334x420.jpg 334w, https:\/\/diariodelsurdigital.com.ar\/wp-content\/uploads\/2025\/06\/Imagen-de-WhatsApp-2025-06-08-a-las-21.28.22_a60f1951-696x876.jpg 696w\" sizes=\"auto, (max-width: 712px) 100vw, 712px\" \/><\/figure>\n\n\n\n<p>Y mientras vuelan los<strong> telegramas de despido<\/strong>, Ar\u00edstides mantiene el aura de iluminado con cargo, convencido de que su cruzada administrativa lo llevar\u00e1 a alg\u00fan tipo de purificaci\u00f3n. Spoiler: la \u00fanica que se est\u00e1 purificando es la lista de empleados.<\/p>\n\n\n\n<p>El sindicato reclama la intervenci\u00f3n urgente del intendente Francisco Azcu\u00e9, antes de que la<strong> motosierra de Ar\u00edstides<\/strong> arrase con todo. Pero en el municipio parecen practicar la vieja filosof\u00eda del \u201cno te metas\u201d, especialmente si los que sufren son los de abajo.<\/p>\n\n\n\n<p><\/p>\n\n\n\n<p>Por ahora, la<strong> UOEMC ya declar\u00f3 el estado de alerta<\/strong>, convoc\u00f3 a toda la comunidad a acompa\u00f1ar el reclamo, y advirti\u00f3 que no descarta una movilizaci\u00f3n. Porque claro, si no los escuchan en la oficina, los van a tener que escuchar en la calle.<\/p>\n\n\n\n<p>Y as\u00ed, queridos vecinos, mientras Ferreyra sigue buscando el equilibrio fiscal en el fondo de una copa de Malbec, y si por un momento pensaron que el caos era solo financiero, <strong>no olviden a Ar\u00edstides<\/strong>, el iluminado de Recursos Inhumanos, que ha logrado transformar la Secretar\u00eda de Desarrollo Humano en un campo de batalla.<\/p>\n\n\n\n<p>Si la motosierra de Ferreyra no te alcanza, no te preocupes: Ar\u00edstides te espera con un gong y una C\u00e9dula de Notificaci\u00f3n de Despido.<\/p>\n\n\n\n<figure class=\"wp-block-image size-large\"><img loading=\"lazy\" decoding=\"async\" width=\"900\" height=\"1024\" src=\"https:\/\/diariodelsurdigital.com.ar\/wp-content\/uploads\/2025\/06\/Imagen-de-WhatsApp-2025-06-08-a-las-21.41.53_1dbbdb0b-900x1024.jpg\" alt=\"\" class=\"wp-image-3052\" srcset=\"https:\/\/diariodelsurdigital.com.ar\/wp-content\/uploads\/2025\/06\/Imagen-de-WhatsApp-2025-06-08-a-las-21.41.53_1dbbdb0b-900x1024.jpg 900w, https:\/\/diariodelsurdigital.com.ar\/wp-content\/uploads\/2025\/06\/Imagen-de-WhatsApp-2025-06-08-a-las-21.41.53_1dbbdb0b-264x300.jpg 264w, https:\/\/diariodelsurdigital.com.ar\/wp-content\/uploads\/2025\/06\/Imagen-de-WhatsApp-2025-06-08-a-las-21.41.53_1dbbdb0b-768x874.jpg 768w, https:\/\/diariodelsurdigital.com.ar\/wp-content\/uploads\/2025\/06\/Imagen-de-WhatsApp-2025-06-08-a-las-21.41.53_1dbbdb0b-369x420.jpg 369w, https:\/\/diariodelsurdigital.com.ar\/wp-content\/uploads\/2025\/06\/Imagen-de-WhatsApp-2025-06-08-a-las-21.41.53_1dbbdb0b-696x792.jpg 696w, https:\/\/diariodelsurdigital.com.ar\/wp-content\/uploads\/2025\/06\/Imagen-de-WhatsApp-2025-06-08-a-las-21.41.53_1dbbdb0b.jpg 1049w\" sizes=\"auto, (max-width: 900px) 100vw, 900px\" \/><\/figure>\n\n\n\n<p>As\u00ed que tranquilos: si ven pasar a Bastida, no lo saluden, no sea cosa que lo despierten y se d\u00e9 cuenta de que est\u00e1 a cargo de la nave en pleno naufragio.<\/p>\n\n\n\n<p>Hasta la pr\u00f3xima queridos vecinos, y que Dios \u2014<strong>o alg\u00fan gur\u00fa de retiro espiritual<\/strong>\u2014 los acompa\u00f1e, porque de esta gesti\u00f3n, seguro que no.!!!!!!<\/p>\n\n\n\n<p>Carpe Diem!!<\/p>\n","protected":false},"excerpt":{"rendered":"<p>Por \u00abCorchito\u00bb Gonz\u00e1lez desde el Palacio Municipal para Diario del SUR Digital La municipalidad de Concordia atraviesa uno de los momentos m\u00e1s cr\u00edticos de los \u00faltimos tiempos. La situaci\u00f3n econ\u00f3mica es alarmante, los recursos escasean y el presupuesto hace agua por todos lados. En medio de este naufragio, el coordinador de Gabinete y Secretario de [&hellip;]<\/p>\n","protected":false},"author":2,"featured_media":3045,"comment_status":"open","ping_status":"open","sticky":false,"template":"","format":"standard","meta":{"footnotes":""},"categories":[16],"tags":[],"class_list":{"0":"post-3044","1":"post","2":"type-post","3":"status-publish","4":"format-standard","5":"has-post-thumbnail","7":"category-locales"},"yoast_head":"<!-- This site is optimized with the Yoast SEO plugin v27.4 - https:\/\/yoast.com\/product\/yoast-seo-wordpress\/ -->\n<title>La motosierra zen de Ferreyra y Azcu\u00e9 - Diario del Sur<\/title>\n<meta name=\"robots\" content=\"index, follow, max-snippet:-1, max-image-preview:large, max-video-preview:-1\" \/>\n<link rel=\"canonical\" href=\"https:\/\/diariodelsurdigital.com.ar\/?p=3044\" \/>\n<meta property=\"og:locale\" content=\"es_ES\" \/>\n<meta property=\"og:type\" content=\"article\" \/>\n<meta property=\"og:title\" content=\"La motosierra zen de Ferreyra y Azcu\u00e9 - Diario del Sur\" \/>\n<meta property=\"og:description\" content=\"Por \u00abCorchito\u00bb Gonz\u00e1lez desde el Palacio Municipal para Diario del SUR Digital La municipalidad de Concordia atraviesa uno de los momentos m\u00e1s cr\u00edticos de los \u00faltimos tiempos. La situaci\u00f3n econ\u00f3mica es alarmante, los recursos escasean y el presupuesto hace agua por todos lados. En medio de este naufragio, el coordinador de Gabinete y Secretario de [&hellip;]\" \/>\n<meta property=\"og:url\" content=\"https:\/\/diariodelsurdigital.com.ar\/?p=3044\" \/>\n<meta property=\"og:site_name\" content=\"Diario del Sur\" \/>\n<meta property=\"article:published_time\" content=\"2025-06-09T04:23:50+00:00\" \/>\n<meta property=\"article:modified_time\" content=\"2025-06-09T04:39:05+00:00\" \/>\n<meta property=\"og:image\" content=\"https:\/\/diariodelsurdigital.com.ar\/wp-content\/uploads\/2025\/06\/Imagen-de-WhatsApp-2025-06-08-a-las-17.42.13_ff9ce891.jpg\" \/>\n\t<meta property=\"og:image:width\" content=\"623\" \/>\n\t<meta property=\"og:image:height\" content=\"459\" \/>\n\t<meta property=\"og:image:type\" content=\"image\/jpeg\" \/>\n<meta name=\"author\" content=\"Diario del Sur Digital\" \/>\n<meta name=\"twitter:card\" content=\"summary_large_image\" \/>\n<meta name=\"twitter:label1\" content=\"Escrito por\" \/>\n\t<meta name=\"twitter:data1\" content=\"Diario del Sur Digital\" \/>\n\t<meta name=\"twitter:label2\" content=\"Tiempo de lectura\" \/>\n\t<meta name=\"twitter:data2\" content=\"8 minutos\" \/>\n<script type=\"application\/ld+json\" class=\"yoast-schema-graph\">{\"@context\":\"https:\\\/\\\/schema.org\",\"@graph\":[{\"@type\":\"Article\",\"@id\":\"https:\\\/\\\/diariodelsurdigital.com.ar\\\/?p=3044#article\",\"isPartOf\":{\"@id\":\"https:\\\/\\\/diariodelsurdigital.com.ar\\\/?p=3044\"},\"author\":{\"name\":\"Diario del Sur Digital\",\"@id\":\"https:\\\/\\\/diariodelsurdigital.com.ar\\\/#\\\/schema\\\/person\\\/6136a32571657f7dba980b88b04c5465\"},\"headline\":\"La motosierra zen de Ferreyra y Azcu\u00e9\",\"datePublished\":\"2025-06-09T04:23:50+00:00\",\"dateModified\":\"2025-06-09T04:39:05+00:00\",\"mainEntityOfPage\":{\"@id\":\"https:\\\/\\\/diariodelsurdigital.com.ar\\\/?p=3044\"},\"wordCount\":1351,\"commentCount\":0,\"image\":{\"@id\":\"https:\\\/\\\/diariodelsurdigital.com.ar\\\/?p=3044#primaryimage\"},\"thumbnailUrl\":\"https:\\\/\\\/diariodelsurdigital.com.ar\\\/wp-content\\\/uploads\\\/2025\\\/06\\\/Imagen-de-WhatsApp-2025-06-08-a-las-17.42.13_ff9ce891.jpg\",\"articleSection\":[\"Locales\"],\"inLanguage\":\"es\",\"potentialAction\":[{\"@type\":\"CommentAction\",\"name\":\"Comment\",\"target\":[\"https:\\\/\\\/diariodelsurdigital.com.ar\\\/?p=3044#respond\"]}]},{\"@type\":\"WebPage\",\"@id\":\"https:\\\/\\\/diariodelsurdigital.com.ar\\\/?p=3044\",\"url\":\"https:\\\/\\\/diariodelsurdigital.com.ar\\\/?p=3044\",\"name\":\"La motosierra zen de Ferreyra y Azcu\u00e9 - Diario del Sur\",\"isPartOf\":{\"@id\":\"https:\\\/\\\/diariodelsurdigital.com.ar\\\/#website\"},\"primaryImageOfPage\":{\"@id\":\"https:\\\/\\\/diariodelsurdigital.com.ar\\\/?p=3044#primaryimage\"},\"image\":{\"@id\":\"https:\\\/\\\/diariodelsurdigital.com.ar\\\/?p=3044#primaryimage\"},\"thumbnailUrl\":\"https:\\\/\\\/diariodelsurdigital.com.ar\\\/wp-content\\\/uploads\\\/2025\\\/06\\\/Imagen-de-WhatsApp-2025-06-08-a-las-17.42.13_ff9ce891.jpg\",\"datePublished\":\"2025-06-09T04:23:50+00:00\",\"dateModified\":\"2025-06-09T04:39:05+00:00\",\"author\":{\"@id\":\"https:\\\/\\\/diariodelsurdigital.com.ar\\\/#\\\/schema\\\/person\\\/6136a32571657f7dba980b88b04c5465\"},\"breadcrumb\":{\"@id\":\"https:\\\/\\\/diariodelsurdigital.com.ar\\\/?p=3044#breadcrumb\"},\"inLanguage\":\"es\",\"potentialAction\":[{\"@type\":\"ReadAction\",\"target\":[\"https:\\\/\\\/diariodelsurdigital.com.ar\\\/?p=3044\"]}]},{\"@type\":\"ImageObject\",\"inLanguage\":\"es\",\"@id\":\"https:\\\/\\\/diariodelsurdigital.com.ar\\\/?p=3044#primaryimage\",\"url\":\"https:\\\/\\\/diariodelsurdigital.com.ar\\\/wp-content\\\/uploads\\\/2025\\\/06\\\/Imagen-de-WhatsApp-2025-06-08-a-las-17.42.13_ff9ce891.jpg\",\"contentUrl\":\"https:\\\/\\\/diariodelsurdigital.com.ar\\\/wp-content\\\/uploads\\\/2025\\\/06\\\/Imagen-de-WhatsApp-2025-06-08-a-las-17.42.13_ff9ce891.jpg\",\"width\":623,\"height\":459},{\"@type\":\"BreadcrumbList\",\"@id\":\"https:\\\/\\\/diariodelsurdigital.com.ar\\\/?p=3044#breadcrumb\",\"itemListElement\":[{\"@type\":\"ListItem\",\"position\":1,\"name\":\"Portada\",\"item\":\"https:\\\/\\\/diariodelsurdigital.com.ar\\\/\"},{\"@type\":\"ListItem\",\"position\":2,\"name\":\"La motosierra zen de Ferreyra y Azcu\u00e9\"}]},{\"@type\":\"WebSite\",\"@id\":\"https:\\\/\\\/diariodelsurdigital.com.ar\\\/#website\",\"url\":\"https:\\\/\\\/diariodelsurdigital.com.ar\\\/\",\"name\":\"Diario del Sur\",\"description\":\"Digital\",\"potentialAction\":[{\"@type\":\"SearchAction\",\"target\":{\"@type\":\"EntryPoint\",\"urlTemplate\":\"https:\\\/\\\/diariodelsurdigital.com.ar\\\/?s={search_term_string}\"},\"query-input\":{\"@type\":\"PropertyValueSpecification\",\"valueRequired\":true,\"valueName\":\"search_term_string\"}}],\"inLanguage\":\"es\"},{\"@type\":\"Person\",\"@id\":\"https:\\\/\\\/diariodelsurdigital.com.ar\\\/#\\\/schema\\\/person\\\/6136a32571657f7dba980b88b04c5465\",\"name\":\"Diario del Sur Digital\",\"image\":{\"@type\":\"ImageObject\",\"inLanguage\":\"es\",\"@id\":\"https:\\\/\\\/secure.gravatar.com\\\/avatar\\\/4c29ceac98541dd42460b2474aaa5dd37594d6ce6cb3cf2c101d09b48ee287ba?s=96&d=mm&r=g\",\"url\":\"https:\\\/\\\/secure.gravatar.com\\\/avatar\\\/4c29ceac98541dd42460b2474aaa5dd37594d6ce6cb3cf2c101d09b48ee287ba?s=96&d=mm&r=g\",\"contentUrl\":\"https:\\\/\\\/secure.gravatar.com\\\/avatar\\\/4c29ceac98541dd42460b2474aaa5dd37594d6ce6cb3cf2c101d09b48ee287ba?s=96&d=mm&r=g\",\"caption\":\"Diario del Sur Digital\"},\"url\":\"https:\\\/\\\/diariodelsurdigital.com.ar\\\/?author=2\"}]}<\/script>\n<!-- \/ Yoast SEO plugin. -->","yoast_head_json":{"title":"La motosierra zen de Ferreyra y Azcu\u00e9 - Diario del Sur","robots":{"index":"index","follow":"follow","max-snippet":"max-snippet:-1","max-image-preview":"max-image-preview:large","max-video-preview":"max-video-preview:-1"},"canonical":"https:\/\/diariodelsurdigital.com.ar\/?p=3044","og_locale":"es_ES","og_type":"article","og_title":"La motosierra zen de Ferreyra y Azcu\u00e9 - Diario del Sur","og_description":"Por \u00abCorchito\u00bb Gonz\u00e1lez desde el Palacio Municipal para Diario del SUR Digital La municipalidad de Concordia atraviesa uno de los momentos m\u00e1s cr\u00edticos de los \u00faltimos tiempos. La situaci\u00f3n econ\u00f3mica es alarmante, los recursos escasean y el presupuesto hace agua por todos lados. En medio de este naufragio, el coordinador de Gabinete y Secretario de [&hellip;]","og_url":"https:\/\/diariodelsurdigital.com.ar\/?p=3044","og_site_name":"Diario del Sur","article_published_time":"2025-06-09T04:23:50+00:00","article_modified_time":"2025-06-09T04:39:05+00:00","og_image":[{"width":623,"height":459,"url":"https:\/\/diariodelsurdigital.com.ar\/wp-content\/uploads\/2025\/06\/Imagen-de-WhatsApp-2025-06-08-a-las-17.42.13_ff9ce891.jpg","type":"image\/jpeg"}],"author":"Diario del Sur Digital","twitter_card":"summary_large_image","twitter_misc":{"Escrito por":"Diario del Sur Digital","Tiempo de lectura":"8 minutos"},"schema":{"@context":"https:\/\/schema.org","@graph":[{"@type":"Article","@id":"https:\/\/diariodelsurdigital.com.ar\/?p=3044#article","isPartOf":{"@id":"https:\/\/diariodelsurdigital.com.ar\/?p=3044"},"author":{"name":"Diario del Sur Digital","@id":"https:\/\/diariodelsurdigital.com.ar\/#\/schema\/person\/6136a32571657f7dba980b88b04c5465"},"headline":"La motosierra zen de Ferreyra y Azcu\u00e9","datePublished":"2025-06-09T04:23:50+00:00","dateModified":"2025-06-09T04:39:05+00:00","mainEntityOfPage":{"@id":"https:\/\/diariodelsurdigital.com.ar\/?p=3044"},"wordCount":1351,"commentCount":0,"image":{"@id":"https:\/\/diariodelsurdigital.com.ar\/?p=3044#primaryimage"},"thumbnailUrl":"https:\/\/diariodelsurdigital.com.ar\/wp-content\/uploads\/2025\/06\/Imagen-de-WhatsApp-2025-06-08-a-las-17.42.13_ff9ce891.jpg","articleSection":["Locales"],"inLanguage":"es","potentialAction":[{"@type":"CommentAction","name":"Comment","target":["https:\/\/diariodelsurdigital.com.ar\/?p=3044#respond"]}]},{"@type":"WebPage","@id":"https:\/\/diariodelsurdigital.com.ar\/?p=3044","url":"https:\/\/diariodelsurdigital.com.ar\/?p=3044","name":"La motosierra zen de Ferreyra y Azcu\u00e9 - Diario del Sur","isPartOf":{"@id":"https:\/\/diariodelsurdigital.com.ar\/#website"},"primaryImageOfPage":{"@id":"https:\/\/diariodelsurdigital.com.ar\/?p=3044#primaryimage"},"image":{"@id":"https:\/\/diariodelsurdigital.com.ar\/?p=3044#primaryimage"},"thumbnailUrl":"https:\/\/diariodelsurdigital.com.ar\/wp-content\/uploads\/2025\/06\/Imagen-de-WhatsApp-2025-06-08-a-las-17.42.13_ff9ce891.jpg","datePublished":"2025-06-09T04:23:50+00:00","dateModified":"2025-06-09T04:39:05+00:00","author":{"@id":"https:\/\/diariodelsurdigital.com.ar\/#\/schema\/person\/6136a32571657f7dba980b88b04c5465"},"breadcrumb":{"@id":"https:\/\/diariodelsurdigital.com.ar\/?p=3044#breadcrumb"},"inLanguage":"es","potentialAction":[{"@type":"ReadAction","target":["https:\/\/diariodelsurdigital.com.ar\/?p=3044"]}]},{"@type":"ImageObject","inLanguage":"es","@id":"https:\/\/diariodelsurdigital.com.ar\/?p=3044#primaryimage","url":"https:\/\/diariodelsurdigital.com.ar\/wp-content\/uploads\/2025\/06\/Imagen-de-WhatsApp-2025-06-08-a-las-17.42.13_ff9ce891.jpg","contentUrl":"https:\/\/diariodelsurdigital.com.ar\/wp-content\/uploads\/2025\/06\/Imagen-de-WhatsApp-2025-06-08-a-las-17.42.13_ff9ce891.jpg","width":623,"height":459},{"@type":"BreadcrumbList","@id":"https:\/\/diariodelsurdigital.com.ar\/?p=3044#breadcrumb","itemListElement":[{"@type":"ListItem","position":1,"name":"Portada","item":"https:\/\/diariodelsurdigital.com.ar\/"},{"@type":"ListItem","position":2,"name":"La motosierra zen de Ferreyra y Azcu\u00e9"}]},{"@type":"WebSite","@id":"https:\/\/diariodelsurdigital.com.ar\/#website","url":"https:\/\/diariodelsurdigital.com.ar\/","name":"Diario del Sur","description":"Digital","potentialAction":[{"@type":"SearchAction","target":{"@type":"EntryPoint","urlTemplate":"https:\/\/diariodelsurdigital.com.ar\/?s={search_term_string}"},"query-input":{"@type":"PropertyValueSpecification","valueRequired":true,"valueName":"search_term_string"}}],"inLanguage":"es"},{"@type":"Person","@id":"https:\/\/diariodelsurdigital.com.ar\/#\/schema\/person\/6136a32571657f7dba980b88b04c5465","name":"Diario del Sur Digital","image":{"@type":"ImageObject","inLanguage":"es","@id":"https:\/\/secure.gravatar.com\/avatar\/4c29ceac98541dd42460b2474aaa5dd37594d6ce6cb3cf2c101d09b48ee287ba?s=96&d=mm&r=g","url":"https:\/\/secure.gravatar.com\/avatar\/4c29ceac98541dd42460b2474aaa5dd37594d6ce6cb3cf2c101d09b48ee287ba?s=96&d=mm&r=g","contentUrl":"https:\/\/secure.gravatar.com\/avatar\/4c29ceac98541dd42460b2474aaa5dd37594d6ce6cb3cf2c101d09b48ee287ba?s=96&d=mm&r=g","caption":"Diario del Sur Digital"},"url":"https:\/\/diariodelsurdigital.com.ar\/?author=2"}]}},"_links":{"self":[{"href":"https:\/\/diariodelsurdigital.com.ar\/index.php?rest_route=\/wp\/v2\/posts\/3044","targetHints":{"allow":["GET"]}}],"collection":[{"href":"https:\/\/diariodelsurdigital.com.ar\/index.php?rest_route=\/wp\/v2\/posts"}],"about":[{"href":"https:\/\/diariodelsurdigital.com.ar\/index.php?rest_route=\/wp\/v2\/types\/post"}],"author":[{"embeddable":true,"href":"https:\/\/diariodelsurdigital.com.ar\/index.php?rest_route=\/wp\/v2\/users\/2"}],"replies":[{"embeddable":true,"href":"https:\/\/diariodelsurdigital.com.ar\/index.php?rest_route=%2Fwp%2Fv2%2Fcomments&post=3044"}],"version-history":[{"count":3,"href":"https:\/\/diariodelsurdigital.com.ar\/index.php?rest_route=\/wp\/v2\/posts\/3044\/revisions"}],"predecessor-version":[{"id":3061,"href":"https:\/\/diariodelsurdigital.com.ar\/index.php?rest_route=\/wp\/v2\/posts\/3044\/revisions\/3061"}],"wp:featuredmedia":[{"embeddable":true,"href":"https:\/\/diariodelsurdigital.com.ar\/index.php?rest_route=\/wp\/v2\/media\/3045"}],"wp:attachment":[{"href":"https:\/\/diariodelsurdigital.com.ar\/index.php?rest_route=%2Fwp%2Fv2%2Fmedia&parent=3044"}],"wp:term":[{"taxonomy":"category","embeddable":true,"href":"https:\/\/diariodelsurdigital.com.ar\/index.php?rest_route=%2Fwp%2Fv2%2Fcategories&post=3044"},{"taxonomy":"post_tag","embeddable":true,"href":"https:\/\/diariodelsurdigital.com.ar\/index.php?rest_route=%2Fwp%2Fv2%2Ftags&post=3044"}],"curies":[{"name":"wp","href":"https:\/\/api.w.org\/{rel}","templated":true}]}}