{"id":3054,"date":"2025-06-08T23:24:41","date_gmt":"2025-06-09T02:24:41","guid":{"rendered":"https:\/\/diariodelsurdigital.com.ar\/?p=3054"},"modified":"2025-06-08T23:24:42","modified_gmt":"2025-06-09T02:24:42","slug":"panqueque-hace-apenas-diez-dias-que-el-intendente-de-puerto-yerua-se-nos-dio-vuelta-dijeron-intendentes-de-la-sub-40","status":"publish","type":"post","link":"https:\/\/diariodelsurdigital.com.ar\/?p=3054","title":{"rendered":"PANQUEQUE: \u201cHace apenas diez d\u00edas que el intendente de Puerto Yeru\u00e1 se nos dio vuelta\u201d, dijeron intendentes de la Sub 40"},"content":{"rendered":"\n<p><\/p>\n\n\n\n<p>No es nada nuevo que Daniel Ben\u00edtez, el hombre que es intendente de la peque\u00f1a localidad de Puerto Yeru\u00e1 del departamento Concordia, cambie de partido pol\u00edtico o sector, seg\u00fan su conveniencia.<\/p>\n\n\n\n<p><strong>Un poco de historia<\/strong><\/p>\n\n\n\n<p>El tiempo pasado es testigo de las transfugueadas de Ben\u00edtez. Un saltimbanqui de la pol\u00edtica que no le hace asco a nada. Un advenedizo que ha sabido campear sin verg\u00fcenza alguna, los principios y pertenencia que todo hombre de honor debe tener en la vida.<\/p>\n\n\n\n<p>Ex compa\u00f1eros de Ben\u00edtez cuentan que all\u00e1 por el 2007, se realiz\u00f3 una cena en un quincho de Puerto Yeru\u00e1, para sumarlo al grupo justicialista que dirig\u00eda por ese tiempo el ex intendente Fabi\u00e1n Cevey y la actual viceintendenta, Liliana Sg\u00fcerzo. Pero no alcanzaron a pasar muchas horas, que Ben\u00edtez termin\u00f3 sent\u00e1ndose en otra mesa con los opositores del grupo que lo hab\u00eda recibido. &nbsp;<\/p>\n\n\n\n<p>Hacia el a\u00f1o 2011 y siendo consecuente con sus conductas, Daniel Ben\u00edtez termina sellando un acuerdo con Sebasti\u00e1n Telayna, militante antiperonista y conservador en un rejunte en donde vuelven a perder la elecci\u00f3n con el ex intendente Fabi\u00e1n Cevey.<\/p>\n\n\n\n<p>Finalmente hacia el a\u00f1o 2019, Ben\u00edtez vuelve a tener una charla con Sebasti\u00e1n Telayna, que por ese momento estaba en el armado de Cambiemos en Puerto Yeru\u00e1. Seg\u00fan cuenta Telayna, \u201cDaniel viene a verme, pero nos ped\u00eda ser \u00e9l quien encabece la lista como candidato a intendente. Yo le dije que ten\u00eda que consultarlo con mi grupo, pero nunca m\u00e1s apareci\u00f3\u201d, se\u00f1al\u00f3 Telayna. Para eso y sin pasar m\u00e1s que dos d\u00edas, Ben\u00edtez hab\u00eda hablado con Liliana Sg\u00fcerzo, que estaba como intendenta de Puerto Yeru\u00e1, por renuncia de Fabi\u00e1n Cevey. En ese mismo momento, Ben\u00edtez se suma al grupo de Sg\u00fcerzo, ingresando a la Municipalidad como empleado de Planta y responsable del \u00c1rea de Producci\u00f3n. Durante ese inter\u00edn, hubo una elecci\u00f3n interna entre militantes del peronismo que votaron mediante un papelito qui\u00e9n iba a ser el candidato, en donde Rub\u00e9n Segovia, secretario de gobierno en esa \u00e9poca, hab\u00eda ganado con 9 votos contra 5 de Ben\u00edtez, pero Sguerzo rompi\u00f3 los papeles y dijo a viva voz, \u201cAc\u00e1 el candidato es Daniel y se termin\u00f3\u201d.<\/p>\n\n\n\n<p>Desde ese tiempo, se sell\u00f3 un pacto de sangre entre Sg\u00fcerzo y Ben\u00edtez, qui\u00e9n le supo devolver el favor y luego puso a Sg\u00fcerzo como Viceintedenta en su segundo mandato.<\/p>\n\n\n\n<p><strong>Los Sub 40 y el panqueque<\/strong><\/p>\n\n\n\n<p>Durante este \u00faltimo tiempo y ante el armado que se ven\u00eda digitando desde las esferas del Partido Justicialista, en donde el ex Titular de Aduanas, Guillermo Mitchel, el ex gobernador Gustavo Bordet, la actual intendenta de Paran\u00e1, Rosario Romero, el intendente de Concepci\u00f3n del Uruguay, Eduardo Lauritto y otros dirigentes de peso, pero con responsabilidades en la derrota sufrida por el pejotismo hacia fines del a\u00f1o 2023, quieren continuar con su hegemon\u00eda, un grupo relativamente de j\u00f3venes intendentes de ciudades del interior y otros militantes, deciden conformar un grupo denominado los Sub 40.<\/p>\n\n\n\n<p>A este grupo, en donde se encuentran el intendente de San Jos\u00e9 de Feliciano, Dami\u00e1n Ar\u00e9valo, Gustavo Basti\u00e1n, intendente de San Jos\u00e9, Ricardo Bravo, intendente de Federaci\u00f3n, Julio Pintos, intendente de Liebig, Hern\u00e1n Niz, intendente de Villa Mantero, C\u00e9sar Simino, intendente de San Gustavo, adhiri\u00f3 el intendente Daniel Ben\u00edtez. Es m\u00e1s, seg\u00fan cuentan sus integrantes, todo ven\u00eda viento en popa y en m\u00e1s de una oportunidad se hab\u00edan reunido en Puerto Yeru\u00e1. Pero luego se conoci\u00f3 que Ben\u00edtez estaba de grandes charlas con los denominados Mariscales de la Derrota de billetera gorda como, Guillermo Mitchel y Ad\u00e1n \u201cNepote\u201d Bahl.<\/p>\n\n\n\n<p>\u201cNunca nos imaginamos que iba a tomar esta conducta\u201d, se\u00f1al\u00f3 uno los integrantes del sector a <strong>Diario del SUR Digital<\/strong>. \u00a0\u201cHace apenas diez d\u00edas que el intendente de Puerto Yeru\u00e1 se nos dio vuelta\u201d.<\/p>\n\n\n\n<p>Ben\u00edtez apareci\u00f3 en la n\u00f3mina de la Lista como precandidato a Senador Suplente de Bahl, presentada este viernes por la noche. Seg\u00fan public\u00f3<em> An\u00e1lisis Digital<\/em>, \u201cel intendente de Puerto Yeru\u00e1, Daniel Ben\u00edtez, hab\u00eda sido anunciado en lugar expectante en Desaf\u00edo Peronista. La din\u00e1mica del armado y la noticia de una condena reciente por violencia y discriminaci\u00f3n laboral en su contra lo relegaron a una candidatura suplente.<\/p>\n","protected":false},"excerpt":{"rendered":"<p>No es nada nuevo que Daniel Ben\u00edtez, el hombre que es intendente de la peque\u00f1a localidad de Puerto Yeru\u00e1 del departamento Concordia, cambie de partido pol\u00edtico o sector, seg\u00fan su conveniencia. Un poco de historia El tiempo pasado es testigo de las transfugueadas de Ben\u00edtez. Un saltimbanqui de la pol\u00edtica que no le hace asco [&hellip;]<\/p>\n","protected":false},"author":2,"featured_media":3055,"comment_status":"open","ping_status":"open","sticky":false,"template":"","format":"standard","meta":{"footnotes":""},"categories":[16],"tags":[],"class_list":{"0":"post-3054","1":"post","2":"type-post","3":"status-publish","4":"format-standard","5":"has-post-thumbnail","7":"category-locales"},"yoast_head":"<!-- This site is optimized with the Yoast SEO plugin v27.4 - https:\/\/yoast.com\/product\/yoast-seo-wordpress\/ -->\n<title>PANQUEQUE: \u201cHace apenas diez d\u00edas que el intendente de Puerto Yeru\u00e1 se nos dio vuelta\u201d, dijeron intendentes de la Sub 40 - Diario del Sur<\/title>\n<meta name=\"robots\" content=\"index, follow, max-snippet:-1, max-image-preview:large, max-video-preview:-1\" \/>\n<link rel=\"canonical\" href=\"https:\/\/diariodelsurdigital.com.ar\/?p=3054\" \/>\n<meta property=\"og:locale\" content=\"es_ES\" \/>\n<meta property=\"og:type\" content=\"article\" \/>\n<meta property=\"og:title\" content=\"PANQUEQUE: \u201cHace apenas diez d\u00edas que el intendente de Puerto Yeru\u00e1 se nos dio vuelta\u201d, dijeron intendentes de la Sub 40 - Diario del Sur\" \/>\n<meta property=\"og:description\" content=\"No es nada nuevo que Daniel Ben\u00edtez, el hombre que es intendente de la peque\u00f1a localidad de Puerto Yeru\u00e1 del departamento Concordia, cambie de partido pol\u00edtico o sector, seg\u00fan su conveniencia. Un poco de historia El tiempo pasado es testigo de las transfugueadas de Ben\u00edtez. Un saltimbanqui de la pol\u00edtica que no le hace asco [&hellip;]\" \/>\n<meta property=\"og:url\" content=\"https:\/\/diariodelsurdigital.com.ar\/?p=3054\" \/>\n<meta property=\"og:site_name\" content=\"Diario del Sur\" \/>\n<meta property=\"article:published_time\" content=\"2025-06-09T02:24:41+00:00\" \/>\n<meta property=\"article:modified_time\" content=\"2025-06-09T02:24:42+00:00\" \/>\n<meta property=\"og:image\" content=\"https:\/\/diariodelsurdigital.com.ar\/wp-content\/uploads\/2025\/06\/benitez.jpg\" \/>\n\t<meta property=\"og:image:width\" content=\"535\" \/>\n\t<meta property=\"og:image:height\" content=\"366\" \/>\n\t<meta property=\"og:image:type\" content=\"image\/jpeg\" \/>\n<meta name=\"author\" content=\"Diario del Sur Digital\" \/>\n<meta name=\"twitter:card\" content=\"summary_large_image\" \/>\n<meta name=\"twitter:label1\" content=\"Escrito por\" \/>\n\t<meta name=\"twitter:data1\" content=\"Diario del Sur Digital\" \/>\n\t<meta name=\"twitter:label2\" content=\"Tiempo de lectura\" \/>\n\t<meta name=\"twitter:data2\" content=\"4 minutos\" \/>\n<script type=\"application\/ld+json\" class=\"yoast-schema-graph\">{\"@context\":\"https:\\\/\\\/schema.org\",\"@graph\":[{\"@type\":\"Article\",\"@id\":\"https:\\\/\\\/diariodelsurdigital.com.ar\\\/?p=3054#article\",\"isPartOf\":{\"@id\":\"https:\\\/\\\/diariodelsurdigital.com.ar\\\/?p=3054\"},\"author\":{\"name\":\"Diario del Sur Digital\",\"@id\":\"https:\\\/\\\/diariodelsurdigital.com.ar\\\/#\\\/schema\\\/person\\\/6136a32571657f7dba980b88b04c5465\"},\"headline\":\"PANQUEQUE: \u201cHace apenas diez d\u00edas que el intendente de Puerto Yeru\u00e1 se nos dio vuelta\u201d, dijeron intendentes de la Sub 40\",\"datePublished\":\"2025-06-09T02:24:41+00:00\",\"dateModified\":\"2025-06-09T02:24:42+00:00\",\"mainEntityOfPage\":{\"@id\":\"https:\\\/\\\/diariodelsurdigital.com.ar\\\/?p=3054\"},\"wordCount\":776,\"commentCount\":0,\"image\":{\"@id\":\"https:\\\/\\\/diariodelsurdigital.com.ar\\\/?p=3054#primaryimage\"},\"thumbnailUrl\":\"https:\\\/\\\/diariodelsurdigital.com.ar\\\/wp-content\\\/uploads\\\/2025\\\/06\\\/benitez.jpg\",\"articleSection\":[\"Locales\"],\"inLanguage\":\"es\",\"potentialAction\":[{\"@type\":\"CommentAction\",\"name\":\"Comment\",\"target\":[\"https:\\\/\\\/diariodelsurdigital.com.ar\\\/?p=3054#respond\"]}]},{\"@type\":\"WebPage\",\"@id\":\"https:\\\/\\\/diariodelsurdigital.com.ar\\\/?p=3054\",\"url\":\"https:\\\/\\\/diariodelsurdigital.com.ar\\\/?p=3054\",\"name\":\"PANQUEQUE: \u201cHace apenas diez d\u00edas que el intendente de Puerto Yeru\u00e1 se nos dio vuelta\u201d, dijeron intendentes de la Sub 40 - Diario del Sur\",\"isPartOf\":{\"@id\":\"https:\\\/\\\/diariodelsurdigital.com.ar\\\/#website\"},\"primaryImageOfPage\":{\"@id\":\"https:\\\/\\\/diariodelsurdigital.com.ar\\\/?p=3054#primaryimage\"},\"image\":{\"@id\":\"https:\\\/\\\/diariodelsurdigital.com.ar\\\/?p=3054#primaryimage\"},\"thumbnailUrl\":\"https:\\\/\\\/diariodelsurdigital.com.ar\\\/wp-content\\\/uploads\\\/2025\\\/06\\\/benitez.jpg\",\"datePublished\":\"2025-06-09T02:24:41+00:00\",\"dateModified\":\"2025-06-09T02:24:42+00:00\",\"author\":{\"@id\":\"https:\\\/\\\/diariodelsurdigital.com.ar\\\/#\\\/schema\\\/person\\\/6136a32571657f7dba980b88b04c5465\"},\"breadcrumb\":{\"@id\":\"https:\\\/\\\/diariodelsurdigital.com.ar\\\/?p=3054#breadcrumb\"},\"inLanguage\":\"es\",\"potentialAction\":[{\"@type\":\"ReadAction\",\"target\":[\"https:\\\/\\\/diariodelsurdigital.com.ar\\\/?p=3054\"]}]},{\"@type\":\"ImageObject\",\"inLanguage\":\"es\",\"@id\":\"https:\\\/\\\/diariodelsurdigital.com.ar\\\/?p=3054#primaryimage\",\"url\":\"https:\\\/\\\/diariodelsurdigital.com.ar\\\/wp-content\\\/uploads\\\/2025\\\/06\\\/benitez.jpg\",\"contentUrl\":\"https:\\\/\\\/diariodelsurdigital.com.ar\\\/wp-content\\\/uploads\\\/2025\\\/06\\\/benitez.jpg\",\"width\":535,\"height\":366},{\"@type\":\"BreadcrumbList\",\"@id\":\"https:\\\/\\\/diariodelsurdigital.com.ar\\\/?p=3054#breadcrumb\",\"itemListElement\":[{\"@type\":\"ListItem\",\"position\":1,\"name\":\"Portada\",\"item\":\"https:\\\/\\\/diariodelsurdigital.com.ar\\\/\"},{\"@type\":\"ListItem\",\"position\":2,\"name\":\"PANQUEQUE: \u201cHace apenas diez d\u00edas que el intendente de Puerto Yeru\u00e1 se nos dio vuelta\u201d, dijeron intendentes de la Sub 40\"}]},{\"@type\":\"WebSite\",\"@id\":\"https:\\\/\\\/diariodelsurdigital.com.ar\\\/#website\",\"url\":\"https:\\\/\\\/diariodelsurdigital.com.ar\\\/\",\"name\":\"Diario del Sur\",\"description\":\"Digital\",\"potentialAction\":[{\"@type\":\"SearchAction\",\"target\":{\"@type\":\"EntryPoint\",\"urlTemplate\":\"https:\\\/\\\/diariodelsurdigital.com.ar\\\/?s={search_term_string}\"},\"query-input\":{\"@type\":\"PropertyValueSpecification\",\"valueRequired\":true,\"valueName\":\"search_term_string\"}}],\"inLanguage\":\"es\"},{\"@type\":\"Person\",\"@id\":\"https:\\\/\\\/diariodelsurdigital.com.ar\\\/#\\\/schema\\\/person\\\/6136a32571657f7dba980b88b04c5465\",\"name\":\"Diario del Sur Digital\",\"image\":{\"@type\":\"ImageObject\",\"inLanguage\":\"es\",\"@id\":\"https:\\\/\\\/secure.gravatar.com\\\/avatar\\\/4c29ceac98541dd42460b2474aaa5dd37594d6ce6cb3cf2c101d09b48ee287ba?s=96&d=mm&r=g\",\"url\":\"https:\\\/\\\/secure.gravatar.com\\\/avatar\\\/4c29ceac98541dd42460b2474aaa5dd37594d6ce6cb3cf2c101d09b48ee287ba?s=96&d=mm&r=g\",\"contentUrl\":\"https:\\\/\\\/secure.gravatar.com\\\/avatar\\\/4c29ceac98541dd42460b2474aaa5dd37594d6ce6cb3cf2c101d09b48ee287ba?s=96&d=mm&r=g\",\"caption\":\"Diario del Sur Digital\"},\"url\":\"https:\\\/\\\/diariodelsurdigital.com.ar\\\/?author=2\"}]}<\/script>\n<!-- \/ Yoast SEO plugin. -->","yoast_head_json":{"title":"PANQUEQUE: \u201cHace apenas diez d\u00edas que el intendente de Puerto Yeru\u00e1 se nos dio vuelta\u201d, dijeron intendentes de la Sub 40 - Diario del Sur","robots":{"index":"index","follow":"follow","max-snippet":"max-snippet:-1","max-image-preview":"max-image-preview:large","max-video-preview":"max-video-preview:-1"},"canonical":"https:\/\/diariodelsurdigital.com.ar\/?p=3054","og_locale":"es_ES","og_type":"article","og_title":"PANQUEQUE: \u201cHace apenas diez d\u00edas que el intendente de Puerto Yeru\u00e1 se nos dio vuelta\u201d, dijeron intendentes de la Sub 40 - Diario del Sur","og_description":"No es nada nuevo que Daniel Ben\u00edtez, el hombre que es intendente de la peque\u00f1a localidad de Puerto Yeru\u00e1 del departamento Concordia, cambie de partido pol\u00edtico o sector, seg\u00fan su conveniencia. Un poco de historia El tiempo pasado es testigo de las transfugueadas de Ben\u00edtez. Un saltimbanqui de la pol\u00edtica que no le hace asco [&hellip;]","og_url":"https:\/\/diariodelsurdigital.com.ar\/?p=3054","og_site_name":"Diario del Sur","article_published_time":"2025-06-09T02:24:41+00:00","article_modified_time":"2025-06-09T02:24:42+00:00","og_image":[{"width":535,"height":366,"url":"https:\/\/diariodelsurdigital.com.ar\/wp-content\/uploads\/2025\/06\/benitez.jpg","type":"image\/jpeg"}],"author":"Diario del Sur Digital","twitter_card":"summary_large_image","twitter_misc":{"Escrito por":"Diario del Sur Digital","Tiempo de lectura":"4 minutos"},"schema":{"@context":"https:\/\/schema.org","@graph":[{"@type":"Article","@id":"https:\/\/diariodelsurdigital.com.ar\/?p=3054#article","isPartOf":{"@id":"https:\/\/diariodelsurdigital.com.ar\/?p=3054"},"author":{"name":"Diario del Sur Digital","@id":"https:\/\/diariodelsurdigital.com.ar\/#\/schema\/person\/6136a32571657f7dba980b88b04c5465"},"headline":"PANQUEQUE: \u201cHace apenas diez d\u00edas que el intendente de Puerto Yeru\u00e1 se nos dio vuelta\u201d, dijeron intendentes de la Sub 40","datePublished":"2025-06-09T02:24:41+00:00","dateModified":"2025-06-09T02:24:42+00:00","mainEntityOfPage":{"@id":"https:\/\/diariodelsurdigital.com.ar\/?p=3054"},"wordCount":776,"commentCount":0,"image":{"@id":"https:\/\/diariodelsurdigital.com.ar\/?p=3054#primaryimage"},"thumbnailUrl":"https:\/\/diariodelsurdigital.com.ar\/wp-content\/uploads\/2025\/06\/benitez.jpg","articleSection":["Locales"],"inLanguage":"es","potentialAction":[{"@type":"CommentAction","name":"Comment","target":["https:\/\/diariodelsurdigital.com.ar\/?p=3054#respond"]}]},{"@type":"WebPage","@id":"https:\/\/diariodelsurdigital.com.ar\/?p=3054","url":"https:\/\/diariodelsurdigital.com.ar\/?p=3054","name":"PANQUEQUE: \u201cHace apenas diez d\u00edas que el intendente de Puerto Yeru\u00e1 se nos dio vuelta\u201d, dijeron intendentes de la Sub 40 - Diario del Sur","isPartOf":{"@id":"https:\/\/diariodelsurdigital.com.ar\/#website"},"primaryImageOfPage":{"@id":"https:\/\/diariodelsurdigital.com.ar\/?p=3054#primaryimage"},"image":{"@id":"https:\/\/diariodelsurdigital.com.ar\/?p=3054#primaryimage"},"thumbnailUrl":"https:\/\/diariodelsurdigital.com.ar\/wp-content\/uploads\/2025\/06\/benitez.jpg","datePublished":"2025-06-09T02:24:41+00:00","dateModified":"2025-06-09T02:24:42+00:00","author":{"@id":"https:\/\/diariodelsurdigital.com.ar\/#\/schema\/person\/6136a32571657f7dba980b88b04c5465"},"breadcrumb":{"@id":"https:\/\/diariodelsurdigital.com.ar\/?p=3054#breadcrumb"},"inLanguage":"es","potentialAction":[{"@type":"ReadAction","target":["https:\/\/diariodelsurdigital.com.ar\/?p=3054"]}]},{"@type":"ImageObject","inLanguage":"es","@id":"https:\/\/diariodelsurdigital.com.ar\/?p=3054#primaryimage","url":"https:\/\/diariodelsurdigital.com.ar\/wp-content\/uploads\/2025\/06\/benitez.jpg","contentUrl":"https:\/\/diariodelsurdigital.com.ar\/wp-content\/uploads\/2025\/06\/benitez.jpg","width":535,"height":366},{"@type":"BreadcrumbList","@id":"https:\/\/diariodelsurdigital.com.ar\/?p=3054#breadcrumb","itemListElement":[{"@type":"ListItem","position":1,"name":"Portada","item":"https:\/\/diariodelsurdigital.com.ar\/"},{"@type":"ListItem","position":2,"name":"PANQUEQUE: \u201cHace apenas diez d\u00edas que el intendente de Puerto Yeru\u00e1 se nos dio vuelta\u201d, dijeron intendentes de la Sub 40"}]},{"@type":"WebSite","@id":"https:\/\/diariodelsurdigital.com.ar\/#website","url":"https:\/\/diariodelsurdigital.com.ar\/","name":"Diario del Sur","description":"Digital","potentialAction":[{"@type":"SearchAction","target":{"@type":"EntryPoint","urlTemplate":"https:\/\/diariodelsurdigital.com.ar\/?s={search_term_string}"},"query-input":{"@type":"PropertyValueSpecification","valueRequired":true,"valueName":"search_term_string"}}],"inLanguage":"es"},{"@type":"Person","@id":"https:\/\/diariodelsurdigital.com.ar\/#\/schema\/person\/6136a32571657f7dba980b88b04c5465","name":"Diario del Sur Digital","image":{"@type":"ImageObject","inLanguage":"es","@id":"https:\/\/secure.gravatar.com\/avatar\/4c29ceac98541dd42460b2474aaa5dd37594d6ce6cb3cf2c101d09b48ee287ba?s=96&d=mm&r=g","url":"https:\/\/secure.gravatar.com\/avatar\/4c29ceac98541dd42460b2474aaa5dd37594d6ce6cb3cf2c101d09b48ee287ba?s=96&d=mm&r=g","contentUrl":"https:\/\/secure.gravatar.com\/avatar\/4c29ceac98541dd42460b2474aaa5dd37594d6ce6cb3cf2c101d09b48ee287ba?s=96&d=mm&r=g","caption":"Diario del Sur Digital"},"url":"https:\/\/diariodelsurdigital.com.ar\/?author=2"}]}},"_links":{"self":[{"href":"https:\/\/diariodelsurdigital.com.ar\/index.php?rest_route=\/wp\/v2\/posts\/3054","targetHints":{"allow":["GET"]}}],"collection":[{"href":"https:\/\/diariodelsurdigital.com.ar\/index.php?rest_route=\/wp\/v2\/posts"}],"about":[{"href":"https:\/\/diariodelsurdigital.com.ar\/index.php?rest_route=\/wp\/v2\/types\/post"}],"author":[{"embeddable":true,"href":"https:\/\/diariodelsurdigital.com.ar\/index.php?rest_route=\/wp\/v2\/users\/2"}],"replies":[{"embeddable":true,"href":"https:\/\/diariodelsurdigital.com.ar\/index.php?rest_route=%2Fwp%2Fv2%2Fcomments&post=3054"}],"version-history":[{"count":1,"href":"https:\/\/diariodelsurdigital.com.ar\/index.php?rest_route=\/wp\/v2\/posts\/3054\/revisions"}],"predecessor-version":[{"id":3056,"href":"https:\/\/diariodelsurdigital.com.ar\/index.php?rest_route=\/wp\/v2\/posts\/3054\/revisions\/3056"}],"wp:featuredmedia":[{"embeddable":true,"href":"https:\/\/diariodelsurdigital.com.ar\/index.php?rest_route=\/wp\/v2\/media\/3055"}],"wp:attachment":[{"href":"https:\/\/diariodelsurdigital.com.ar\/index.php?rest_route=%2Fwp%2Fv2%2Fmedia&parent=3054"}],"wp:term":[{"taxonomy":"category","embeddable":true,"href":"https:\/\/diariodelsurdigital.com.ar\/index.php?rest_route=%2Fwp%2Fv2%2Fcategories&post=3054"},{"taxonomy":"post_tag","embeddable":true,"href":"https:\/\/diariodelsurdigital.com.ar\/index.php?rest_route=%2Fwp%2Fv2%2Ftags&post=3054"}],"curies":[{"name":"wp","href":"https:\/\/api.w.org\/{rel}","templated":true}]}}