{"id":3065,"date":"2025-06-09T13:22:02","date_gmt":"2025-06-09T16:22:02","guid":{"rendered":"https:\/\/diariodelsurdigital.com.ar\/?p=3065"},"modified":"2025-06-09T13:22:04","modified_gmt":"2025-06-09T16:22:04","slug":"el-gobierno-avanza-hacia-el-cierre-definitivo-del-programa-procrear","status":"publish","type":"post","link":"https:\/\/diariodelsurdigital.com.ar\/?p=3065","title":{"rendered":"El Gobierno avanza hacia el cierre definitivo del programa Procrear"},"content":{"rendered":"\n<p>Tras haber sido disuelto en noviembre del a\u00f1o pasado, el Gobierno emiti\u00f3 una serie de lineamientos para liquidar en su totalidad el programa Pro.Cre.Ar., que ofrec\u00eda l\u00edneas de cr\u00e9ditos subsidiadas para el acceso a la vivienda.<\/p>\n\n\n\n<p>A trav\u00e9s de la resoluci\u00f3n 764\/2025 publicada en el Bolet\u00edn Oficial, el Ministerio de Econom\u00eda enlist\u00f3 los procedimientos necesarios para desmantelar el fondo fiduciario que administraba el programa que hab\u00eda sido creado en 2012. De esta manera, el organismo asegura la continuidad de los procesos financieros y la correcta disposici\u00f3n de los bienes involucrados tras su disoluci\u00f3n. Seg\u00fan se detall\u00f3 en el texto, la Secretar\u00eda de Obras P\u00fablicas ser\u00e1 la encargada de dicho procedimiento.<\/p>\n\n\n\n<p>En tanto, lo dispuesto en el contrato con el Banco Hipotecario continuar\u00e1 bajo las mismas condiciones de retribuci\u00f3n establecidas originalmente. La instituci\u00f3n desempe\u00f1a el rol de fiduciario para la gesti\u00f3n de los cr\u00e9ditos individuales que a\u00fan deben ser administrados hasta su total liquidaci\u00f3n. En esa misma l\u00ednea, autoriza la celebraci\u00f3n y suscripci\u00f3n de un Contrato de Mandato para la Gesti\u00f3n de Cr\u00e9ditos Individuales entre la cartera que dirige Luis Caputo y la entidad bancaria.<\/p>\n\n\n\n<p>En el caso de bienes inmuebles que no est\u00e9n afectados a contratos de locaci\u00f3n de obra vigentes, deber\u00e1n ser transferidos a la Agencia de Administraci\u00f3n de Bienes del Estado (AABE), tal como se mencion\u00f3 en el decreto 1018\/2024 que dispuso la disoluci\u00f3n publicada el 13 de noviembre. M\u00e1s all\u00e1 de la decisi\u00f3n tomada, el Ejecutivo se\u00f1al\u00f3: \u201cNo es posible desconocer la dificultad de vastos sectores de la sociedad para acceder a una vivienda, producto de contextos desfavorables para el acceso a cr\u00e9ditos, generados, entre otros motivos, por la alta inflaci\u00f3n de las \u00faltimas d\u00e9cadas\u201d.<\/p>\n\n\n\n<p>Al mismo tiempo, se\u00f1al\u00f3 que \u201cla financiaci\u00f3n de la construcci\u00f3n de viviendas es una actividad propia y principal de los bancos comerciales, privados y p\u00fablicos, por lo que no se justifica la intervenci\u00f3n del Estado en esa materia\u201d.<\/p>\n\n\n\n<p>Un d\u00eda antes de que se publicara el texto, el vocero presidencial, Manuel Adorni, indicaba a trav\u00e9s de su cuenta de X, dos novedades en materia econ\u00f3mica, y una de ellas hac\u00eda menci\u00f3n de que \u201cel plan Procrear tal y como lo conocemos, dejar\u00e1 de existir. Adem\u00e1s de esto, se comenzar\u00e1n a permitir las \u2018hipotecas divisibles\u2019 para proyectos inmobiliarios en desarrollo\u201d.<\/p>\n\n\n\n<p>Por otro lado, la Direcci\u00f3n Nacional de Normalizaci\u00f3n Patrimonial, dependiente de la Secretar\u00eda de Legal y T\u00e9cnica, fue instruida para realizar las acciones necesarias para cumplir con el contrato de gesti\u00f3n de cobranzas, asegur\u00e1ndose de que los fondos recaudados sean canalizados correctamente hacia las cuentas p\u00fablicas, neto del costo de gesti\u00f3n y cualquier retribuci\u00f3n pendiente. Esta medida tambi\u00e9n incluye la instrucci\u00f3n para vender carteras de cr\u00e9ditos cuyo rendimiento sea inferior al cuarenta por ciento de la suma total esperada.<\/p>\n\n\n\n<p>\u201cLa adopci\u00f3n de las medidas que resulten necesarias a los fines de dar cumplimiento a lo establecido en el Contrato de Gesti\u00f3n de Cobranzas a celebrarse entre este ministerio y el Banco Hipotecario S.A., suscribiendo los actos jur\u00eddicos pertinentes a dicho efecto\u201d, sostiene la resoluci\u00f3n publicada este lunes en horas de la madrugada.<\/p>\n\n\n\n<p>A su vez, la Subsecretar\u00eda Legal deber\u00e1 involucrarse en los procedimientos judiciales que puedan surgir a ra\u00edz del desmantelamiento del fondo fiduciario. En esta oportunidad, la publicaci\u00f3n tambi\u00e9n record\u00f3 lo establecido en el art\u00edculo 5 del decreto original, respecto de la posibilidad que adopt\u00f3 el Ministerio de Econom\u00eda de transferir inmuebles o unidades a provincias, municipios, la Ciudad Aut\u00f3noma de Buenos Aires, institutos de vivienda y otros organismos del Estado Nacional, con la \u201cprevia intervenci\u00f3n del Tribunal de Tasaciones de la Naci\u00f3n\u201d.<\/p>\n\n\n\n<p>Y si los respectivos inmuebles hubiesen sido aportados por Provincias o Municipios u otros \u201cpod\u00eda acordarse su restituci\u00f3n total o parcial a favor del aportante de origen que se trate\u201d. (<\/p>\n\n\n\n<p><\/p>\n","protected":false},"excerpt":{"rendered":"<p>Tras haber sido disuelto en noviembre del a\u00f1o pasado, el Gobierno emiti\u00f3 una serie de lineamientos para liquidar en su totalidad el programa Pro.Cre.Ar., que ofrec\u00eda l\u00edneas de cr\u00e9ditos subsidiadas para el acceso a la vivienda. A trav\u00e9s de la resoluci\u00f3n 764\/2025 publicada en el Bolet\u00edn Oficial, el Ministerio de Econom\u00eda enlist\u00f3 los procedimientos necesarios [&hellip;]<\/p>\n","protected":false},"author":4,"featured_media":3066,"comment_status":"open","ping_status":"open","sticky":false,"template":"","format":"standard","meta":{"footnotes":""},"categories":[19,18],"tags":[],"class_list":{"0":"post-3065","1":"post","2":"type-post","3":"status-publish","4":"format-standard","5":"has-post-thumbnail","7":"category-interes-general","8":"category-nacionales"},"yoast_head":"<!-- This site is optimized with the Yoast SEO plugin v27.4 - https:\/\/yoast.com\/product\/yoast-seo-wordpress\/ -->\n<title>El Gobierno avanza hacia el cierre definitivo del programa Procrear - Diario del Sur<\/title>\n<meta name=\"robots\" content=\"index, follow, max-snippet:-1, max-image-preview:large, max-video-preview:-1\" \/>\n<link rel=\"canonical\" href=\"https:\/\/diariodelsurdigital.com.ar\/?p=3065\" \/>\n<meta property=\"og:locale\" content=\"es_ES\" \/>\n<meta property=\"og:type\" content=\"article\" \/>\n<meta property=\"og:title\" content=\"El Gobierno avanza hacia el cierre definitivo del programa Procrear - Diario del Sur\" \/>\n<meta property=\"og:description\" content=\"Tras haber sido disuelto en noviembre del a\u00f1o pasado, el Gobierno emiti\u00f3 una serie de lineamientos para liquidar en su totalidad el programa Pro.Cre.Ar., que ofrec\u00eda l\u00edneas de cr\u00e9ditos subsidiadas para el acceso a la vivienda. A trav\u00e9s de la resoluci\u00f3n 764\/2025 publicada en el Bolet\u00edn Oficial, el Ministerio de Econom\u00eda enlist\u00f3 los procedimientos necesarios [&hellip;]\" \/>\n<meta property=\"og:url\" content=\"https:\/\/diariodelsurdigital.com.ar\/?p=3065\" \/>\n<meta property=\"og:site_name\" content=\"Diario del Sur\" \/>\n<meta property=\"article:published_time\" content=\"2025-06-09T16:22:02+00:00\" \/>\n<meta property=\"article:modified_time\" content=\"2025-06-09T16:22:04+00:00\" \/>\n<meta property=\"og:image\" content=\"https:\/\/diariodelsurdigital.com.ar\/wp-content\/uploads\/2025\/06\/md-4-2.webp\" \/>\n\t<meta property=\"og:image:width\" content=\"992\" \/>\n\t<meta property=\"og:image:height\" content=\"661\" \/>\n\t<meta property=\"og:image:type\" content=\"image\/webp\" \/>\n<meta name=\"author\" content=\"Diario del Sur Digital\" \/>\n<meta name=\"twitter:card\" content=\"summary_large_image\" \/>\n<meta name=\"twitter:label1\" content=\"Escrito por\" \/>\n\t<meta name=\"twitter:data1\" content=\"Diario del Sur Digital\" \/>\n\t<meta name=\"twitter:label2\" content=\"Tiempo de lectura\" \/>\n\t<meta name=\"twitter:data2\" content=\"4 minutos\" \/>\n<script type=\"application\/ld+json\" class=\"yoast-schema-graph\">{\"@context\":\"https:\\\/\\\/schema.org\",\"@graph\":[{\"@type\":\"Article\",\"@id\":\"https:\\\/\\\/diariodelsurdigital.com.ar\\\/?p=3065#article\",\"isPartOf\":{\"@id\":\"https:\\\/\\\/diariodelsurdigital.com.ar\\\/?p=3065\"},\"author\":{\"name\":\"Diario del Sur Digital\",\"@id\":\"https:\\\/\\\/diariodelsurdigital.com.ar\\\/#\\\/schema\\\/person\\\/1a4992532ed62965c968031b49195c81\"},\"headline\":\"El Gobierno avanza hacia el cierre definitivo del programa Procrear\",\"datePublished\":\"2025-06-09T16:22:02+00:00\",\"dateModified\":\"2025-06-09T16:22:04+00:00\",\"mainEntityOfPage\":{\"@id\":\"https:\\\/\\\/diariodelsurdigital.com.ar\\\/?p=3065\"},\"wordCount\":705,\"commentCount\":0,\"image\":{\"@id\":\"https:\\\/\\\/diariodelsurdigital.com.ar\\\/?p=3065#primaryimage\"},\"thumbnailUrl\":\"https:\\\/\\\/diariodelsurdigital.com.ar\\\/wp-content\\\/uploads\\\/2025\\\/06\\\/md-4-2.webp\",\"articleSection\":[\"Inter\u00e9s General\",\"Nacionales\"],\"inLanguage\":\"es\",\"potentialAction\":[{\"@type\":\"CommentAction\",\"name\":\"Comment\",\"target\":[\"https:\\\/\\\/diariodelsurdigital.com.ar\\\/?p=3065#respond\"]}]},{\"@type\":\"WebPage\",\"@id\":\"https:\\\/\\\/diariodelsurdigital.com.ar\\\/?p=3065\",\"url\":\"https:\\\/\\\/diariodelsurdigital.com.ar\\\/?p=3065\",\"name\":\"El Gobierno avanza hacia el cierre definitivo del programa Procrear - Diario del Sur\",\"isPartOf\":{\"@id\":\"https:\\\/\\\/diariodelsurdigital.com.ar\\\/#website\"},\"primaryImageOfPage\":{\"@id\":\"https:\\\/\\\/diariodelsurdigital.com.ar\\\/?p=3065#primaryimage\"},\"image\":{\"@id\":\"https:\\\/\\\/diariodelsurdigital.com.ar\\\/?p=3065#primaryimage\"},\"thumbnailUrl\":\"https:\\\/\\\/diariodelsurdigital.com.ar\\\/wp-content\\\/uploads\\\/2025\\\/06\\\/md-4-2.webp\",\"datePublished\":\"2025-06-09T16:22:02+00:00\",\"dateModified\":\"2025-06-09T16:22:04+00:00\",\"author\":{\"@id\":\"https:\\\/\\\/diariodelsurdigital.com.ar\\\/#\\\/schema\\\/person\\\/1a4992532ed62965c968031b49195c81\"},\"breadcrumb\":{\"@id\":\"https:\\\/\\\/diariodelsurdigital.com.ar\\\/?p=3065#breadcrumb\"},\"inLanguage\":\"es\",\"potentialAction\":[{\"@type\":\"ReadAction\",\"target\":[\"https:\\\/\\\/diariodelsurdigital.com.ar\\\/?p=3065\"]}]},{\"@type\":\"ImageObject\",\"inLanguage\":\"es\",\"@id\":\"https:\\\/\\\/diariodelsurdigital.com.ar\\\/?p=3065#primaryimage\",\"url\":\"https:\\\/\\\/diariodelsurdigital.com.ar\\\/wp-content\\\/uploads\\\/2025\\\/06\\\/md-4-2.webp\",\"contentUrl\":\"https:\\\/\\\/diariodelsurdigital.com.ar\\\/wp-content\\\/uploads\\\/2025\\\/06\\\/md-4-2.webp\",\"width\":992,\"height\":661},{\"@type\":\"BreadcrumbList\",\"@id\":\"https:\\\/\\\/diariodelsurdigital.com.ar\\\/?p=3065#breadcrumb\",\"itemListElement\":[{\"@type\":\"ListItem\",\"position\":1,\"name\":\"Portada\",\"item\":\"https:\\\/\\\/diariodelsurdigital.com.ar\\\/\"},{\"@type\":\"ListItem\",\"position\":2,\"name\":\"El Gobierno avanza hacia el cierre definitivo del programa Procrear\"}]},{\"@type\":\"WebSite\",\"@id\":\"https:\\\/\\\/diariodelsurdigital.com.ar\\\/#website\",\"url\":\"https:\\\/\\\/diariodelsurdigital.com.ar\\\/\",\"name\":\"Diario del Sur\",\"description\":\"Digital\",\"potentialAction\":[{\"@type\":\"SearchAction\",\"target\":{\"@type\":\"EntryPoint\",\"urlTemplate\":\"https:\\\/\\\/diariodelsurdigital.com.ar\\\/?s={search_term_string}\"},\"query-input\":{\"@type\":\"PropertyValueSpecification\",\"valueRequired\":true,\"valueName\":\"search_term_string\"}}],\"inLanguage\":\"es\"},{\"@type\":\"Person\",\"@id\":\"https:\\\/\\\/diariodelsurdigital.com.ar\\\/#\\\/schema\\\/person\\\/1a4992532ed62965c968031b49195c81\",\"name\":\"Diario del Sur Digital\",\"image\":{\"@type\":\"ImageObject\",\"inLanguage\":\"es\",\"@id\":\"https:\\\/\\\/secure.gravatar.com\\\/avatar\\\/f0c7c47fc7146d19828273b9b8eda651c9c7ab583767e6338d3d3bee825adf76?s=96&d=mm&r=g\",\"url\":\"https:\\\/\\\/secure.gravatar.com\\\/avatar\\\/f0c7c47fc7146d19828273b9b8eda651c9c7ab583767e6338d3d3bee825adf76?s=96&d=mm&r=g\",\"contentUrl\":\"https:\\\/\\\/secure.gravatar.com\\\/avatar\\\/f0c7c47fc7146d19828273b9b8eda651c9c7ab583767e6338d3d3bee825adf76?s=96&d=mm&r=g\",\"caption\":\"Diario del Sur Digital\"},\"url\":\"https:\\\/\\\/diariodelsurdigital.com.ar\\\/?author=4\"}]}<\/script>\n<!-- \/ Yoast SEO plugin. -->","yoast_head_json":{"title":"El Gobierno avanza hacia el cierre definitivo del programa Procrear - Diario del Sur","robots":{"index":"index","follow":"follow","max-snippet":"max-snippet:-1","max-image-preview":"max-image-preview:large","max-video-preview":"max-video-preview:-1"},"canonical":"https:\/\/diariodelsurdigital.com.ar\/?p=3065","og_locale":"es_ES","og_type":"article","og_title":"El Gobierno avanza hacia el cierre definitivo del programa Procrear - Diario del Sur","og_description":"Tras haber sido disuelto en noviembre del a\u00f1o pasado, el Gobierno emiti\u00f3 una serie de lineamientos para liquidar en su totalidad el programa Pro.Cre.Ar., que ofrec\u00eda l\u00edneas de cr\u00e9ditos subsidiadas para el acceso a la vivienda. A trav\u00e9s de la resoluci\u00f3n 764\/2025 publicada en el Bolet\u00edn Oficial, el Ministerio de Econom\u00eda enlist\u00f3 los procedimientos necesarios [&hellip;]","og_url":"https:\/\/diariodelsurdigital.com.ar\/?p=3065","og_site_name":"Diario del Sur","article_published_time":"2025-06-09T16:22:02+00:00","article_modified_time":"2025-06-09T16:22:04+00:00","og_image":[{"width":992,"height":661,"url":"https:\/\/diariodelsurdigital.com.ar\/wp-content\/uploads\/2025\/06\/md-4-2.webp","type":"image\/webp"}],"author":"Diario del Sur Digital","twitter_card":"summary_large_image","twitter_misc":{"Escrito por":"Diario del Sur Digital","Tiempo de lectura":"4 minutos"},"schema":{"@context":"https:\/\/schema.org","@graph":[{"@type":"Article","@id":"https:\/\/diariodelsurdigital.com.ar\/?p=3065#article","isPartOf":{"@id":"https:\/\/diariodelsurdigital.com.ar\/?p=3065"},"author":{"name":"Diario del Sur Digital","@id":"https:\/\/diariodelsurdigital.com.ar\/#\/schema\/person\/1a4992532ed62965c968031b49195c81"},"headline":"El Gobierno avanza hacia el cierre definitivo del programa Procrear","datePublished":"2025-06-09T16:22:02+00:00","dateModified":"2025-06-09T16:22:04+00:00","mainEntityOfPage":{"@id":"https:\/\/diariodelsurdigital.com.ar\/?p=3065"},"wordCount":705,"commentCount":0,"image":{"@id":"https:\/\/diariodelsurdigital.com.ar\/?p=3065#primaryimage"},"thumbnailUrl":"https:\/\/diariodelsurdigital.com.ar\/wp-content\/uploads\/2025\/06\/md-4-2.webp","articleSection":["Inter\u00e9s General","Nacionales"],"inLanguage":"es","potentialAction":[{"@type":"CommentAction","name":"Comment","target":["https:\/\/diariodelsurdigital.com.ar\/?p=3065#respond"]}]},{"@type":"WebPage","@id":"https:\/\/diariodelsurdigital.com.ar\/?p=3065","url":"https:\/\/diariodelsurdigital.com.ar\/?p=3065","name":"El Gobierno avanza hacia el cierre definitivo del programa Procrear - Diario del Sur","isPartOf":{"@id":"https:\/\/diariodelsurdigital.com.ar\/#website"},"primaryImageOfPage":{"@id":"https:\/\/diariodelsurdigital.com.ar\/?p=3065#primaryimage"},"image":{"@id":"https:\/\/diariodelsurdigital.com.ar\/?p=3065#primaryimage"},"thumbnailUrl":"https:\/\/diariodelsurdigital.com.ar\/wp-content\/uploads\/2025\/06\/md-4-2.webp","datePublished":"2025-06-09T16:22:02+00:00","dateModified":"2025-06-09T16:22:04+00:00","author":{"@id":"https:\/\/diariodelsurdigital.com.ar\/#\/schema\/person\/1a4992532ed62965c968031b49195c81"},"breadcrumb":{"@id":"https:\/\/diariodelsurdigital.com.ar\/?p=3065#breadcrumb"},"inLanguage":"es","potentialAction":[{"@type":"ReadAction","target":["https:\/\/diariodelsurdigital.com.ar\/?p=3065"]}]},{"@type":"ImageObject","inLanguage":"es","@id":"https:\/\/diariodelsurdigital.com.ar\/?p=3065#primaryimage","url":"https:\/\/diariodelsurdigital.com.ar\/wp-content\/uploads\/2025\/06\/md-4-2.webp","contentUrl":"https:\/\/diariodelsurdigital.com.ar\/wp-content\/uploads\/2025\/06\/md-4-2.webp","width":992,"height":661},{"@type":"BreadcrumbList","@id":"https:\/\/diariodelsurdigital.com.ar\/?p=3065#breadcrumb","itemListElement":[{"@type":"ListItem","position":1,"name":"Portada","item":"https:\/\/diariodelsurdigital.com.ar\/"},{"@type":"ListItem","position":2,"name":"El Gobierno avanza hacia el cierre definitivo del programa Procrear"}]},{"@type":"WebSite","@id":"https:\/\/diariodelsurdigital.com.ar\/#website","url":"https:\/\/diariodelsurdigital.com.ar\/","name":"Diario del Sur","description":"Digital","potentialAction":[{"@type":"SearchAction","target":{"@type":"EntryPoint","urlTemplate":"https:\/\/diariodelsurdigital.com.ar\/?s={search_term_string}"},"query-input":{"@type":"PropertyValueSpecification","valueRequired":true,"valueName":"search_term_string"}}],"inLanguage":"es"},{"@type":"Person","@id":"https:\/\/diariodelsurdigital.com.ar\/#\/schema\/person\/1a4992532ed62965c968031b49195c81","name":"Diario del Sur Digital","image":{"@type":"ImageObject","inLanguage":"es","@id":"https:\/\/secure.gravatar.com\/avatar\/f0c7c47fc7146d19828273b9b8eda651c9c7ab583767e6338d3d3bee825adf76?s=96&d=mm&r=g","url":"https:\/\/secure.gravatar.com\/avatar\/f0c7c47fc7146d19828273b9b8eda651c9c7ab583767e6338d3d3bee825adf76?s=96&d=mm&r=g","contentUrl":"https:\/\/secure.gravatar.com\/avatar\/f0c7c47fc7146d19828273b9b8eda651c9c7ab583767e6338d3d3bee825adf76?s=96&d=mm&r=g","caption":"Diario del Sur Digital"},"url":"https:\/\/diariodelsurdigital.com.ar\/?author=4"}]}},"_links":{"self":[{"href":"https:\/\/diariodelsurdigital.com.ar\/index.php?rest_route=\/wp\/v2\/posts\/3065","targetHints":{"allow":["GET"]}}],"collection":[{"href":"https:\/\/diariodelsurdigital.com.ar\/index.php?rest_route=\/wp\/v2\/posts"}],"about":[{"href":"https:\/\/diariodelsurdigital.com.ar\/index.php?rest_route=\/wp\/v2\/types\/post"}],"author":[{"embeddable":true,"href":"https:\/\/diariodelsurdigital.com.ar\/index.php?rest_route=\/wp\/v2\/users\/4"}],"replies":[{"embeddable":true,"href":"https:\/\/diariodelsurdigital.com.ar\/index.php?rest_route=%2Fwp%2Fv2%2Fcomments&post=3065"}],"version-history":[{"count":1,"href":"https:\/\/diariodelsurdigital.com.ar\/index.php?rest_route=\/wp\/v2\/posts\/3065\/revisions"}],"predecessor-version":[{"id":3067,"href":"https:\/\/diariodelsurdigital.com.ar\/index.php?rest_route=\/wp\/v2\/posts\/3065\/revisions\/3067"}],"wp:featuredmedia":[{"embeddable":true,"href":"https:\/\/diariodelsurdigital.com.ar\/index.php?rest_route=\/wp\/v2\/media\/3066"}],"wp:attachment":[{"href":"https:\/\/diariodelsurdigital.com.ar\/index.php?rest_route=%2Fwp%2Fv2%2Fmedia&parent=3065"}],"wp:term":[{"taxonomy":"category","embeddable":true,"href":"https:\/\/diariodelsurdigital.com.ar\/index.php?rest_route=%2Fwp%2Fv2%2Fcategories&post=3065"},{"taxonomy":"post_tag","embeddable":true,"href":"https:\/\/diariodelsurdigital.com.ar\/index.php?rest_route=%2Fwp%2Fv2%2Ftags&post=3065"}],"curies":[{"name":"wp","href":"https:\/\/api.w.org\/{rel}","templated":true}]}}