{"id":3068,"date":"2025-06-09T13:24:25","date_gmt":"2025-06-09T16:24:25","guid":{"rendered":"https:\/\/diariodelsurdigital.com.ar\/?p=3068"},"modified":"2025-06-09T13:24:26","modified_gmt":"2025-06-09T16:24:26","slug":"federico-sturzenegger-nuestra-propuesta-va-a-ser-motosierra-en-las-provincias","status":"publish","type":"post","link":"https:\/\/diariodelsurdigital.com.ar\/?p=3068","title":{"rendered":"Federico Sturzenegger: \u201cNuestra propuesta va a ser motosierra en las provincias\u201d"},"content":{"rendered":"\n<p>El ministro de Desregulaci\u00f3n y Transformaci\u00f3n del Estado dijo que de ese modo se podr\u00e1 continuar con la baja de impuestos. Hizo un contraste con el aumento del gasto en las gestiones kirchneristas y el discurso de Kicillof que -se\u00f1al\u00f3- implica \u201cmucho Estado y muchos impuestos\u201d.<\/p>\n\n\n\n<p><\/p>\n\n\n\n<p>El ministro de Desregulaci\u00f3n y Transformaci\u00f3n del Estado, Federico Sturzenegger, ratific\u00f3 la continuidad de la motosierra como n\u00facleo de la gesti\u00f3n del gobierno de Javier Milei y tambi\u00e9n como propuesta electoral.<\/p>\n\n\n\n<p>\u201cNuestra propuesta va a ser motosierra en las provincias. \u00bfPara qu\u00e9? Para que ese gasto p\u00fablico m\u00e1s peque\u00f1o implique menos impuestos para la gente\u201d, explic\u00f3 el funcionario, en una entrevista por TN.<\/p>\n\n\n\n<p>Sturzenegger dijo que a partir de la baja de 30% del gasto p\u00fablico el gobierno redujo 19 impuestos en 18 meses<\/p>\n\n\n\n<p>\u201cEl m\u00e1s importante, el primero que baj\u00f3, fue el impuesto inflacionario, porque el gasto en gran medida se financiaba con emisi\u00f3n monetaria. Ha seguido bajando impuestos y vamos a seguir haci\u00e9ndolo porque de eso se trata la motosierra: bajar el tama\u00f1o del Estado para poder cobrar menos impuestos\u201d.<\/p>\n\n\n\n<p>En ese sentido, dijo que ese ser\u00e1 el n\u00facleo de la propuesta y el debate electoral por parte del oficialismo. La carga tributaria, se\u00f1al\u00f3, \u201cno es solo del gobierno nacional; es del gobierno nacional, el gobierno provincial y de los gobiernos municipales. Cuando yo escucho alguna gente allegada a (Axel) Kicillof decir que la propuesta de ellos es que en la provincia de Buenos Aires no haya motosierra, es buen\u00edsimo que lo digan con tanto claridad, porque lo que est\u00e1n diciendo es que quieren mucho gasto p\u00fablico, mucho estado y eso quiere decir muchos impuestos. Y la propuesta de LLA, que ya estamos ejecutando y por eso Luis Caputo ha bajado 19 impuestos en 18 meses, es la propuesta que vamos a llevar a la provincia y a las municipalidades.<\/p>\n\n\n\n<p>\u201cCuanto m\u00e1s logremos avanzar con la motosierra, y el presidente es en esto contundente e inclaudicable, el crecimiento econ\u00f3mico va a ir generando m\u00e1s recursos\u201d, se\u00f1al\u00f3 el funcionario, a quien Milei suele llamar \u201cColoso\u201d.<\/p>\n\n\n\n<p>Sturzenegger dijo que el kirchnerismo cuando tuvo m\u00e1s recursos mientras dur\u00f3 el crecimiento dec\u00eda \u201cuy, tengo m\u00e1s guita, \u00bfc\u00f3mo la gasto?\u201d. En cambio, subray\u00f3, \u201cMilei tiene una idea totalmente diferente: el gasto p\u00fablico va a ir para abajo y en la medida que suban los recursos por el crecimiento econ\u00f3mico se van a dedicar enteramente a baja de impuestos\u201d.<\/p>\n\n\n\n<p>En ese contexto, sigui\u00f3, \u201cse va a generar un debate interesante sobre qu\u00e9 impuestos hay que bajar. Cada uno tendr\u00e1 sus preferencias. Por ejemplo, el sector financiero va a decir \u00bfsacame el impuesto a los d\u00e9bitos y cr\u00e9ditos (al cheque)\u2019, que es un impuesto a la formalidad, porque la desincentiva. El campo te va a decir retenciones. La industria va a pedir rebaja de aranceles a los bienes de capital, para importarlos m\u00e1s barato\u201d.<\/p>\n\n\n\n<p>La CGT, sugiri\u00f3 el funcionario, \u201cdeber\u00eda decir \u2018bajame los impuestos al trabajo\u2019 \u201c. Y dijo que al respecto se podr\u00eda empezar aliviando o eliminando aportes y contribuciones a los sectores de ingresos m\u00e1s bajos.<\/p>\n\n\n\n<p>\u201cSer\u00eda un buen comienzo. El impuesto a las Ganancias en la Argentina lo paga solamente el 15% m\u00e1s rico de la poblaci\u00f3n. Es raro, porque en EEUU lo paga el 50% m\u00e1s rico de la poblaci\u00f3n. En la Argentina es muy acotado y yo creo que es porque el sindicalismo tiene sus afiliados en ese 15%. Pero si el impuesto a las Ganancias es bajo, el IVA tiene que ser alto. En EEUU el impuesto a las Ganancias lo paga el 50%, pero el impuesto a las ventas, equivalente del IVA, es el 8%. All\u00ed el 50% m\u00e1s pobre de la poblaci\u00f3n paga mucho menos impuestos que el 50% m\u00e1s pobre de la Argentina\u201d, dijo Sturzenegger.<\/p>\n\n\n\n<p>Por todo eso, insisti\u00f3, \u201cJavier Milei va a abrir en la Argentina la posibilidad de que debata la baja de impuestos, y el margen para seguir bajando impuestos es porque vamos a seguir con la motosierra a full y el crecimiento nos va a dar margen\u201d.<\/p>\n\n\n\n<p>El 8 de julio expiran las \u201cfacultades delegadas\u201d que por la ley Bases el Congreso le dio al ejecutivo para que -explic\u00f3 Sturzenegger- \u201ccuando encontr\u00e1ramos algo que hac\u00eda el Estado que era innecesario seguir, pod\u00edamos decir, el gobierno deja de hacerlo y si esa delegaci\u00f3n ven\u00eda de una ley, se puede cambiar esa ley. Ese proceso, todo lo que quer\u00edamos hacer va a estar hecho para el 8 de julio. Hemos trabajado much\u00edsimo. Nos queda una parte final y el martes tenemos una reuni\u00f3n gabinete para ver qu\u00e9 falta\u201d.<\/p>\n\n\n\n<p>Cuando en la transmisi\u00f3n se mostraron im\u00e1genes de los disturbios y protestas ante un centro de inmigrantes en Los \u00c1ngeles, EEUU, Sturzenegger observ\u00f3 que en el mundo \u201cse est\u00e1n dando movimientos demogr\u00e1ficos muy importantes: en Jap\u00f3n la natalidad es de menos de un ni\u00f1o por mujer. Quiere decir que en una generaci\u00f3n la poblaci\u00f3n de Jap\u00f3n cae a la mitad. Quiere decir que en Jap\u00f3n van a sobrar edificios, trenes, infraestructura. Europa tambi\u00e9n est\u00e1 con la poblaci\u00f3n en declinaci\u00f3n. Los \u00fanicos lugares del mundo donde la poblaci\u00f3n est\u00e1 creciendo son \u00c1frica, Medio Oriente y Centro Am\u00e9rica. Me parece que eso es un poco lo que est\u00e1 pasando en EEUU\u201d.<\/p>\n\n\n\n<p>Consultado espec\u00edficamente sobre qu\u00e9 recortes m\u00e1s puede haber al gasto p\u00fablico, Sturzenegger refiri\u00f3 que la \u00faltima etapa empez\u00f3 en el \u00e1rea de Cultura que -dijo- \u201cgastaba un mont\u00f3n de dinero en algo que la gente no estaba demandando\u201d, publico InfoBae.<\/p>\n\n\n\n<p>\u201cNosotros hasta ahora hemos recortado 50.000 empleados p\u00fablicos, y eso no ha resultado en una merma en los servicios, muchos eran \u00f1oquis o gente que hac\u00eda cosas que la sociedad no valoraba. No vamos a cortar cosas que importen a la gente. La AUH es lo \u00fanico que este gobierno subi\u00f3\u201d. Como ejemplo de gasto innecesario se\u00f1al\u00f3 que el INTA ten\u00eda 3.000 veh\u00edculos para 6.000 empleados y un presupuesto de $400.000 millones. Y que el Senasa ten\u00eda 700 camionetas. \u201cHay \u00e1reas que tienen m\u00e1s secretarios que varios ministerios. Son cosas que se hicieron para generar puestos y generar caja\u201d, se\u00f1al\u00f3. Y cuando se le marc\u00f3 el nivel \u201crid\u00edculo\u201d de lo que ganan los m\u00e9dicos residentes del Hospital Garrahan respondi\u00f3: \u201cJustamente, si ten\u00e9s un mont\u00f3n de gente que no concurre a trabajar es m\u00e1s dif\u00edcil pagar buenos suelos a quien realmente hay que pagarle. Los 50.000 empleos que nosotros hemos reducido le generan al Estado un ahorro de USD 2.000 millones al a\u00f1o. Son USD 2.000 millones menos de impuestos que le ten\u00e9s que cobrar a los argentinos\u201d.<\/p>\n","protected":false},"excerpt":{"rendered":"<p>El ministro de Desregulaci\u00f3n y Transformaci\u00f3n del Estado dijo que de ese modo se podr\u00e1 continuar con la baja de impuestos. Hizo un contraste con el aumento del gasto en las gestiones kirchneristas y el discurso de Kicillof que -se\u00f1al\u00f3- implica \u201cmucho Estado y muchos impuestos\u201d. El ministro de Desregulaci\u00f3n y Transformaci\u00f3n del Estado, Federico [&hellip;]<\/p>\n","protected":false},"author":4,"featured_media":3069,"comment_status":"open","ping_status":"open","sticky":false,"template":"","format":"standard","meta":{"footnotes":""},"categories":[22],"tags":[],"class_list":{"0":"post-3068","1":"post","2":"type-post","3":"status-publish","4":"format-standard","5":"has-post-thumbnail","7":"category-politica"},"yoast_head":"<!-- This site is optimized with the Yoast SEO plugin v27.4 - https:\/\/yoast.com\/product\/yoast-seo-wordpress\/ -->\n<title>Federico Sturzenegger: \u201cNuestra propuesta va a ser motosierra en las provincias\u201d - Diario del Sur<\/title>\n<meta name=\"robots\" content=\"index, follow, max-snippet:-1, max-image-preview:large, max-video-preview:-1\" \/>\n<link rel=\"canonical\" href=\"https:\/\/diariodelsurdigital.com.ar\/?p=3068\" \/>\n<meta property=\"og:locale\" content=\"es_ES\" \/>\n<meta property=\"og:type\" content=\"article\" \/>\n<meta property=\"og:title\" content=\"Federico Sturzenegger: \u201cNuestra propuesta va a ser motosierra en las provincias\u201d - Diario del Sur\" \/>\n<meta property=\"og:description\" content=\"El ministro de Desregulaci\u00f3n y Transformaci\u00f3n del Estado dijo que de ese modo se podr\u00e1 continuar con la baja de impuestos. Hizo un contraste con el aumento del gasto en las gestiones kirchneristas y el discurso de Kicillof que -se\u00f1al\u00f3- implica \u201cmucho Estado y muchos impuestos\u201d. El ministro de Desregulaci\u00f3n y Transformaci\u00f3n del Estado, Federico [&hellip;]\" \/>\n<meta property=\"og:url\" content=\"https:\/\/diariodelsurdigital.com.ar\/?p=3068\" \/>\n<meta property=\"og:site_name\" content=\"Diario del Sur\" \/>\n<meta property=\"article:published_time\" content=\"2025-06-09T16:24:25+00:00\" \/>\n<meta property=\"article:modified_time\" content=\"2025-06-09T16:24:26+00:00\" \/>\n<meta property=\"og:image\" content=\"https:\/\/diariodelsurdigital.com.ar\/wp-content\/uploads\/2025\/06\/md-5-1.webp\" \/>\n\t<meta property=\"og:image:width\" content=\"992\" \/>\n\t<meta property=\"og:image:height\" content=\"744\" \/>\n\t<meta property=\"og:image:type\" content=\"image\/webp\" \/>\n<meta name=\"author\" content=\"Diario del Sur Digital\" \/>\n<meta name=\"twitter:card\" content=\"summary_large_image\" \/>\n<meta name=\"twitter:label1\" content=\"Escrito por\" \/>\n\t<meta name=\"twitter:data1\" content=\"Diario del Sur Digital\" \/>\n\t<meta name=\"twitter:label2\" content=\"Tiempo de lectura\" \/>\n\t<meta name=\"twitter:data2\" content=\"6 minutos\" \/>\n<script type=\"application\/ld+json\" class=\"yoast-schema-graph\">{\"@context\":\"https:\\\/\\\/schema.org\",\"@graph\":[{\"@type\":\"Article\",\"@id\":\"https:\\\/\\\/diariodelsurdigital.com.ar\\\/?p=3068#article\",\"isPartOf\":{\"@id\":\"https:\\\/\\\/diariodelsurdigital.com.ar\\\/?p=3068\"},\"author\":{\"name\":\"Diario del Sur Digital\",\"@id\":\"https:\\\/\\\/diariodelsurdigital.com.ar\\\/#\\\/schema\\\/person\\\/1a4992532ed62965c968031b49195c81\"},\"headline\":\"Federico Sturzenegger: \u201cNuestra propuesta va a ser motosierra en las provincias\u201d\",\"datePublished\":\"2025-06-09T16:24:25+00:00\",\"dateModified\":\"2025-06-09T16:24:26+00:00\",\"mainEntityOfPage\":{\"@id\":\"https:\\\/\\\/diariodelsurdigital.com.ar\\\/?p=3068\"},\"wordCount\":1163,\"commentCount\":0,\"image\":{\"@id\":\"https:\\\/\\\/diariodelsurdigital.com.ar\\\/?p=3068#primaryimage\"},\"thumbnailUrl\":\"https:\\\/\\\/diariodelsurdigital.com.ar\\\/wp-content\\\/uploads\\\/2025\\\/06\\\/md-5-1.webp\",\"articleSection\":[\"Pol\u00edtica\"],\"inLanguage\":\"es\",\"potentialAction\":[{\"@type\":\"CommentAction\",\"name\":\"Comment\",\"target\":[\"https:\\\/\\\/diariodelsurdigital.com.ar\\\/?p=3068#respond\"]}]},{\"@type\":\"WebPage\",\"@id\":\"https:\\\/\\\/diariodelsurdigital.com.ar\\\/?p=3068\",\"url\":\"https:\\\/\\\/diariodelsurdigital.com.ar\\\/?p=3068\",\"name\":\"Federico Sturzenegger: \u201cNuestra propuesta va a ser motosierra en las provincias\u201d - Diario del Sur\",\"isPartOf\":{\"@id\":\"https:\\\/\\\/diariodelsurdigital.com.ar\\\/#website\"},\"primaryImageOfPage\":{\"@id\":\"https:\\\/\\\/diariodelsurdigital.com.ar\\\/?p=3068#primaryimage\"},\"image\":{\"@id\":\"https:\\\/\\\/diariodelsurdigital.com.ar\\\/?p=3068#primaryimage\"},\"thumbnailUrl\":\"https:\\\/\\\/diariodelsurdigital.com.ar\\\/wp-content\\\/uploads\\\/2025\\\/06\\\/md-5-1.webp\",\"datePublished\":\"2025-06-09T16:24:25+00:00\",\"dateModified\":\"2025-06-09T16:24:26+00:00\",\"author\":{\"@id\":\"https:\\\/\\\/diariodelsurdigital.com.ar\\\/#\\\/schema\\\/person\\\/1a4992532ed62965c968031b49195c81\"},\"breadcrumb\":{\"@id\":\"https:\\\/\\\/diariodelsurdigital.com.ar\\\/?p=3068#breadcrumb\"},\"inLanguage\":\"es\",\"potentialAction\":[{\"@type\":\"ReadAction\",\"target\":[\"https:\\\/\\\/diariodelsurdigital.com.ar\\\/?p=3068\"]}]},{\"@type\":\"ImageObject\",\"inLanguage\":\"es\",\"@id\":\"https:\\\/\\\/diariodelsurdigital.com.ar\\\/?p=3068#primaryimage\",\"url\":\"https:\\\/\\\/diariodelsurdigital.com.ar\\\/wp-content\\\/uploads\\\/2025\\\/06\\\/md-5-1.webp\",\"contentUrl\":\"https:\\\/\\\/diariodelsurdigital.com.ar\\\/wp-content\\\/uploads\\\/2025\\\/06\\\/md-5-1.webp\",\"width\":992,\"height\":744},{\"@type\":\"BreadcrumbList\",\"@id\":\"https:\\\/\\\/diariodelsurdigital.com.ar\\\/?p=3068#breadcrumb\",\"itemListElement\":[{\"@type\":\"ListItem\",\"position\":1,\"name\":\"Portada\",\"item\":\"https:\\\/\\\/diariodelsurdigital.com.ar\\\/\"},{\"@type\":\"ListItem\",\"position\":2,\"name\":\"Federico Sturzenegger: \u201cNuestra propuesta va a ser motosierra en las provincias\u201d\"}]},{\"@type\":\"WebSite\",\"@id\":\"https:\\\/\\\/diariodelsurdigital.com.ar\\\/#website\",\"url\":\"https:\\\/\\\/diariodelsurdigital.com.ar\\\/\",\"name\":\"Diario del Sur\",\"description\":\"Digital\",\"potentialAction\":[{\"@type\":\"SearchAction\",\"target\":{\"@type\":\"EntryPoint\",\"urlTemplate\":\"https:\\\/\\\/diariodelsurdigital.com.ar\\\/?s={search_term_string}\"},\"query-input\":{\"@type\":\"PropertyValueSpecification\",\"valueRequired\":true,\"valueName\":\"search_term_string\"}}],\"inLanguage\":\"es\"},{\"@type\":\"Person\",\"@id\":\"https:\\\/\\\/diariodelsurdigital.com.ar\\\/#\\\/schema\\\/person\\\/1a4992532ed62965c968031b49195c81\",\"name\":\"Diario del Sur Digital\",\"image\":{\"@type\":\"ImageObject\",\"inLanguage\":\"es\",\"@id\":\"https:\\\/\\\/secure.gravatar.com\\\/avatar\\\/f0c7c47fc7146d19828273b9b8eda651c9c7ab583767e6338d3d3bee825adf76?s=96&d=mm&r=g\",\"url\":\"https:\\\/\\\/secure.gravatar.com\\\/avatar\\\/f0c7c47fc7146d19828273b9b8eda651c9c7ab583767e6338d3d3bee825adf76?s=96&d=mm&r=g\",\"contentUrl\":\"https:\\\/\\\/secure.gravatar.com\\\/avatar\\\/f0c7c47fc7146d19828273b9b8eda651c9c7ab583767e6338d3d3bee825adf76?s=96&d=mm&r=g\",\"caption\":\"Diario del Sur Digital\"},\"url\":\"https:\\\/\\\/diariodelsurdigital.com.ar\\\/?author=4\"}]}<\/script>\n<!-- \/ Yoast SEO plugin. -->","yoast_head_json":{"title":"Federico Sturzenegger: \u201cNuestra propuesta va a ser motosierra en las provincias\u201d - Diario del Sur","robots":{"index":"index","follow":"follow","max-snippet":"max-snippet:-1","max-image-preview":"max-image-preview:large","max-video-preview":"max-video-preview:-1"},"canonical":"https:\/\/diariodelsurdigital.com.ar\/?p=3068","og_locale":"es_ES","og_type":"article","og_title":"Federico Sturzenegger: \u201cNuestra propuesta va a ser motosierra en las provincias\u201d - Diario del Sur","og_description":"El ministro de Desregulaci\u00f3n y Transformaci\u00f3n del Estado dijo que de ese modo se podr\u00e1 continuar con la baja de impuestos. Hizo un contraste con el aumento del gasto en las gestiones kirchneristas y el discurso de Kicillof que -se\u00f1al\u00f3- implica \u201cmucho Estado y muchos impuestos\u201d. El ministro de Desregulaci\u00f3n y Transformaci\u00f3n del Estado, Federico [&hellip;]","og_url":"https:\/\/diariodelsurdigital.com.ar\/?p=3068","og_site_name":"Diario del Sur","article_published_time":"2025-06-09T16:24:25+00:00","article_modified_time":"2025-06-09T16:24:26+00:00","og_image":[{"width":992,"height":744,"url":"https:\/\/diariodelsurdigital.com.ar\/wp-content\/uploads\/2025\/06\/md-5-1.webp","type":"image\/webp"}],"author":"Diario del Sur Digital","twitter_card":"summary_large_image","twitter_misc":{"Escrito por":"Diario del Sur Digital","Tiempo de lectura":"6 minutos"},"schema":{"@context":"https:\/\/schema.org","@graph":[{"@type":"Article","@id":"https:\/\/diariodelsurdigital.com.ar\/?p=3068#article","isPartOf":{"@id":"https:\/\/diariodelsurdigital.com.ar\/?p=3068"},"author":{"name":"Diario del Sur Digital","@id":"https:\/\/diariodelsurdigital.com.ar\/#\/schema\/person\/1a4992532ed62965c968031b49195c81"},"headline":"Federico Sturzenegger: \u201cNuestra propuesta va a ser motosierra en las provincias\u201d","datePublished":"2025-06-09T16:24:25+00:00","dateModified":"2025-06-09T16:24:26+00:00","mainEntityOfPage":{"@id":"https:\/\/diariodelsurdigital.com.ar\/?p=3068"},"wordCount":1163,"commentCount":0,"image":{"@id":"https:\/\/diariodelsurdigital.com.ar\/?p=3068#primaryimage"},"thumbnailUrl":"https:\/\/diariodelsurdigital.com.ar\/wp-content\/uploads\/2025\/06\/md-5-1.webp","articleSection":["Pol\u00edtica"],"inLanguage":"es","potentialAction":[{"@type":"CommentAction","name":"Comment","target":["https:\/\/diariodelsurdigital.com.ar\/?p=3068#respond"]}]},{"@type":"WebPage","@id":"https:\/\/diariodelsurdigital.com.ar\/?p=3068","url":"https:\/\/diariodelsurdigital.com.ar\/?p=3068","name":"Federico Sturzenegger: \u201cNuestra propuesta va a ser motosierra en las provincias\u201d - Diario del Sur","isPartOf":{"@id":"https:\/\/diariodelsurdigital.com.ar\/#website"},"primaryImageOfPage":{"@id":"https:\/\/diariodelsurdigital.com.ar\/?p=3068#primaryimage"},"image":{"@id":"https:\/\/diariodelsurdigital.com.ar\/?p=3068#primaryimage"},"thumbnailUrl":"https:\/\/diariodelsurdigital.com.ar\/wp-content\/uploads\/2025\/06\/md-5-1.webp","datePublished":"2025-06-09T16:24:25+00:00","dateModified":"2025-06-09T16:24:26+00:00","author":{"@id":"https:\/\/diariodelsurdigital.com.ar\/#\/schema\/person\/1a4992532ed62965c968031b49195c81"},"breadcrumb":{"@id":"https:\/\/diariodelsurdigital.com.ar\/?p=3068#breadcrumb"},"inLanguage":"es","potentialAction":[{"@type":"ReadAction","target":["https:\/\/diariodelsurdigital.com.ar\/?p=3068"]}]},{"@type":"ImageObject","inLanguage":"es","@id":"https:\/\/diariodelsurdigital.com.ar\/?p=3068#primaryimage","url":"https:\/\/diariodelsurdigital.com.ar\/wp-content\/uploads\/2025\/06\/md-5-1.webp","contentUrl":"https:\/\/diariodelsurdigital.com.ar\/wp-content\/uploads\/2025\/06\/md-5-1.webp","width":992,"height":744},{"@type":"BreadcrumbList","@id":"https:\/\/diariodelsurdigital.com.ar\/?p=3068#breadcrumb","itemListElement":[{"@type":"ListItem","position":1,"name":"Portada","item":"https:\/\/diariodelsurdigital.com.ar\/"},{"@type":"ListItem","position":2,"name":"Federico Sturzenegger: \u201cNuestra propuesta va a ser motosierra en las provincias\u201d"}]},{"@type":"WebSite","@id":"https:\/\/diariodelsurdigital.com.ar\/#website","url":"https:\/\/diariodelsurdigital.com.ar\/","name":"Diario del Sur","description":"Digital","potentialAction":[{"@type":"SearchAction","target":{"@type":"EntryPoint","urlTemplate":"https:\/\/diariodelsurdigital.com.ar\/?s={search_term_string}"},"query-input":{"@type":"PropertyValueSpecification","valueRequired":true,"valueName":"search_term_string"}}],"inLanguage":"es"},{"@type":"Person","@id":"https:\/\/diariodelsurdigital.com.ar\/#\/schema\/person\/1a4992532ed62965c968031b49195c81","name":"Diario del Sur Digital","image":{"@type":"ImageObject","inLanguage":"es","@id":"https:\/\/secure.gravatar.com\/avatar\/f0c7c47fc7146d19828273b9b8eda651c9c7ab583767e6338d3d3bee825adf76?s=96&d=mm&r=g","url":"https:\/\/secure.gravatar.com\/avatar\/f0c7c47fc7146d19828273b9b8eda651c9c7ab583767e6338d3d3bee825adf76?s=96&d=mm&r=g","contentUrl":"https:\/\/secure.gravatar.com\/avatar\/f0c7c47fc7146d19828273b9b8eda651c9c7ab583767e6338d3d3bee825adf76?s=96&d=mm&r=g","caption":"Diario del Sur Digital"},"url":"https:\/\/diariodelsurdigital.com.ar\/?author=4"}]}},"_links":{"self":[{"href":"https:\/\/diariodelsurdigital.com.ar\/index.php?rest_route=\/wp\/v2\/posts\/3068","targetHints":{"allow":["GET"]}}],"collection":[{"href":"https:\/\/diariodelsurdigital.com.ar\/index.php?rest_route=\/wp\/v2\/posts"}],"about":[{"href":"https:\/\/diariodelsurdigital.com.ar\/index.php?rest_route=\/wp\/v2\/types\/post"}],"author":[{"embeddable":true,"href":"https:\/\/diariodelsurdigital.com.ar\/index.php?rest_route=\/wp\/v2\/users\/4"}],"replies":[{"embeddable":true,"href":"https:\/\/diariodelsurdigital.com.ar\/index.php?rest_route=%2Fwp%2Fv2%2Fcomments&post=3068"}],"version-history":[{"count":1,"href":"https:\/\/diariodelsurdigital.com.ar\/index.php?rest_route=\/wp\/v2\/posts\/3068\/revisions"}],"predecessor-version":[{"id":3070,"href":"https:\/\/diariodelsurdigital.com.ar\/index.php?rest_route=\/wp\/v2\/posts\/3068\/revisions\/3070"}],"wp:featuredmedia":[{"embeddable":true,"href":"https:\/\/diariodelsurdigital.com.ar\/index.php?rest_route=\/wp\/v2\/media\/3069"}],"wp:attachment":[{"href":"https:\/\/diariodelsurdigital.com.ar\/index.php?rest_route=%2Fwp%2Fv2%2Fmedia&parent=3068"}],"wp:term":[{"taxonomy":"category","embeddable":true,"href":"https:\/\/diariodelsurdigital.com.ar\/index.php?rest_route=%2Fwp%2Fv2%2Fcategories&post=3068"},{"taxonomy":"post_tag","embeddable":true,"href":"https:\/\/diariodelsurdigital.com.ar\/index.php?rest_route=%2Fwp%2Fv2%2Ftags&post=3068"}],"curies":[{"name":"wp","href":"https:\/\/api.w.org\/{rel}","templated":true}]}}