{"id":3074,"date":"2025-06-09T13:40:19","date_gmt":"2025-06-09T16:40:19","guid":{"rendered":"https:\/\/diariodelsurdigital.com.ar\/?p=3074"},"modified":"2025-06-09T13:40:20","modified_gmt":"2025-06-09T16:40:20","slug":"ante-la-expectativa-por-la-sentencia-contra-cfk-se-realizara-una-reunion-en-la-sede-del-pj-nacional","status":"publish","type":"post","link":"https:\/\/diariodelsurdigital.com.ar\/?p=3074","title":{"rendered":"Ante la expectativa por la sentencia contra CFK, se realizar\u00e1 una reuni\u00f3n en la sede del PJ nacional"},"content":{"rendered":"\n<p>El objetivo del encuentro convocado por el senador Oscar Parrilli ser\u00e1 el de definir acciones frente a la decisi\u00f3n final de la Corte, la cual podr\u00eda dejar firme la condena contra la titular del PJ por la Causa Vialidad. De ser as\u00ed, la ex Vicepresidenta no podr\u00eda presentarse como diputada en los pr\u00f3ximos comicios bonaerenses, y deber\u00eda cumplir arresto.<\/p>\n\n\n\n<p>El senador nacional de Uni\u00f3n por la Patria (UxP) Oscar Parrilli convoc\u00f3 a una reuni\u00f3n de dirigentes y legisladores kirchneristas para este lunes en la sede del PJ nacional (en un primer momento se hab\u00eda convocado en el Instituto Patria pero se defini\u00f3 cambiar de sede), frente a la posibilidad de que en los pr\u00f3ximos d\u00edas la Corte Suprema de Justicia (CSJ) deje firme el fallo condenatorio contra la ex presidenta y actual titular del Partido Justicialista (PJ), Cristina Kirchner.<\/p>\n\n\n\n<p>El encuentro se llevar\u00e1 a cabo a las 15:00 y de la reuni\u00f3n convocada por Parrilli participar\u00e1n diputados, senadores, dirigentes y referentes sindicales del kirchernismo.<\/p>\n\n\n\n<p>D\u00edas atr\u00e1s, la Corte Suprema rechaz\u00f3 in limine por unanimidad la recusaci\u00f3n presentada por la defensa de Cristina, por considerar que el planteo fue presentado fuera de los plazos procesales y carece de fundamentos jur\u00eddicos suficientes.<\/p>\n\n\n\n<p>\u201cEl planteo no fue realizado en tiempo oportuno y no cumple con la fundamentaci\u00f3n exigida por la ley\u201d, subray\u00f3 el m\u00e1ximo tribunal a cargo de Carlos Rosenkrantz, Horacio Rosatti y Ricardo Lorenzetti, que tambi\u00e9n remarc\u00f3 que la defensa no ofreci\u00f3 pruebas para sostener las acusaciones ni invoc\u00f3 causal espec\u00edfica prevista por el C\u00f3digo Procesal Penal, public\u00f3 Diario.Ar.<\/p>\n","protected":false},"excerpt":{"rendered":"<p>El objetivo del encuentro convocado por el senador Oscar Parrilli ser\u00e1 el de definir acciones frente a la decisi\u00f3n final de la Corte, la cual podr\u00eda dejar firme la condena contra la titular del PJ por la Causa Vialidad. De ser as\u00ed, la ex Vicepresidenta no podr\u00eda presentarse como diputada en los pr\u00f3ximos comicios bonaerenses, [&hellip;]<\/p>\n","protected":false},"author":4,"featured_media":3075,"comment_status":"open","ping_status":"open","sticky":false,"template":"","format":"standard","meta":{"footnotes":""},"categories":[18,22],"tags":[],"class_list":{"0":"post-3074","1":"post","2":"type-post","3":"status-publish","4":"format-standard","5":"has-post-thumbnail","7":"category-nacionales","8":"category-politica"},"yoast_head":"<!-- This site is optimized with the Yoast SEO plugin v27.4 - https:\/\/yoast.com\/product\/yoast-seo-wordpress\/ -->\n<title>Ante la expectativa por la sentencia contra CFK, se realizar\u00e1 una reuni\u00f3n en la sede del PJ nacional - Diario del Sur<\/title>\n<meta name=\"robots\" content=\"index, follow, max-snippet:-1, max-image-preview:large, max-video-preview:-1\" \/>\n<link rel=\"canonical\" href=\"https:\/\/diariodelsurdigital.com.ar\/?p=3074\" \/>\n<meta property=\"og:locale\" content=\"es_ES\" \/>\n<meta property=\"og:type\" content=\"article\" \/>\n<meta property=\"og:title\" content=\"Ante la expectativa por la sentencia contra CFK, se realizar\u00e1 una reuni\u00f3n en la sede del PJ nacional - Diario del Sur\" \/>\n<meta property=\"og:description\" content=\"El objetivo del encuentro convocado por el senador Oscar Parrilli ser\u00e1 el de definir acciones frente a la decisi\u00f3n final de la Corte, la cual podr\u00eda dejar firme la condena contra la titular del PJ por la Causa Vialidad. De ser as\u00ed, la ex Vicepresidenta no podr\u00eda presentarse como diputada en los pr\u00f3ximos comicios bonaerenses, [&hellip;]\" \/>\n<meta property=\"og:url\" content=\"https:\/\/diariodelsurdigital.com.ar\/?p=3074\" \/>\n<meta property=\"og:site_name\" content=\"Diario del Sur\" \/>\n<meta property=\"article:published_time\" content=\"2025-06-09T16:40:19+00:00\" \/>\n<meta property=\"article:modified_time\" content=\"2025-06-09T16:40:20+00:00\" \/>\n<meta property=\"og:image\" content=\"https:\/\/diariodelsurdigital.com.ar\/wp-content\/uploads\/2025\/06\/md-7-1.webp\" \/>\n\t<meta property=\"og:image:width\" content=\"992\" \/>\n\t<meta property=\"og:image:height\" content=\"661\" \/>\n\t<meta property=\"og:image:type\" content=\"image\/webp\" \/>\n<meta name=\"author\" content=\"Diario del Sur Digital\" \/>\n<meta name=\"twitter:card\" content=\"summary_large_image\" \/>\n<meta name=\"twitter:label1\" content=\"Escrito por\" \/>\n\t<meta name=\"twitter:data1\" content=\"Diario del Sur Digital\" \/>\n\t<meta name=\"twitter:label2\" content=\"Tiempo de lectura\" \/>\n\t<meta name=\"twitter:data2\" content=\"2 minutos\" \/>\n<script type=\"application\/ld+json\" class=\"yoast-schema-graph\">{\"@context\":\"https:\\\/\\\/schema.org\",\"@graph\":[{\"@type\":\"Article\",\"@id\":\"https:\\\/\\\/diariodelsurdigital.com.ar\\\/?p=3074#article\",\"isPartOf\":{\"@id\":\"https:\\\/\\\/diariodelsurdigital.com.ar\\\/?p=3074\"},\"author\":{\"name\":\"Diario del Sur Digital\",\"@id\":\"https:\\\/\\\/diariodelsurdigital.com.ar\\\/#\\\/schema\\\/person\\\/1a4992532ed62965c968031b49195c81\"},\"headline\":\"Ante la expectativa por la sentencia contra CFK, se realizar\u00e1 una reuni\u00f3n en la sede del PJ nacional\",\"datePublished\":\"2025-06-09T16:40:19+00:00\",\"dateModified\":\"2025-06-09T16:40:20+00:00\",\"mainEntityOfPage\":{\"@id\":\"https:\\\/\\\/diariodelsurdigital.com.ar\\\/?p=3074\"},\"wordCount\":297,\"commentCount\":0,\"image\":{\"@id\":\"https:\\\/\\\/diariodelsurdigital.com.ar\\\/?p=3074#primaryimage\"},\"thumbnailUrl\":\"https:\\\/\\\/diariodelsurdigital.com.ar\\\/wp-content\\\/uploads\\\/2025\\\/06\\\/md-7-1.webp\",\"articleSection\":[\"Nacionales\",\"Pol\u00edtica\"],\"inLanguage\":\"es\",\"potentialAction\":[{\"@type\":\"CommentAction\",\"name\":\"Comment\",\"target\":[\"https:\\\/\\\/diariodelsurdigital.com.ar\\\/?p=3074#respond\"]}]},{\"@type\":\"WebPage\",\"@id\":\"https:\\\/\\\/diariodelsurdigital.com.ar\\\/?p=3074\",\"url\":\"https:\\\/\\\/diariodelsurdigital.com.ar\\\/?p=3074\",\"name\":\"Ante la expectativa por la sentencia contra CFK, se realizar\u00e1 una reuni\u00f3n en la sede del PJ nacional - Diario del Sur\",\"isPartOf\":{\"@id\":\"https:\\\/\\\/diariodelsurdigital.com.ar\\\/#website\"},\"primaryImageOfPage\":{\"@id\":\"https:\\\/\\\/diariodelsurdigital.com.ar\\\/?p=3074#primaryimage\"},\"image\":{\"@id\":\"https:\\\/\\\/diariodelsurdigital.com.ar\\\/?p=3074#primaryimage\"},\"thumbnailUrl\":\"https:\\\/\\\/diariodelsurdigital.com.ar\\\/wp-content\\\/uploads\\\/2025\\\/06\\\/md-7-1.webp\",\"datePublished\":\"2025-06-09T16:40:19+00:00\",\"dateModified\":\"2025-06-09T16:40:20+00:00\",\"author\":{\"@id\":\"https:\\\/\\\/diariodelsurdigital.com.ar\\\/#\\\/schema\\\/person\\\/1a4992532ed62965c968031b49195c81\"},\"breadcrumb\":{\"@id\":\"https:\\\/\\\/diariodelsurdigital.com.ar\\\/?p=3074#breadcrumb\"},\"inLanguage\":\"es\",\"potentialAction\":[{\"@type\":\"ReadAction\",\"target\":[\"https:\\\/\\\/diariodelsurdigital.com.ar\\\/?p=3074\"]}]},{\"@type\":\"ImageObject\",\"inLanguage\":\"es\",\"@id\":\"https:\\\/\\\/diariodelsurdigital.com.ar\\\/?p=3074#primaryimage\",\"url\":\"https:\\\/\\\/diariodelsurdigital.com.ar\\\/wp-content\\\/uploads\\\/2025\\\/06\\\/md-7-1.webp\",\"contentUrl\":\"https:\\\/\\\/diariodelsurdigital.com.ar\\\/wp-content\\\/uploads\\\/2025\\\/06\\\/md-7-1.webp\",\"width\":992,\"height\":661},{\"@type\":\"BreadcrumbList\",\"@id\":\"https:\\\/\\\/diariodelsurdigital.com.ar\\\/?p=3074#breadcrumb\",\"itemListElement\":[{\"@type\":\"ListItem\",\"position\":1,\"name\":\"Portada\",\"item\":\"https:\\\/\\\/diariodelsurdigital.com.ar\\\/\"},{\"@type\":\"ListItem\",\"position\":2,\"name\":\"Ante la expectativa por la sentencia contra CFK, se realizar\u00e1 una reuni\u00f3n en la sede del PJ nacional\"}]},{\"@type\":\"WebSite\",\"@id\":\"https:\\\/\\\/diariodelsurdigital.com.ar\\\/#website\",\"url\":\"https:\\\/\\\/diariodelsurdigital.com.ar\\\/\",\"name\":\"Diario del Sur\",\"description\":\"Digital\",\"potentialAction\":[{\"@type\":\"SearchAction\",\"target\":{\"@type\":\"EntryPoint\",\"urlTemplate\":\"https:\\\/\\\/diariodelsurdigital.com.ar\\\/?s={search_term_string}\"},\"query-input\":{\"@type\":\"PropertyValueSpecification\",\"valueRequired\":true,\"valueName\":\"search_term_string\"}}],\"inLanguage\":\"es\"},{\"@type\":\"Person\",\"@id\":\"https:\\\/\\\/diariodelsurdigital.com.ar\\\/#\\\/schema\\\/person\\\/1a4992532ed62965c968031b49195c81\",\"name\":\"Diario del Sur Digital\",\"image\":{\"@type\":\"ImageObject\",\"inLanguage\":\"es\",\"@id\":\"https:\\\/\\\/secure.gravatar.com\\\/avatar\\\/f0c7c47fc7146d19828273b9b8eda651c9c7ab583767e6338d3d3bee825adf76?s=96&d=mm&r=g\",\"url\":\"https:\\\/\\\/secure.gravatar.com\\\/avatar\\\/f0c7c47fc7146d19828273b9b8eda651c9c7ab583767e6338d3d3bee825adf76?s=96&d=mm&r=g\",\"contentUrl\":\"https:\\\/\\\/secure.gravatar.com\\\/avatar\\\/f0c7c47fc7146d19828273b9b8eda651c9c7ab583767e6338d3d3bee825adf76?s=96&d=mm&r=g\",\"caption\":\"Diario del Sur Digital\"},\"url\":\"https:\\\/\\\/diariodelsurdigital.com.ar\\\/?author=4\"}]}<\/script>\n<!-- \/ Yoast SEO plugin. -->","yoast_head_json":{"title":"Ante la expectativa por la sentencia contra CFK, se realizar\u00e1 una reuni\u00f3n en la sede del PJ nacional - Diario del Sur","robots":{"index":"index","follow":"follow","max-snippet":"max-snippet:-1","max-image-preview":"max-image-preview:large","max-video-preview":"max-video-preview:-1"},"canonical":"https:\/\/diariodelsurdigital.com.ar\/?p=3074","og_locale":"es_ES","og_type":"article","og_title":"Ante la expectativa por la sentencia contra CFK, se realizar\u00e1 una reuni\u00f3n en la sede del PJ nacional - Diario del Sur","og_description":"El objetivo del encuentro convocado por el senador Oscar Parrilli ser\u00e1 el de definir acciones frente a la decisi\u00f3n final de la Corte, la cual podr\u00eda dejar firme la condena contra la titular del PJ por la Causa Vialidad. De ser as\u00ed, la ex Vicepresidenta no podr\u00eda presentarse como diputada en los pr\u00f3ximos comicios bonaerenses, [&hellip;]","og_url":"https:\/\/diariodelsurdigital.com.ar\/?p=3074","og_site_name":"Diario del Sur","article_published_time":"2025-06-09T16:40:19+00:00","article_modified_time":"2025-06-09T16:40:20+00:00","og_image":[{"width":992,"height":661,"url":"https:\/\/diariodelsurdigital.com.ar\/wp-content\/uploads\/2025\/06\/md-7-1.webp","type":"image\/webp"}],"author":"Diario del Sur Digital","twitter_card":"summary_large_image","twitter_misc":{"Escrito por":"Diario del Sur Digital","Tiempo de lectura":"2 minutos"},"schema":{"@context":"https:\/\/schema.org","@graph":[{"@type":"Article","@id":"https:\/\/diariodelsurdigital.com.ar\/?p=3074#article","isPartOf":{"@id":"https:\/\/diariodelsurdigital.com.ar\/?p=3074"},"author":{"name":"Diario del Sur Digital","@id":"https:\/\/diariodelsurdigital.com.ar\/#\/schema\/person\/1a4992532ed62965c968031b49195c81"},"headline":"Ante la expectativa por la sentencia contra CFK, se realizar\u00e1 una reuni\u00f3n en la sede del PJ nacional","datePublished":"2025-06-09T16:40:19+00:00","dateModified":"2025-06-09T16:40:20+00:00","mainEntityOfPage":{"@id":"https:\/\/diariodelsurdigital.com.ar\/?p=3074"},"wordCount":297,"commentCount":0,"image":{"@id":"https:\/\/diariodelsurdigital.com.ar\/?p=3074#primaryimage"},"thumbnailUrl":"https:\/\/diariodelsurdigital.com.ar\/wp-content\/uploads\/2025\/06\/md-7-1.webp","articleSection":["Nacionales","Pol\u00edtica"],"inLanguage":"es","potentialAction":[{"@type":"CommentAction","name":"Comment","target":["https:\/\/diariodelsurdigital.com.ar\/?p=3074#respond"]}]},{"@type":"WebPage","@id":"https:\/\/diariodelsurdigital.com.ar\/?p=3074","url":"https:\/\/diariodelsurdigital.com.ar\/?p=3074","name":"Ante la expectativa por la sentencia contra CFK, se realizar\u00e1 una reuni\u00f3n en la sede del PJ nacional - Diario del Sur","isPartOf":{"@id":"https:\/\/diariodelsurdigital.com.ar\/#website"},"primaryImageOfPage":{"@id":"https:\/\/diariodelsurdigital.com.ar\/?p=3074#primaryimage"},"image":{"@id":"https:\/\/diariodelsurdigital.com.ar\/?p=3074#primaryimage"},"thumbnailUrl":"https:\/\/diariodelsurdigital.com.ar\/wp-content\/uploads\/2025\/06\/md-7-1.webp","datePublished":"2025-06-09T16:40:19+00:00","dateModified":"2025-06-09T16:40:20+00:00","author":{"@id":"https:\/\/diariodelsurdigital.com.ar\/#\/schema\/person\/1a4992532ed62965c968031b49195c81"},"breadcrumb":{"@id":"https:\/\/diariodelsurdigital.com.ar\/?p=3074#breadcrumb"},"inLanguage":"es","potentialAction":[{"@type":"ReadAction","target":["https:\/\/diariodelsurdigital.com.ar\/?p=3074"]}]},{"@type":"ImageObject","inLanguage":"es","@id":"https:\/\/diariodelsurdigital.com.ar\/?p=3074#primaryimage","url":"https:\/\/diariodelsurdigital.com.ar\/wp-content\/uploads\/2025\/06\/md-7-1.webp","contentUrl":"https:\/\/diariodelsurdigital.com.ar\/wp-content\/uploads\/2025\/06\/md-7-1.webp","width":992,"height":661},{"@type":"BreadcrumbList","@id":"https:\/\/diariodelsurdigital.com.ar\/?p=3074#breadcrumb","itemListElement":[{"@type":"ListItem","position":1,"name":"Portada","item":"https:\/\/diariodelsurdigital.com.ar\/"},{"@type":"ListItem","position":2,"name":"Ante la expectativa por la sentencia contra CFK, se realizar\u00e1 una reuni\u00f3n en la sede del PJ nacional"}]},{"@type":"WebSite","@id":"https:\/\/diariodelsurdigital.com.ar\/#website","url":"https:\/\/diariodelsurdigital.com.ar\/","name":"Diario del Sur","description":"Digital","potentialAction":[{"@type":"SearchAction","target":{"@type":"EntryPoint","urlTemplate":"https:\/\/diariodelsurdigital.com.ar\/?s={search_term_string}"},"query-input":{"@type":"PropertyValueSpecification","valueRequired":true,"valueName":"search_term_string"}}],"inLanguage":"es"},{"@type":"Person","@id":"https:\/\/diariodelsurdigital.com.ar\/#\/schema\/person\/1a4992532ed62965c968031b49195c81","name":"Diario del Sur Digital","image":{"@type":"ImageObject","inLanguage":"es","@id":"https:\/\/secure.gravatar.com\/avatar\/f0c7c47fc7146d19828273b9b8eda651c9c7ab583767e6338d3d3bee825adf76?s=96&d=mm&r=g","url":"https:\/\/secure.gravatar.com\/avatar\/f0c7c47fc7146d19828273b9b8eda651c9c7ab583767e6338d3d3bee825adf76?s=96&d=mm&r=g","contentUrl":"https:\/\/secure.gravatar.com\/avatar\/f0c7c47fc7146d19828273b9b8eda651c9c7ab583767e6338d3d3bee825adf76?s=96&d=mm&r=g","caption":"Diario del Sur Digital"},"url":"https:\/\/diariodelsurdigital.com.ar\/?author=4"}]}},"_links":{"self":[{"href":"https:\/\/diariodelsurdigital.com.ar\/index.php?rest_route=\/wp\/v2\/posts\/3074","targetHints":{"allow":["GET"]}}],"collection":[{"href":"https:\/\/diariodelsurdigital.com.ar\/index.php?rest_route=\/wp\/v2\/posts"}],"about":[{"href":"https:\/\/diariodelsurdigital.com.ar\/index.php?rest_route=\/wp\/v2\/types\/post"}],"author":[{"embeddable":true,"href":"https:\/\/diariodelsurdigital.com.ar\/index.php?rest_route=\/wp\/v2\/users\/4"}],"replies":[{"embeddable":true,"href":"https:\/\/diariodelsurdigital.com.ar\/index.php?rest_route=%2Fwp%2Fv2%2Fcomments&post=3074"}],"version-history":[{"count":1,"href":"https:\/\/diariodelsurdigital.com.ar\/index.php?rest_route=\/wp\/v2\/posts\/3074\/revisions"}],"predecessor-version":[{"id":3076,"href":"https:\/\/diariodelsurdigital.com.ar\/index.php?rest_route=\/wp\/v2\/posts\/3074\/revisions\/3076"}],"wp:featuredmedia":[{"embeddable":true,"href":"https:\/\/diariodelsurdigital.com.ar\/index.php?rest_route=\/wp\/v2\/media\/3075"}],"wp:attachment":[{"href":"https:\/\/diariodelsurdigital.com.ar\/index.php?rest_route=%2Fwp%2Fv2%2Fmedia&parent=3074"}],"wp:term":[{"taxonomy":"category","embeddable":true,"href":"https:\/\/diariodelsurdigital.com.ar\/index.php?rest_route=%2Fwp%2Fv2%2Fcategories&post=3074"},{"taxonomy":"post_tag","embeddable":true,"href":"https:\/\/diariodelsurdigital.com.ar\/index.php?rest_route=%2Fwp%2Fv2%2Ftags&post=3074"}],"curies":[{"name":"wp","href":"https:\/\/api.w.org\/{rel}","templated":true}]}}