{"id":3082,"date":"2025-06-09T21:35:21","date_gmt":"2025-06-10T00:35:21","guid":{"rendered":"https:\/\/diariodelsurdigital.com.ar\/?p=3082"},"modified":"2025-06-09T21:35:22","modified_gmt":"2025-06-10T00:35:22","slug":"la-runfla-oficialista-pejotista-y-la-operacion-proscripcion-en-entre-rios","status":"publish","type":"post","link":"https:\/\/diariodelsurdigital.com.ar\/?p=3082","title":{"rendered":"La Runfla oficialista pejotista y la operaci\u00f3n proscripci\u00f3n en Entre R\u00edos"},"content":{"rendered":"\n<p><\/p>\n\n\n\n<p><strong>Por Rub\u00e9n Bonelli \u2013 Congresal Provincial y miembro del Movimiento Peronista Aut\u00e9ntico<\/strong><\/p>\n\n\n\n<p>Mientras la televisi\u00f3n me anuncia que Cristina hablar\u00e1 en el Consejo Nacional del Partido Justicialista, recordando los episodios de aquel mes de junio de 1956, en donde un general y sus subordinados, sumado a un numeroso grupo de civiles intentaron restaurar el peronismo en la Argentina, pagando luego con sus vidas tama\u00f1a haza\u00f1a, se me retuercen las tripas al enterarme de lo que est\u00e1 pasando en el peronismo de Entre R\u00edos.<\/p>\n\n\n\n<p>No quiero referirme a las decenas de millones de pesos gastadas en los medios y las redes sociales por parte de Guillermo Mitchel para poder instalarse durante los \u00faltimos meses. Ni tampoco a Ad\u00e1n Bahl, un nepote que se cree poder manejar a gusto y placer, con la complicidad del resto de la Runfla a un peronismo que est\u00e1 en agon\u00eda, en coma cuatro y con pron\u00f3stico reservado.<\/p>\n\n\n\n<p>Quiero s\u00ed, que el resto de los compa\u00f1eros que militaron desde sus distintos espacios para poder participar de una interna no sean proscriptos. Quiero que, en el Partido Justicialista, si hay que aplicar la normativa, no sea \u00fanicamente cuando se busca beneficiar a una lista que desde el vamos est\u00e1 viciada, del vamos est\u00e1 siendo impuesta a fuerza de dinero, a fuerza de una Runfla de dirigentes que se creen due\u00f1os no solo del Partido, sino de los destinos del peronismo y por ende de todos y todas los que componemos este gran movimiento nacional.<\/p>\n\n\n\n<p>Si hasta la Junta Electoral responde a la Runfla, pues la integran los abogados Luisina Minni y Pablo Pagnone, del sector de la intendenta de Paran\u00e1, Rosario Romero; H\u00e9ctor Bergara y Virginia Camarero, enrolados con el presidente del partido y ex vicegobernador Jos\u00e9 C\u00e1ceres; y Maximiliano Navarro, de la Uni\u00f3n Personal Civil de la Naci\u00f3n (UPCN). No se necesitan pruebas para sostener que la Runfla es juez y parte en este entuerto.<\/p>\n\n\n\n<p>Se creen \u201cLos due\u00f1os de todas las cosas\u201d, frase c\u00e9lebre del compa\u00f1ero Rodolfo Walsh, autor precisamente de Operaci\u00f3n Masacre, en donde describe con brillantez aquel episodio de junio de 1956 sobre los fusilamientos de un grupo de peronistas en Jos\u00e9 Le\u00f3n Su\u00e1rez y los fusilamientos del general Juan Jos\u00e9 Valle y otros militares patriotas.<\/p>\n\n\n\n<p>Por suerte, los j\u00f3venes de PAR (Peronismo Amplio Renovador) y otros sectores decidieron apelar e impugnar esta asquerosa maniobra de una mafia que se apoder\u00f3 del Partido Justicialista de Entre R\u00edos.<\/p>\n\n\n\n<p>El camino no ser\u00e1 f\u00e1cil. Se est\u00e1 tratando con una especie de oligarqu\u00eda, vuelvo a decirlo, que se apoder\u00f3 del Partido, se entroniz\u00f3 y que por intereses inconfesables tratan de defender sus prerrogativas con u\u00f1as y dientes. Algunos buscando fueros que les permitan transitar libremente durante unos a\u00f1os en libertad y otros por la sencilla raz\u00f3n de garantizarle al poder econ\u00f3mico seguir saqueando a un Pueblo y un pa\u00eds que ya no aguanta m\u00e1s. Estos personajes no son peronistas. Estos personajes no representan la derecha, son la derecha con todas las letras. Son clasistas, porque representan a una rancia burgues\u00eda parasitaria. Son golpistas, porque odian la democracia y sobre todo a la democracia interna partidaria. No tienen empacho en sus pr\u00e1cticas, de retrotraer al peronismo a los tiempos del voto cantado, como lo hac\u00eda la oligarqu\u00eda antes de la Ley Saenz Pe\u00f1a. S\u00f3lo les falta el ardid de convocar a un Congreso del Partido Justicialista armado por ellos mismos, para legitimar una lista impuesta desde el vamos mediante cualquier m\u00e9todo.<\/p>\n\n\n\n<p>El peronismo entrerriano en su conjunto tiene la palabra y la acci\u00f3n de ahora en m\u00e1s. O se contin\u00faa con este tipo de atropellos, condenando al Partido a su disoluci\u00f3n \u00a0y posterior muerte, o los j\u00f3venes, junto a algunos que peinamos canas, nos organizamos y sacamos en forma leg\u00edtima y mediante los mecanismos democr\u00e1ticos a esta Runfla de impostores que lo \u00fanico que les interesa son sus intereses de clase, sus intereses personales, familiares y la de facilitarle las ganancias al poder econ\u00f3mico y pol\u00edtico de la oligarqu\u00eda financiera y especuladora, madre de todos los males que hoy soportamos los argentinos.<\/p>\n","protected":false},"excerpt":{"rendered":"<p>Por Rub\u00e9n Bonelli \u2013 Congresal Provincial y miembro del Movimiento Peronista Aut\u00e9ntico Mientras la televisi\u00f3n me anuncia que Cristina hablar\u00e1 en el Consejo Nacional del Partido Justicialista, recordando los episodios de aquel mes de junio de 1956, en donde un general y sus subordinados, sumado a un numeroso grupo de civiles intentaron restaurar el peronismo [&hellip;]<\/p>\n","protected":false},"author":2,"featured_media":3083,"comment_status":"open","ping_status":"open","sticky":false,"template":"","format":"standard","meta":{"footnotes":""},"categories":[17],"tags":[],"class_list":{"0":"post-3082","1":"post","2":"type-post","3":"status-publish","4":"format-standard","5":"has-post-thumbnail","7":"category-provinciales"},"yoast_head":"<!-- This site is optimized with the Yoast SEO plugin v27.4 - https:\/\/yoast.com\/product\/yoast-seo-wordpress\/ -->\n<title>La Runfla oficialista pejotista y la operaci\u00f3n proscripci\u00f3n en Entre R\u00edos - Diario del Sur<\/title>\n<meta name=\"robots\" content=\"index, follow, max-snippet:-1, max-image-preview:large, max-video-preview:-1\" \/>\n<link rel=\"canonical\" href=\"https:\/\/diariodelsurdigital.com.ar\/?p=3082\" \/>\n<meta property=\"og:locale\" content=\"es_ES\" \/>\n<meta property=\"og:type\" content=\"article\" \/>\n<meta property=\"og:title\" content=\"La Runfla oficialista pejotista y la operaci\u00f3n proscripci\u00f3n en Entre R\u00edos - Diario del Sur\" \/>\n<meta property=\"og:description\" content=\"Por Rub\u00e9n Bonelli \u2013 Congresal Provincial y miembro del Movimiento Peronista Aut\u00e9ntico Mientras la televisi\u00f3n me anuncia que Cristina hablar\u00e1 en el Consejo Nacional del Partido Justicialista, recordando los episodios de aquel mes de junio de 1956, en donde un general y sus subordinados, sumado a un numeroso grupo de civiles intentaron restaurar el peronismo [&hellip;]\" \/>\n<meta property=\"og:url\" content=\"https:\/\/diariodelsurdigital.com.ar\/?p=3082\" \/>\n<meta property=\"og:site_name\" content=\"Diario del Sur\" \/>\n<meta property=\"article:published_time\" content=\"2025-06-10T00:35:21+00:00\" \/>\n<meta property=\"article:modified_time\" content=\"2025-06-10T00:35:22+00:00\" \/>\n<meta property=\"og:image\" content=\"https:\/\/diariodelsurdigital.com.ar\/wp-content\/uploads\/2025\/06\/arton40261.jpg\" \/>\n\t<meta property=\"og:image:width\" content=\"597\" \/>\n\t<meta property=\"og:image:height\" content=\"360\" \/>\n\t<meta property=\"og:image:type\" content=\"image\/jpeg\" \/>\n<meta name=\"author\" content=\"Diario del Sur Digital\" \/>\n<meta name=\"twitter:card\" content=\"summary_large_image\" \/>\n<meta name=\"twitter:label1\" content=\"Escrito por\" \/>\n\t<meta name=\"twitter:data1\" content=\"Diario del Sur Digital\" \/>\n\t<meta name=\"twitter:label2\" content=\"Tiempo de lectura\" \/>\n\t<meta name=\"twitter:data2\" content=\"4 minutos\" \/>\n<script type=\"application\/ld+json\" class=\"yoast-schema-graph\">{\"@context\":\"https:\\\/\\\/schema.org\",\"@graph\":[{\"@type\":\"Article\",\"@id\":\"https:\\\/\\\/diariodelsurdigital.com.ar\\\/?p=3082#article\",\"isPartOf\":{\"@id\":\"https:\\\/\\\/diariodelsurdigital.com.ar\\\/?p=3082\"},\"author\":{\"name\":\"Diario del Sur Digital\",\"@id\":\"https:\\\/\\\/diariodelsurdigital.com.ar\\\/#\\\/schema\\\/person\\\/6136a32571657f7dba980b88b04c5465\"},\"headline\":\"La Runfla oficialista pejotista y la operaci\u00f3n proscripci\u00f3n en Entre R\u00edos\",\"datePublished\":\"2025-06-10T00:35:21+00:00\",\"dateModified\":\"2025-06-10T00:35:22+00:00\",\"mainEntityOfPage\":{\"@id\":\"https:\\\/\\\/diariodelsurdigital.com.ar\\\/?p=3082\"},\"wordCount\":733,\"commentCount\":0,\"image\":{\"@id\":\"https:\\\/\\\/diariodelsurdigital.com.ar\\\/?p=3082#primaryimage\"},\"thumbnailUrl\":\"https:\\\/\\\/diariodelsurdigital.com.ar\\\/wp-content\\\/uploads\\\/2025\\\/06\\\/arton40261.jpg\",\"articleSection\":[\"Provinciales\"],\"inLanguage\":\"es\",\"potentialAction\":[{\"@type\":\"CommentAction\",\"name\":\"Comment\",\"target\":[\"https:\\\/\\\/diariodelsurdigital.com.ar\\\/?p=3082#respond\"]}]},{\"@type\":\"WebPage\",\"@id\":\"https:\\\/\\\/diariodelsurdigital.com.ar\\\/?p=3082\",\"url\":\"https:\\\/\\\/diariodelsurdigital.com.ar\\\/?p=3082\",\"name\":\"La Runfla oficialista pejotista y la operaci\u00f3n proscripci\u00f3n en Entre R\u00edos - Diario del Sur\",\"isPartOf\":{\"@id\":\"https:\\\/\\\/diariodelsurdigital.com.ar\\\/#website\"},\"primaryImageOfPage\":{\"@id\":\"https:\\\/\\\/diariodelsurdigital.com.ar\\\/?p=3082#primaryimage\"},\"image\":{\"@id\":\"https:\\\/\\\/diariodelsurdigital.com.ar\\\/?p=3082#primaryimage\"},\"thumbnailUrl\":\"https:\\\/\\\/diariodelsurdigital.com.ar\\\/wp-content\\\/uploads\\\/2025\\\/06\\\/arton40261.jpg\",\"datePublished\":\"2025-06-10T00:35:21+00:00\",\"dateModified\":\"2025-06-10T00:35:22+00:00\",\"author\":{\"@id\":\"https:\\\/\\\/diariodelsurdigital.com.ar\\\/#\\\/schema\\\/person\\\/6136a32571657f7dba980b88b04c5465\"},\"breadcrumb\":{\"@id\":\"https:\\\/\\\/diariodelsurdigital.com.ar\\\/?p=3082#breadcrumb\"},\"inLanguage\":\"es\",\"potentialAction\":[{\"@type\":\"ReadAction\",\"target\":[\"https:\\\/\\\/diariodelsurdigital.com.ar\\\/?p=3082\"]}]},{\"@type\":\"ImageObject\",\"inLanguage\":\"es\",\"@id\":\"https:\\\/\\\/diariodelsurdigital.com.ar\\\/?p=3082#primaryimage\",\"url\":\"https:\\\/\\\/diariodelsurdigital.com.ar\\\/wp-content\\\/uploads\\\/2025\\\/06\\\/arton40261.jpg\",\"contentUrl\":\"https:\\\/\\\/diariodelsurdigital.com.ar\\\/wp-content\\\/uploads\\\/2025\\\/06\\\/arton40261.jpg\",\"width\":597,\"height\":360},{\"@type\":\"BreadcrumbList\",\"@id\":\"https:\\\/\\\/diariodelsurdigital.com.ar\\\/?p=3082#breadcrumb\",\"itemListElement\":[{\"@type\":\"ListItem\",\"position\":1,\"name\":\"Portada\",\"item\":\"https:\\\/\\\/diariodelsurdigital.com.ar\\\/\"},{\"@type\":\"ListItem\",\"position\":2,\"name\":\"La Runfla oficialista pejotista y la operaci\u00f3n proscripci\u00f3n en Entre R\u00edos\"}]},{\"@type\":\"WebSite\",\"@id\":\"https:\\\/\\\/diariodelsurdigital.com.ar\\\/#website\",\"url\":\"https:\\\/\\\/diariodelsurdigital.com.ar\\\/\",\"name\":\"Diario del Sur\",\"description\":\"Digital\",\"potentialAction\":[{\"@type\":\"SearchAction\",\"target\":{\"@type\":\"EntryPoint\",\"urlTemplate\":\"https:\\\/\\\/diariodelsurdigital.com.ar\\\/?s={search_term_string}\"},\"query-input\":{\"@type\":\"PropertyValueSpecification\",\"valueRequired\":true,\"valueName\":\"search_term_string\"}}],\"inLanguage\":\"es\"},{\"@type\":\"Person\",\"@id\":\"https:\\\/\\\/diariodelsurdigital.com.ar\\\/#\\\/schema\\\/person\\\/6136a32571657f7dba980b88b04c5465\",\"name\":\"Diario del Sur Digital\",\"image\":{\"@type\":\"ImageObject\",\"inLanguage\":\"es\",\"@id\":\"https:\\\/\\\/secure.gravatar.com\\\/avatar\\\/4c29ceac98541dd42460b2474aaa5dd37594d6ce6cb3cf2c101d09b48ee287ba?s=96&d=mm&r=g\",\"url\":\"https:\\\/\\\/secure.gravatar.com\\\/avatar\\\/4c29ceac98541dd42460b2474aaa5dd37594d6ce6cb3cf2c101d09b48ee287ba?s=96&d=mm&r=g\",\"contentUrl\":\"https:\\\/\\\/secure.gravatar.com\\\/avatar\\\/4c29ceac98541dd42460b2474aaa5dd37594d6ce6cb3cf2c101d09b48ee287ba?s=96&d=mm&r=g\",\"caption\":\"Diario del Sur Digital\"},\"url\":\"https:\\\/\\\/diariodelsurdigital.com.ar\\\/?author=2\"}]}<\/script>\n<!-- \/ Yoast SEO plugin. -->","yoast_head_json":{"title":"La Runfla oficialista pejotista y la operaci\u00f3n proscripci\u00f3n en Entre R\u00edos - Diario del Sur","robots":{"index":"index","follow":"follow","max-snippet":"max-snippet:-1","max-image-preview":"max-image-preview:large","max-video-preview":"max-video-preview:-1"},"canonical":"https:\/\/diariodelsurdigital.com.ar\/?p=3082","og_locale":"es_ES","og_type":"article","og_title":"La Runfla oficialista pejotista y la operaci\u00f3n proscripci\u00f3n en Entre R\u00edos - Diario del Sur","og_description":"Por Rub\u00e9n Bonelli \u2013 Congresal Provincial y miembro del Movimiento Peronista Aut\u00e9ntico Mientras la televisi\u00f3n me anuncia que Cristina hablar\u00e1 en el Consejo Nacional del Partido Justicialista, recordando los episodios de aquel mes de junio de 1956, en donde un general y sus subordinados, sumado a un numeroso grupo de civiles intentaron restaurar el peronismo [&hellip;]","og_url":"https:\/\/diariodelsurdigital.com.ar\/?p=3082","og_site_name":"Diario del Sur","article_published_time":"2025-06-10T00:35:21+00:00","article_modified_time":"2025-06-10T00:35:22+00:00","og_image":[{"width":597,"height":360,"url":"https:\/\/diariodelsurdigital.com.ar\/wp-content\/uploads\/2025\/06\/arton40261.jpg","type":"image\/jpeg"}],"author":"Diario del Sur Digital","twitter_card":"summary_large_image","twitter_misc":{"Escrito por":"Diario del Sur Digital","Tiempo de lectura":"4 minutos"},"schema":{"@context":"https:\/\/schema.org","@graph":[{"@type":"Article","@id":"https:\/\/diariodelsurdigital.com.ar\/?p=3082#article","isPartOf":{"@id":"https:\/\/diariodelsurdigital.com.ar\/?p=3082"},"author":{"name":"Diario del Sur Digital","@id":"https:\/\/diariodelsurdigital.com.ar\/#\/schema\/person\/6136a32571657f7dba980b88b04c5465"},"headline":"La Runfla oficialista pejotista y la operaci\u00f3n proscripci\u00f3n en Entre R\u00edos","datePublished":"2025-06-10T00:35:21+00:00","dateModified":"2025-06-10T00:35:22+00:00","mainEntityOfPage":{"@id":"https:\/\/diariodelsurdigital.com.ar\/?p=3082"},"wordCount":733,"commentCount":0,"image":{"@id":"https:\/\/diariodelsurdigital.com.ar\/?p=3082#primaryimage"},"thumbnailUrl":"https:\/\/diariodelsurdigital.com.ar\/wp-content\/uploads\/2025\/06\/arton40261.jpg","articleSection":["Provinciales"],"inLanguage":"es","potentialAction":[{"@type":"CommentAction","name":"Comment","target":["https:\/\/diariodelsurdigital.com.ar\/?p=3082#respond"]}]},{"@type":"WebPage","@id":"https:\/\/diariodelsurdigital.com.ar\/?p=3082","url":"https:\/\/diariodelsurdigital.com.ar\/?p=3082","name":"La Runfla oficialista pejotista y la operaci\u00f3n proscripci\u00f3n en Entre R\u00edos - Diario del Sur","isPartOf":{"@id":"https:\/\/diariodelsurdigital.com.ar\/#website"},"primaryImageOfPage":{"@id":"https:\/\/diariodelsurdigital.com.ar\/?p=3082#primaryimage"},"image":{"@id":"https:\/\/diariodelsurdigital.com.ar\/?p=3082#primaryimage"},"thumbnailUrl":"https:\/\/diariodelsurdigital.com.ar\/wp-content\/uploads\/2025\/06\/arton40261.jpg","datePublished":"2025-06-10T00:35:21+00:00","dateModified":"2025-06-10T00:35:22+00:00","author":{"@id":"https:\/\/diariodelsurdigital.com.ar\/#\/schema\/person\/6136a32571657f7dba980b88b04c5465"},"breadcrumb":{"@id":"https:\/\/diariodelsurdigital.com.ar\/?p=3082#breadcrumb"},"inLanguage":"es","potentialAction":[{"@type":"ReadAction","target":["https:\/\/diariodelsurdigital.com.ar\/?p=3082"]}]},{"@type":"ImageObject","inLanguage":"es","@id":"https:\/\/diariodelsurdigital.com.ar\/?p=3082#primaryimage","url":"https:\/\/diariodelsurdigital.com.ar\/wp-content\/uploads\/2025\/06\/arton40261.jpg","contentUrl":"https:\/\/diariodelsurdigital.com.ar\/wp-content\/uploads\/2025\/06\/arton40261.jpg","width":597,"height":360},{"@type":"BreadcrumbList","@id":"https:\/\/diariodelsurdigital.com.ar\/?p=3082#breadcrumb","itemListElement":[{"@type":"ListItem","position":1,"name":"Portada","item":"https:\/\/diariodelsurdigital.com.ar\/"},{"@type":"ListItem","position":2,"name":"La Runfla oficialista pejotista y la operaci\u00f3n proscripci\u00f3n en Entre R\u00edos"}]},{"@type":"WebSite","@id":"https:\/\/diariodelsurdigital.com.ar\/#website","url":"https:\/\/diariodelsurdigital.com.ar\/","name":"Diario del Sur","description":"Digital","potentialAction":[{"@type":"SearchAction","target":{"@type":"EntryPoint","urlTemplate":"https:\/\/diariodelsurdigital.com.ar\/?s={search_term_string}"},"query-input":{"@type":"PropertyValueSpecification","valueRequired":true,"valueName":"search_term_string"}}],"inLanguage":"es"},{"@type":"Person","@id":"https:\/\/diariodelsurdigital.com.ar\/#\/schema\/person\/6136a32571657f7dba980b88b04c5465","name":"Diario del Sur Digital","image":{"@type":"ImageObject","inLanguage":"es","@id":"https:\/\/secure.gravatar.com\/avatar\/4c29ceac98541dd42460b2474aaa5dd37594d6ce6cb3cf2c101d09b48ee287ba?s=96&d=mm&r=g","url":"https:\/\/secure.gravatar.com\/avatar\/4c29ceac98541dd42460b2474aaa5dd37594d6ce6cb3cf2c101d09b48ee287ba?s=96&d=mm&r=g","contentUrl":"https:\/\/secure.gravatar.com\/avatar\/4c29ceac98541dd42460b2474aaa5dd37594d6ce6cb3cf2c101d09b48ee287ba?s=96&d=mm&r=g","caption":"Diario del Sur Digital"},"url":"https:\/\/diariodelsurdigital.com.ar\/?author=2"}]}},"_links":{"self":[{"href":"https:\/\/diariodelsurdigital.com.ar\/index.php?rest_route=\/wp\/v2\/posts\/3082","targetHints":{"allow":["GET"]}}],"collection":[{"href":"https:\/\/diariodelsurdigital.com.ar\/index.php?rest_route=\/wp\/v2\/posts"}],"about":[{"href":"https:\/\/diariodelsurdigital.com.ar\/index.php?rest_route=\/wp\/v2\/types\/post"}],"author":[{"embeddable":true,"href":"https:\/\/diariodelsurdigital.com.ar\/index.php?rest_route=\/wp\/v2\/users\/2"}],"replies":[{"embeddable":true,"href":"https:\/\/diariodelsurdigital.com.ar\/index.php?rest_route=%2Fwp%2Fv2%2Fcomments&post=3082"}],"version-history":[{"count":1,"href":"https:\/\/diariodelsurdigital.com.ar\/index.php?rest_route=\/wp\/v2\/posts\/3082\/revisions"}],"predecessor-version":[{"id":3084,"href":"https:\/\/diariodelsurdigital.com.ar\/index.php?rest_route=\/wp\/v2\/posts\/3082\/revisions\/3084"}],"wp:featuredmedia":[{"embeddable":true,"href":"https:\/\/diariodelsurdigital.com.ar\/index.php?rest_route=\/wp\/v2\/media\/3083"}],"wp:attachment":[{"href":"https:\/\/diariodelsurdigital.com.ar\/index.php?rest_route=%2Fwp%2Fv2%2Fmedia&parent=3082"}],"wp:term":[{"taxonomy":"category","embeddable":true,"href":"https:\/\/diariodelsurdigital.com.ar\/index.php?rest_route=%2Fwp%2Fv2%2Fcategories&post=3082"},{"taxonomy":"post_tag","embeddable":true,"href":"https:\/\/diariodelsurdigital.com.ar\/index.php?rest_route=%2Fwp%2Fv2%2Ftags&post=3082"}],"curies":[{"name":"wp","href":"https:\/\/api.w.org\/{rel}","templated":true}]}}