{"id":3096,"date":"2025-06-10T09:38:11","date_gmt":"2025-06-10T12:38:11","guid":{"rendered":"https:\/\/diariodelsurdigital.com.ar\/?p=3096"},"modified":"2025-06-10T09:38:12","modified_gmt":"2025-06-10T12:38:12","slug":"docentes-universitarios-paran-este-miercoles-y-jueves","status":"publish","type":"post","link":"https:\/\/diariodelsurdigital.com.ar\/?p=3096","title":{"rendered":"Docentes universitarios paran este mi\u00e9rcoles y jueves"},"content":{"rendered":"\n<p>La decisi\u00f3n fue tomada por Conadu en un Plenario de Secretarios Generales del que particip\u00f3 la Asociaci\u00f3n Gremial de Docentes Universitarios (AGDU), gremio que nuclea a profesores de la Universidad Nacional de Entre R\u00edos. El paro de 48 horas ser\u00e1 sin concurrencia a los lugares de trabajo.<\/p>\n\n\n\n<p>El Plenario de la Federaci\u00f3n Nacional de Docentes Universitarios (Conadu) se reuni\u00f3 para evaluar la situaci\u00f3n salarial y presupuestaria de las universidades p\u00fablicas y definir las acciones a seguir.<\/p>\n\n\n\n<p>Por unanimidad resolvi\u00f3:<\/p>\n\n\n\n<p>-Paro de 48 horas sin concurrencia a los lugares de trabajo el mi\u00e9rcoles 11 y jueves 12 de junio<\/p>\n\n\n\n<p>-Paro de 48 horas en la semana del 23 al 27 de junio<\/p>\n\n\n\n<p>-Marcha Nacional Universitaria esa misma semana, con movilizaciones simult\u00e1neas en todo el pa\u00eds<\/p>\n\n\n\n<p>-Acciones locales de visibilizaci\u00f3n<\/p>\n\n\n\n<p>Adem\u00e1s, se acept\u00f3 la propuesta del movimiento estudiantil para coordinar una campa\u00f1a de recolecci\u00f3n de un mill\u00f3n de firmas en apoyo al reclamo universitario que se despliegue con intervenciones callejeras por todo el territorio nacional.<\/p>\n\n\n\n<p>En el Plenario se evalu\u00f3 que los salarios se siguen deteriorando severamente, mientras el gobierno no s\u00f3lo mantiene cerrada la paritaria nacional universitaria, sino que ha anunciado que el sector p\u00fablico nacional no recibir\u00e1 ning\u00fan aumento.<\/p>\n\n\n\n<p>En ese marco, se plante\u00f3 continuar el reclamo al Congreso nacional para que sancione una ley que repare la p\u00e9rdida salarial y presupuestaria, asegurando adem\u00e1s la convocatoria a paritarias y la ampliaci\u00f3n progresiva del financiamiento necesario para el sostenimiento y desarrollo del sistema universitario, en los t\u00e9rminos planteados en el Proyecto elaborado por la representaci\u00f3n sindical docente y no docente, el movimiento estudiantil y el Consejo Interuniversitario Nacional.<\/p>\n","protected":false},"excerpt":{"rendered":"<p>La decisi\u00f3n fue tomada por Conadu en un Plenario de Secretarios Generales del que particip\u00f3 la Asociaci\u00f3n Gremial de Docentes Universitarios (AGDU), gremio que nuclea a profesores de la Universidad Nacional de Entre R\u00edos. El paro de 48 horas ser\u00e1 sin concurrencia a los lugares de trabajo. El Plenario de la Federaci\u00f3n Nacional de Docentes [&hellip;]<\/p>\n","protected":false},"author":4,"featured_media":3097,"comment_status":"open","ping_status":"open","sticky":false,"template":"","format":"standard","meta":{"footnotes":""},"categories":[18],"tags":[],"class_list":{"0":"post-3096","1":"post","2":"type-post","3":"status-publish","4":"format-standard","5":"has-post-thumbnail","7":"category-nacionales"},"yoast_head":"<!-- This site is optimized with the Yoast SEO plugin v27.4 - https:\/\/yoast.com\/product\/yoast-seo-wordpress\/ -->\n<title>Docentes universitarios paran este mi\u00e9rcoles y jueves - Diario del Sur<\/title>\n<meta name=\"robots\" content=\"index, follow, max-snippet:-1, max-image-preview:large, max-video-preview:-1\" \/>\n<link rel=\"canonical\" href=\"https:\/\/diariodelsurdigital.com.ar\/?p=3096\" \/>\n<meta property=\"og:locale\" content=\"es_ES\" \/>\n<meta property=\"og:type\" content=\"article\" \/>\n<meta property=\"og:title\" content=\"Docentes universitarios paran este mi\u00e9rcoles y jueves - Diario del Sur\" \/>\n<meta property=\"og:description\" content=\"La decisi\u00f3n fue tomada por Conadu en un Plenario de Secretarios Generales del que particip\u00f3 la Asociaci\u00f3n Gremial de Docentes Universitarios (AGDU), gremio que nuclea a profesores de la Universidad Nacional de Entre R\u00edos. El paro de 48 horas ser\u00e1 sin concurrencia a los lugares de trabajo. El Plenario de la Federaci\u00f3n Nacional de Docentes [&hellip;]\" \/>\n<meta property=\"og:url\" content=\"https:\/\/diariodelsurdigital.com.ar\/?p=3096\" \/>\n<meta property=\"og:site_name\" content=\"Diario del Sur\" \/>\n<meta property=\"article:published_time\" content=\"2025-06-10T12:38:11+00:00\" \/>\n<meta property=\"article:modified_time\" content=\"2025-06-10T12:38:12+00:00\" \/>\n<meta property=\"og:image\" content=\"https:\/\/diariodelsurdigital.com.ar\/wp-content\/uploads\/2025\/06\/md-11.webp\" \/>\n\t<meta property=\"og:image:width\" content=\"992\" \/>\n\t<meta property=\"og:image:height\" content=\"992\" \/>\n\t<meta property=\"og:image:type\" content=\"image\/webp\" \/>\n<meta name=\"author\" content=\"Diario del Sur Digital\" \/>\n<meta name=\"twitter:card\" content=\"summary_large_image\" \/>\n<meta name=\"twitter:label1\" content=\"Escrito por\" \/>\n\t<meta name=\"twitter:data1\" content=\"Diario del Sur Digital\" \/>\n\t<meta name=\"twitter:label2\" content=\"Tiempo de lectura\" \/>\n\t<meta name=\"twitter:data2\" content=\"2 minutos\" \/>\n<script type=\"application\/ld+json\" class=\"yoast-schema-graph\">{\"@context\":\"https:\\\/\\\/schema.org\",\"@graph\":[{\"@type\":\"Article\",\"@id\":\"https:\\\/\\\/diariodelsurdigital.com.ar\\\/?p=3096#article\",\"isPartOf\":{\"@id\":\"https:\\\/\\\/diariodelsurdigital.com.ar\\\/?p=3096\"},\"author\":{\"name\":\"Diario del Sur Digital\",\"@id\":\"https:\\\/\\\/diariodelsurdigital.com.ar\\\/#\\\/schema\\\/person\\\/1a4992532ed62965c968031b49195c81\"},\"headline\":\"Docentes universitarios paran este mi\u00e9rcoles y jueves\",\"datePublished\":\"2025-06-10T12:38:11+00:00\",\"dateModified\":\"2025-06-10T12:38:12+00:00\",\"mainEntityOfPage\":{\"@id\":\"https:\\\/\\\/diariodelsurdigital.com.ar\\\/?p=3096\"},\"wordCount\":290,\"commentCount\":0,\"image\":{\"@id\":\"https:\\\/\\\/diariodelsurdigital.com.ar\\\/?p=3096#primaryimage\"},\"thumbnailUrl\":\"https:\\\/\\\/diariodelsurdigital.com.ar\\\/wp-content\\\/uploads\\\/2025\\\/06\\\/md-11.webp\",\"articleSection\":[\"Nacionales\"],\"inLanguage\":\"es\",\"potentialAction\":[{\"@type\":\"CommentAction\",\"name\":\"Comment\",\"target\":[\"https:\\\/\\\/diariodelsurdigital.com.ar\\\/?p=3096#respond\"]}]},{\"@type\":\"WebPage\",\"@id\":\"https:\\\/\\\/diariodelsurdigital.com.ar\\\/?p=3096\",\"url\":\"https:\\\/\\\/diariodelsurdigital.com.ar\\\/?p=3096\",\"name\":\"Docentes universitarios paran este mi\u00e9rcoles y jueves - Diario del Sur\",\"isPartOf\":{\"@id\":\"https:\\\/\\\/diariodelsurdigital.com.ar\\\/#website\"},\"primaryImageOfPage\":{\"@id\":\"https:\\\/\\\/diariodelsurdigital.com.ar\\\/?p=3096#primaryimage\"},\"image\":{\"@id\":\"https:\\\/\\\/diariodelsurdigital.com.ar\\\/?p=3096#primaryimage\"},\"thumbnailUrl\":\"https:\\\/\\\/diariodelsurdigital.com.ar\\\/wp-content\\\/uploads\\\/2025\\\/06\\\/md-11.webp\",\"datePublished\":\"2025-06-10T12:38:11+00:00\",\"dateModified\":\"2025-06-10T12:38:12+00:00\",\"author\":{\"@id\":\"https:\\\/\\\/diariodelsurdigital.com.ar\\\/#\\\/schema\\\/person\\\/1a4992532ed62965c968031b49195c81\"},\"breadcrumb\":{\"@id\":\"https:\\\/\\\/diariodelsurdigital.com.ar\\\/?p=3096#breadcrumb\"},\"inLanguage\":\"es\",\"potentialAction\":[{\"@type\":\"ReadAction\",\"target\":[\"https:\\\/\\\/diariodelsurdigital.com.ar\\\/?p=3096\"]}]},{\"@type\":\"ImageObject\",\"inLanguage\":\"es\",\"@id\":\"https:\\\/\\\/diariodelsurdigital.com.ar\\\/?p=3096#primaryimage\",\"url\":\"https:\\\/\\\/diariodelsurdigital.com.ar\\\/wp-content\\\/uploads\\\/2025\\\/06\\\/md-11.webp\",\"contentUrl\":\"https:\\\/\\\/diariodelsurdigital.com.ar\\\/wp-content\\\/uploads\\\/2025\\\/06\\\/md-11.webp\",\"width\":992,\"height\":992},{\"@type\":\"BreadcrumbList\",\"@id\":\"https:\\\/\\\/diariodelsurdigital.com.ar\\\/?p=3096#breadcrumb\",\"itemListElement\":[{\"@type\":\"ListItem\",\"position\":1,\"name\":\"Portada\",\"item\":\"https:\\\/\\\/diariodelsurdigital.com.ar\\\/\"},{\"@type\":\"ListItem\",\"position\":2,\"name\":\"Docentes universitarios paran este mi\u00e9rcoles y jueves\"}]},{\"@type\":\"WebSite\",\"@id\":\"https:\\\/\\\/diariodelsurdigital.com.ar\\\/#website\",\"url\":\"https:\\\/\\\/diariodelsurdigital.com.ar\\\/\",\"name\":\"Diario del Sur\",\"description\":\"Digital\",\"potentialAction\":[{\"@type\":\"SearchAction\",\"target\":{\"@type\":\"EntryPoint\",\"urlTemplate\":\"https:\\\/\\\/diariodelsurdigital.com.ar\\\/?s={search_term_string}\"},\"query-input\":{\"@type\":\"PropertyValueSpecification\",\"valueRequired\":true,\"valueName\":\"search_term_string\"}}],\"inLanguage\":\"es\"},{\"@type\":\"Person\",\"@id\":\"https:\\\/\\\/diariodelsurdigital.com.ar\\\/#\\\/schema\\\/person\\\/1a4992532ed62965c968031b49195c81\",\"name\":\"Diario del Sur Digital\",\"image\":{\"@type\":\"ImageObject\",\"inLanguage\":\"es\",\"@id\":\"https:\\\/\\\/secure.gravatar.com\\\/avatar\\\/f0c7c47fc7146d19828273b9b8eda651c9c7ab583767e6338d3d3bee825adf76?s=96&d=mm&r=g\",\"url\":\"https:\\\/\\\/secure.gravatar.com\\\/avatar\\\/f0c7c47fc7146d19828273b9b8eda651c9c7ab583767e6338d3d3bee825adf76?s=96&d=mm&r=g\",\"contentUrl\":\"https:\\\/\\\/secure.gravatar.com\\\/avatar\\\/f0c7c47fc7146d19828273b9b8eda651c9c7ab583767e6338d3d3bee825adf76?s=96&d=mm&r=g\",\"caption\":\"Diario del Sur Digital\"},\"url\":\"https:\\\/\\\/diariodelsurdigital.com.ar\\\/?author=4\"}]}<\/script>\n<!-- \/ Yoast SEO plugin. -->","yoast_head_json":{"title":"Docentes universitarios paran este mi\u00e9rcoles y jueves - Diario del Sur","robots":{"index":"index","follow":"follow","max-snippet":"max-snippet:-1","max-image-preview":"max-image-preview:large","max-video-preview":"max-video-preview:-1"},"canonical":"https:\/\/diariodelsurdigital.com.ar\/?p=3096","og_locale":"es_ES","og_type":"article","og_title":"Docentes universitarios paran este mi\u00e9rcoles y jueves - Diario del Sur","og_description":"La decisi\u00f3n fue tomada por Conadu en un Plenario de Secretarios Generales del que particip\u00f3 la Asociaci\u00f3n Gremial de Docentes Universitarios (AGDU), gremio que nuclea a profesores de la Universidad Nacional de Entre R\u00edos. El paro de 48 horas ser\u00e1 sin concurrencia a los lugares de trabajo. El Plenario de la Federaci\u00f3n Nacional de Docentes [&hellip;]","og_url":"https:\/\/diariodelsurdigital.com.ar\/?p=3096","og_site_name":"Diario del Sur","article_published_time":"2025-06-10T12:38:11+00:00","article_modified_time":"2025-06-10T12:38:12+00:00","og_image":[{"width":992,"height":992,"url":"https:\/\/diariodelsurdigital.com.ar\/wp-content\/uploads\/2025\/06\/md-11.webp","type":"image\/webp"}],"author":"Diario del Sur Digital","twitter_card":"summary_large_image","twitter_misc":{"Escrito por":"Diario del Sur Digital","Tiempo de lectura":"2 minutos"},"schema":{"@context":"https:\/\/schema.org","@graph":[{"@type":"Article","@id":"https:\/\/diariodelsurdigital.com.ar\/?p=3096#article","isPartOf":{"@id":"https:\/\/diariodelsurdigital.com.ar\/?p=3096"},"author":{"name":"Diario del Sur Digital","@id":"https:\/\/diariodelsurdigital.com.ar\/#\/schema\/person\/1a4992532ed62965c968031b49195c81"},"headline":"Docentes universitarios paran este mi\u00e9rcoles y jueves","datePublished":"2025-06-10T12:38:11+00:00","dateModified":"2025-06-10T12:38:12+00:00","mainEntityOfPage":{"@id":"https:\/\/diariodelsurdigital.com.ar\/?p=3096"},"wordCount":290,"commentCount":0,"image":{"@id":"https:\/\/diariodelsurdigital.com.ar\/?p=3096#primaryimage"},"thumbnailUrl":"https:\/\/diariodelsurdigital.com.ar\/wp-content\/uploads\/2025\/06\/md-11.webp","articleSection":["Nacionales"],"inLanguage":"es","potentialAction":[{"@type":"CommentAction","name":"Comment","target":["https:\/\/diariodelsurdigital.com.ar\/?p=3096#respond"]}]},{"@type":"WebPage","@id":"https:\/\/diariodelsurdigital.com.ar\/?p=3096","url":"https:\/\/diariodelsurdigital.com.ar\/?p=3096","name":"Docentes universitarios paran este mi\u00e9rcoles y jueves - Diario del Sur","isPartOf":{"@id":"https:\/\/diariodelsurdigital.com.ar\/#website"},"primaryImageOfPage":{"@id":"https:\/\/diariodelsurdigital.com.ar\/?p=3096#primaryimage"},"image":{"@id":"https:\/\/diariodelsurdigital.com.ar\/?p=3096#primaryimage"},"thumbnailUrl":"https:\/\/diariodelsurdigital.com.ar\/wp-content\/uploads\/2025\/06\/md-11.webp","datePublished":"2025-06-10T12:38:11+00:00","dateModified":"2025-06-10T12:38:12+00:00","author":{"@id":"https:\/\/diariodelsurdigital.com.ar\/#\/schema\/person\/1a4992532ed62965c968031b49195c81"},"breadcrumb":{"@id":"https:\/\/diariodelsurdigital.com.ar\/?p=3096#breadcrumb"},"inLanguage":"es","potentialAction":[{"@type":"ReadAction","target":["https:\/\/diariodelsurdigital.com.ar\/?p=3096"]}]},{"@type":"ImageObject","inLanguage":"es","@id":"https:\/\/diariodelsurdigital.com.ar\/?p=3096#primaryimage","url":"https:\/\/diariodelsurdigital.com.ar\/wp-content\/uploads\/2025\/06\/md-11.webp","contentUrl":"https:\/\/diariodelsurdigital.com.ar\/wp-content\/uploads\/2025\/06\/md-11.webp","width":992,"height":992},{"@type":"BreadcrumbList","@id":"https:\/\/diariodelsurdigital.com.ar\/?p=3096#breadcrumb","itemListElement":[{"@type":"ListItem","position":1,"name":"Portada","item":"https:\/\/diariodelsurdigital.com.ar\/"},{"@type":"ListItem","position":2,"name":"Docentes universitarios paran este mi\u00e9rcoles y jueves"}]},{"@type":"WebSite","@id":"https:\/\/diariodelsurdigital.com.ar\/#website","url":"https:\/\/diariodelsurdigital.com.ar\/","name":"Diario del Sur","description":"Digital","potentialAction":[{"@type":"SearchAction","target":{"@type":"EntryPoint","urlTemplate":"https:\/\/diariodelsurdigital.com.ar\/?s={search_term_string}"},"query-input":{"@type":"PropertyValueSpecification","valueRequired":true,"valueName":"search_term_string"}}],"inLanguage":"es"},{"@type":"Person","@id":"https:\/\/diariodelsurdigital.com.ar\/#\/schema\/person\/1a4992532ed62965c968031b49195c81","name":"Diario del Sur Digital","image":{"@type":"ImageObject","inLanguage":"es","@id":"https:\/\/secure.gravatar.com\/avatar\/f0c7c47fc7146d19828273b9b8eda651c9c7ab583767e6338d3d3bee825adf76?s=96&d=mm&r=g","url":"https:\/\/secure.gravatar.com\/avatar\/f0c7c47fc7146d19828273b9b8eda651c9c7ab583767e6338d3d3bee825adf76?s=96&d=mm&r=g","contentUrl":"https:\/\/secure.gravatar.com\/avatar\/f0c7c47fc7146d19828273b9b8eda651c9c7ab583767e6338d3d3bee825adf76?s=96&d=mm&r=g","caption":"Diario del Sur Digital"},"url":"https:\/\/diariodelsurdigital.com.ar\/?author=4"}]}},"_links":{"self":[{"href":"https:\/\/diariodelsurdigital.com.ar\/index.php?rest_route=\/wp\/v2\/posts\/3096","targetHints":{"allow":["GET"]}}],"collection":[{"href":"https:\/\/diariodelsurdigital.com.ar\/index.php?rest_route=\/wp\/v2\/posts"}],"about":[{"href":"https:\/\/diariodelsurdigital.com.ar\/index.php?rest_route=\/wp\/v2\/types\/post"}],"author":[{"embeddable":true,"href":"https:\/\/diariodelsurdigital.com.ar\/index.php?rest_route=\/wp\/v2\/users\/4"}],"replies":[{"embeddable":true,"href":"https:\/\/diariodelsurdigital.com.ar\/index.php?rest_route=%2Fwp%2Fv2%2Fcomments&post=3096"}],"version-history":[{"count":1,"href":"https:\/\/diariodelsurdigital.com.ar\/index.php?rest_route=\/wp\/v2\/posts\/3096\/revisions"}],"predecessor-version":[{"id":3098,"href":"https:\/\/diariodelsurdigital.com.ar\/index.php?rest_route=\/wp\/v2\/posts\/3096\/revisions\/3098"}],"wp:featuredmedia":[{"embeddable":true,"href":"https:\/\/diariodelsurdigital.com.ar\/index.php?rest_route=\/wp\/v2\/media\/3097"}],"wp:attachment":[{"href":"https:\/\/diariodelsurdigital.com.ar\/index.php?rest_route=%2Fwp%2Fv2%2Fmedia&parent=3096"}],"wp:term":[{"taxonomy":"category","embeddable":true,"href":"https:\/\/diariodelsurdigital.com.ar\/index.php?rest_route=%2Fwp%2Fv2%2Fcategories&post=3096"},{"taxonomy":"post_tag","embeddable":true,"href":"https:\/\/diariodelsurdigital.com.ar\/index.php?rest_route=%2Fwp%2Fv2%2Ftags&post=3096"}],"curies":[{"name":"wp","href":"https:\/\/api.w.org\/{rel}","templated":true}]}}