{"id":3110,"date":"2025-06-11T16:18:03","date_gmt":"2025-06-11T19:18:03","guid":{"rendered":"https:\/\/diariodelsurdigital.com.ar\/?p=3110"},"modified":"2025-06-11T16:18:07","modified_gmt":"2025-06-11T19:18:07","slug":"la-corte-suprema-ratifico-la-condena-y-cristina-kirchner-sera-proscripta-e-ira-a-prision","status":"publish","type":"post","link":"https:\/\/diariodelsurdigital.com.ar\/?p=3110","title":{"rendered":"La Corte Suprema ratific\u00f3 la condena y Cristina Kirchner ser\u00e1 proscripta e ir\u00e1 a prisi\u00f3n"},"content":{"rendered":"\n<p>Los tres magistrados rechazaron la apelaci\u00f3n presentada por la expresidenta en la causa vialidad por lo que deber\u00e1 cumplir una condena de 6 a\u00f1os. Adem\u00e1s, no podr\u00e1 a volver ocupar cargos p\u00fablicos.<\/p>\n\n\n\n<p>La Corte Suprema de justicia confirm\u00f3 este martes la condena a Cristina Kirchner en la causa Vialidad en un fallo un\u00e1nime de los tres miembros. De esta manera, se ratifica la pena de seis a\u00f1os de presi\u00f3n y la inhabilitaci\u00f3n de por vida para ejercer cargos p\u00fablicos. Al mismo tiempo fue absuelta del delito de asociaci\u00f3n il\u00edcita, pedido por la fiscal\u00eda.<\/p>\n\n\n\n<p>Los jueces Horacio Rosatti, Carlos Rosenkrantz y Ricardo Lorenzetti emitieron un voto conjunto en el que rechazaron cada uno de los argumentos que sostuvo la defensa de Cristina Kirchner para revertir la condena en su contra.<\/p>\n\n\n\n<p>\u00abLas sanciones aplicadas son las que determina el ordenamiento jur\u00eddico vigente. La imposici\u00f3n de las penas de prisi\u00f3n e inhabilitaci\u00f3n no hace otra cosa que tutelar nuestro sistema republicano y democr\u00e1tico seg\u00fan las leyes penales dictadas por los representantes del pueblo en el Congreso de la Naci\u00f3n\u00bb, justificaron los jueces en el fallo.<\/p>\n\n\n\n<p>La expresidenta hab\u00eda sido condenada en diciembre de 2022 por el delito de administraci\u00f3n fraudulenta en perjuicio de la administraci\u00f3n p\u00fablica en la causa Vialidad. Al mismo tiempo, la absolvi\u00f3 del delito de asociaci\u00f3n il\u00edcita, tras rechazar el pedido de la fiscal\u00eda para agravar su condena al declarar el planteo inadmisible por aplicaci\u00f3n del art\u00edculo 280 del C\u00f3digo Procesal en Civil y Comercial de la Naci\u00f3n.<\/p>\n\n\n\n<p>En uno de los tramos, la Corte explic\u00f3 que \u201clos reclamos de la defensa llevan a examinar cuestiones \u2014de hecho y prueba en muchos casos, ajenas por su materia a la competencia apelada extraordinaria de esta Corte Suprema en los t\u00e9rminos del art\u00edculo 14 de la ley 48, salvo que medie un supuesto de arbitrariedad\u2014 tales como el contexto dentro del cual se ejecut\u00f3 la maniobra que fue juzgada, las relaciones personales y comerciales que un\u00edan a Fern\u00e1ndez de Kirchner con L\u00e1zaro B\u00e1ez, las implicancias en torno al dictado y efectos del decreto 54\/2009, las advertencias emitidas por los servicios jur\u00eddicos en relaci\u00f3n con su dictado y la valoraci\u00f3n del contenido de los mensajes extra\u00eddos el celular de Jos\u00e9 L\u00f3pez, entre otros. En particular, la decisi\u00f3n apelada aludi\u00f3 a que L\u00e1zaro B\u00e1ez, por intermedio de sociedades por \u00e9l controladas, efectu\u00f3 contratos de locaci\u00f3n y gerenciamiento con sociedades de titularidad de la familia Kirchner que explotaban hoteles, adem\u00e1s de haber realizado otros negocios inmobiliarios. Esas relaciones no fueron cuestionadas por la defensa en manera alguna, m\u00e1s all\u00e1 de alegar que los actos comerciales se\u00f1alados fueron \u2018totalmente l\u00edcitos y se celebraron a precios de mercado\u2019, lo que resta toda eficacia a su planteo\u201d.<\/p>\n\n\n\n<p>Para los ministros, se pudo acreditar que \u201cla encausada quiso que el resultado delictivo sea una consecuencia de su propia acci\u00f3n y tuvo, adem\u00e1s, el \u00e1nimo de lucro requerido por el tipo\u201d.<\/p>\n\n\n\n<p>Seg\u00fan subrayaron, \u201cesas circunstancias, valoradas ya por dos instancias judiciales, llevaron a la conclusi\u00f3n de que esa decisi\u00f3n presidencial \u2018releg\u00f3 la ventaja econ\u00f3mica para la administraci\u00f3n p\u00fablica por la ventaja econ\u00f3mica para los intereses particulares a la postre beneficiados\u2019 y de que \u2018Fern\u00e1ndez de Kirchner se represent\u00f3 los elementos objetivos del tipo al momento de dar comienzo a la acci\u00f3n t\u00edpica y que previ\u00f3 la realizaci\u00f3n de estos y, por tanto, la producci\u00f3n del resultado\u2019\u201d.<\/p>\n","protected":false},"excerpt":{"rendered":"<p>Los tres magistrados rechazaron la apelaci\u00f3n presentada por la expresidenta en la causa vialidad por lo que deber\u00e1 cumplir una condena de 6 a\u00f1os. Adem\u00e1s, no podr\u00e1 a volver ocupar cargos p\u00fablicos. La Corte Suprema de justicia confirm\u00f3 este martes la condena a Cristina Kirchner en la causa Vialidad en un fallo un\u00e1nime de los [&hellip;]<\/p>\n","protected":false},"author":4,"featured_media":3075,"comment_status":"open","ping_status":"open","sticky":false,"template":"","format":"standard","meta":{"footnotes":""},"categories":[18,22],"tags":[],"class_list":{"0":"post-3110","1":"post","2":"type-post","3":"status-publish","4":"format-standard","5":"has-post-thumbnail","7":"category-nacionales","8":"category-politica"},"yoast_head":"<!-- This site is optimized with the Yoast SEO plugin v27.4 - https:\/\/yoast.com\/product\/yoast-seo-wordpress\/ -->\n<title>La Corte Suprema ratific\u00f3 la condena y Cristina Kirchner ser\u00e1 proscripta e ir\u00e1 a prisi\u00f3n - Diario del Sur<\/title>\n<meta name=\"robots\" content=\"index, follow, max-snippet:-1, max-image-preview:large, max-video-preview:-1\" \/>\n<link rel=\"canonical\" href=\"https:\/\/diariodelsurdigital.com.ar\/?p=3110\" \/>\n<meta property=\"og:locale\" content=\"es_ES\" \/>\n<meta property=\"og:type\" content=\"article\" \/>\n<meta property=\"og:title\" content=\"La Corte Suprema ratific\u00f3 la condena y Cristina Kirchner ser\u00e1 proscripta e ir\u00e1 a prisi\u00f3n - Diario del Sur\" \/>\n<meta property=\"og:description\" content=\"Los tres magistrados rechazaron la apelaci\u00f3n presentada por la expresidenta en la causa vialidad por lo que deber\u00e1 cumplir una condena de 6 a\u00f1os. Adem\u00e1s, no podr\u00e1 a volver ocupar cargos p\u00fablicos. La Corte Suprema de justicia confirm\u00f3 este martes la condena a Cristina Kirchner en la causa Vialidad en un fallo un\u00e1nime de los [&hellip;]\" \/>\n<meta property=\"og:url\" content=\"https:\/\/diariodelsurdigital.com.ar\/?p=3110\" \/>\n<meta property=\"og:site_name\" content=\"Diario del Sur\" \/>\n<meta property=\"article:published_time\" content=\"2025-06-11T19:18:03+00:00\" \/>\n<meta property=\"article:modified_time\" content=\"2025-06-11T19:18:07+00:00\" \/>\n<meta property=\"og:image\" content=\"https:\/\/diariodelsurdigital.com.ar\/wp-content\/uploads\/2025\/06\/md-7-1.webp\" \/>\n\t<meta property=\"og:image:width\" content=\"992\" \/>\n\t<meta property=\"og:image:height\" content=\"661\" \/>\n\t<meta property=\"og:image:type\" content=\"image\/webp\" \/>\n<meta name=\"author\" content=\"Diario del Sur Digital\" \/>\n<meta name=\"twitter:card\" content=\"summary_large_image\" \/>\n<meta name=\"twitter:label1\" content=\"Escrito por\" \/>\n\t<meta name=\"twitter:data1\" content=\"Diario del Sur Digital\" \/>\n\t<meta name=\"twitter:label2\" content=\"Tiempo de lectura\" \/>\n\t<meta name=\"twitter:data2\" content=\"3 minutos\" \/>\n<script type=\"application\/ld+json\" class=\"yoast-schema-graph\">{\"@context\":\"https:\\\/\\\/schema.org\",\"@graph\":[{\"@type\":\"Article\",\"@id\":\"https:\\\/\\\/diariodelsurdigital.com.ar\\\/?p=3110#article\",\"isPartOf\":{\"@id\":\"https:\\\/\\\/diariodelsurdigital.com.ar\\\/?p=3110\"},\"author\":{\"name\":\"Diario del Sur Digital\",\"@id\":\"https:\\\/\\\/diariodelsurdigital.com.ar\\\/#\\\/schema\\\/person\\\/1a4992532ed62965c968031b49195c81\"},\"headline\":\"La Corte Suprema ratific\u00f3 la condena y Cristina Kirchner ser\u00e1 proscripta e ir\u00e1 a prisi\u00f3n\",\"datePublished\":\"2025-06-11T19:18:03+00:00\",\"dateModified\":\"2025-06-11T19:18:07+00:00\",\"mainEntityOfPage\":{\"@id\":\"https:\\\/\\\/diariodelsurdigital.com.ar\\\/?p=3110\"},\"wordCount\":629,\"commentCount\":0,\"image\":{\"@id\":\"https:\\\/\\\/diariodelsurdigital.com.ar\\\/?p=3110#primaryimage\"},\"thumbnailUrl\":\"https:\\\/\\\/diariodelsurdigital.com.ar\\\/wp-content\\\/uploads\\\/2025\\\/06\\\/md-7-1.webp\",\"articleSection\":[\"Nacionales\",\"Pol\u00edtica\"],\"inLanguage\":\"es\",\"potentialAction\":[{\"@type\":\"CommentAction\",\"name\":\"Comment\",\"target\":[\"https:\\\/\\\/diariodelsurdigital.com.ar\\\/?p=3110#respond\"]}]},{\"@type\":\"WebPage\",\"@id\":\"https:\\\/\\\/diariodelsurdigital.com.ar\\\/?p=3110\",\"url\":\"https:\\\/\\\/diariodelsurdigital.com.ar\\\/?p=3110\",\"name\":\"La Corte Suprema ratific\u00f3 la condena y Cristina Kirchner ser\u00e1 proscripta e ir\u00e1 a prisi\u00f3n - Diario del Sur\",\"isPartOf\":{\"@id\":\"https:\\\/\\\/diariodelsurdigital.com.ar\\\/#website\"},\"primaryImageOfPage\":{\"@id\":\"https:\\\/\\\/diariodelsurdigital.com.ar\\\/?p=3110#primaryimage\"},\"image\":{\"@id\":\"https:\\\/\\\/diariodelsurdigital.com.ar\\\/?p=3110#primaryimage\"},\"thumbnailUrl\":\"https:\\\/\\\/diariodelsurdigital.com.ar\\\/wp-content\\\/uploads\\\/2025\\\/06\\\/md-7-1.webp\",\"datePublished\":\"2025-06-11T19:18:03+00:00\",\"dateModified\":\"2025-06-11T19:18:07+00:00\",\"author\":{\"@id\":\"https:\\\/\\\/diariodelsurdigital.com.ar\\\/#\\\/schema\\\/person\\\/1a4992532ed62965c968031b49195c81\"},\"breadcrumb\":{\"@id\":\"https:\\\/\\\/diariodelsurdigital.com.ar\\\/?p=3110#breadcrumb\"},\"inLanguage\":\"es\",\"potentialAction\":[{\"@type\":\"ReadAction\",\"target\":[\"https:\\\/\\\/diariodelsurdigital.com.ar\\\/?p=3110\"]}]},{\"@type\":\"ImageObject\",\"inLanguage\":\"es\",\"@id\":\"https:\\\/\\\/diariodelsurdigital.com.ar\\\/?p=3110#primaryimage\",\"url\":\"https:\\\/\\\/diariodelsurdigital.com.ar\\\/wp-content\\\/uploads\\\/2025\\\/06\\\/md-7-1.webp\",\"contentUrl\":\"https:\\\/\\\/diariodelsurdigital.com.ar\\\/wp-content\\\/uploads\\\/2025\\\/06\\\/md-7-1.webp\",\"width\":992,\"height\":661},{\"@type\":\"BreadcrumbList\",\"@id\":\"https:\\\/\\\/diariodelsurdigital.com.ar\\\/?p=3110#breadcrumb\",\"itemListElement\":[{\"@type\":\"ListItem\",\"position\":1,\"name\":\"Portada\",\"item\":\"https:\\\/\\\/diariodelsurdigital.com.ar\\\/\"},{\"@type\":\"ListItem\",\"position\":2,\"name\":\"La Corte Suprema ratific\u00f3 la condena y Cristina Kirchner ser\u00e1 proscripta e ir\u00e1 a prisi\u00f3n\"}]},{\"@type\":\"WebSite\",\"@id\":\"https:\\\/\\\/diariodelsurdigital.com.ar\\\/#website\",\"url\":\"https:\\\/\\\/diariodelsurdigital.com.ar\\\/\",\"name\":\"Diario del Sur\",\"description\":\"Digital\",\"potentialAction\":[{\"@type\":\"SearchAction\",\"target\":{\"@type\":\"EntryPoint\",\"urlTemplate\":\"https:\\\/\\\/diariodelsurdigital.com.ar\\\/?s={search_term_string}\"},\"query-input\":{\"@type\":\"PropertyValueSpecification\",\"valueRequired\":true,\"valueName\":\"search_term_string\"}}],\"inLanguage\":\"es\"},{\"@type\":\"Person\",\"@id\":\"https:\\\/\\\/diariodelsurdigital.com.ar\\\/#\\\/schema\\\/person\\\/1a4992532ed62965c968031b49195c81\",\"name\":\"Diario del Sur Digital\",\"image\":{\"@type\":\"ImageObject\",\"inLanguage\":\"es\",\"@id\":\"https:\\\/\\\/secure.gravatar.com\\\/avatar\\\/f0c7c47fc7146d19828273b9b8eda651c9c7ab583767e6338d3d3bee825adf76?s=96&d=mm&r=g\",\"url\":\"https:\\\/\\\/secure.gravatar.com\\\/avatar\\\/f0c7c47fc7146d19828273b9b8eda651c9c7ab583767e6338d3d3bee825adf76?s=96&d=mm&r=g\",\"contentUrl\":\"https:\\\/\\\/secure.gravatar.com\\\/avatar\\\/f0c7c47fc7146d19828273b9b8eda651c9c7ab583767e6338d3d3bee825adf76?s=96&d=mm&r=g\",\"caption\":\"Diario del Sur Digital\"},\"url\":\"https:\\\/\\\/diariodelsurdigital.com.ar\\\/?author=4\"}]}<\/script>\n<!-- \/ Yoast SEO plugin. -->","yoast_head_json":{"title":"La Corte Suprema ratific\u00f3 la condena y Cristina Kirchner ser\u00e1 proscripta e ir\u00e1 a prisi\u00f3n - Diario del Sur","robots":{"index":"index","follow":"follow","max-snippet":"max-snippet:-1","max-image-preview":"max-image-preview:large","max-video-preview":"max-video-preview:-1"},"canonical":"https:\/\/diariodelsurdigital.com.ar\/?p=3110","og_locale":"es_ES","og_type":"article","og_title":"La Corte Suprema ratific\u00f3 la condena y Cristina Kirchner ser\u00e1 proscripta e ir\u00e1 a prisi\u00f3n - Diario del Sur","og_description":"Los tres magistrados rechazaron la apelaci\u00f3n presentada por la expresidenta en la causa vialidad por lo que deber\u00e1 cumplir una condena de 6 a\u00f1os. Adem\u00e1s, no podr\u00e1 a volver ocupar cargos p\u00fablicos. La Corte Suprema de justicia confirm\u00f3 este martes la condena a Cristina Kirchner en la causa Vialidad en un fallo un\u00e1nime de los [&hellip;]","og_url":"https:\/\/diariodelsurdigital.com.ar\/?p=3110","og_site_name":"Diario del Sur","article_published_time":"2025-06-11T19:18:03+00:00","article_modified_time":"2025-06-11T19:18:07+00:00","og_image":[{"width":992,"height":661,"url":"https:\/\/diariodelsurdigital.com.ar\/wp-content\/uploads\/2025\/06\/md-7-1.webp","type":"image\/webp"}],"author":"Diario del Sur Digital","twitter_card":"summary_large_image","twitter_misc":{"Escrito por":"Diario del Sur Digital","Tiempo de lectura":"3 minutos"},"schema":{"@context":"https:\/\/schema.org","@graph":[{"@type":"Article","@id":"https:\/\/diariodelsurdigital.com.ar\/?p=3110#article","isPartOf":{"@id":"https:\/\/diariodelsurdigital.com.ar\/?p=3110"},"author":{"name":"Diario del Sur Digital","@id":"https:\/\/diariodelsurdigital.com.ar\/#\/schema\/person\/1a4992532ed62965c968031b49195c81"},"headline":"La Corte Suprema ratific\u00f3 la condena y Cristina Kirchner ser\u00e1 proscripta e ir\u00e1 a prisi\u00f3n","datePublished":"2025-06-11T19:18:03+00:00","dateModified":"2025-06-11T19:18:07+00:00","mainEntityOfPage":{"@id":"https:\/\/diariodelsurdigital.com.ar\/?p=3110"},"wordCount":629,"commentCount":0,"image":{"@id":"https:\/\/diariodelsurdigital.com.ar\/?p=3110#primaryimage"},"thumbnailUrl":"https:\/\/diariodelsurdigital.com.ar\/wp-content\/uploads\/2025\/06\/md-7-1.webp","articleSection":["Nacionales","Pol\u00edtica"],"inLanguage":"es","potentialAction":[{"@type":"CommentAction","name":"Comment","target":["https:\/\/diariodelsurdigital.com.ar\/?p=3110#respond"]}]},{"@type":"WebPage","@id":"https:\/\/diariodelsurdigital.com.ar\/?p=3110","url":"https:\/\/diariodelsurdigital.com.ar\/?p=3110","name":"La Corte Suprema ratific\u00f3 la condena y Cristina Kirchner ser\u00e1 proscripta e ir\u00e1 a prisi\u00f3n - Diario del Sur","isPartOf":{"@id":"https:\/\/diariodelsurdigital.com.ar\/#website"},"primaryImageOfPage":{"@id":"https:\/\/diariodelsurdigital.com.ar\/?p=3110#primaryimage"},"image":{"@id":"https:\/\/diariodelsurdigital.com.ar\/?p=3110#primaryimage"},"thumbnailUrl":"https:\/\/diariodelsurdigital.com.ar\/wp-content\/uploads\/2025\/06\/md-7-1.webp","datePublished":"2025-06-11T19:18:03+00:00","dateModified":"2025-06-11T19:18:07+00:00","author":{"@id":"https:\/\/diariodelsurdigital.com.ar\/#\/schema\/person\/1a4992532ed62965c968031b49195c81"},"breadcrumb":{"@id":"https:\/\/diariodelsurdigital.com.ar\/?p=3110#breadcrumb"},"inLanguage":"es","potentialAction":[{"@type":"ReadAction","target":["https:\/\/diariodelsurdigital.com.ar\/?p=3110"]}]},{"@type":"ImageObject","inLanguage":"es","@id":"https:\/\/diariodelsurdigital.com.ar\/?p=3110#primaryimage","url":"https:\/\/diariodelsurdigital.com.ar\/wp-content\/uploads\/2025\/06\/md-7-1.webp","contentUrl":"https:\/\/diariodelsurdigital.com.ar\/wp-content\/uploads\/2025\/06\/md-7-1.webp","width":992,"height":661},{"@type":"BreadcrumbList","@id":"https:\/\/diariodelsurdigital.com.ar\/?p=3110#breadcrumb","itemListElement":[{"@type":"ListItem","position":1,"name":"Portada","item":"https:\/\/diariodelsurdigital.com.ar\/"},{"@type":"ListItem","position":2,"name":"La Corte Suprema ratific\u00f3 la condena y Cristina Kirchner ser\u00e1 proscripta e ir\u00e1 a prisi\u00f3n"}]},{"@type":"WebSite","@id":"https:\/\/diariodelsurdigital.com.ar\/#website","url":"https:\/\/diariodelsurdigital.com.ar\/","name":"Diario del Sur","description":"Digital","potentialAction":[{"@type":"SearchAction","target":{"@type":"EntryPoint","urlTemplate":"https:\/\/diariodelsurdigital.com.ar\/?s={search_term_string}"},"query-input":{"@type":"PropertyValueSpecification","valueRequired":true,"valueName":"search_term_string"}}],"inLanguage":"es"},{"@type":"Person","@id":"https:\/\/diariodelsurdigital.com.ar\/#\/schema\/person\/1a4992532ed62965c968031b49195c81","name":"Diario del Sur Digital","image":{"@type":"ImageObject","inLanguage":"es","@id":"https:\/\/secure.gravatar.com\/avatar\/f0c7c47fc7146d19828273b9b8eda651c9c7ab583767e6338d3d3bee825adf76?s=96&d=mm&r=g","url":"https:\/\/secure.gravatar.com\/avatar\/f0c7c47fc7146d19828273b9b8eda651c9c7ab583767e6338d3d3bee825adf76?s=96&d=mm&r=g","contentUrl":"https:\/\/secure.gravatar.com\/avatar\/f0c7c47fc7146d19828273b9b8eda651c9c7ab583767e6338d3d3bee825adf76?s=96&d=mm&r=g","caption":"Diario del Sur Digital"},"url":"https:\/\/diariodelsurdigital.com.ar\/?author=4"}]}},"_links":{"self":[{"href":"https:\/\/diariodelsurdigital.com.ar\/index.php?rest_route=\/wp\/v2\/posts\/3110","targetHints":{"allow":["GET"]}}],"collection":[{"href":"https:\/\/diariodelsurdigital.com.ar\/index.php?rest_route=\/wp\/v2\/posts"}],"about":[{"href":"https:\/\/diariodelsurdigital.com.ar\/index.php?rest_route=\/wp\/v2\/types\/post"}],"author":[{"embeddable":true,"href":"https:\/\/diariodelsurdigital.com.ar\/index.php?rest_route=\/wp\/v2\/users\/4"}],"replies":[{"embeddable":true,"href":"https:\/\/diariodelsurdigital.com.ar\/index.php?rest_route=%2Fwp%2Fv2%2Fcomments&post=3110"}],"version-history":[{"count":1,"href":"https:\/\/diariodelsurdigital.com.ar\/index.php?rest_route=\/wp\/v2\/posts\/3110\/revisions"}],"predecessor-version":[{"id":3111,"href":"https:\/\/diariodelsurdigital.com.ar\/index.php?rest_route=\/wp\/v2\/posts\/3110\/revisions\/3111"}],"wp:featuredmedia":[{"embeddable":true,"href":"https:\/\/diariodelsurdigital.com.ar\/index.php?rest_route=\/wp\/v2\/media\/3075"}],"wp:attachment":[{"href":"https:\/\/diariodelsurdigital.com.ar\/index.php?rest_route=%2Fwp%2Fv2%2Fmedia&parent=3110"}],"wp:term":[{"taxonomy":"category","embeddable":true,"href":"https:\/\/diariodelsurdigital.com.ar\/index.php?rest_route=%2Fwp%2Fv2%2Fcategories&post=3110"},{"taxonomy":"post_tag","embeddable":true,"href":"https:\/\/diariodelsurdigital.com.ar\/index.php?rest_route=%2Fwp%2Fv2%2Ftags&post=3110"}],"curies":[{"name":"wp","href":"https:\/\/api.w.org\/{rel}","templated":true}]}}