{"id":3112,"date":"2025-06-11T16:20:34","date_gmt":"2025-06-11T19:20:34","guid":{"rendered":"https:\/\/diariodelsurdigital.com.ar\/?p=3112"},"modified":"2025-06-11T16:20:35","modified_gmt":"2025-06-11T19:20:35","slug":"jubilados-y-organizaciones-marcharan-al-congreso-hoy-tras-la-condena-a-cristina-kirchner","status":"publish","type":"post","link":"https:\/\/diariodelsurdigital.com.ar\/?p=3112","title":{"rendered":"Jubilados y organizaciones marchar\u00e1n al Congreso hoy tras la condena a Cristina Kirchner"},"content":{"rendered":"\n<p>La tradicional concentraci\u00f3n de jubilados frente al Congreso de la Naci\u00f3n volver\u00e1 a realizarse este mi\u00e9rcoles 11 de junio y se espera una masiva movilizaci\u00f3n. La reciente decisi\u00f3n de la Corte Suprema, que dej\u00f3 firme la condena contra Cristina Kirchner, sum\u00f3 un nuevo motivo de protesta a una jornada ya marcada por m\u00faltiples reclamos sociales, econ\u00f3micos y previsionales.<\/p>\n\n\n\n<p>La convocatoria, que originalmente hab\u00eda surgido de grupos de jubilados autoconvocados, se ampli\u00f3 en las \u00faltimas semanas, ya que se sumaron sectores del feminismo y trabajadores de la salud, entre otras cosas.<\/p>\n\n\n\n<p>La quita de medicamentos del PAMI, la eliminaci\u00f3n de la moratoria previsional, el veto presidencial al aumento de haberes, la situaci\u00f3n cr\u00edtica del hospital Garrahan y el malestar generalizado por la crisis econ\u00f3mica contribuyeron a que diversos sectores sociales decidieran sumarse a la protesta.<\/p>\n\n\n\n<p>Organizaciones sociales se movilizar\u00e1n al Congreso<\/p>\n\n\n\n<p>Desde las organizaciones convocantes, se inform\u00f3 que la concentraci\u00f3n comenzar\u00e1 a las 15 en la Plaza Congreso, con columnas desplegadas sobre las avenidas Rivadavia, Callao y Entre R\u00edos. Para contener la protesta, el Gobierno desplegar\u00e1 un importante operativo de seguridad, que incluir\u00e1 vallados reforzados, tal como sucedi\u00f3 en manifestaciones recientes.<\/p>\n\n\n\n<p>El recuerdo de la represi\u00f3n en marchas anteriores genera preocupaci\u00f3n entre los organizadores, quienes temen nuevos episodios de violencia bajo el protocolo antipiquetes del Ministerio de Seguridad, que ya produjo detenciones, heridos y uso de gas pimienta.<\/p>\n\n\n\n<p>A la jornada se espera que asistan representantes de gremios, organismos de derechos humanos, movimientos feministas, colectivos de discapacidad, docentes universitarios, y agrupaciones como la CTA, la UTEP y el Movimiento Evita. Adem\u00e1s, se prev\u00e9 la presencia de figuras del peronismo y del oficialismo, quienes ya expresaron su rechazo al fallo contra Kirchner.<\/p>\n\n\n\n<p>Las consignas m\u00e1s repetidas ser\u00e1n la \u00abdefensa de la democracia\u00bb, el rechazo a los ajustes econ\u00f3micos y la denuncia de una supuesta persecuci\u00f3n judicial contra la exmandataria. Desde sectores del kirchnerismo, afirmaron que \u201cel pueblo va a salir a la calle\u201d.<\/p>\n\n\n\n<p>En paralelo a esta movilizaci\u00f3n, la C\u00e1mara de Diputados envi\u00f3 al Senado varios proyectos de ley que contemplan el aumento de jubilaciones, un bono para quienes perciben el haber m\u00ednimo, la pr\u00f3rroga de la moratoria previsional por dos a\u00f1os y la declaraci\u00f3n de emergencia en discapacidad.<\/p>\n\n\n\n<p>Estas propuestas fueron cuestionadas por el Ejecutivo, que advirti\u00f3 que su aplicaci\u00f3n costar\u00eda aproximadamente u$s12.000 millones y anticip\u00f3 que ser\u00edan vetadas por el presidente Javier Milei.<\/p>\n\n\n\n<p>El reclamo de los jubilados<\/p>\n\n\n\n<p>El rechazo de Milei al proyecto de aumento de emergencia para jubilados, aprobado por amplia mayor\u00eda legislativa, gener\u00f3 un fuerte rechazo por parte de la oposici\u00f3n.<\/p>\n\n\n\n<p>Desde el Gobierno defendieron la medida como un intento de evitar el \u201cpopulismo fiscal\u201d, mientras que sus cr\u00edticos lo interpretaron como una se\u00f1al de \u201cinsensibilidad social\u201d.<\/p>\n\n\n\n<p>El trasfondo pol\u00edtico<\/p>\n\n\n\n<p>En cuanto al trasfondo pol\u00edtico, el fallo de la Corte Suprema que desestim\u00f3 los recursos presentados por la defensa de Kirchner y dej\u00f3 firme la condena a seis a\u00f1os de prisi\u00f3n e inhabilitaci\u00f3n perpetua provoc\u00f3 un fuerte impacto nacional. Durante el martes se multiplicaron las expresiones de apoyo a la expresidenta, con actos en Rosario, protestas en Chaco, marchas en el AMBA y vigilias en su domicilio del barrio de Constituci\u00f3n.<\/p>\n\n\n\n<p>La marcha del mi\u00e9rcoles se perfila como la primera reacci\u00f3n masiva con alcance federal luego del pronunciamiento judicial. Dirigentes como Axel Kicillof, Oscar Parrilli, Carlos Heller y Sergio Palazzo ya hab\u00edan planteado la necesidad de una respuesta colectiva a lo que consideran una proscripci\u00f3n pol\u00edtica, public\u00f3 \u00c1mbito.<\/p>\n\n\n\n<p>M\u00e1s all\u00e1 del contenido pol\u00edtico, la protesta tambi\u00e9n refleja la situaci\u00f3n cr\u00edtica que atraviesan los adultos mayores. Denuncian la p\u00e9rdida del poder adquisitivo, la ca\u00edda de los haberes m\u00ednimos, el encarecimiento de los medicamentos y el vaciamiento del sistema previsional. Todo esto, enmarcado en una crisis que contin\u00faa golpeando los sectores m\u00e1s vulnerables.<\/p>\n\n\n\n<p>Entre los mensajes previstos para la jornada se encuentra el pedido por \u201cuna justicia al servicio de la democracia y no de los poderes corporativos\u201d. Adem\u00e1s, las agrupaciones que impulsan la movilizaci\u00f3n podr\u00edan emitir un documento conjunto que apunte directamente contra la Corte Suprema, el Gobierno nacional y respalde abiertamente a Cristina Kirchner como referente de resistencia.<\/p>\n\n\n\n<p>En definitiva, la movilizaci\u00f3n que protagonizar\u00e1n los jubilados este mi\u00e9rcoles podr\u00eda convertirse en un s\u00edmbolo del descontento creciente que atraviesa a la sociedad argentina, marcada por decisiones judiciales, recortes del Estado y un clima de creciente tensi\u00f3n pol\u00edtica y social.<\/p>\n","protected":false},"excerpt":{"rendered":"<p>La tradicional concentraci\u00f3n de jubilados frente al Congreso de la Naci\u00f3n volver\u00e1 a realizarse este mi\u00e9rcoles 11 de junio y se espera una masiva movilizaci\u00f3n. La reciente decisi\u00f3n de la Corte Suprema, que dej\u00f3 firme la condena contra Cristina Kirchner, sum\u00f3 un nuevo motivo de protesta a una jornada ya marcada por m\u00faltiples reclamos sociales, [&hellip;]<\/p>\n","protected":false},"author":4,"featured_media":3113,"comment_status":"open","ping_status":"open","sticky":false,"template":"","format":"standard","meta":{"footnotes":""},"categories":[18,22],"tags":[],"class_list":{"0":"post-3112","1":"post","2":"type-post","3":"status-publish","4":"format-standard","5":"has-post-thumbnail","7":"category-nacionales","8":"category-politica"},"yoast_head":"<!-- This site is optimized with the Yoast SEO plugin v27.4 - https:\/\/yoast.com\/product\/yoast-seo-wordpress\/ -->\n<title>Jubilados y organizaciones marchar\u00e1n al Congreso hoy tras la condena a Cristina Kirchner - Diario del Sur<\/title>\n<meta name=\"robots\" content=\"index, follow, max-snippet:-1, max-image-preview:large, max-video-preview:-1\" \/>\n<link rel=\"canonical\" href=\"https:\/\/diariodelsurdigital.com.ar\/?p=3112\" \/>\n<meta property=\"og:locale\" content=\"es_ES\" \/>\n<meta property=\"og:type\" content=\"article\" \/>\n<meta property=\"og:title\" content=\"Jubilados y organizaciones marchar\u00e1n al Congreso hoy tras la condena a Cristina Kirchner - Diario del Sur\" \/>\n<meta property=\"og:description\" content=\"La tradicional concentraci\u00f3n de jubilados frente al Congreso de la Naci\u00f3n volver\u00e1 a realizarse este mi\u00e9rcoles 11 de junio y se espera una masiva movilizaci\u00f3n. La reciente decisi\u00f3n de la Corte Suprema, que dej\u00f3 firme la condena contra Cristina Kirchner, sum\u00f3 un nuevo motivo de protesta a una jornada ya marcada por m\u00faltiples reclamos sociales, [&hellip;]\" \/>\n<meta property=\"og:url\" content=\"https:\/\/diariodelsurdigital.com.ar\/?p=3112\" \/>\n<meta property=\"og:site_name\" content=\"Diario del Sur\" \/>\n<meta property=\"article:published_time\" content=\"2025-06-11T19:20:34+00:00\" \/>\n<meta property=\"article:modified_time\" content=\"2025-06-11T19:20:35+00:00\" \/>\n<meta property=\"og:image\" content=\"https:\/\/diariodelsurdigital.com.ar\/wp-content\/uploads\/2025\/06\/md-14.webp\" \/>\n\t<meta property=\"og:image:width\" content=\"992\" \/>\n\t<meta property=\"og:image:height\" content=\"643\" \/>\n\t<meta property=\"og:image:type\" content=\"image\/webp\" \/>\n<meta name=\"author\" content=\"Diario del Sur Digital\" \/>\n<meta name=\"twitter:card\" content=\"summary_large_image\" \/>\n<meta name=\"twitter:label1\" content=\"Escrito por\" \/>\n\t<meta name=\"twitter:data1\" content=\"Diario del Sur Digital\" \/>\n\t<meta name=\"twitter:label2\" content=\"Tiempo de lectura\" \/>\n\t<meta name=\"twitter:data2\" content=\"4 minutos\" \/>\n<script type=\"application\/ld+json\" class=\"yoast-schema-graph\">{\"@context\":\"https:\\\/\\\/schema.org\",\"@graph\":[{\"@type\":\"Article\",\"@id\":\"https:\\\/\\\/diariodelsurdigital.com.ar\\\/?p=3112#article\",\"isPartOf\":{\"@id\":\"https:\\\/\\\/diariodelsurdigital.com.ar\\\/?p=3112\"},\"author\":{\"name\":\"Diario del Sur Digital\",\"@id\":\"https:\\\/\\\/diariodelsurdigital.com.ar\\\/#\\\/schema\\\/person\\\/1a4992532ed62965c968031b49195c81\"},\"headline\":\"Jubilados y organizaciones marchar\u00e1n al Congreso hoy tras la condena a Cristina Kirchner\",\"datePublished\":\"2025-06-11T19:20:34+00:00\",\"dateModified\":\"2025-06-11T19:20:35+00:00\",\"mainEntityOfPage\":{\"@id\":\"https:\\\/\\\/diariodelsurdigital.com.ar\\\/?p=3112\"},\"wordCount\":800,\"commentCount\":0,\"image\":{\"@id\":\"https:\\\/\\\/diariodelsurdigital.com.ar\\\/?p=3112#primaryimage\"},\"thumbnailUrl\":\"https:\\\/\\\/diariodelsurdigital.com.ar\\\/wp-content\\\/uploads\\\/2025\\\/06\\\/md-14.webp\",\"articleSection\":[\"Nacionales\",\"Pol\u00edtica\"],\"inLanguage\":\"es\",\"potentialAction\":[{\"@type\":\"CommentAction\",\"name\":\"Comment\",\"target\":[\"https:\\\/\\\/diariodelsurdigital.com.ar\\\/?p=3112#respond\"]}]},{\"@type\":\"WebPage\",\"@id\":\"https:\\\/\\\/diariodelsurdigital.com.ar\\\/?p=3112\",\"url\":\"https:\\\/\\\/diariodelsurdigital.com.ar\\\/?p=3112\",\"name\":\"Jubilados y organizaciones marchar\u00e1n al Congreso hoy tras la condena a Cristina Kirchner - Diario del Sur\",\"isPartOf\":{\"@id\":\"https:\\\/\\\/diariodelsurdigital.com.ar\\\/#website\"},\"primaryImageOfPage\":{\"@id\":\"https:\\\/\\\/diariodelsurdigital.com.ar\\\/?p=3112#primaryimage\"},\"image\":{\"@id\":\"https:\\\/\\\/diariodelsurdigital.com.ar\\\/?p=3112#primaryimage\"},\"thumbnailUrl\":\"https:\\\/\\\/diariodelsurdigital.com.ar\\\/wp-content\\\/uploads\\\/2025\\\/06\\\/md-14.webp\",\"datePublished\":\"2025-06-11T19:20:34+00:00\",\"dateModified\":\"2025-06-11T19:20:35+00:00\",\"author\":{\"@id\":\"https:\\\/\\\/diariodelsurdigital.com.ar\\\/#\\\/schema\\\/person\\\/1a4992532ed62965c968031b49195c81\"},\"breadcrumb\":{\"@id\":\"https:\\\/\\\/diariodelsurdigital.com.ar\\\/?p=3112#breadcrumb\"},\"inLanguage\":\"es\",\"potentialAction\":[{\"@type\":\"ReadAction\",\"target\":[\"https:\\\/\\\/diariodelsurdigital.com.ar\\\/?p=3112\"]}]},{\"@type\":\"ImageObject\",\"inLanguage\":\"es\",\"@id\":\"https:\\\/\\\/diariodelsurdigital.com.ar\\\/?p=3112#primaryimage\",\"url\":\"https:\\\/\\\/diariodelsurdigital.com.ar\\\/wp-content\\\/uploads\\\/2025\\\/06\\\/md-14.webp\",\"contentUrl\":\"https:\\\/\\\/diariodelsurdigital.com.ar\\\/wp-content\\\/uploads\\\/2025\\\/06\\\/md-14.webp\",\"width\":992,\"height\":643},{\"@type\":\"BreadcrumbList\",\"@id\":\"https:\\\/\\\/diariodelsurdigital.com.ar\\\/?p=3112#breadcrumb\",\"itemListElement\":[{\"@type\":\"ListItem\",\"position\":1,\"name\":\"Portada\",\"item\":\"https:\\\/\\\/diariodelsurdigital.com.ar\\\/\"},{\"@type\":\"ListItem\",\"position\":2,\"name\":\"Jubilados y organizaciones marchar\u00e1n al Congreso hoy tras la condena a Cristina Kirchner\"}]},{\"@type\":\"WebSite\",\"@id\":\"https:\\\/\\\/diariodelsurdigital.com.ar\\\/#website\",\"url\":\"https:\\\/\\\/diariodelsurdigital.com.ar\\\/\",\"name\":\"Diario del Sur\",\"description\":\"Digital\",\"potentialAction\":[{\"@type\":\"SearchAction\",\"target\":{\"@type\":\"EntryPoint\",\"urlTemplate\":\"https:\\\/\\\/diariodelsurdigital.com.ar\\\/?s={search_term_string}\"},\"query-input\":{\"@type\":\"PropertyValueSpecification\",\"valueRequired\":true,\"valueName\":\"search_term_string\"}}],\"inLanguage\":\"es\"},{\"@type\":\"Person\",\"@id\":\"https:\\\/\\\/diariodelsurdigital.com.ar\\\/#\\\/schema\\\/person\\\/1a4992532ed62965c968031b49195c81\",\"name\":\"Diario del Sur Digital\",\"image\":{\"@type\":\"ImageObject\",\"inLanguage\":\"es\",\"@id\":\"https:\\\/\\\/secure.gravatar.com\\\/avatar\\\/f0c7c47fc7146d19828273b9b8eda651c9c7ab583767e6338d3d3bee825adf76?s=96&d=mm&r=g\",\"url\":\"https:\\\/\\\/secure.gravatar.com\\\/avatar\\\/f0c7c47fc7146d19828273b9b8eda651c9c7ab583767e6338d3d3bee825adf76?s=96&d=mm&r=g\",\"contentUrl\":\"https:\\\/\\\/secure.gravatar.com\\\/avatar\\\/f0c7c47fc7146d19828273b9b8eda651c9c7ab583767e6338d3d3bee825adf76?s=96&d=mm&r=g\",\"caption\":\"Diario del Sur Digital\"},\"url\":\"https:\\\/\\\/diariodelsurdigital.com.ar\\\/?author=4\"}]}<\/script>\n<!-- \/ Yoast SEO plugin. -->","yoast_head_json":{"title":"Jubilados y organizaciones marchar\u00e1n al Congreso hoy tras la condena a Cristina Kirchner - Diario del Sur","robots":{"index":"index","follow":"follow","max-snippet":"max-snippet:-1","max-image-preview":"max-image-preview:large","max-video-preview":"max-video-preview:-1"},"canonical":"https:\/\/diariodelsurdigital.com.ar\/?p=3112","og_locale":"es_ES","og_type":"article","og_title":"Jubilados y organizaciones marchar\u00e1n al Congreso hoy tras la condena a Cristina Kirchner - Diario del Sur","og_description":"La tradicional concentraci\u00f3n de jubilados frente al Congreso de la Naci\u00f3n volver\u00e1 a realizarse este mi\u00e9rcoles 11 de junio y se espera una masiva movilizaci\u00f3n. La reciente decisi\u00f3n de la Corte Suprema, que dej\u00f3 firme la condena contra Cristina Kirchner, sum\u00f3 un nuevo motivo de protesta a una jornada ya marcada por m\u00faltiples reclamos sociales, [&hellip;]","og_url":"https:\/\/diariodelsurdigital.com.ar\/?p=3112","og_site_name":"Diario del Sur","article_published_time":"2025-06-11T19:20:34+00:00","article_modified_time":"2025-06-11T19:20:35+00:00","og_image":[{"width":992,"height":643,"url":"https:\/\/diariodelsurdigital.com.ar\/wp-content\/uploads\/2025\/06\/md-14.webp","type":"image\/webp"}],"author":"Diario del Sur Digital","twitter_card":"summary_large_image","twitter_misc":{"Escrito por":"Diario del Sur Digital","Tiempo de lectura":"4 minutos"},"schema":{"@context":"https:\/\/schema.org","@graph":[{"@type":"Article","@id":"https:\/\/diariodelsurdigital.com.ar\/?p=3112#article","isPartOf":{"@id":"https:\/\/diariodelsurdigital.com.ar\/?p=3112"},"author":{"name":"Diario del Sur Digital","@id":"https:\/\/diariodelsurdigital.com.ar\/#\/schema\/person\/1a4992532ed62965c968031b49195c81"},"headline":"Jubilados y organizaciones marchar\u00e1n al Congreso hoy tras la condena a Cristina Kirchner","datePublished":"2025-06-11T19:20:34+00:00","dateModified":"2025-06-11T19:20:35+00:00","mainEntityOfPage":{"@id":"https:\/\/diariodelsurdigital.com.ar\/?p=3112"},"wordCount":800,"commentCount":0,"image":{"@id":"https:\/\/diariodelsurdigital.com.ar\/?p=3112#primaryimage"},"thumbnailUrl":"https:\/\/diariodelsurdigital.com.ar\/wp-content\/uploads\/2025\/06\/md-14.webp","articleSection":["Nacionales","Pol\u00edtica"],"inLanguage":"es","potentialAction":[{"@type":"CommentAction","name":"Comment","target":["https:\/\/diariodelsurdigital.com.ar\/?p=3112#respond"]}]},{"@type":"WebPage","@id":"https:\/\/diariodelsurdigital.com.ar\/?p=3112","url":"https:\/\/diariodelsurdigital.com.ar\/?p=3112","name":"Jubilados y organizaciones marchar\u00e1n al Congreso hoy tras la condena a Cristina Kirchner - Diario del Sur","isPartOf":{"@id":"https:\/\/diariodelsurdigital.com.ar\/#website"},"primaryImageOfPage":{"@id":"https:\/\/diariodelsurdigital.com.ar\/?p=3112#primaryimage"},"image":{"@id":"https:\/\/diariodelsurdigital.com.ar\/?p=3112#primaryimage"},"thumbnailUrl":"https:\/\/diariodelsurdigital.com.ar\/wp-content\/uploads\/2025\/06\/md-14.webp","datePublished":"2025-06-11T19:20:34+00:00","dateModified":"2025-06-11T19:20:35+00:00","author":{"@id":"https:\/\/diariodelsurdigital.com.ar\/#\/schema\/person\/1a4992532ed62965c968031b49195c81"},"breadcrumb":{"@id":"https:\/\/diariodelsurdigital.com.ar\/?p=3112#breadcrumb"},"inLanguage":"es","potentialAction":[{"@type":"ReadAction","target":["https:\/\/diariodelsurdigital.com.ar\/?p=3112"]}]},{"@type":"ImageObject","inLanguage":"es","@id":"https:\/\/diariodelsurdigital.com.ar\/?p=3112#primaryimage","url":"https:\/\/diariodelsurdigital.com.ar\/wp-content\/uploads\/2025\/06\/md-14.webp","contentUrl":"https:\/\/diariodelsurdigital.com.ar\/wp-content\/uploads\/2025\/06\/md-14.webp","width":992,"height":643},{"@type":"BreadcrumbList","@id":"https:\/\/diariodelsurdigital.com.ar\/?p=3112#breadcrumb","itemListElement":[{"@type":"ListItem","position":1,"name":"Portada","item":"https:\/\/diariodelsurdigital.com.ar\/"},{"@type":"ListItem","position":2,"name":"Jubilados y organizaciones marchar\u00e1n al Congreso hoy tras la condena a Cristina Kirchner"}]},{"@type":"WebSite","@id":"https:\/\/diariodelsurdigital.com.ar\/#website","url":"https:\/\/diariodelsurdigital.com.ar\/","name":"Diario del Sur","description":"Digital","potentialAction":[{"@type":"SearchAction","target":{"@type":"EntryPoint","urlTemplate":"https:\/\/diariodelsurdigital.com.ar\/?s={search_term_string}"},"query-input":{"@type":"PropertyValueSpecification","valueRequired":true,"valueName":"search_term_string"}}],"inLanguage":"es"},{"@type":"Person","@id":"https:\/\/diariodelsurdigital.com.ar\/#\/schema\/person\/1a4992532ed62965c968031b49195c81","name":"Diario del Sur Digital","image":{"@type":"ImageObject","inLanguage":"es","@id":"https:\/\/secure.gravatar.com\/avatar\/f0c7c47fc7146d19828273b9b8eda651c9c7ab583767e6338d3d3bee825adf76?s=96&d=mm&r=g","url":"https:\/\/secure.gravatar.com\/avatar\/f0c7c47fc7146d19828273b9b8eda651c9c7ab583767e6338d3d3bee825adf76?s=96&d=mm&r=g","contentUrl":"https:\/\/secure.gravatar.com\/avatar\/f0c7c47fc7146d19828273b9b8eda651c9c7ab583767e6338d3d3bee825adf76?s=96&d=mm&r=g","caption":"Diario del Sur Digital"},"url":"https:\/\/diariodelsurdigital.com.ar\/?author=4"}]}},"_links":{"self":[{"href":"https:\/\/diariodelsurdigital.com.ar\/index.php?rest_route=\/wp\/v2\/posts\/3112","targetHints":{"allow":["GET"]}}],"collection":[{"href":"https:\/\/diariodelsurdigital.com.ar\/index.php?rest_route=\/wp\/v2\/posts"}],"about":[{"href":"https:\/\/diariodelsurdigital.com.ar\/index.php?rest_route=\/wp\/v2\/types\/post"}],"author":[{"embeddable":true,"href":"https:\/\/diariodelsurdigital.com.ar\/index.php?rest_route=\/wp\/v2\/users\/4"}],"replies":[{"embeddable":true,"href":"https:\/\/diariodelsurdigital.com.ar\/index.php?rest_route=%2Fwp%2Fv2%2Fcomments&post=3112"}],"version-history":[{"count":1,"href":"https:\/\/diariodelsurdigital.com.ar\/index.php?rest_route=\/wp\/v2\/posts\/3112\/revisions"}],"predecessor-version":[{"id":3114,"href":"https:\/\/diariodelsurdigital.com.ar\/index.php?rest_route=\/wp\/v2\/posts\/3112\/revisions\/3114"}],"wp:featuredmedia":[{"embeddable":true,"href":"https:\/\/diariodelsurdigital.com.ar\/index.php?rest_route=\/wp\/v2\/media\/3113"}],"wp:attachment":[{"href":"https:\/\/diariodelsurdigital.com.ar\/index.php?rest_route=%2Fwp%2Fv2%2Fmedia&parent=3112"}],"wp:term":[{"taxonomy":"category","embeddable":true,"href":"https:\/\/diariodelsurdigital.com.ar\/index.php?rest_route=%2Fwp%2Fv2%2Fcategories&post=3112"},{"taxonomy":"post_tag","embeddable":true,"href":"https:\/\/diariodelsurdigital.com.ar\/index.php?rest_route=%2Fwp%2Fv2%2Ftags&post=3112"}],"curies":[{"name":"wp","href":"https:\/\/api.w.org\/{rel}","templated":true}]}}