{"id":3115,"date":"2025-06-11T16:24:40","date_gmt":"2025-06-11T19:24:40","guid":{"rendered":"https:\/\/diariodelsurdigital.com.ar\/?p=3115"},"modified":"2025-06-11T16:24:41","modified_gmt":"2025-06-11T19:24:41","slug":"diputados-justicialistas-repudian-el-desmantelamiento-del-inta-y-llaman-a-defenderlo","status":"publish","type":"post","link":"https:\/\/diariodelsurdigital.com.ar\/?p=3115","title":{"rendered":"Diputados justicialistas repudian el desmantelamiento del INTA y llaman a defenderlo"},"content":{"rendered":"\n<p>Mediante un proyecto de Declaraci\u00f3n, diputados justicialistas de Entre R\u00edos alertaron sobre el posible decreto del Poder Ejecutivo nacional que, seg\u00fan advierten desde el Instituto Nacional de Tecnolog\u00eda Agropecuaria (INTA), vaciar\u00eda de contenido una de las instituciones m\u00e1s estrat\u00e9gicas del entramado cient\u00edfico y productivo del pa\u00eds.<\/p>\n\n\n\n<p><\/p>\n\n\n\n<p>Este martes 10 ingres\u00f3 a la C\u00e1mara de Diputados de la provincia un proyecto de Declaraci\u00f3n en el que se pide declarar el \u201cm\u00e1s en\u00e9rgico repudio ante la grave crisis institucional que atraviesa el Instituto Nacional de Tecnolog\u00eda Agropecuaria (INTA), producto de medidas impulsadas a nivel nacional que atentan contra su funcionamiento, su capacidad operativa y su rol estrat\u00e9gico para el desarrollo productivo, cient\u00edfico y tecnol\u00f3gico del pa\u00eds\u201d.<\/p>\n\n\n\n<p>La autora del proyecto, la diputada justicialista Silvina Decco, fundament\u00f3 su proyecto en \u201cla profunda preocupaci\u00f3n por parte de la Estaci\u00f3n Experimental Agropecuaria Paran\u00e1 del INTA y sus Agencias de Extensi\u00f3n de La Paz, Paran\u00e1, Crespo, Nogoy\u00e1, Victoria, Diamante y Gualeguay de la Provincia de Entre R\u00edos, sumado a otros actores de relevada trascendencia a nivel provincial como el Consejo Empresario y la Bolsa de cereales\u201d.<\/p>\n\n\n\n<p>Sostuvo que \u201cla situaci\u00f3n alarmante y de extrema preocupaci\u00f3n, se debe a las medidas impulsadas por el gobierno nacional que tienen como objetivo plantear la reducci\u00f3n de personal y la modificaci\u00f3n de la estructura del Consejo Directivo, \u00f3rgano clave para la definici\u00f3n de estrategias institucionales a mediano y largo plazo, y sobre la posible eliminaci\u00f3n del \u00e1rea de extensi\u00f3n rural, esencial para el v\u00ednculo directo con los productores y comunidades del territorio\u201d.<\/p>\n\n\n\n<p>Decco, que cont\u00f3 con el acompa\u00f1amiento de todos los legisladores del bloque M\u00e1s para Entre R\u00edos, sostuvo que \u201csin lugar a dudas, este tipo de decisiones pone en riesgo el acompa\u00f1amiento t\u00e9cnico y territorial que reciben miles de productores y actores rurales, as\u00ed como el desarrollo de las econom\u00edas regionales, la innovaci\u00f3n, la sustentabilidad y el desarrollo local en todo el pa\u00eds\u201d.<\/p>\n\n\n\n<p>Tambi\u00e9n consign\u00f3 que \u201ces indispensable comprender que la inversi\u00f3n en investigaci\u00f3n soberana de conocimiento es raz\u00f3n de posibilidad para el crecimiento productivo, econ\u00f3mico y social del pa\u00eds\u201d y cuestion\u00f3 que \u201cresulta inadmisible dar lugar a la propuesta de reforma del modelo de gobernanza institucional que propone el gobierno Nacional, ya que incide directamente en la capacidad operativa del INTA, afectando el desarrollo cient\u00edfico, tecnol\u00f3gico y productivo del pa\u00eds\u201d.<\/p>\n\n\n\n<p>Defender<\/p>\n\n\n\n<p>Decco record\u00f3 manifestaciones de trabajadores del INTA: \u201cEn palabras textuales del Personal de la Estaci\u00f3n Experimental Agropecuaria del INTA Paran\u00e1: \u2018Defender al INTA es defender el conocimiento, la producci\u00f3n y la vida en los territorios. Es sostener una instituci\u00f3n que, desde hace m\u00e1s de seis d\u00e9cadas, construye soberan\u00eda tecnol\u00f3gica junto a productores, comunidades y el estado. Por eso, reafirmamos nuestro compromiso con su misi\u00f3n y exigimos que se respete y fortalezca su rol estrat\u00e9gico para el presente y el futuro del agro argentino\u2019\u201d.<\/p>\n\n\n\n<p>Protagonista<\/p>\n\n\n\n<p>La legisladora record\u00f3 que \u201cel INTA fue creado el 4 de diciembre de 1956 en Argentina, mediante el Decreto-Ley N\u00ba 21.680 del Poder Ejecutivo Nacional, siendo protagonista en el sector agropecuario desde hace casi 70 a\u00f1os con gran presencia territorial, experimental y agencias de extensi\u00f3n en todo el pa\u00eds, sumado a los destacados logros que ha logrado relacionado al cuidado de los recursos naturales para una agricultura sostenible, elaborando mapas de suelos, clima y vegetaci\u00f3n para toda la provincia, identificando las limitantes principales y propuestas para su uso m\u00e1s adecuado\u201d.<\/p>\n\n\n\n<p>Destac\u00f3 que \u201ceste organismo p\u00fablico descentralizado adopta un rol estrat\u00e9gico en el desarrollo agropecuario, agroalimentario y agroindustrial, referente en el desarrollo t\u00e9cnico y cient\u00edfico del pa\u00eds. Su importancia radica en la capacidad de generar y transferir conocimientos y tecnolog\u00edas para el desarrollo sustentable del sector agropecuario, hist\u00f3ricamente el organismo ha sido respaldo institucionalmente, por sus extraordinarios avances t\u00e9cnicos reconocido a nivel nacional e internacional\u201d.<\/p>\n","protected":false},"excerpt":{"rendered":"<p>Mediante un proyecto de Declaraci\u00f3n, diputados justicialistas de Entre R\u00edos alertaron sobre el posible decreto del Poder Ejecutivo nacional que, seg\u00fan advierten desde el Instituto Nacional de Tecnolog\u00eda Agropecuaria (INTA), vaciar\u00eda de contenido una de las instituciones m\u00e1s estrat\u00e9gicas del entramado cient\u00edfico y productivo del pa\u00eds. Este martes 10 ingres\u00f3 a la C\u00e1mara de Diputados [&hellip;]<\/p>\n","protected":false},"author":4,"featured_media":3116,"comment_status":"open","ping_status":"open","sticky":false,"template":"","format":"standard","meta":{"footnotes":""},"categories":[19],"tags":[],"class_list":{"0":"post-3115","1":"post","2":"type-post","3":"status-publish","4":"format-standard","5":"has-post-thumbnail","7":"category-interes-general"},"yoast_head":"<!-- This site is optimized with the Yoast SEO plugin v27.4 - https:\/\/yoast.com\/product\/yoast-seo-wordpress\/ -->\n<title>Diputados justicialistas repudian el desmantelamiento del INTA y llaman a defenderlo - Diario del Sur<\/title>\n<meta name=\"robots\" content=\"index, follow, max-snippet:-1, max-image-preview:large, max-video-preview:-1\" \/>\n<link rel=\"canonical\" href=\"https:\/\/diariodelsurdigital.com.ar\/?p=3115\" \/>\n<meta property=\"og:locale\" content=\"es_ES\" \/>\n<meta property=\"og:type\" content=\"article\" \/>\n<meta property=\"og:title\" content=\"Diputados justicialistas repudian el desmantelamiento del INTA y llaman a defenderlo - Diario del Sur\" \/>\n<meta property=\"og:description\" content=\"Mediante un proyecto de Declaraci\u00f3n, diputados justicialistas de Entre R\u00edos alertaron sobre el posible decreto del Poder Ejecutivo nacional que, seg\u00fan advierten desde el Instituto Nacional de Tecnolog\u00eda Agropecuaria (INTA), vaciar\u00eda de contenido una de las instituciones m\u00e1s estrat\u00e9gicas del entramado cient\u00edfico y productivo del pa\u00eds. Este martes 10 ingres\u00f3 a la C\u00e1mara de Diputados [&hellip;]\" \/>\n<meta property=\"og:url\" content=\"https:\/\/diariodelsurdigital.com.ar\/?p=3115\" \/>\n<meta property=\"og:site_name\" content=\"Diario del Sur\" \/>\n<meta property=\"article:published_time\" content=\"2025-06-11T19:24:40+00:00\" \/>\n<meta property=\"article:modified_time\" content=\"2025-06-11T19:24:41+00:00\" \/>\n<meta property=\"og:image\" content=\"https:\/\/diariodelsurdigital.com.ar\/wp-content\/uploads\/2025\/06\/md-15.webp\" \/>\n\t<meta property=\"og:image:width\" content=\"992\" \/>\n\t<meta property=\"og:image:height\" content=\"660\" \/>\n\t<meta property=\"og:image:type\" content=\"image\/webp\" \/>\n<meta name=\"author\" content=\"Diario del Sur Digital\" \/>\n<meta name=\"twitter:card\" content=\"summary_large_image\" \/>\n<meta name=\"twitter:label1\" content=\"Escrito por\" \/>\n\t<meta name=\"twitter:data1\" content=\"Diario del Sur Digital\" \/>\n\t<meta name=\"twitter:label2\" content=\"Tiempo de lectura\" \/>\n\t<meta name=\"twitter:data2\" content=\"4 minutos\" \/>\n<script type=\"application\/ld+json\" class=\"yoast-schema-graph\">{\"@context\":\"https:\\\/\\\/schema.org\",\"@graph\":[{\"@type\":\"Article\",\"@id\":\"https:\\\/\\\/diariodelsurdigital.com.ar\\\/?p=3115#article\",\"isPartOf\":{\"@id\":\"https:\\\/\\\/diariodelsurdigital.com.ar\\\/?p=3115\"},\"author\":{\"name\":\"Diario del Sur Digital\",\"@id\":\"https:\\\/\\\/diariodelsurdigital.com.ar\\\/#\\\/schema\\\/person\\\/1a4992532ed62965c968031b49195c81\"},\"headline\":\"Diputados justicialistas repudian el desmantelamiento del INTA y llaman a defenderlo\",\"datePublished\":\"2025-06-11T19:24:40+00:00\",\"dateModified\":\"2025-06-11T19:24:41+00:00\",\"mainEntityOfPage\":{\"@id\":\"https:\\\/\\\/diariodelsurdigital.com.ar\\\/?p=3115\"},\"wordCount\":696,\"commentCount\":0,\"image\":{\"@id\":\"https:\\\/\\\/diariodelsurdigital.com.ar\\\/?p=3115#primaryimage\"},\"thumbnailUrl\":\"https:\\\/\\\/diariodelsurdigital.com.ar\\\/wp-content\\\/uploads\\\/2025\\\/06\\\/md-15.webp\",\"articleSection\":[\"Inter\u00e9s General\"],\"inLanguage\":\"es\",\"potentialAction\":[{\"@type\":\"CommentAction\",\"name\":\"Comment\",\"target\":[\"https:\\\/\\\/diariodelsurdigital.com.ar\\\/?p=3115#respond\"]}]},{\"@type\":\"WebPage\",\"@id\":\"https:\\\/\\\/diariodelsurdigital.com.ar\\\/?p=3115\",\"url\":\"https:\\\/\\\/diariodelsurdigital.com.ar\\\/?p=3115\",\"name\":\"Diputados justicialistas repudian el desmantelamiento del INTA y llaman a defenderlo - Diario del Sur\",\"isPartOf\":{\"@id\":\"https:\\\/\\\/diariodelsurdigital.com.ar\\\/#website\"},\"primaryImageOfPage\":{\"@id\":\"https:\\\/\\\/diariodelsurdigital.com.ar\\\/?p=3115#primaryimage\"},\"image\":{\"@id\":\"https:\\\/\\\/diariodelsurdigital.com.ar\\\/?p=3115#primaryimage\"},\"thumbnailUrl\":\"https:\\\/\\\/diariodelsurdigital.com.ar\\\/wp-content\\\/uploads\\\/2025\\\/06\\\/md-15.webp\",\"datePublished\":\"2025-06-11T19:24:40+00:00\",\"dateModified\":\"2025-06-11T19:24:41+00:00\",\"author\":{\"@id\":\"https:\\\/\\\/diariodelsurdigital.com.ar\\\/#\\\/schema\\\/person\\\/1a4992532ed62965c968031b49195c81\"},\"breadcrumb\":{\"@id\":\"https:\\\/\\\/diariodelsurdigital.com.ar\\\/?p=3115#breadcrumb\"},\"inLanguage\":\"es\",\"potentialAction\":[{\"@type\":\"ReadAction\",\"target\":[\"https:\\\/\\\/diariodelsurdigital.com.ar\\\/?p=3115\"]}]},{\"@type\":\"ImageObject\",\"inLanguage\":\"es\",\"@id\":\"https:\\\/\\\/diariodelsurdigital.com.ar\\\/?p=3115#primaryimage\",\"url\":\"https:\\\/\\\/diariodelsurdigital.com.ar\\\/wp-content\\\/uploads\\\/2025\\\/06\\\/md-15.webp\",\"contentUrl\":\"https:\\\/\\\/diariodelsurdigital.com.ar\\\/wp-content\\\/uploads\\\/2025\\\/06\\\/md-15.webp\",\"width\":992,\"height\":660},{\"@type\":\"BreadcrumbList\",\"@id\":\"https:\\\/\\\/diariodelsurdigital.com.ar\\\/?p=3115#breadcrumb\",\"itemListElement\":[{\"@type\":\"ListItem\",\"position\":1,\"name\":\"Portada\",\"item\":\"https:\\\/\\\/diariodelsurdigital.com.ar\\\/\"},{\"@type\":\"ListItem\",\"position\":2,\"name\":\"Diputados justicialistas repudian el desmantelamiento del INTA y llaman a defenderlo\"}]},{\"@type\":\"WebSite\",\"@id\":\"https:\\\/\\\/diariodelsurdigital.com.ar\\\/#website\",\"url\":\"https:\\\/\\\/diariodelsurdigital.com.ar\\\/\",\"name\":\"Diario del Sur\",\"description\":\"Digital\",\"potentialAction\":[{\"@type\":\"SearchAction\",\"target\":{\"@type\":\"EntryPoint\",\"urlTemplate\":\"https:\\\/\\\/diariodelsurdigital.com.ar\\\/?s={search_term_string}\"},\"query-input\":{\"@type\":\"PropertyValueSpecification\",\"valueRequired\":true,\"valueName\":\"search_term_string\"}}],\"inLanguage\":\"es\"},{\"@type\":\"Person\",\"@id\":\"https:\\\/\\\/diariodelsurdigital.com.ar\\\/#\\\/schema\\\/person\\\/1a4992532ed62965c968031b49195c81\",\"name\":\"Diario del Sur Digital\",\"image\":{\"@type\":\"ImageObject\",\"inLanguage\":\"es\",\"@id\":\"https:\\\/\\\/secure.gravatar.com\\\/avatar\\\/f0c7c47fc7146d19828273b9b8eda651c9c7ab583767e6338d3d3bee825adf76?s=96&d=mm&r=g\",\"url\":\"https:\\\/\\\/secure.gravatar.com\\\/avatar\\\/f0c7c47fc7146d19828273b9b8eda651c9c7ab583767e6338d3d3bee825adf76?s=96&d=mm&r=g\",\"contentUrl\":\"https:\\\/\\\/secure.gravatar.com\\\/avatar\\\/f0c7c47fc7146d19828273b9b8eda651c9c7ab583767e6338d3d3bee825adf76?s=96&d=mm&r=g\",\"caption\":\"Diario del Sur Digital\"},\"url\":\"https:\\\/\\\/diariodelsurdigital.com.ar\\\/?author=4\"}]}<\/script>\n<!-- \/ Yoast SEO plugin. -->","yoast_head_json":{"title":"Diputados justicialistas repudian el desmantelamiento del INTA y llaman a defenderlo - Diario del Sur","robots":{"index":"index","follow":"follow","max-snippet":"max-snippet:-1","max-image-preview":"max-image-preview:large","max-video-preview":"max-video-preview:-1"},"canonical":"https:\/\/diariodelsurdigital.com.ar\/?p=3115","og_locale":"es_ES","og_type":"article","og_title":"Diputados justicialistas repudian el desmantelamiento del INTA y llaman a defenderlo - Diario del Sur","og_description":"Mediante un proyecto de Declaraci\u00f3n, diputados justicialistas de Entre R\u00edos alertaron sobre el posible decreto del Poder Ejecutivo nacional que, seg\u00fan advierten desde el Instituto Nacional de Tecnolog\u00eda Agropecuaria (INTA), vaciar\u00eda de contenido una de las instituciones m\u00e1s estrat\u00e9gicas del entramado cient\u00edfico y productivo del pa\u00eds. Este martes 10 ingres\u00f3 a la C\u00e1mara de Diputados [&hellip;]","og_url":"https:\/\/diariodelsurdigital.com.ar\/?p=3115","og_site_name":"Diario del Sur","article_published_time":"2025-06-11T19:24:40+00:00","article_modified_time":"2025-06-11T19:24:41+00:00","og_image":[{"width":992,"height":660,"url":"https:\/\/diariodelsurdigital.com.ar\/wp-content\/uploads\/2025\/06\/md-15.webp","type":"image\/webp"}],"author":"Diario del Sur Digital","twitter_card":"summary_large_image","twitter_misc":{"Escrito por":"Diario del Sur Digital","Tiempo de lectura":"4 minutos"},"schema":{"@context":"https:\/\/schema.org","@graph":[{"@type":"Article","@id":"https:\/\/diariodelsurdigital.com.ar\/?p=3115#article","isPartOf":{"@id":"https:\/\/diariodelsurdigital.com.ar\/?p=3115"},"author":{"name":"Diario del Sur Digital","@id":"https:\/\/diariodelsurdigital.com.ar\/#\/schema\/person\/1a4992532ed62965c968031b49195c81"},"headline":"Diputados justicialistas repudian el desmantelamiento del INTA y llaman a defenderlo","datePublished":"2025-06-11T19:24:40+00:00","dateModified":"2025-06-11T19:24:41+00:00","mainEntityOfPage":{"@id":"https:\/\/diariodelsurdigital.com.ar\/?p=3115"},"wordCount":696,"commentCount":0,"image":{"@id":"https:\/\/diariodelsurdigital.com.ar\/?p=3115#primaryimage"},"thumbnailUrl":"https:\/\/diariodelsurdigital.com.ar\/wp-content\/uploads\/2025\/06\/md-15.webp","articleSection":["Inter\u00e9s General"],"inLanguage":"es","potentialAction":[{"@type":"CommentAction","name":"Comment","target":["https:\/\/diariodelsurdigital.com.ar\/?p=3115#respond"]}]},{"@type":"WebPage","@id":"https:\/\/diariodelsurdigital.com.ar\/?p=3115","url":"https:\/\/diariodelsurdigital.com.ar\/?p=3115","name":"Diputados justicialistas repudian el desmantelamiento del INTA y llaman a defenderlo - Diario del Sur","isPartOf":{"@id":"https:\/\/diariodelsurdigital.com.ar\/#website"},"primaryImageOfPage":{"@id":"https:\/\/diariodelsurdigital.com.ar\/?p=3115#primaryimage"},"image":{"@id":"https:\/\/diariodelsurdigital.com.ar\/?p=3115#primaryimage"},"thumbnailUrl":"https:\/\/diariodelsurdigital.com.ar\/wp-content\/uploads\/2025\/06\/md-15.webp","datePublished":"2025-06-11T19:24:40+00:00","dateModified":"2025-06-11T19:24:41+00:00","author":{"@id":"https:\/\/diariodelsurdigital.com.ar\/#\/schema\/person\/1a4992532ed62965c968031b49195c81"},"breadcrumb":{"@id":"https:\/\/diariodelsurdigital.com.ar\/?p=3115#breadcrumb"},"inLanguage":"es","potentialAction":[{"@type":"ReadAction","target":["https:\/\/diariodelsurdigital.com.ar\/?p=3115"]}]},{"@type":"ImageObject","inLanguage":"es","@id":"https:\/\/diariodelsurdigital.com.ar\/?p=3115#primaryimage","url":"https:\/\/diariodelsurdigital.com.ar\/wp-content\/uploads\/2025\/06\/md-15.webp","contentUrl":"https:\/\/diariodelsurdigital.com.ar\/wp-content\/uploads\/2025\/06\/md-15.webp","width":992,"height":660},{"@type":"BreadcrumbList","@id":"https:\/\/diariodelsurdigital.com.ar\/?p=3115#breadcrumb","itemListElement":[{"@type":"ListItem","position":1,"name":"Portada","item":"https:\/\/diariodelsurdigital.com.ar\/"},{"@type":"ListItem","position":2,"name":"Diputados justicialistas repudian el desmantelamiento del INTA y llaman a defenderlo"}]},{"@type":"WebSite","@id":"https:\/\/diariodelsurdigital.com.ar\/#website","url":"https:\/\/diariodelsurdigital.com.ar\/","name":"Diario del Sur","description":"Digital","potentialAction":[{"@type":"SearchAction","target":{"@type":"EntryPoint","urlTemplate":"https:\/\/diariodelsurdigital.com.ar\/?s={search_term_string}"},"query-input":{"@type":"PropertyValueSpecification","valueRequired":true,"valueName":"search_term_string"}}],"inLanguage":"es"},{"@type":"Person","@id":"https:\/\/diariodelsurdigital.com.ar\/#\/schema\/person\/1a4992532ed62965c968031b49195c81","name":"Diario del Sur Digital","image":{"@type":"ImageObject","inLanguage":"es","@id":"https:\/\/secure.gravatar.com\/avatar\/f0c7c47fc7146d19828273b9b8eda651c9c7ab583767e6338d3d3bee825adf76?s=96&d=mm&r=g","url":"https:\/\/secure.gravatar.com\/avatar\/f0c7c47fc7146d19828273b9b8eda651c9c7ab583767e6338d3d3bee825adf76?s=96&d=mm&r=g","contentUrl":"https:\/\/secure.gravatar.com\/avatar\/f0c7c47fc7146d19828273b9b8eda651c9c7ab583767e6338d3d3bee825adf76?s=96&d=mm&r=g","caption":"Diario del Sur Digital"},"url":"https:\/\/diariodelsurdigital.com.ar\/?author=4"}]}},"_links":{"self":[{"href":"https:\/\/diariodelsurdigital.com.ar\/index.php?rest_route=\/wp\/v2\/posts\/3115","targetHints":{"allow":["GET"]}}],"collection":[{"href":"https:\/\/diariodelsurdigital.com.ar\/index.php?rest_route=\/wp\/v2\/posts"}],"about":[{"href":"https:\/\/diariodelsurdigital.com.ar\/index.php?rest_route=\/wp\/v2\/types\/post"}],"author":[{"embeddable":true,"href":"https:\/\/diariodelsurdigital.com.ar\/index.php?rest_route=\/wp\/v2\/users\/4"}],"replies":[{"embeddable":true,"href":"https:\/\/diariodelsurdigital.com.ar\/index.php?rest_route=%2Fwp%2Fv2%2Fcomments&post=3115"}],"version-history":[{"count":1,"href":"https:\/\/diariodelsurdigital.com.ar\/index.php?rest_route=\/wp\/v2\/posts\/3115\/revisions"}],"predecessor-version":[{"id":3117,"href":"https:\/\/diariodelsurdigital.com.ar\/index.php?rest_route=\/wp\/v2\/posts\/3115\/revisions\/3117"}],"wp:featuredmedia":[{"embeddable":true,"href":"https:\/\/diariodelsurdigital.com.ar\/index.php?rest_route=\/wp\/v2\/media\/3116"}],"wp:attachment":[{"href":"https:\/\/diariodelsurdigital.com.ar\/index.php?rest_route=%2Fwp%2Fv2%2Fmedia&parent=3115"}],"wp:term":[{"taxonomy":"category","embeddable":true,"href":"https:\/\/diariodelsurdigital.com.ar\/index.php?rest_route=%2Fwp%2Fv2%2Fcategories&post=3115"},{"taxonomy":"post_tag","embeddable":true,"href":"https:\/\/diariodelsurdigital.com.ar\/index.php?rest_route=%2Fwp%2Fv2%2Ftags&post=3115"}],"curies":[{"name":"wp","href":"https:\/\/api.w.org\/{rel}","templated":true}]}}