{"id":3129,"date":"2025-06-12T14:22:52","date_gmt":"2025-06-12T17:22:52","guid":{"rendered":"https:\/\/diariodelsurdigital.com.ar\/?p=3129"},"modified":"2025-06-12T14:22:53","modified_gmt":"2025-06-12T17:22:53","slug":"kueider-fijan-fecha-de-audiencia-para-juicio-oral-en-paraguay","status":"publish","type":"post","link":"https:\/\/diariodelsurdigital.com.ar\/?p=3129","title":{"rendered":"Kueider: fijan fecha de audiencia para juicio oral en Paraguay"},"content":{"rendered":"\n<p>Durante este proceso de audiencia se resolver\u00e1 si Edgardo Kueider y su secretaria, Iara Guinsel Costa van o no a juicio oral y p\u00fablico.<\/p>\n\n\n\n<p>El juez de Delitos Econ\u00f3micos de Paraguay, Humberto Otaz\u00fa, fij\u00f3 para los d\u00edas 24, 25 y 26 de junio la audiencia preliminar del exsenador argentino Edgardo Kueider y su secretaria Iara Guinsel Costa, ambos acusados de tentativa de contrabando. En esta audiencia se resolver\u00e1 si ambos ser\u00e1n -o no- enviados a juicio oral y p\u00fablico.<\/p>\n\n\n\n<p>Seg\u00fan la acusaci\u00f3n, el entonces legislador argentino y su secretaria intentaron ingresar al pa\u00eds con unos 211.102 d\u00f3lares 640.000 guaran\u00edes y 3.900.000 de pesos argentinos, sin haber declarado el dinero ante la Direcci\u00f3n Nacional de Ingresos Tributarios (DNIT), a pesar de estar obligados a hacerlo debido al elevado monto en su poder.<\/p>\n\n\n\n<p>Ambos son acusados de contrabando en grado de tentativa, lo que reduce la pena a la mitad, conforme a lo establecido en la Ley 2422 del C\u00f3digo Aduanero. De esta manera, la pena m\u00e1xima, en caso de condena, ser\u00eda de 2 a\u00f1os y 6 meses de prisi\u00f3n.<\/p>\n\n\n\n<p>La fiscal\u00eda a cargo del fiscal Ysrael Villalba Ram\u00edrez acus\u00f3 formalmente a ambos por el hecho punible de contrabando y solicit\u00f3 juicio oral y p\u00fablico para ambos, ante el juez penal de garant\u00edas Especializado en Delitos Econ\u00f3micos, Humberto Otaz\u00fa. Se acusa a ambos de intentar ingresar a territorio paraguayo con una suma de dinero no fue declarada a trav\u00e9s de Ciudad del Este, departamento de Alto Paran\u00e1, espec\u00edficamente por el Puente de la Amistad, a la 1.30 del 4 de diciembre de 2024.<\/p>\n\n\n\n<p>El dinero no declarado iba en la parte trasera del veh\u00edculo Chevrolet conducido por Kueider, dentro de una mochila, seg\u00fan el acta del procedimiento.<\/p>\n\n\n\n<p>El fiscal consider\u00f3 que ambos transportaban dinero en efectivo en territorio aduanero sin la documentaci\u00f3n que acredite su introducci\u00f3n legal a Paraguay. Se analiz\u00f3 su conducta como antijur\u00eddica y que actuaban en pleno uso de sus facultades mentales.<\/p>\n\n\n\n<p>Ambos fueron imputados el 5 de diciembre de 2024 y se les dict\u00f3 arresto domiciliario inicialmente cumplieron la medida en el edificio \u201cTierra Alta\u201d de Asunci\u00f3n, pero luego cambiaron de domicilio a otro inmueble en el barrio San Vicente de la capital paraguaya bajo vigilancia policial.<\/p>\n","protected":false},"excerpt":{"rendered":"<p>Durante este proceso de audiencia se resolver\u00e1 si Edgardo Kueider y su secretaria, Iara Guinsel Costa van o no a juicio oral y p\u00fablico. El juez de Delitos Econ\u00f3micos de Paraguay, Humberto Otaz\u00fa, fij\u00f3 para los d\u00edas 24, 25 y 26 de junio la audiencia preliminar del exsenador argentino Edgardo Kueider y su secretaria Iara [&hellip;]<\/p>\n","protected":false},"author":4,"featured_media":3130,"comment_status":"open","ping_status":"open","sticky":false,"template":"","format":"standard","meta":{"footnotes":""},"categories":[26,22],"tags":[],"class_list":{"0":"post-3129","1":"post","2":"type-post","3":"status-publish","4":"format-standard","5":"has-post-thumbnail","7":"category-judiciales","8":"category-politica"},"yoast_head":"<!-- This site is optimized with the Yoast SEO plugin v27.4 - https:\/\/yoast.com\/product\/yoast-seo-wordpress\/ -->\n<title>Kueider: fijan fecha de audiencia para juicio oral en Paraguay - Diario del Sur<\/title>\n<meta name=\"robots\" content=\"index, follow, max-snippet:-1, max-image-preview:large, max-video-preview:-1\" \/>\n<link rel=\"canonical\" href=\"https:\/\/diariodelsurdigital.com.ar\/?p=3129\" \/>\n<meta property=\"og:locale\" content=\"es_ES\" \/>\n<meta property=\"og:type\" content=\"article\" \/>\n<meta property=\"og:title\" content=\"Kueider: fijan fecha de audiencia para juicio oral en Paraguay - Diario del Sur\" \/>\n<meta property=\"og:description\" content=\"Durante este proceso de audiencia se resolver\u00e1 si Edgardo Kueider y su secretaria, Iara Guinsel Costa van o no a juicio oral y p\u00fablico. El juez de Delitos Econ\u00f3micos de Paraguay, Humberto Otaz\u00fa, fij\u00f3 para los d\u00edas 24, 25 y 26 de junio la audiencia preliminar del exsenador argentino Edgardo Kueider y su secretaria Iara [&hellip;]\" \/>\n<meta property=\"og:url\" content=\"https:\/\/diariodelsurdigital.com.ar\/?p=3129\" \/>\n<meta property=\"og:site_name\" content=\"Diario del Sur\" \/>\n<meta property=\"article:published_time\" content=\"2025-06-12T17:22:52+00:00\" \/>\n<meta property=\"article:modified_time\" content=\"2025-06-12T17:22:53+00:00\" \/>\n<meta property=\"og:image\" content=\"https:\/\/diariodelsurdigital.com.ar\/wp-content\/uploads\/2025\/06\/md-13.webp\" \/>\n\t<meta property=\"og:image:width\" content=\"992\" \/>\n\t<meta property=\"og:image:height\" content=\"584\" \/>\n\t<meta property=\"og:image:type\" content=\"image\/webp\" \/>\n<meta name=\"author\" content=\"Diario del Sur Digital\" \/>\n<meta name=\"twitter:card\" content=\"summary_large_image\" \/>\n<meta name=\"twitter:label1\" content=\"Escrito por\" \/>\n\t<meta name=\"twitter:data1\" content=\"Diario del Sur Digital\" \/>\n\t<meta name=\"twitter:label2\" content=\"Tiempo de lectura\" \/>\n\t<meta name=\"twitter:data2\" content=\"2 minutos\" \/>\n<script type=\"application\/ld+json\" class=\"yoast-schema-graph\">{\"@context\":\"https:\\\/\\\/schema.org\",\"@graph\":[{\"@type\":\"Article\",\"@id\":\"https:\\\/\\\/diariodelsurdigital.com.ar\\\/?p=3129#article\",\"isPartOf\":{\"@id\":\"https:\\\/\\\/diariodelsurdigital.com.ar\\\/?p=3129\"},\"author\":{\"name\":\"Diario del Sur Digital\",\"@id\":\"https:\\\/\\\/diariodelsurdigital.com.ar\\\/#\\\/schema\\\/person\\\/1a4992532ed62965c968031b49195c81\"},\"headline\":\"Kueider: fijan fecha de audiencia para juicio oral en Paraguay\",\"datePublished\":\"2025-06-12T17:22:52+00:00\",\"dateModified\":\"2025-06-12T17:22:53+00:00\",\"mainEntityOfPage\":{\"@id\":\"https:\\\/\\\/diariodelsurdigital.com.ar\\\/?p=3129\"},\"wordCount\":394,\"commentCount\":0,\"image\":{\"@id\":\"https:\\\/\\\/diariodelsurdigital.com.ar\\\/?p=3129#primaryimage\"},\"thumbnailUrl\":\"https:\\\/\\\/diariodelsurdigital.com.ar\\\/wp-content\\\/uploads\\\/2025\\\/06\\\/md-13.webp\",\"articleSection\":[\"Judiciales\",\"Pol\u00edtica\"],\"inLanguage\":\"es\",\"potentialAction\":[{\"@type\":\"CommentAction\",\"name\":\"Comment\",\"target\":[\"https:\\\/\\\/diariodelsurdigital.com.ar\\\/?p=3129#respond\"]}]},{\"@type\":\"WebPage\",\"@id\":\"https:\\\/\\\/diariodelsurdigital.com.ar\\\/?p=3129\",\"url\":\"https:\\\/\\\/diariodelsurdigital.com.ar\\\/?p=3129\",\"name\":\"Kueider: fijan fecha de audiencia para juicio oral en Paraguay - Diario del Sur\",\"isPartOf\":{\"@id\":\"https:\\\/\\\/diariodelsurdigital.com.ar\\\/#website\"},\"primaryImageOfPage\":{\"@id\":\"https:\\\/\\\/diariodelsurdigital.com.ar\\\/?p=3129#primaryimage\"},\"image\":{\"@id\":\"https:\\\/\\\/diariodelsurdigital.com.ar\\\/?p=3129#primaryimage\"},\"thumbnailUrl\":\"https:\\\/\\\/diariodelsurdigital.com.ar\\\/wp-content\\\/uploads\\\/2025\\\/06\\\/md-13.webp\",\"datePublished\":\"2025-06-12T17:22:52+00:00\",\"dateModified\":\"2025-06-12T17:22:53+00:00\",\"author\":{\"@id\":\"https:\\\/\\\/diariodelsurdigital.com.ar\\\/#\\\/schema\\\/person\\\/1a4992532ed62965c968031b49195c81\"},\"breadcrumb\":{\"@id\":\"https:\\\/\\\/diariodelsurdigital.com.ar\\\/?p=3129#breadcrumb\"},\"inLanguage\":\"es\",\"potentialAction\":[{\"@type\":\"ReadAction\",\"target\":[\"https:\\\/\\\/diariodelsurdigital.com.ar\\\/?p=3129\"]}]},{\"@type\":\"ImageObject\",\"inLanguage\":\"es\",\"@id\":\"https:\\\/\\\/diariodelsurdigital.com.ar\\\/?p=3129#primaryimage\",\"url\":\"https:\\\/\\\/diariodelsurdigital.com.ar\\\/wp-content\\\/uploads\\\/2025\\\/06\\\/md-13.webp\",\"contentUrl\":\"https:\\\/\\\/diariodelsurdigital.com.ar\\\/wp-content\\\/uploads\\\/2025\\\/06\\\/md-13.webp\",\"width\":992,\"height\":584},{\"@type\":\"BreadcrumbList\",\"@id\":\"https:\\\/\\\/diariodelsurdigital.com.ar\\\/?p=3129#breadcrumb\",\"itemListElement\":[{\"@type\":\"ListItem\",\"position\":1,\"name\":\"Portada\",\"item\":\"https:\\\/\\\/diariodelsurdigital.com.ar\\\/\"},{\"@type\":\"ListItem\",\"position\":2,\"name\":\"Kueider: fijan fecha de audiencia para juicio oral en Paraguay\"}]},{\"@type\":\"WebSite\",\"@id\":\"https:\\\/\\\/diariodelsurdigital.com.ar\\\/#website\",\"url\":\"https:\\\/\\\/diariodelsurdigital.com.ar\\\/\",\"name\":\"Diario del Sur\",\"description\":\"Digital\",\"potentialAction\":[{\"@type\":\"SearchAction\",\"target\":{\"@type\":\"EntryPoint\",\"urlTemplate\":\"https:\\\/\\\/diariodelsurdigital.com.ar\\\/?s={search_term_string}\"},\"query-input\":{\"@type\":\"PropertyValueSpecification\",\"valueRequired\":true,\"valueName\":\"search_term_string\"}}],\"inLanguage\":\"es\"},{\"@type\":\"Person\",\"@id\":\"https:\\\/\\\/diariodelsurdigital.com.ar\\\/#\\\/schema\\\/person\\\/1a4992532ed62965c968031b49195c81\",\"name\":\"Diario del Sur Digital\",\"image\":{\"@type\":\"ImageObject\",\"inLanguage\":\"es\",\"@id\":\"https:\\\/\\\/secure.gravatar.com\\\/avatar\\\/f0c7c47fc7146d19828273b9b8eda651c9c7ab583767e6338d3d3bee825adf76?s=96&d=mm&r=g\",\"url\":\"https:\\\/\\\/secure.gravatar.com\\\/avatar\\\/f0c7c47fc7146d19828273b9b8eda651c9c7ab583767e6338d3d3bee825adf76?s=96&d=mm&r=g\",\"contentUrl\":\"https:\\\/\\\/secure.gravatar.com\\\/avatar\\\/f0c7c47fc7146d19828273b9b8eda651c9c7ab583767e6338d3d3bee825adf76?s=96&d=mm&r=g\",\"caption\":\"Diario del Sur Digital\"},\"url\":\"https:\\\/\\\/diariodelsurdigital.com.ar\\\/?author=4\"}]}<\/script>\n<!-- \/ Yoast SEO plugin. -->","yoast_head_json":{"title":"Kueider: fijan fecha de audiencia para juicio oral en Paraguay - Diario del Sur","robots":{"index":"index","follow":"follow","max-snippet":"max-snippet:-1","max-image-preview":"max-image-preview:large","max-video-preview":"max-video-preview:-1"},"canonical":"https:\/\/diariodelsurdigital.com.ar\/?p=3129","og_locale":"es_ES","og_type":"article","og_title":"Kueider: fijan fecha de audiencia para juicio oral en Paraguay - Diario del Sur","og_description":"Durante este proceso de audiencia se resolver\u00e1 si Edgardo Kueider y su secretaria, Iara Guinsel Costa van o no a juicio oral y p\u00fablico. El juez de Delitos Econ\u00f3micos de Paraguay, Humberto Otaz\u00fa, fij\u00f3 para los d\u00edas 24, 25 y 26 de junio la audiencia preliminar del exsenador argentino Edgardo Kueider y su secretaria Iara [&hellip;]","og_url":"https:\/\/diariodelsurdigital.com.ar\/?p=3129","og_site_name":"Diario del Sur","article_published_time":"2025-06-12T17:22:52+00:00","article_modified_time":"2025-06-12T17:22:53+00:00","og_image":[{"width":992,"height":584,"url":"https:\/\/diariodelsurdigital.com.ar\/wp-content\/uploads\/2025\/06\/md-13.webp","type":"image\/webp"}],"author":"Diario del Sur Digital","twitter_card":"summary_large_image","twitter_misc":{"Escrito por":"Diario del Sur Digital","Tiempo de lectura":"2 minutos"},"schema":{"@context":"https:\/\/schema.org","@graph":[{"@type":"Article","@id":"https:\/\/diariodelsurdigital.com.ar\/?p=3129#article","isPartOf":{"@id":"https:\/\/diariodelsurdigital.com.ar\/?p=3129"},"author":{"name":"Diario del Sur Digital","@id":"https:\/\/diariodelsurdigital.com.ar\/#\/schema\/person\/1a4992532ed62965c968031b49195c81"},"headline":"Kueider: fijan fecha de audiencia para juicio oral en Paraguay","datePublished":"2025-06-12T17:22:52+00:00","dateModified":"2025-06-12T17:22:53+00:00","mainEntityOfPage":{"@id":"https:\/\/diariodelsurdigital.com.ar\/?p=3129"},"wordCount":394,"commentCount":0,"image":{"@id":"https:\/\/diariodelsurdigital.com.ar\/?p=3129#primaryimage"},"thumbnailUrl":"https:\/\/diariodelsurdigital.com.ar\/wp-content\/uploads\/2025\/06\/md-13.webp","articleSection":["Judiciales","Pol\u00edtica"],"inLanguage":"es","potentialAction":[{"@type":"CommentAction","name":"Comment","target":["https:\/\/diariodelsurdigital.com.ar\/?p=3129#respond"]}]},{"@type":"WebPage","@id":"https:\/\/diariodelsurdigital.com.ar\/?p=3129","url":"https:\/\/diariodelsurdigital.com.ar\/?p=3129","name":"Kueider: fijan fecha de audiencia para juicio oral en Paraguay - Diario del Sur","isPartOf":{"@id":"https:\/\/diariodelsurdigital.com.ar\/#website"},"primaryImageOfPage":{"@id":"https:\/\/diariodelsurdigital.com.ar\/?p=3129#primaryimage"},"image":{"@id":"https:\/\/diariodelsurdigital.com.ar\/?p=3129#primaryimage"},"thumbnailUrl":"https:\/\/diariodelsurdigital.com.ar\/wp-content\/uploads\/2025\/06\/md-13.webp","datePublished":"2025-06-12T17:22:52+00:00","dateModified":"2025-06-12T17:22:53+00:00","author":{"@id":"https:\/\/diariodelsurdigital.com.ar\/#\/schema\/person\/1a4992532ed62965c968031b49195c81"},"breadcrumb":{"@id":"https:\/\/diariodelsurdigital.com.ar\/?p=3129#breadcrumb"},"inLanguage":"es","potentialAction":[{"@type":"ReadAction","target":["https:\/\/diariodelsurdigital.com.ar\/?p=3129"]}]},{"@type":"ImageObject","inLanguage":"es","@id":"https:\/\/diariodelsurdigital.com.ar\/?p=3129#primaryimage","url":"https:\/\/diariodelsurdigital.com.ar\/wp-content\/uploads\/2025\/06\/md-13.webp","contentUrl":"https:\/\/diariodelsurdigital.com.ar\/wp-content\/uploads\/2025\/06\/md-13.webp","width":992,"height":584},{"@type":"BreadcrumbList","@id":"https:\/\/diariodelsurdigital.com.ar\/?p=3129#breadcrumb","itemListElement":[{"@type":"ListItem","position":1,"name":"Portada","item":"https:\/\/diariodelsurdigital.com.ar\/"},{"@type":"ListItem","position":2,"name":"Kueider: fijan fecha de audiencia para juicio oral en Paraguay"}]},{"@type":"WebSite","@id":"https:\/\/diariodelsurdigital.com.ar\/#website","url":"https:\/\/diariodelsurdigital.com.ar\/","name":"Diario del Sur","description":"Digital","potentialAction":[{"@type":"SearchAction","target":{"@type":"EntryPoint","urlTemplate":"https:\/\/diariodelsurdigital.com.ar\/?s={search_term_string}"},"query-input":{"@type":"PropertyValueSpecification","valueRequired":true,"valueName":"search_term_string"}}],"inLanguage":"es"},{"@type":"Person","@id":"https:\/\/diariodelsurdigital.com.ar\/#\/schema\/person\/1a4992532ed62965c968031b49195c81","name":"Diario del Sur Digital","image":{"@type":"ImageObject","inLanguage":"es","@id":"https:\/\/secure.gravatar.com\/avatar\/f0c7c47fc7146d19828273b9b8eda651c9c7ab583767e6338d3d3bee825adf76?s=96&d=mm&r=g","url":"https:\/\/secure.gravatar.com\/avatar\/f0c7c47fc7146d19828273b9b8eda651c9c7ab583767e6338d3d3bee825adf76?s=96&d=mm&r=g","contentUrl":"https:\/\/secure.gravatar.com\/avatar\/f0c7c47fc7146d19828273b9b8eda651c9c7ab583767e6338d3d3bee825adf76?s=96&d=mm&r=g","caption":"Diario del Sur Digital"},"url":"https:\/\/diariodelsurdigital.com.ar\/?author=4"}]}},"_links":{"self":[{"href":"https:\/\/diariodelsurdigital.com.ar\/index.php?rest_route=\/wp\/v2\/posts\/3129","targetHints":{"allow":["GET"]}}],"collection":[{"href":"https:\/\/diariodelsurdigital.com.ar\/index.php?rest_route=\/wp\/v2\/posts"}],"about":[{"href":"https:\/\/diariodelsurdigital.com.ar\/index.php?rest_route=\/wp\/v2\/types\/post"}],"author":[{"embeddable":true,"href":"https:\/\/diariodelsurdigital.com.ar\/index.php?rest_route=\/wp\/v2\/users\/4"}],"replies":[{"embeddable":true,"href":"https:\/\/diariodelsurdigital.com.ar\/index.php?rest_route=%2Fwp%2Fv2%2Fcomments&post=3129"}],"version-history":[{"count":1,"href":"https:\/\/diariodelsurdigital.com.ar\/index.php?rest_route=\/wp\/v2\/posts\/3129\/revisions"}],"predecessor-version":[{"id":3131,"href":"https:\/\/diariodelsurdigital.com.ar\/index.php?rest_route=\/wp\/v2\/posts\/3129\/revisions\/3131"}],"wp:featuredmedia":[{"embeddable":true,"href":"https:\/\/diariodelsurdigital.com.ar\/index.php?rest_route=\/wp\/v2\/media\/3130"}],"wp:attachment":[{"href":"https:\/\/diariodelsurdigital.com.ar\/index.php?rest_route=%2Fwp%2Fv2%2Fmedia&parent=3129"}],"wp:term":[{"taxonomy":"category","embeddable":true,"href":"https:\/\/diariodelsurdigital.com.ar\/index.php?rest_route=%2Fwp%2Fv2%2Fcategories&post=3129"},{"taxonomy":"post_tag","embeddable":true,"href":"https:\/\/diariodelsurdigital.com.ar\/index.php?rest_route=%2Fwp%2Fv2%2Ftags&post=3129"}],"curies":[{"name":"wp","href":"https:\/\/api.w.org\/{rel}","templated":true}]}}