{"id":3132,"date":"2025-06-12T14:25:43","date_gmt":"2025-06-12T17:25:43","guid":{"rendered":"https:\/\/diariodelsurdigital.com.ar\/?p=3132"},"modified":"2025-06-12T14:25:44","modified_gmt":"2025-06-12T17:25:44","slug":"mariano-gallegos-y-ricardo-garcia-asumen-la-conduccion-de-la-oser-la-nueva-obra-social-de-entre-rios","status":"publish","type":"post","link":"https:\/\/diariodelsurdigital.com.ar\/?p=3132","title":{"rendered":"Mariano Gallegos y Ricardo Garc\u00eda asumen la conducci\u00f3n de la OSER, la nueva obra social de Entre R\u00edos"},"content":{"rendered":"\n<p>Los ex interventores del disuelto Iosper fueron oficializados hoy como presidente y vicepresidente de la flamante Obra Social de Entre R\u00edos (OSER). La norma se encuentra en proceso de reglamentaci\u00f3n y establece cambios significativos en la estructura y funcionamiento de la obra social provincial.<\/p>\n\n\n\n<p>La Obra Social de Entre R\u00edos (OSER) ya tiene sus primeras autoridades. Mariano Gallegos fue designado como presidente y Ricardo Garc\u00eda como vicepresidente, seg\u00fan lo publicado este jueves en el Bolet\u00edn Oficial N\u00ba 28.114. Ambos funcionarios hab\u00edan intervenido previamente el Instituto de la Obra Social de Entre R\u00edos (Iosper), que fue disuelto por una pol\u00e9mica ley provincial.<\/p>\n\n\n\n<p>La promulgaci\u00f3n de la normativa que dio origen a la OSER se hizo efectiva este lunes, estableciendo un plazo de 180 d\u00edas para su reglamentaci\u00f3n. Este proyecto, que gener\u00f3 un amplio rechazo en los gremios y en la oposici\u00f3n, obtuvo media sanci\u00f3n en el Senado el 28 de mayo y fue aprobado definitivamente el 6 de junio en la C\u00e1mara de Diputados.<\/p>\n\n\n\n<p>Rechazo gremial y cambios en la estructura<br>Durante todo el proceso legislativo, la Intersindical en Defensa del Iosper protagoniz\u00f3 diversas jornadas de protesta y expuso sus objeciones ante las comisiones de la Legislatura. Los gremios expresaron su preocupaci\u00f3n por el impacto de la nueva ley en los afiliados y en la estructura de la obra social.<\/p>\n\n\n\n<p>La Asociaci\u00f3n Gremial del Magisterio de Entre R\u00edos (Agmer) calific\u00f3 la medida como una \u00abprivatizaci\u00f3n encubierta\u00bb. Por su parte, la Uni\u00f3n del Personal Civil de la Naci\u00f3n (UPCN) propuso la creaci\u00f3n de una comisi\u00f3n tripartita \u2014integrada por el Ejecutivo, la Legislatura y los gremios\u2014 para consensuar la conformaci\u00f3n de la OSER.<\/p>\n\n\n\n<p>Puntos clave de la nueva ley<br>La norma sancionada introduce modificaciones sustanciales en el funcionamiento de la obra social:<\/p>\n\n\n\n<p>Dependencia: La OSER operar\u00e1 bajo la \u00f3rbita del Ministerio de Salud provincial.<br>Directorio: Estar\u00e1 integrado por un presidente y un vicepresidente designados por el Poder Ejecutivo, y dos vocales propuestos por gremios docentes y estatales. Se destaca que los directores tendr\u00e1n responsabilidad patrimonial por los posibles perjuicios que causen.<br>Consejo Consultivo: Se crear\u00e1 un consejo ad honorem, con car\u00e1cter asesor y sin voto, que estar\u00e1 compuesto por representantes de todos los sectores que formaban parte del ex Iosper.<br>Afiliaci\u00f3n: Los afiliados actuales al Iosper ser\u00e1n incorporados autom\u00e1ticamente a la OSER.<br>Fiscalizaci\u00f3n: Se designar\u00e1n dos s\u00edndicos fiscalizadores, uno de los cuales ser\u00e1 propuesto por la oposici\u00f3n.<br>Transparencia: La ley establece obligaciones de transparencia activa, incluyendo la publicaci\u00f3n de autoridades, salarios y contrataciones en un sitio web oficial.<\/p>\n","protected":false},"excerpt":{"rendered":"<p>Los ex interventores del disuelto Iosper fueron oficializados hoy como presidente y vicepresidente de la flamante Obra Social de Entre R\u00edos (OSER). La norma se encuentra en proceso de reglamentaci\u00f3n y establece cambios significativos en la estructura y funcionamiento de la obra social provincial. La Obra Social de Entre R\u00edos (OSER) ya tiene sus primeras [&hellip;]<\/p>\n","protected":false},"author":4,"featured_media":3133,"comment_status":"open","ping_status":"open","sticky":false,"template":"","format":"standard","meta":{"footnotes":""},"categories":[17],"tags":[],"class_list":{"0":"post-3132","1":"post","2":"type-post","3":"status-publish","4":"format-standard","5":"has-post-thumbnail","7":"category-provinciales"},"yoast_head":"<!-- This site is optimized with the Yoast SEO plugin v27.4 - https:\/\/yoast.com\/product\/yoast-seo-wordpress\/ -->\n<title>Mariano Gallegos y Ricardo Garc\u00eda asumen la conducci\u00f3n de la OSER, la nueva obra social de Entre R\u00edos - Diario del Sur<\/title>\n<meta name=\"robots\" content=\"index, follow, max-snippet:-1, max-image-preview:large, max-video-preview:-1\" \/>\n<link rel=\"canonical\" href=\"https:\/\/diariodelsurdigital.com.ar\/?p=3132\" \/>\n<meta property=\"og:locale\" content=\"es_ES\" \/>\n<meta property=\"og:type\" content=\"article\" \/>\n<meta property=\"og:title\" content=\"Mariano Gallegos y Ricardo Garc\u00eda asumen la conducci\u00f3n de la OSER, la nueva obra social de Entre R\u00edos - Diario del Sur\" \/>\n<meta property=\"og:description\" content=\"Los ex interventores del disuelto Iosper fueron oficializados hoy como presidente y vicepresidente de la flamante Obra Social de Entre R\u00edos (OSER). La norma se encuentra en proceso de reglamentaci\u00f3n y establece cambios significativos en la estructura y funcionamiento de la obra social provincial. La Obra Social de Entre R\u00edos (OSER) ya tiene sus primeras [&hellip;]\" \/>\n<meta property=\"og:url\" content=\"https:\/\/diariodelsurdigital.com.ar\/?p=3132\" \/>\n<meta property=\"og:site_name\" content=\"Diario del Sur\" \/>\n<meta property=\"article:published_time\" content=\"2025-06-12T17:25:43+00:00\" \/>\n<meta property=\"article:modified_time\" content=\"2025-06-12T17:25:44+00:00\" \/>\n<meta property=\"og:image\" content=\"https:\/\/diariodelsurdigital.com.ar\/wp-content\/uploads\/2025\/06\/md-1-3.webp\" \/>\n\t<meta property=\"og:image:width\" content=\"992\" \/>\n\t<meta property=\"og:image:height\" content=\"655\" \/>\n\t<meta property=\"og:image:type\" content=\"image\/webp\" \/>\n<meta name=\"author\" content=\"Diario del Sur Digital\" \/>\n<meta name=\"twitter:card\" content=\"summary_large_image\" \/>\n<meta name=\"twitter:label1\" content=\"Escrito por\" \/>\n\t<meta name=\"twitter:data1\" content=\"Diario del Sur Digital\" \/>\n\t<meta name=\"twitter:label2\" content=\"Tiempo de lectura\" \/>\n\t<meta name=\"twitter:data2\" content=\"3 minutos\" \/>\n<script type=\"application\/ld+json\" class=\"yoast-schema-graph\">{\"@context\":\"https:\\\/\\\/schema.org\",\"@graph\":[{\"@type\":\"Article\",\"@id\":\"https:\\\/\\\/diariodelsurdigital.com.ar\\\/?p=3132#article\",\"isPartOf\":{\"@id\":\"https:\\\/\\\/diariodelsurdigital.com.ar\\\/?p=3132\"},\"author\":{\"name\":\"Diario del Sur Digital\",\"@id\":\"https:\\\/\\\/diariodelsurdigital.com.ar\\\/#\\\/schema\\\/person\\\/1a4992532ed62965c968031b49195c81\"},\"headline\":\"Mariano Gallegos y Ricardo Garc\u00eda asumen la conducci\u00f3n de la OSER, la nueva obra social de Entre R\u00edos\",\"datePublished\":\"2025-06-12T17:25:43+00:00\",\"dateModified\":\"2025-06-12T17:25:44+00:00\",\"mainEntityOfPage\":{\"@id\":\"https:\\\/\\\/diariodelsurdigital.com.ar\\\/?p=3132\"},\"wordCount\":464,\"commentCount\":0,\"image\":{\"@id\":\"https:\\\/\\\/diariodelsurdigital.com.ar\\\/?p=3132#primaryimage\"},\"thumbnailUrl\":\"https:\\\/\\\/diariodelsurdigital.com.ar\\\/wp-content\\\/uploads\\\/2025\\\/06\\\/md-1-3.webp\",\"articleSection\":[\"Provinciales\"],\"inLanguage\":\"es\",\"potentialAction\":[{\"@type\":\"CommentAction\",\"name\":\"Comment\",\"target\":[\"https:\\\/\\\/diariodelsurdigital.com.ar\\\/?p=3132#respond\"]}]},{\"@type\":\"WebPage\",\"@id\":\"https:\\\/\\\/diariodelsurdigital.com.ar\\\/?p=3132\",\"url\":\"https:\\\/\\\/diariodelsurdigital.com.ar\\\/?p=3132\",\"name\":\"Mariano Gallegos y Ricardo Garc\u00eda asumen la conducci\u00f3n de la OSER, la nueva obra social de Entre R\u00edos - Diario del Sur\",\"isPartOf\":{\"@id\":\"https:\\\/\\\/diariodelsurdigital.com.ar\\\/#website\"},\"primaryImageOfPage\":{\"@id\":\"https:\\\/\\\/diariodelsurdigital.com.ar\\\/?p=3132#primaryimage\"},\"image\":{\"@id\":\"https:\\\/\\\/diariodelsurdigital.com.ar\\\/?p=3132#primaryimage\"},\"thumbnailUrl\":\"https:\\\/\\\/diariodelsurdigital.com.ar\\\/wp-content\\\/uploads\\\/2025\\\/06\\\/md-1-3.webp\",\"datePublished\":\"2025-06-12T17:25:43+00:00\",\"dateModified\":\"2025-06-12T17:25:44+00:00\",\"author\":{\"@id\":\"https:\\\/\\\/diariodelsurdigital.com.ar\\\/#\\\/schema\\\/person\\\/1a4992532ed62965c968031b49195c81\"},\"breadcrumb\":{\"@id\":\"https:\\\/\\\/diariodelsurdigital.com.ar\\\/?p=3132#breadcrumb\"},\"inLanguage\":\"es\",\"potentialAction\":[{\"@type\":\"ReadAction\",\"target\":[\"https:\\\/\\\/diariodelsurdigital.com.ar\\\/?p=3132\"]}]},{\"@type\":\"ImageObject\",\"inLanguage\":\"es\",\"@id\":\"https:\\\/\\\/diariodelsurdigital.com.ar\\\/?p=3132#primaryimage\",\"url\":\"https:\\\/\\\/diariodelsurdigital.com.ar\\\/wp-content\\\/uploads\\\/2025\\\/06\\\/md-1-3.webp\",\"contentUrl\":\"https:\\\/\\\/diariodelsurdigital.com.ar\\\/wp-content\\\/uploads\\\/2025\\\/06\\\/md-1-3.webp\",\"width\":992,\"height\":655},{\"@type\":\"BreadcrumbList\",\"@id\":\"https:\\\/\\\/diariodelsurdigital.com.ar\\\/?p=3132#breadcrumb\",\"itemListElement\":[{\"@type\":\"ListItem\",\"position\":1,\"name\":\"Portada\",\"item\":\"https:\\\/\\\/diariodelsurdigital.com.ar\\\/\"},{\"@type\":\"ListItem\",\"position\":2,\"name\":\"Mariano Gallegos y Ricardo Garc\u00eda asumen la conducci\u00f3n de la OSER, la nueva obra social de Entre R\u00edos\"}]},{\"@type\":\"WebSite\",\"@id\":\"https:\\\/\\\/diariodelsurdigital.com.ar\\\/#website\",\"url\":\"https:\\\/\\\/diariodelsurdigital.com.ar\\\/\",\"name\":\"Diario del Sur\",\"description\":\"Digital\",\"potentialAction\":[{\"@type\":\"SearchAction\",\"target\":{\"@type\":\"EntryPoint\",\"urlTemplate\":\"https:\\\/\\\/diariodelsurdigital.com.ar\\\/?s={search_term_string}\"},\"query-input\":{\"@type\":\"PropertyValueSpecification\",\"valueRequired\":true,\"valueName\":\"search_term_string\"}}],\"inLanguage\":\"es\"},{\"@type\":\"Person\",\"@id\":\"https:\\\/\\\/diariodelsurdigital.com.ar\\\/#\\\/schema\\\/person\\\/1a4992532ed62965c968031b49195c81\",\"name\":\"Diario del Sur Digital\",\"image\":{\"@type\":\"ImageObject\",\"inLanguage\":\"es\",\"@id\":\"https:\\\/\\\/secure.gravatar.com\\\/avatar\\\/f0c7c47fc7146d19828273b9b8eda651c9c7ab583767e6338d3d3bee825adf76?s=96&d=mm&r=g\",\"url\":\"https:\\\/\\\/secure.gravatar.com\\\/avatar\\\/f0c7c47fc7146d19828273b9b8eda651c9c7ab583767e6338d3d3bee825adf76?s=96&d=mm&r=g\",\"contentUrl\":\"https:\\\/\\\/secure.gravatar.com\\\/avatar\\\/f0c7c47fc7146d19828273b9b8eda651c9c7ab583767e6338d3d3bee825adf76?s=96&d=mm&r=g\",\"caption\":\"Diario del Sur Digital\"},\"url\":\"https:\\\/\\\/diariodelsurdigital.com.ar\\\/?author=4\"}]}<\/script>\n<!-- \/ Yoast SEO plugin. -->","yoast_head_json":{"title":"Mariano Gallegos y Ricardo Garc\u00eda asumen la conducci\u00f3n de la OSER, la nueva obra social de Entre R\u00edos - Diario del Sur","robots":{"index":"index","follow":"follow","max-snippet":"max-snippet:-1","max-image-preview":"max-image-preview:large","max-video-preview":"max-video-preview:-1"},"canonical":"https:\/\/diariodelsurdigital.com.ar\/?p=3132","og_locale":"es_ES","og_type":"article","og_title":"Mariano Gallegos y Ricardo Garc\u00eda asumen la conducci\u00f3n de la OSER, la nueva obra social de Entre R\u00edos - Diario del Sur","og_description":"Los ex interventores del disuelto Iosper fueron oficializados hoy como presidente y vicepresidente de la flamante Obra Social de Entre R\u00edos (OSER). La norma se encuentra en proceso de reglamentaci\u00f3n y establece cambios significativos en la estructura y funcionamiento de la obra social provincial. La Obra Social de Entre R\u00edos (OSER) ya tiene sus primeras [&hellip;]","og_url":"https:\/\/diariodelsurdigital.com.ar\/?p=3132","og_site_name":"Diario del Sur","article_published_time":"2025-06-12T17:25:43+00:00","article_modified_time":"2025-06-12T17:25:44+00:00","og_image":[{"width":992,"height":655,"url":"https:\/\/diariodelsurdigital.com.ar\/wp-content\/uploads\/2025\/06\/md-1-3.webp","type":"image\/webp"}],"author":"Diario del Sur Digital","twitter_card":"summary_large_image","twitter_misc":{"Escrito por":"Diario del Sur Digital","Tiempo de lectura":"3 minutos"},"schema":{"@context":"https:\/\/schema.org","@graph":[{"@type":"Article","@id":"https:\/\/diariodelsurdigital.com.ar\/?p=3132#article","isPartOf":{"@id":"https:\/\/diariodelsurdigital.com.ar\/?p=3132"},"author":{"name":"Diario del Sur Digital","@id":"https:\/\/diariodelsurdigital.com.ar\/#\/schema\/person\/1a4992532ed62965c968031b49195c81"},"headline":"Mariano Gallegos y Ricardo Garc\u00eda asumen la conducci\u00f3n de la OSER, la nueva obra social de Entre R\u00edos","datePublished":"2025-06-12T17:25:43+00:00","dateModified":"2025-06-12T17:25:44+00:00","mainEntityOfPage":{"@id":"https:\/\/diariodelsurdigital.com.ar\/?p=3132"},"wordCount":464,"commentCount":0,"image":{"@id":"https:\/\/diariodelsurdigital.com.ar\/?p=3132#primaryimage"},"thumbnailUrl":"https:\/\/diariodelsurdigital.com.ar\/wp-content\/uploads\/2025\/06\/md-1-3.webp","articleSection":["Provinciales"],"inLanguage":"es","potentialAction":[{"@type":"CommentAction","name":"Comment","target":["https:\/\/diariodelsurdigital.com.ar\/?p=3132#respond"]}]},{"@type":"WebPage","@id":"https:\/\/diariodelsurdigital.com.ar\/?p=3132","url":"https:\/\/diariodelsurdigital.com.ar\/?p=3132","name":"Mariano Gallegos y Ricardo Garc\u00eda asumen la conducci\u00f3n de la OSER, la nueva obra social de Entre R\u00edos - Diario del Sur","isPartOf":{"@id":"https:\/\/diariodelsurdigital.com.ar\/#website"},"primaryImageOfPage":{"@id":"https:\/\/diariodelsurdigital.com.ar\/?p=3132#primaryimage"},"image":{"@id":"https:\/\/diariodelsurdigital.com.ar\/?p=3132#primaryimage"},"thumbnailUrl":"https:\/\/diariodelsurdigital.com.ar\/wp-content\/uploads\/2025\/06\/md-1-3.webp","datePublished":"2025-06-12T17:25:43+00:00","dateModified":"2025-06-12T17:25:44+00:00","author":{"@id":"https:\/\/diariodelsurdigital.com.ar\/#\/schema\/person\/1a4992532ed62965c968031b49195c81"},"breadcrumb":{"@id":"https:\/\/diariodelsurdigital.com.ar\/?p=3132#breadcrumb"},"inLanguage":"es","potentialAction":[{"@type":"ReadAction","target":["https:\/\/diariodelsurdigital.com.ar\/?p=3132"]}]},{"@type":"ImageObject","inLanguage":"es","@id":"https:\/\/diariodelsurdigital.com.ar\/?p=3132#primaryimage","url":"https:\/\/diariodelsurdigital.com.ar\/wp-content\/uploads\/2025\/06\/md-1-3.webp","contentUrl":"https:\/\/diariodelsurdigital.com.ar\/wp-content\/uploads\/2025\/06\/md-1-3.webp","width":992,"height":655},{"@type":"BreadcrumbList","@id":"https:\/\/diariodelsurdigital.com.ar\/?p=3132#breadcrumb","itemListElement":[{"@type":"ListItem","position":1,"name":"Portada","item":"https:\/\/diariodelsurdigital.com.ar\/"},{"@type":"ListItem","position":2,"name":"Mariano Gallegos y Ricardo Garc\u00eda asumen la conducci\u00f3n de la OSER, la nueva obra social de Entre R\u00edos"}]},{"@type":"WebSite","@id":"https:\/\/diariodelsurdigital.com.ar\/#website","url":"https:\/\/diariodelsurdigital.com.ar\/","name":"Diario del Sur","description":"Digital","potentialAction":[{"@type":"SearchAction","target":{"@type":"EntryPoint","urlTemplate":"https:\/\/diariodelsurdigital.com.ar\/?s={search_term_string}"},"query-input":{"@type":"PropertyValueSpecification","valueRequired":true,"valueName":"search_term_string"}}],"inLanguage":"es"},{"@type":"Person","@id":"https:\/\/diariodelsurdigital.com.ar\/#\/schema\/person\/1a4992532ed62965c968031b49195c81","name":"Diario del Sur Digital","image":{"@type":"ImageObject","inLanguage":"es","@id":"https:\/\/secure.gravatar.com\/avatar\/f0c7c47fc7146d19828273b9b8eda651c9c7ab583767e6338d3d3bee825adf76?s=96&d=mm&r=g","url":"https:\/\/secure.gravatar.com\/avatar\/f0c7c47fc7146d19828273b9b8eda651c9c7ab583767e6338d3d3bee825adf76?s=96&d=mm&r=g","contentUrl":"https:\/\/secure.gravatar.com\/avatar\/f0c7c47fc7146d19828273b9b8eda651c9c7ab583767e6338d3d3bee825adf76?s=96&d=mm&r=g","caption":"Diario del Sur Digital"},"url":"https:\/\/diariodelsurdigital.com.ar\/?author=4"}]}},"_links":{"self":[{"href":"https:\/\/diariodelsurdigital.com.ar\/index.php?rest_route=\/wp\/v2\/posts\/3132","targetHints":{"allow":["GET"]}}],"collection":[{"href":"https:\/\/diariodelsurdigital.com.ar\/index.php?rest_route=\/wp\/v2\/posts"}],"about":[{"href":"https:\/\/diariodelsurdigital.com.ar\/index.php?rest_route=\/wp\/v2\/types\/post"}],"author":[{"embeddable":true,"href":"https:\/\/diariodelsurdigital.com.ar\/index.php?rest_route=\/wp\/v2\/users\/4"}],"replies":[{"embeddable":true,"href":"https:\/\/diariodelsurdigital.com.ar\/index.php?rest_route=%2Fwp%2Fv2%2Fcomments&post=3132"}],"version-history":[{"count":1,"href":"https:\/\/diariodelsurdigital.com.ar\/index.php?rest_route=\/wp\/v2\/posts\/3132\/revisions"}],"predecessor-version":[{"id":3134,"href":"https:\/\/diariodelsurdigital.com.ar\/index.php?rest_route=\/wp\/v2\/posts\/3132\/revisions\/3134"}],"wp:featuredmedia":[{"embeddable":true,"href":"https:\/\/diariodelsurdigital.com.ar\/index.php?rest_route=\/wp\/v2\/media\/3133"}],"wp:attachment":[{"href":"https:\/\/diariodelsurdigital.com.ar\/index.php?rest_route=%2Fwp%2Fv2%2Fmedia&parent=3132"}],"wp:term":[{"taxonomy":"category","embeddable":true,"href":"https:\/\/diariodelsurdigital.com.ar\/index.php?rest_route=%2Fwp%2Fv2%2Fcategories&post=3132"},{"taxonomy":"post_tag","embeddable":true,"href":"https:\/\/diariodelsurdigital.com.ar\/index.php?rest_route=%2Fwp%2Fv2%2Ftags&post=3132"}],"curies":[{"name":"wp","href":"https:\/\/api.w.org\/{rel}","templated":true}]}}